{"id":7308,"date":"2025-07-22T23:40:34","date_gmt":"2025-07-23T02:40:34","guid":{"rendered":"https:\/\/compartilhabahia.com.br\/?p=7308"},"modified":"2025-07-22T23:44:04","modified_gmt":"2025-07-23T02:44:04","slug":"qualificacao-profissional-e-novas-parcerias-tecnologicas-sao-pautadas-durante-agenda-com-senai-cimatec","status":"publish","type":"post","link":"https:\/\/compartilhabahia.com.br\/index.php\/2025\/07\/22\/qualificacao-profissional-e-novas-parcerias-tecnologicas-sao-pautadas-durante-agenda-com-senai-cimatec\/","title":{"rendered":"Qualifica\u00e7\u00e3o profissional e novas parcerias tecnol\u00f3gicas s\u00e3o pautadas durante agenda com Senai Cimatec"},"content":{"rendered":"\n<p>Educa\u00e7\u00e3o, mobilidade, servi\u00e7os p\u00fablicos e sustentabilidade foram alguns dos assuntos tratados pela gest\u00e3o municipal durante encontro com representantes do Senai Cimatec nesta segunda-feira (21). Qualifica\u00e7\u00e3o profissional e novas parcerias tecnol\u00f3gicas para fortalecer o desenvolvimento da cidade, tamb\u00e9m integraram a pauta.<\/p>\n\n\n\n<figure class=\"wp-block-image size-large is-resized\"><img loading=\"lazy\" decoding=\"async\" width=\"1024\" height=\"682\" src=\"https:\/\/compartilhabahia.com.br\/wp-content\/uploads\/2025\/07\/WhatsApp-Image-2025-07-22-at-11.13.18-1024x682.jpeg\" alt=\"\" class=\"wp-image-7312\" style=\"width:544px;height:auto\" srcset=\"https:\/\/compartilhabahia.com.br\/wp-content\/uploads\/2025\/07\/WhatsApp-Image-2025-07-22-at-11.13.18-1024x682.jpeg 1024w, https:\/\/compartilhabahia.com.br\/wp-content\/uploads\/2025\/07\/WhatsApp-Image-2025-07-22-at-11.13.18-300x200.jpeg 300w, https:\/\/compartilhabahia.com.br\/wp-content\/uploads\/2025\/07\/WhatsApp-Image-2025-07-22-at-11.13.18-768x512.jpeg 768w, https:\/\/compartilhabahia.com.br\/wp-content\/uploads\/2025\/07\/WhatsApp-Image-2025-07-22-at-11.13.18-1200x800.jpeg 1200w, https:\/\/compartilhabahia.com.br\/wp-content\/uploads\/2025\/07\/WhatsApp-Image-2025-07-22-at-11.13.18.jpeg 1280w\" sizes=\"auto, (max-width: 1024px) 100vw, 1024px\" \/><\/figure>\n\n\n\n<p>Ao longo da reuni\u00e3o, realizada na sala de reuni\u00f5es da Secretaria de Governo (Segov), o prefeito Luiz Caetano enfatizou a estrat\u00e9gia de transformar o munic\u00edpio em um polo tecnol\u00f3gico. \u201cNosso governo \u00e9 voltado para as parcerias que trazem o melhor para o nosso povo. Institui\u00e7\u00f5es como o Senai, que oferecem tecnologia de ponta e diversas solu\u00e7\u00f5es inovadores em v\u00e1rias \u00e1reas de atua\u00e7\u00e3o, podem auxiliar nesse trabalho de fazer de Cama\u00e7ari uma cidade mais tecnol\u00f3gica e moderna, com mais oportunidades, principalmente nesse momento de retomada econ\u00f4mica, com a chegada de novas f\u00e1bricas no nosso Polo Industrial\u201d, pontuou.<\/p>\n\n\n\n<p>O diretor de Rela\u00e7\u00f5es Institucionais e Governamentais do Senai Cimatec, Walter Pinheiro, destacou o potencial da cidade, refor\u00e7ando o interesse da institui\u00e7\u00e3o em ampliar parcerias com o governo municipal. \u201cEstamos em Cama\u00e7ari e entendemos o nosso papel de devolver oportunidades que cheguem ao povo que mora na cidade. O Senai possui in\u00fameros projetos voltados a apoiar o desenvolvimento do munic\u00edpio, podendo contribuir com o patamar de cidade inteligente. Na \u00e1rea da educa\u00e7\u00e3o, por exemplo, falamos aqui sobre a parceria Sesi Eixo Pedag\u00f3gico Cama\u00e7ari. Apresentamos tamb\u00e9m inova\u00e7\u00f5es ecol\u00f3gicas e nas \u00e1reas de mobilidade e servi\u00e7os p\u00fablicos. Vem muita coisa boa por a\u00ed\u201d, afirmou.<\/p>\n\n\n\n<p>Presente no encontro, o titular da Secretaria de Desenvolvimento Urbano e Meio Ambiente (Sedur), Rodrigo Nogueira, se mostrou entusiasmado com os projetos apresentados pela institui\u00e7\u00e3o. \u201cFoi um momento muito importante e positivo, marcado n\u00e3o pelo cumprimento de uma simples agenda, mas por discuss\u00f5es de iniciativas que far\u00e3o a cidade pulsar o desenvolvimento em diversas \u00e1reas. Estamos na expectativa dos an\u00fancios, em breve. Cama\u00e7ari s\u00f3 tem a ganhar\u201d, avaliou o secret\u00e1rio.<\/p>\n\n\n\n<p>Tamb\u00e9m participaram do encontro o gerente executivo do Senai Cimatec, Jos\u00e9 Luis Almeida; e os titulares das Secretarias de Governo (Segov), Ednalva Santana; e de Servi\u00e7os P\u00fablicos (Sesp), Hindemburgo Teles.<\/p>\n\n\n\n<p>Foto: Patrick Abreu<\/p>\n","protected":false},"excerpt":{"rendered":"<p>Educa\u00e7\u00e3o, mobilidade, servi\u00e7os p\u00fablicos e sustentabilidade foram alguns dos assuntos tratados pela gest\u00e3o municipal durante encontro com representantes do Senai Cimatec nesta segunda-feira (21). Qualifica\u00e7\u00e3o profissional e novas parcerias tecnol\u00f3gicas para fortalecer o desenvolvimento da cidade, tamb\u00e9m integraram a pauta. Ao longo da reuni\u00e3o, realizada na sala de reuni\u00f5es da Secretaria de Governo (Segov), o [&hellip;]<\/p>\n","protected":false},"author":1,"featured_media":7313,"comment_status":"open","ping_status":"open","sticky":false,"template":"","format":"standard","meta":{"footnotes":""},"categories":[8],"tags":[],"class_list":["post-7308","post","type-post","status-publish","format-standard","has-post-thumbnail","hentry","category-camacari"],"yoast_head":"<!-- This site is optimized with the Yoast SEO plugin v21.7 - https:\/\/yoast.com\/wordpress\/plugins\/seo\/ -->\n<title>Qualifica\u00e7\u00e3o profissional e novas parcerias tecnol\u00f3gicas s\u00e3o pautadas durante agenda com Senai Cimatec - Compartilha Bahia<\/title>\n<meta name=\"robots\" content=\"index, follow, max-snippet:-1, max-image-preview:large, max-video-preview:-1\" \/>\n<link rel=\"canonical\" href=\"https:\/\/compartilhabahia.com.br\/index.php\/2025\/07\/22\/qualificacao-profissional-e-novas-parcerias-tecnologicas-sao-pautadas-durante-agenda-com-senai-cimatec\/\" \/>\n<meta property=\"og:locale\" content=\"pt_BR\" \/>\n<meta property=\"og:type\" content=\"article\" \/>\n<meta property=\"og:title\" content=\"Qualifica\u00e7\u00e3o profissional e novas parcerias tecnol\u00f3gicas s\u00e3o pautadas durante agenda com Senai Cimatec - Compartilha Bahia\" \/>\n<meta property=\"og:description\" content=\"Educa\u00e7\u00e3o, mobilidade, servi\u00e7os p\u00fablicos e sustentabilidade foram alguns dos assuntos tratados pela gest\u00e3o municipal durante encontro com representantes do Senai Cimatec nesta segunda-feira (21). Qualifica\u00e7\u00e3o profissional e novas parcerias tecnol\u00f3gicas para fortalecer o desenvolvimento da cidade, tamb\u00e9m integraram a pauta. Ao longo da reuni\u00e3o, realizada na sala de reuni\u00f5es da Secretaria de Governo (Segov), o [&hellip;]\" \/>\n<meta property=\"og:url\" content=\"https:\/\/compartilhabahia.com.br\/index.php\/2025\/07\/22\/qualificacao-profissional-e-novas-parcerias-tecnologicas-sao-pautadas-durante-agenda-com-senai-cimatec\/\" \/>\n<meta property=\"og:site_name\" content=\"Compartilha Bahia\" \/>\n<meta property=\"article:publisher\" content=\"https:\/\/web.facebook.com\/compartilhabahia\" \/>\n<meta property=\"article:published_time\" content=\"2025-07-23T02:40:34+00:00\" \/>\n<meta property=\"article:modified_time\" content=\"2025-07-23T02:44:04+00:00\" \/>\n<meta property=\"og:image\" content=\"https:\/\/compartilhabahia.com.br\/wp-content\/uploads\/2025\/07\/reunicimatec.jpg\" \/>\n\t<meta property=\"og:image:width\" content=\"640\" \/>\n\t<meta property=\"og:image:height\" content=\"480\" \/>\n\t<meta property=\"og:image:type\" content=\"image\/jpeg\" \/>\n<meta name=\"author\" content=\"admin\" \/>\n<meta name=\"twitter:card\" content=\"summary_large_image\" \/>\n<meta name=\"twitter:label1\" content=\"Escrito por\" \/>\n\t<meta name=\"twitter:data1\" content=\"admin\" \/>\n\t<meta name=\"twitter:label2\" content=\"Est. tempo de leitura\" \/>\n\t<meta name=\"twitter:data2\" content=\"3 minutos\" \/>\n<script type=\"application\/ld+json\" class=\"yoast-schema-graph\">{\"@context\":\"https:\/\/schema.org\",\"@graph\":[{\"@type\":\"Article\",\"@id\":\"https:\/\/compartilhabahia.com.br\/index.php\/2025\/07\/22\/qualificacao-profissional-e-novas-parcerias-tecnologicas-sao-pautadas-durante-agenda-com-senai-cimatec\/#article\",\"isPartOf\":{\"@id\":\"https:\/\/compartilhabahia.com.br\/index.php\/2025\/07\/22\/qualificacao-profissional-e-novas-parcerias-tecnologicas-sao-pautadas-durante-agenda-com-senai-cimatec\/\"},\"author\":{\"name\":\"admin\",\"@id\":\"https:\/\/compartilhabahia.com.br\/#\/schema\/person\/9b4f0c3178793b8248d6686732521c04\"},\"headline\":\"Qualifica\u00e7\u00e3o profissional e novas parcerias tecnol\u00f3gicas s\u00e3o pautadas durante agenda com Senai Cimatec\",\"datePublished\":\"2025-07-23T02:40:34+00:00\",\"dateModified\":\"2025-07-23T02:44:04+00:00\",\"mainEntityOfPage\":{\"@id\":\"https:\/\/compartilhabahia.com.br\/index.php\/2025\/07\/22\/qualificacao-profissional-e-novas-parcerias-tecnologicas-sao-pautadas-durante-agenda-com-senai-cimatec\/\"},\"wordCount\":399,\"commentCount\":0,\"publisher\":{\"@id\":\"https:\/\/compartilhabahia.com.br\/#organization\"},\"articleSection\":[\"Cama\u00e7ari\"],\"inLanguage\":\"pt-BR\",\"potentialAction\":[{\"@type\":\"CommentAction\",\"name\":\"Comment\",\"target\":[\"https:\/\/compartilhabahia.com.br\/index.php\/2025\/07\/22\/qualificacao-profissional-e-novas-parcerias-tecnologicas-sao-pautadas-durante-agenda-com-senai-cimatec\/#respond\"]}]},{\"@type\":\"WebPage\",\"@id\":\"https:\/\/compartilhabahia.com.br\/index.php\/2025\/07\/22\/qualificacao-profissional-e-novas-parcerias-tecnologicas-sao-pautadas-durante-agenda-com-senai-cimatec\/\",\"url\":\"https:\/\/compartilhabahia.com.br\/index.php\/2025\/07\/22\/qualificacao-profissional-e-novas-parcerias-tecnologicas-sao-pautadas-durante-agenda-com-senai-cimatec\/\",\"name\":\"Qualifica\u00e7\u00e3o profissional e novas parcerias tecnol\u00f3gicas s\u00e3o pautadas durante agenda com Senai Cimatec - Compartilha Bahia\",\"isPartOf\":{\"@id\":\"https:\/\/compartilhabahia.com.br\/#website\"},\"datePublished\":\"2025-07-23T02:40:34+00:00\",\"dateModified\":\"2025-07-23T02:44:04+00:00\",\"breadcrumb\":{\"@id\":\"https:\/\/compartilhabahia.com.br\/index.php\/2025\/07\/22\/qualificacao-profissional-e-novas-parcerias-tecnologicas-sao-pautadas-durante-agenda-com-senai-cimatec\/#breadcrumb\"},\"inLanguage\":\"pt-BR\",\"potentialAction\":[{\"@type\":\"ReadAction\",\"target\":[\"https:\/\/compartilhabahia.com.br\/index.php\/2025\/07\/22\/qualificacao-profissional-e-novas-parcerias-tecnologicas-sao-pautadas-durante-agenda-com-senai-cimatec\/\"]}]},{\"@type\":\"BreadcrumbList\",\"@id\":\"https:\/\/compartilhabahia.com.br\/index.php\/2025\/07\/22\/qualificacao-profissional-e-novas-parcerias-tecnologicas-sao-pautadas-durante-agenda-com-senai-cimatec\/#breadcrumb\",\"itemListElement\":[{\"@type\":\"ListItem\",\"position\":1,\"name\":\"In\u00edcio\",\"item\":\"https:\/\/compartilhabahia.com.br\/\"},{\"@type\":\"ListItem\",\"position\":2,\"name\":\"Qualifica\u00e7\u00e3o profissional e novas parcerias tecnol\u00f3gicas s\u00e3o pautadas durante agenda com Senai Cimatec\"}]},{\"@type\":\"WebSite\",\"@id\":\"https:\/\/compartilhabahia.com.br\/#website\",\"url\":\"https:\/\/compartilhabahia.com.br\/\",\"name\":\"Compartilha Bahia\",\"description\":\"\",\"publisher\":{\"@id\":\"https:\/\/compartilhabahia.com.br\/#organization\"},\"potentialAction\":[{\"@type\":\"SearchAction\",\"target\":{\"@type\":\"EntryPoint\",\"urlTemplate\":\"https:\/\/compartilhabahia.com.br\/?s={search_term_string}\"},\"query-input\":\"required name=search_term_string\"}],\"inLanguage\":\"pt-BR\"},{\"@type\":\"Organization\",\"@id\":\"https:\/\/compartilhabahia.com.br\/#organization\",\"name\":\"Compartilha Bahia\",\"url\":\"https:\/\/compartilhabahia.com.br\/\",\"logo\":{\"@type\":\"ImageObject\",\"inLanguage\":\"pt-BR\",\"@id\":\"https:\/\/compartilhabahia.com.br\/#\/schema\/logo\/image\/\",\"url\":\"https:\/\/compartilhabahia.com.br\/wp-content\/uploads\/2023\/12\/cropped-logo.png\",\"contentUrl\":\"https:\/\/compartilhabahia.com.br\/wp-content\/uploads\/2023\/12\/cropped-logo.png\",\"width\":300,\"height\":106,\"caption\":\"Compartilha Bahia\"},\"image\":{\"@id\":\"https:\/\/compartilhabahia.com.br\/#\/schema\/logo\/image\/\"},\"sameAs\":[\"https:\/\/web.facebook.com\/compartilhabahia\",\"https:\/\/www.instagram.com\/compartilhabahia\/\"]},{\"@type\":\"Person\",\"@id\":\"https:\/\/compartilhabahia.com.br\/#\/schema\/person\/9b4f0c3178793b8248d6686732521c04\",\"name\":\"admin\",\"image\":{\"@type\":\"ImageObject\",\"inLanguage\":\"pt-BR\",\"@id\":\"https:\/\/compartilhabahia.com.br\/#\/schema\/person\/image\/\",\"url\":\"https:\/\/secure.gravatar.com\/avatar\/9600df58751c5acbe914c538c03390ef649ea088cb65f84ba09c7ce66988eed6?s=96&d=mm&r=g\",\"contentUrl\":\"https:\/\/secure.gravatar.com\/avatar\/9600df58751c5acbe914c538c03390ef649ea088cb65f84ba09c7ce66988eed6?s=96&d=mm&r=g\",\"caption\":\"admin\"},\"sameAs\":[\"https:\/\/compartilhabahia.com.br\"],\"url\":\"https:\/\/compartilhabahia.com.br\/index.php\/author\/compartilhabahia\/\"}]}<\/script>\n<!-- \/ Yoast SEO plugin. -->","yoast_head_json":{"title":"Qualifica\u00e7\u00e3o profissional e novas parcerias tecnol\u00f3gicas s\u00e3o pautadas durante agenda com Senai Cimatec - Compartilha Bahia","robots":{"index":"index","follow":"follow","max-snippet":"max-snippet:-1","max-image-preview":"max-image-preview:large","max-video-preview":"max-video-preview:-1"},"canonical":"https:\/\/compartilhabahia.com.br\/index.php\/2025\/07\/22\/qualificacao-profissional-e-novas-parcerias-tecnologicas-sao-pautadas-durante-agenda-com-senai-cimatec\/","og_locale":"pt_BR","og_type":"article","og_title":"Qualifica\u00e7\u00e3o profissional e novas parcerias tecnol\u00f3gicas s\u00e3o pautadas durante agenda com Senai Cimatec - Compartilha Bahia","og_description":"Educa\u00e7\u00e3o, mobilidade, servi\u00e7os p\u00fablicos e sustentabilidade foram alguns dos assuntos tratados pela gest\u00e3o municipal durante encontro com representantes do Senai Cimatec nesta segunda-feira (21). Qualifica\u00e7\u00e3o profissional e novas parcerias tecnol\u00f3gicas para fortalecer o desenvolvimento da cidade, tamb\u00e9m integraram a pauta. Ao longo da reuni\u00e3o, realizada na sala de reuni\u00f5es da Secretaria de Governo (Segov), o [&hellip;]","og_url":"https:\/\/compartilhabahia.com.br\/index.php\/2025\/07\/22\/qualificacao-profissional-e-novas-parcerias-tecnologicas-sao-pautadas-durante-agenda-com-senai-cimatec\/","og_site_name":"Compartilha Bahia","article_publisher":"https:\/\/web.facebook.com\/compartilhabahia","article_published_time":"2025-07-23T02:40:34+00:00","article_modified_time":"2025-07-23T02:44:04+00:00","og_image":[{"width":640,"height":480,"url":"https:\/\/compartilhabahia.com.br\/wp-content\/uploads\/2025\/07\/reunicimatec.jpg","type":"image\/jpeg"}],"author":"admin","twitter_card":"summary_large_image","twitter_misc":{"Escrito por":"admin","Est. tempo de leitura":"3 minutos"},"schema":{"@context":"https:\/\/schema.org","@graph":[{"@type":"Article","@id":"https:\/\/compartilhabahia.com.br\/index.php\/2025\/07\/22\/qualificacao-profissional-e-novas-parcerias-tecnologicas-sao-pautadas-durante-agenda-com-senai-cimatec\/#article","isPartOf":{"@id":"https:\/\/compartilhabahia.com.br\/index.php\/2025\/07\/22\/qualificacao-profissional-e-novas-parcerias-tecnologicas-sao-pautadas-durante-agenda-com-senai-cimatec\/"},"author":{"name":"admin","@id":"https:\/\/compartilhabahia.com.br\/#\/schema\/person\/9b4f0c3178793b8248d6686732521c04"},"headline":"Qualifica\u00e7\u00e3o profissional e novas parcerias tecnol\u00f3gicas s\u00e3o pautadas durante agenda com Senai Cimatec","datePublished":"2025-07-23T02:40:34+00:00","dateModified":"2025-07-23T02:44:04+00:00","mainEntityOfPage":{"@id":"https:\/\/compartilhabahia.com.br\/index.php\/2025\/07\/22\/qualificacao-profissional-e-novas-parcerias-tecnologicas-sao-pautadas-durante-agenda-com-senai-cimatec\/"},"wordCount":399,"commentCount":0,"publisher":{"@id":"https:\/\/compartilhabahia.com.br\/#organization"},"articleSection":["Cama\u00e7ari"],"inLanguage":"pt-BR","potentialAction":[{"@type":"CommentAction","name":"Comment","target":["https:\/\/compartilhabahia.com.br\/index.php\/2025\/07\/22\/qualificacao-profissional-e-novas-parcerias-tecnologicas-sao-pautadas-durante-agenda-com-senai-cimatec\/#respond"]}]},{"@type":"WebPage","@id":"https:\/\/compartilhabahia.com.br\/index.php\/2025\/07\/22\/qualificacao-profissional-e-novas-parcerias-tecnologicas-sao-pautadas-durante-agenda-com-senai-cimatec\/","url":"https:\/\/compartilhabahia.com.br\/index.php\/2025\/07\/22\/qualificacao-profissional-e-novas-parcerias-tecnologicas-sao-pautadas-durante-agenda-com-senai-cimatec\/","name":"Qualifica\u00e7\u00e3o profissional e novas parcerias tecnol\u00f3gicas s\u00e3o pautadas durante agenda com Senai Cimatec - Compartilha Bahia","isPartOf":{"@id":"https:\/\/compartilhabahia.com.br\/#website"},"datePublished":"2025-07-23T02:40:34+00:00","dateModified":"2025-07-23T02:44:04+00:00","breadcrumb":{"@id":"https:\/\/compartilhabahia.com.br\/index.php\/2025\/07\/22\/qualificacao-profissional-e-novas-parcerias-tecnologicas-sao-pautadas-durante-agenda-com-senai-cimatec\/#breadcrumb"},"inLanguage":"pt-BR","potentialAction":[{"@type":"ReadAction","target":["https:\/\/compartilhabahia.com.br\/index.php\/2025\/07\/22\/qualificacao-profissional-e-novas-parcerias-tecnologicas-sao-pautadas-durante-agenda-com-senai-cimatec\/"]}]},{"@type":"BreadcrumbList","@id":"https:\/\/compartilhabahia.com.br\/index.php\/2025\/07\/22\/qualificacao-profissional-e-novas-parcerias-tecnologicas-sao-pautadas-durante-agenda-com-senai-cimatec\/#breadcrumb","itemListElement":[{"@type":"ListItem","position":1,"name":"In\u00edcio","item":"https:\/\/compartilhabahia.com.br\/"},{"@type":"ListItem","position":2,"name":"Qualifica\u00e7\u00e3o profissional e novas parcerias tecnol\u00f3gicas s\u00e3o pautadas durante agenda com Senai Cimatec"}]},{"@type":"WebSite","@id":"https:\/\/compartilhabahia.com.br\/#website","url":"https:\/\/compartilhabahia.com.br\/","name":"Compartilha Bahia","description":"","publisher":{"@id":"https:\/\/compartilhabahia.com.br\/#organization"},"potentialAction":[{"@type":"SearchAction","target":{"@type":"EntryPoint","urlTemplate":"https:\/\/compartilhabahia.com.br\/?s={search_term_string}"},"query-input":"required name=search_term_string"}],"inLanguage":"pt-BR"},{"@type":"Organization","@id":"https:\/\/compartilhabahia.com.br\/#organization","name":"Compartilha Bahia","url":"https:\/\/compartilhabahia.com.br\/","logo":{"@type":"ImageObject","inLanguage":"pt-BR","@id":"https:\/\/compartilhabahia.com.br\/#\/schema\/logo\/image\/","url":"https:\/\/compartilhabahia.com.br\/wp-content\/uploads\/2023\/12\/cropped-logo.png","contentUrl":"https:\/\/compartilhabahia.com.br\/wp-content\/uploads\/2023\/12\/cropped-logo.png","width":300,"height":106,"caption":"Compartilha Bahia"},"image":{"@id":"https:\/\/compartilhabahia.com.br\/#\/schema\/logo\/image\/"},"sameAs":["https:\/\/web.facebook.com\/compartilhabahia","https:\/\/www.instagram.com\/compartilhabahia\/"]},{"@type":"Person","@id":"https:\/\/compartilhabahia.com.br\/#\/schema\/person\/9b4f0c3178793b8248d6686732521c04","name":"admin","image":{"@type":"ImageObject","inLanguage":"pt-BR","@id":"https:\/\/compartilhabahia.com.br\/#\/schema\/person\/image\/","url":"https:\/\/secure.gravatar.com\/avatar\/9600df58751c5acbe914c538c03390ef649ea088cb65f84ba09c7ce66988eed6?s=96&d=mm&r=g","contentUrl":"https:\/\/secure.gravatar.com\/avatar\/9600df58751c5acbe914c538c03390ef649ea088cb65f84ba09c7ce66988eed6?s=96&d=mm&r=g","caption":"admin"},"sameAs":["https:\/\/compartilhabahia.com.br"],"url":"https:\/\/compartilhabahia.com.br\/index.php\/author\/compartilhabahia\/"}]}},"_links":{"self":[{"href":"https:\/\/compartilhabahia.com.br\/index.php\/wp-json\/wp\/v2\/posts\/7308","targetHints":{"allow":["GET"]}}],"collection":[{"href":"https:\/\/compartilhabahia.com.br\/index.php\/wp-json\/wp\/v2\/posts"}],"about":[{"href":"https:\/\/compartilhabahia.com.br\/index.php\/wp-json\/wp\/v2\/types\/post"}],"author":[{"embeddable":true,"href":"https:\/\/compartilhabahia.com.br\/index.php\/wp-json\/wp\/v2\/users\/1"}],"replies":[{"embeddable":true,"href":"https:\/\/compartilhabahia.com.br\/index.php\/wp-json\/wp\/v2\/comments?post=7308"}],"version-history":[{"count":2,"href":"https:\/\/compartilhabahia.com.br\/index.php\/wp-json\/wp\/v2\/posts\/7308\/revisions"}],"predecessor-version":[{"id":7314,"href":"https:\/\/compartilhabahia.com.br\/index.php\/wp-json\/wp\/v2\/posts\/7308\/revisions\/7314"}],"wp:featuredmedia":[{"embeddable":true,"href":"https:\/\/compartilhabahia.com.br\/index.php\/wp-json\/wp\/v2\/media\/7313"}],"wp:attachment":[{"href":"https:\/\/compartilhabahia.com.br\/index.php\/wp-json\/wp\/v2\/media?parent=7308"}],"wp:term":[{"taxonomy":"category","embeddable":true,"href":"https:\/\/compartilhabahia.com.br\/index.php\/wp-json\/wp\/v2\/categories?post=7308"},{"taxonomy":"post_tag","embeddable":true,"href":"https:\/\/compartilhabahia.com.br\/index.php\/wp-json\/wp\/v2\/tags?post=7308"}],"curies":[{"name":"wp","href":"https:\/\/api.w.org\/{rel}","templated":true}]}}