{"id":7298,"date":"2025-07-21T22:42:21","date_gmt":"2025-07-22T01:42:21","guid":{"rendered":"https:\/\/compartilhabahia.com.br\/?p=7298"},"modified":"2025-07-21T22:42:58","modified_gmt":"2025-07-22T01:42:58","slug":"exposicao-mario-cravo-neto-sob-o-sol-da-bahia-estreia-na-caixa-cultural-salvador","status":"publish","type":"post","link":"https:\/\/compartilhabahia.com.br\/index.php\/2025\/07\/21\/exposicao-mario-cravo-neto-sob-o-sol-da-bahia-estreia-na-caixa-cultural-salvador\/","title":{"rendered":"Exposi\u00e7\u00e3o \u201cMario Cravo Neto: Sob o Sol da Bahia\u201d estreia na Caixa Cultural Salvador"},"content":{"rendered":"\n<p><em>Com curadoria de Christian Cravo, a mostra \u00e9 um convite para imers\u00e3o na Bahia das d\u00e9cadas de 1960 e 1970, de forma cont\u00ednua e sensorial<\/em><\/p>\n\n\n\n<p><br>A Caixa Cultural Salvador recebe, a partir da pr\u00f3xima quarta-feira, 23 de julho, \u00e0s 19h, a exposi\u00e7\u00e3o in\u00e9dita <strong>Mario Cravo Neto: Sob o Sol da Bahia<\/strong>, que re\u00fane fotografias, objetos, v\u00eddeos, desenhos e pinturas em aquarela do renomado artista pl\u00e1stico baiano. Com entrada gratuita, a mostra permanece em cartaz at\u00e9 2 de novembro e oferece ao p\u00fablico uma imers\u00e3o na Bahia das d\u00e9cadas de 1960 e 1970, revelando um tempo e uma atmosfera que j\u00e1 n\u00e3o se percebem na contemporaneidade. Realizada pela Via Press, a mostra tem patroc\u00ednio da CAIXA e do Governo Federal, e apoio institucional do Instituto Mario Cravo Neto.<\/p>\n\n\n\n<p>Com curadoria de Christian Cravo, fot\u00f3grafo e filho do artista, a exposi\u00e7\u00e3o apresenta um recorte do per\u00edodo experimental de Cravo Neto, entre 1967 e 1975 \u2014 fase marcada por intensa produ\u00e7\u00e3o art\u00edstica e encerrada por um grave acidente que redefiniu sua trajet\u00f3ria. Para o curador, \u201co maior legado de Mario Cravo Neto foi o de um artista que acreditou profundamente em sua voca\u00e7\u00e3o, mesmo em uma \u00e9poca em que linguagens como o cinema e a fotografia ainda n\u00e3o eram amplamente reconhecidas nas artes visuais\u201d. Ele destaca ainda a interdisciplinaridade da obra do pai, que transitou com maestria entre pintura, escultura, <em>land art<\/em>, fotografia e cinema.<\/p>\n\n\n\n<p>Ao todo, s\u00e3o quarenta fotografias coloridas e em preto e branco, que retratam pescadores, estivadores, planta\u00e7\u00f5es de tabaco e representa\u00e7\u00f5es afrodescendentes em Salvador e no Rec\u00f4ncavo Baiano. As aquarelas evocam o movimento das ondas do mar, enquanto os filmes em 8 mm exploram o corpo em tr\u00eas diferentes dimens\u00f5es: a dan\u00e7a (em <em>Gato Capoeira<\/em>, de 1975), o trauma (em <em>Lua e Sombra<\/em>, de 1975) e o nascimento da filha (em <em>Lua Diana<\/em>, de 1972). As obras ser\u00e3o exibidas em um projeto expogr\u00e1fico que integra v\u00eddeos, objetos e gravuras de forma cont\u00ednua e sensorial.<\/p>\n\n\n\n<p><strong><u>Proposta curatorial:<\/u><\/strong><\/p>\n\n\n\n<p>A curadoria prop\u00f5e um olhar transversal sobre o per\u00edodo experimental de Cravo Neto, destacando sua transi\u00e7\u00e3o para a fotografia como linguagem principal. Ap\u00f3s o acidente que o deixou imobilizado por um ano, o artista passou a desenvolver sua ic\u00f4nica t\u00e9cnica de retratos em est\u00fadio com fundo branco \u2014 marco de sua proje\u00e7\u00e3o internacional e de sua ruptura com a sombra art\u00edstica do pai, o escultor Mario Cravo J\u00fanior.<\/p>\n\n\n\n<p>A multiplicidade de express\u00f5es art\u00edsticas \u00e9 um tra\u00e7o a ser destacado no projeto curatorial, j\u00e1 que a explora\u00e7\u00e3o de atmosferas plurais se tornou uma caracter\u00edstica recorrente na obra de Mario Cravo Neto \u2013 fot\u00f3grafo, desenhista, escultor e cineasta. Artista rigoroso e sistem\u00e1tico, ele encontrou em temas como o povo baiano, o candombl\u00e9 e a religiosidade o material do qual se nutriu para produzir seus trabalhos.<\/p>\n\n\n\n<p><strong><u>Atividades paralelas:<\/u><\/strong><\/p>\n\n\n\n<p>Tamb\u00e9m est\u00e3o previstas uma visita mediada, seguida de roda de conversa, com o curador Christian Cravo, e uma oficina de fotografia, com datas a serem divulgadas. As atividades abordar\u00e3o as t\u00e9cnicas e o olhar singular de Cravo Neto, ampliando a compreens\u00e3o sobre sua obra. Aberta ao p\u00fablico, toda a programa\u00e7\u00e3o contar\u00e1 com recursos de acessibilidade.<\/p>\n\n\n\n<p><strong><u>Sobre o artista:<\/u><\/strong><\/p>\n\n\n\n<p>Mario Cravo Neto foi um dos primeiros fot\u00f3grafos brasileiros a conquistar reconhecimento no circuito das artes visuais. Suas obras integram acervos de institui\u00e7\u00f5es como o MoMA (Nova York), o Stedelijk Museum (Amsterd\u00e3), o Museo Reina Sof\u00eda (Madri) e o MAM-RJ. Participou de cinco edi\u00e7\u00f5es da Bienal Internacional de S\u00e3o Paulo e publicou 11 livros. Desde 2015, parte de seu acervo \u2014 cerca de 100 mil imagens \u2014 est\u00e1 sob a guarda do Instituto Moreira Salles.<\/p>\n\n\n\n<p>Profundamente ligado \u00e0 Bahia, Cravo Neto dizia: \u201cSalvador \u00e9 para mim o grande terreiro. O homem da Bahia carrega consigo seus antepassados. \u00c9 assim que vejo essa cidade e, sobretudo, meu povo.\u201d<\/p>\n\n\n\n<p>A exposi\u00e7\u00e3o <strong>Sob o Sol da Bahia <\/strong>reafirma o compromisso do Instituto Mario Cravo Neto em preservar e difundir o legado do artista, revelando ao p\u00fablico a riqueza de sua linguagem e a for\u00e7a de sua express\u00e3o visual.<\/p>\n\n\n\n<p><strong><u>Patroc\u00ednio Cultural<\/u><\/strong><\/p>\n\n\n\n<p>O lan\u00e7amento da exposi\u00e7\u00e3o <strong>Mario Cravo Neto: Sob o Sol da Bahia <\/strong>integra a programa\u00e7\u00e3o comemorativa dos 45 anos da CAIXA Cultural, desde a abertura da primeira unidade em Bras\u00edlia, e os 25 anos da CAIXA Cultural Salvador. A programa\u00e7\u00e3o de 2025 convida todos os p\u00fablicos a &#8220;culturar&#8221;, isto \u00e9, a viver a cultura como a\u00e7\u00e3o e movimento nos espa\u00e7os culturais da CAIXA, que tamb\u00e9m contam com unidades no Rio de Janeiro, S\u00e3o Paulo, Fortaleza e Curitiba.<\/p>\n\n\n\n<p>Hoje, a CAIXA Cultural \u00e9 uma das maiores redes de espa\u00e7os culturais p\u00fablicos do pa\u00eds. Al\u00e9m disso, em 2025, a CAIXA ir\u00e1 inaugurar seu primeiro espa\u00e7o na regi\u00e3o Norte, em Bel\u00e9m (PA).<\/p>\n\n\n\n<p><strong><u>SERVI\u00c7O<\/u><\/strong><\/p>\n\n\n\n<p>[Artes Visuais] <em>Mario Cravo Neto: Sob o Sol da Bahia<\/em><strong><u><\/u><\/strong><\/p>\n\n\n\n<p>Local: Rua Carlos Gomes, 57, Centro \u2013 Salvador\/BA<br>Abertura: 23 de julho, \u00e0s 19h<br>Per\u00edodo de visita\u00e7\u00e3o: de 24 de julho a 02 de novembro de 2025<br>Hor\u00e1rio: ter\u00e7a a domingo, das 9h \u00e0s 17h30<br>Entrada: gratuita<br>Classifica\u00e7\u00e3o indicativa: livre<br>Instagram: @exposicaomariocravoneto<br>Informa\u00e7\u00f5es: (71) 3421-4200 | Site CAIXA Cultural | @CaixaCulturalSalvador<br>Patroc\u00ednio: CAIXA e Governo Federal<br>Acesso para pessoas com defici\u00eancia<br><br><\/p>\n","protected":false},"excerpt":{"rendered":"<p>Com curadoria de Christian Cravo, a mostra \u00e9 um convite para imers\u00e3o na Bahia das d\u00e9cadas de 1960 e 1970, de forma cont\u00ednua e sensorial A Caixa Cultural Salvador recebe, a partir da pr\u00f3xima quarta-feira, 23 de julho, \u00e0s 19h, a exposi\u00e7\u00e3o in\u00e9dita Mario Cravo Neto: Sob o Sol da Bahia, que re\u00fane fotografias, objetos, [&hellip;]<\/p>\n","protected":false},"author":1,"featured_media":7299,"comment_status":"open","ping_status":"open","sticky":false,"template":"","format":"standard","meta":{"footnotes":""},"categories":[10],"tags":[],"class_list":["post-7298","post","type-post","status-publish","format-standard","has-post-thumbnail","hentry","category-bahia"],"yoast_head":"<!-- This site is optimized with the Yoast SEO plugin v21.7 - https:\/\/yoast.com\/wordpress\/plugins\/seo\/ -->\n<title>Exposi\u00e7\u00e3o \u201cMario Cravo Neto: Sob o Sol da Bahia\u201d estreia na Caixa Cultural Salvador - Compartilha Bahia<\/title>\n<meta name=\"robots\" content=\"index, follow, max-snippet:-1, max-image-preview:large, max-video-preview:-1\" \/>\n<link rel=\"canonical\" href=\"https:\/\/compartilhabahia.com.br\/index.php\/2025\/07\/21\/exposicao-mario-cravo-neto-sob-o-sol-da-bahia-estreia-na-caixa-cultural-salvador\/\" \/>\n<meta property=\"og:locale\" content=\"pt_BR\" \/>\n<meta property=\"og:type\" content=\"article\" \/>\n<meta property=\"og:title\" content=\"Exposi\u00e7\u00e3o \u201cMario Cravo Neto: Sob o Sol da Bahia\u201d estreia na Caixa Cultural Salvador - Compartilha Bahia\" \/>\n<meta property=\"og:description\" content=\"Com curadoria de Christian Cravo, a mostra \u00e9 um convite para imers\u00e3o na Bahia das d\u00e9cadas de 1960 e 1970, de forma cont\u00ednua e sensorial A Caixa Cultural Salvador recebe, a partir da pr\u00f3xima quarta-feira, 23 de julho, \u00e0s 19h, a exposi\u00e7\u00e3o in\u00e9dita Mario Cravo Neto: Sob o Sol da Bahia, que re\u00fane fotografias, objetos, [&hellip;]\" \/>\n<meta property=\"og:url\" content=\"https:\/\/compartilhabahia.com.br\/index.php\/2025\/07\/21\/exposicao-mario-cravo-neto-sob-o-sol-da-bahia-estreia-na-caixa-cultural-salvador\/\" \/>\n<meta property=\"og:site_name\" content=\"Compartilha Bahia\" \/>\n<meta property=\"article:publisher\" content=\"https:\/\/web.facebook.com\/compartilhabahia\" \/>\n<meta property=\"article:published_time\" content=\"2025-07-22T01:42:21+00:00\" \/>\n<meta property=\"article:modified_time\" content=\"2025-07-22T01:42:58+00:00\" \/>\n<meta property=\"og:image\" content=\"https:\/\/compartilhabahia.com.br\/wp-content\/uploads\/2025\/07\/exposicaomariocravo.jpg\" \/>\n\t<meta property=\"og:image:width\" content=\"1120\" \/>\n\t<meta property=\"og:image:height\" content=\"747\" \/>\n\t<meta property=\"og:image:type\" content=\"image\/jpeg\" \/>\n<meta name=\"author\" content=\"admin\" \/>\n<meta name=\"twitter:card\" content=\"summary_large_image\" \/>\n<meta name=\"twitter:label1\" content=\"Escrito por\" \/>\n\t<meta name=\"twitter:data1\" content=\"admin\" \/>\n\t<meta name=\"twitter:label2\" content=\"Est. tempo de leitura\" \/>\n\t<meta name=\"twitter:data2\" content=\"5 minutos\" \/>\n<script type=\"application\/ld+json\" class=\"yoast-schema-graph\">{\"@context\":\"https:\/\/schema.org\",\"@graph\":[{\"@type\":\"Article\",\"@id\":\"https:\/\/compartilhabahia.com.br\/index.php\/2025\/07\/21\/exposicao-mario-cravo-neto-sob-o-sol-da-bahia-estreia-na-caixa-cultural-salvador\/#article\",\"isPartOf\":{\"@id\":\"https:\/\/compartilhabahia.com.br\/index.php\/2025\/07\/21\/exposicao-mario-cravo-neto-sob-o-sol-da-bahia-estreia-na-caixa-cultural-salvador\/\"},\"author\":{\"name\":\"admin\",\"@id\":\"https:\/\/compartilhabahia.com.br\/#\/schema\/person\/9b4f0c3178793b8248d6686732521c04\"},\"headline\":\"Exposi\u00e7\u00e3o \u201cMario Cravo Neto: Sob o Sol da Bahia\u201d estreia na Caixa Cultural Salvador\",\"datePublished\":\"2025-07-22T01:42:21+00:00\",\"dateModified\":\"2025-07-22T01:42:58+00:00\",\"mainEntityOfPage\":{\"@id\":\"https:\/\/compartilhabahia.com.br\/index.php\/2025\/07\/21\/exposicao-mario-cravo-neto-sob-o-sol-da-bahia-estreia-na-caixa-cultural-salvador\/\"},\"wordCount\":910,\"commentCount\":0,\"publisher\":{\"@id\":\"https:\/\/compartilhabahia.com.br\/#organization\"},\"articleSection\":[\"Bahia\"],\"inLanguage\":\"pt-BR\",\"potentialAction\":[{\"@type\":\"CommentAction\",\"name\":\"Comment\",\"target\":[\"https:\/\/compartilhabahia.com.br\/index.php\/2025\/07\/21\/exposicao-mario-cravo-neto-sob-o-sol-da-bahia-estreia-na-caixa-cultural-salvador\/#respond\"]}]},{\"@type\":\"WebPage\",\"@id\":\"https:\/\/compartilhabahia.com.br\/index.php\/2025\/07\/21\/exposicao-mario-cravo-neto-sob-o-sol-da-bahia-estreia-na-caixa-cultural-salvador\/\",\"url\":\"https:\/\/compartilhabahia.com.br\/index.php\/2025\/07\/21\/exposicao-mario-cravo-neto-sob-o-sol-da-bahia-estreia-na-caixa-cultural-salvador\/\",\"name\":\"Exposi\u00e7\u00e3o \u201cMario Cravo Neto: Sob o Sol da Bahia\u201d estreia na Caixa Cultural Salvador - Compartilha Bahia\",\"isPartOf\":{\"@id\":\"https:\/\/compartilhabahia.com.br\/#website\"},\"datePublished\":\"2025-07-22T01:42:21+00:00\",\"dateModified\":\"2025-07-22T01:42:58+00:00\",\"breadcrumb\":{\"@id\":\"https:\/\/compartilhabahia.com.br\/index.php\/2025\/07\/21\/exposicao-mario-cravo-neto-sob-o-sol-da-bahia-estreia-na-caixa-cultural-salvador\/#breadcrumb\"},\"inLanguage\":\"pt-BR\",\"potentialAction\":[{\"@type\":\"ReadAction\",\"target\":[\"https:\/\/compartilhabahia.com.br\/index.php\/2025\/07\/21\/exposicao-mario-cravo-neto-sob-o-sol-da-bahia-estreia-na-caixa-cultural-salvador\/\"]}]},{\"@type\":\"BreadcrumbList\",\"@id\":\"https:\/\/compartilhabahia.com.br\/index.php\/2025\/07\/21\/exposicao-mario-cravo-neto-sob-o-sol-da-bahia-estreia-na-caixa-cultural-salvador\/#breadcrumb\",\"itemListElement\":[{\"@type\":\"ListItem\",\"position\":1,\"name\":\"In\u00edcio\",\"item\":\"https:\/\/compartilhabahia.com.br\/\"},{\"@type\":\"ListItem\",\"position\":2,\"name\":\"Exposi\u00e7\u00e3o \u201cMario Cravo Neto: Sob o Sol da Bahia\u201d estreia na Caixa Cultural Salvador\"}]},{\"@type\":\"WebSite\",\"@id\":\"https:\/\/compartilhabahia.com.br\/#website\",\"url\":\"https:\/\/compartilhabahia.com.br\/\",\"name\":\"Compartilha Bahia\",\"description\":\"\",\"publisher\":{\"@id\":\"https:\/\/compartilhabahia.com.br\/#organization\"},\"potentialAction\":[{\"@type\":\"SearchAction\",\"target\":{\"@type\":\"EntryPoint\",\"urlTemplate\":\"https:\/\/compartilhabahia.com.br\/?s={search_term_string}\"},\"query-input\":\"required name=search_term_string\"}],\"inLanguage\":\"pt-BR\"},{\"@type\":\"Organization\",\"@id\":\"https:\/\/compartilhabahia.com.br\/#organization\",\"name\":\"Compartilha Bahia\",\"url\":\"https:\/\/compartilhabahia.com.br\/\",\"logo\":{\"@type\":\"ImageObject\",\"inLanguage\":\"pt-BR\",\"@id\":\"https:\/\/compartilhabahia.com.br\/#\/schema\/logo\/image\/\",\"url\":\"https:\/\/compartilhabahia.com.br\/wp-content\/uploads\/2023\/12\/cropped-logo.png\",\"contentUrl\":\"https:\/\/compartilhabahia.com.br\/wp-content\/uploads\/2023\/12\/cropped-logo.png\",\"width\":300,\"height\":106,\"caption\":\"Compartilha Bahia\"},\"image\":{\"@id\":\"https:\/\/compartilhabahia.com.br\/#\/schema\/logo\/image\/\"},\"sameAs\":[\"https:\/\/web.facebook.com\/compartilhabahia\",\"https:\/\/www.instagram.com\/compartilhabahia\/\"]},{\"@type\":\"Person\",\"@id\":\"https:\/\/compartilhabahia.com.br\/#\/schema\/person\/9b4f0c3178793b8248d6686732521c04\",\"name\":\"admin\",\"image\":{\"@type\":\"ImageObject\",\"inLanguage\":\"pt-BR\",\"@id\":\"https:\/\/compartilhabahia.com.br\/#\/schema\/person\/image\/\",\"url\":\"https:\/\/secure.gravatar.com\/avatar\/9600df58751c5acbe914c538c03390ef649ea088cb65f84ba09c7ce66988eed6?s=96&d=mm&r=g\",\"contentUrl\":\"https:\/\/secure.gravatar.com\/avatar\/9600df58751c5acbe914c538c03390ef649ea088cb65f84ba09c7ce66988eed6?s=96&d=mm&r=g\",\"caption\":\"admin\"},\"sameAs\":[\"https:\/\/compartilhabahia.com.br\"],\"url\":\"https:\/\/compartilhabahia.com.br\/index.php\/author\/compartilhabahia\/\"}]}<\/script>\n<!-- \/ Yoast SEO plugin. -->","yoast_head_json":{"title":"Exposi\u00e7\u00e3o \u201cMario Cravo Neto: Sob o Sol da Bahia\u201d estreia na Caixa Cultural Salvador - Compartilha Bahia","robots":{"index":"index","follow":"follow","max-snippet":"max-snippet:-1","max-image-preview":"max-image-preview:large","max-video-preview":"max-video-preview:-1"},"canonical":"https:\/\/compartilhabahia.com.br\/index.php\/2025\/07\/21\/exposicao-mario-cravo-neto-sob-o-sol-da-bahia-estreia-na-caixa-cultural-salvador\/","og_locale":"pt_BR","og_type":"article","og_title":"Exposi\u00e7\u00e3o \u201cMario Cravo Neto: Sob o Sol da Bahia\u201d estreia na Caixa Cultural Salvador - Compartilha Bahia","og_description":"Com curadoria de Christian Cravo, a mostra \u00e9 um convite para imers\u00e3o na Bahia das d\u00e9cadas de 1960 e 1970, de forma cont\u00ednua e sensorial A Caixa Cultural Salvador recebe, a partir da pr\u00f3xima quarta-feira, 23 de julho, \u00e0s 19h, a exposi\u00e7\u00e3o in\u00e9dita Mario Cravo Neto: Sob o Sol da Bahia, que re\u00fane fotografias, objetos, [&hellip;]","og_url":"https:\/\/compartilhabahia.com.br\/index.php\/2025\/07\/21\/exposicao-mario-cravo-neto-sob-o-sol-da-bahia-estreia-na-caixa-cultural-salvador\/","og_site_name":"Compartilha Bahia","article_publisher":"https:\/\/web.facebook.com\/compartilhabahia","article_published_time":"2025-07-22T01:42:21+00:00","article_modified_time":"2025-07-22T01:42:58+00:00","og_image":[{"width":1120,"height":747,"url":"https:\/\/compartilhabahia.com.br\/wp-content\/uploads\/2025\/07\/exposicaomariocravo.jpg","type":"image\/jpeg"}],"author":"admin","twitter_card":"summary_large_image","twitter_misc":{"Escrito por":"admin","Est. tempo de leitura":"5 minutos"},"schema":{"@context":"https:\/\/schema.org","@graph":[{"@type":"Article","@id":"https:\/\/compartilhabahia.com.br\/index.php\/2025\/07\/21\/exposicao-mario-cravo-neto-sob-o-sol-da-bahia-estreia-na-caixa-cultural-salvador\/#article","isPartOf":{"@id":"https:\/\/compartilhabahia.com.br\/index.php\/2025\/07\/21\/exposicao-mario-cravo-neto-sob-o-sol-da-bahia-estreia-na-caixa-cultural-salvador\/"},"author":{"name":"admin","@id":"https:\/\/compartilhabahia.com.br\/#\/schema\/person\/9b4f0c3178793b8248d6686732521c04"},"headline":"Exposi\u00e7\u00e3o \u201cMario Cravo Neto: Sob o Sol da Bahia\u201d estreia na Caixa Cultural Salvador","datePublished":"2025-07-22T01:42:21+00:00","dateModified":"2025-07-22T01:42:58+00:00","mainEntityOfPage":{"@id":"https:\/\/compartilhabahia.com.br\/index.php\/2025\/07\/21\/exposicao-mario-cravo-neto-sob-o-sol-da-bahia-estreia-na-caixa-cultural-salvador\/"},"wordCount":910,"commentCount":0,"publisher":{"@id":"https:\/\/compartilhabahia.com.br\/#organization"},"articleSection":["Bahia"],"inLanguage":"pt-BR","potentialAction":[{"@type":"CommentAction","name":"Comment","target":["https:\/\/compartilhabahia.com.br\/index.php\/2025\/07\/21\/exposicao-mario-cravo-neto-sob-o-sol-da-bahia-estreia-na-caixa-cultural-salvador\/#respond"]}]},{"@type":"WebPage","@id":"https:\/\/compartilhabahia.com.br\/index.php\/2025\/07\/21\/exposicao-mario-cravo-neto-sob-o-sol-da-bahia-estreia-na-caixa-cultural-salvador\/","url":"https:\/\/compartilhabahia.com.br\/index.php\/2025\/07\/21\/exposicao-mario-cravo-neto-sob-o-sol-da-bahia-estreia-na-caixa-cultural-salvador\/","name":"Exposi\u00e7\u00e3o \u201cMario Cravo Neto: Sob o Sol da Bahia\u201d estreia na Caixa Cultural Salvador - Compartilha Bahia","isPartOf":{"@id":"https:\/\/compartilhabahia.com.br\/#website"},"datePublished":"2025-07-22T01:42:21+00:00","dateModified":"2025-07-22T01:42:58+00:00","breadcrumb":{"@id":"https:\/\/compartilhabahia.com.br\/index.php\/2025\/07\/21\/exposicao-mario-cravo-neto-sob-o-sol-da-bahia-estreia-na-caixa-cultural-salvador\/#breadcrumb"},"inLanguage":"pt-BR","potentialAction":[{"@type":"ReadAction","target":["https:\/\/compartilhabahia.com.br\/index.php\/2025\/07\/21\/exposicao-mario-cravo-neto-sob-o-sol-da-bahia-estreia-na-caixa-cultural-salvador\/"]}]},{"@type":"BreadcrumbList","@id":"https:\/\/compartilhabahia.com.br\/index.php\/2025\/07\/21\/exposicao-mario-cravo-neto-sob-o-sol-da-bahia-estreia-na-caixa-cultural-salvador\/#breadcrumb","itemListElement":[{"@type":"ListItem","position":1,"name":"In\u00edcio","item":"https:\/\/compartilhabahia.com.br\/"},{"@type":"ListItem","position":2,"name":"Exposi\u00e7\u00e3o \u201cMario Cravo Neto: Sob o Sol da Bahia\u201d estreia na Caixa Cultural Salvador"}]},{"@type":"WebSite","@id":"https:\/\/compartilhabahia.com.br\/#website","url":"https:\/\/compartilhabahia.com.br\/","name":"Compartilha Bahia","description":"","publisher":{"@id":"https:\/\/compartilhabahia.com.br\/#organization"},"potentialAction":[{"@type":"SearchAction","target":{"@type":"EntryPoint","urlTemplate":"https:\/\/compartilhabahia.com.br\/?s={search_term_string}"},"query-input":"required name=search_term_string"}],"inLanguage":"pt-BR"},{"@type":"Organization","@id":"https:\/\/compartilhabahia.com.br\/#organization","name":"Compartilha Bahia","url":"https:\/\/compartilhabahia.com.br\/","logo":{"@type":"ImageObject","inLanguage":"pt-BR","@id":"https:\/\/compartilhabahia.com.br\/#\/schema\/logo\/image\/","url":"https:\/\/compartilhabahia.com.br\/wp-content\/uploads\/2023\/12\/cropped-logo.png","contentUrl":"https:\/\/compartilhabahia.com.br\/wp-content\/uploads\/2023\/12\/cropped-logo.png","width":300,"height":106,"caption":"Compartilha Bahia"},"image":{"@id":"https:\/\/compartilhabahia.com.br\/#\/schema\/logo\/image\/"},"sameAs":["https:\/\/web.facebook.com\/compartilhabahia","https:\/\/www.instagram.com\/compartilhabahia\/"]},{"@type":"Person","@id":"https:\/\/compartilhabahia.com.br\/#\/schema\/person\/9b4f0c3178793b8248d6686732521c04","name":"admin","image":{"@type":"ImageObject","inLanguage":"pt-BR","@id":"https:\/\/compartilhabahia.com.br\/#\/schema\/person\/image\/","url":"https:\/\/secure.gravatar.com\/avatar\/9600df58751c5acbe914c538c03390ef649ea088cb65f84ba09c7ce66988eed6?s=96&d=mm&r=g","contentUrl":"https:\/\/secure.gravatar.com\/avatar\/9600df58751c5acbe914c538c03390ef649ea088cb65f84ba09c7ce66988eed6?s=96&d=mm&r=g","caption":"admin"},"sameAs":["https:\/\/compartilhabahia.com.br"],"url":"https:\/\/compartilhabahia.com.br\/index.php\/author\/compartilhabahia\/"}]}},"_links":{"self":[{"href":"https:\/\/compartilhabahia.com.br\/index.php\/wp-json\/wp\/v2\/posts\/7298","targetHints":{"allow":["GET"]}}],"collection":[{"href":"https:\/\/compartilhabahia.com.br\/index.php\/wp-json\/wp\/v2\/posts"}],"about":[{"href":"https:\/\/compartilhabahia.com.br\/index.php\/wp-json\/wp\/v2\/types\/post"}],"author":[{"embeddable":true,"href":"https:\/\/compartilhabahia.com.br\/index.php\/wp-json\/wp\/v2\/users\/1"}],"replies":[{"embeddable":true,"href":"https:\/\/compartilhabahia.com.br\/index.php\/wp-json\/wp\/v2\/comments?post=7298"}],"version-history":[{"count":1,"href":"https:\/\/compartilhabahia.com.br\/index.php\/wp-json\/wp\/v2\/posts\/7298\/revisions"}],"predecessor-version":[{"id":7300,"href":"https:\/\/compartilhabahia.com.br\/index.php\/wp-json\/wp\/v2\/posts\/7298\/revisions\/7300"}],"wp:featuredmedia":[{"embeddable":true,"href":"https:\/\/compartilhabahia.com.br\/index.php\/wp-json\/wp\/v2\/media\/7299"}],"wp:attachment":[{"href":"https:\/\/compartilhabahia.com.br\/index.php\/wp-json\/wp\/v2\/media?parent=7298"}],"wp:term":[{"taxonomy":"category","embeddable":true,"href":"https:\/\/compartilhabahia.com.br\/index.php\/wp-json\/wp\/v2\/categories?post=7298"},{"taxonomy":"post_tag","embeddable":true,"href":"https:\/\/compartilhabahia.com.br\/index.php\/wp-json\/wp\/v2\/tags?post=7298"}],"curies":[{"name":"wp","href":"https:\/\/api.w.org\/{rel}","templated":true}]}}