{"id":7293,"date":"2025-07-21T21:22:46","date_gmt":"2025-07-22T00:22:46","guid":{"rendered":"https:\/\/compartilhabahia.com.br\/?p=7293"},"modified":"2025-07-21T21:22:49","modified_gmt":"2025-07-22T00:22:49","slug":"confusao-no-ciat-foi-provocada-por-pessoas-que-tentaram-furar-fila-sedec-emite-nota","status":"publish","type":"post","link":"https:\/\/compartilhabahia.com.br\/index.php\/2025\/07\/21\/confusao-no-ciat-foi-provocada-por-pessoas-que-tentaram-furar-fila-sedec-emite-nota\/","title":{"rendered":"Confus\u00e3o no CIAT foi provocada por pessoas que tentaram furar fila: SEDEC emite nota"},"content":{"rendered":"\n<p>Comunicado \u00e0 Popula\u00e7\u00e3o<\/p>\n\n\n\n<p>O CIAT (Centro de Integra\u00e7\u00e3o e Apoio ao Trabalhador) abriu suas portas nesta segunda-feira (21) para o encaminhamento de candidatos \u00e0s vagas de Operador de Produ\u00e7\u00e3o e Log\u00edstica da empresa BYD. A a\u00e7\u00e3o teve grande procura, reunindo mais de 300 pessoas em busca de uma oportunidade de trabalho.<\/p>\n\n\n\n<p>Sabemos o quanto essas oportunidades s\u00e3o importantes para tantas fam\u00edlias, e refor\u00e7amos nosso compromisso com um atendimento justo, organizado e respeitoso para todos.<\/p>\n\n\n\n<p>No in\u00edcio da manh\u00e3, infelizmente, houve um momento de confus\u00e3o devido \u00e0 tentativa de furar a ordem das senhas por parte de algumas pessoas. A equipe do CIAT, com apoio da Pol\u00edcia Militar, atuou com agilidade para restabelecer a ordem e garantir a continuidade do atendimento com seguran\u00e7a.<\/p>\n\n\n\n<p>Refor\u00e7amos que todos os servidores p\u00fablicos est\u00e3o ali para ajudar a popula\u00e7\u00e3o, e atitudes de desrespeito ou desacato podem configurar crime, conforme o Art. 331 do C\u00f3digo Penal Brasileiro.<\/p>\n\n\n\n<p>Pedimos a compreens\u00e3o e colabora\u00e7\u00e3o de todos para que, nas pr\u00f3ximas a\u00e7\u00f5es, mantenham o respeito, sigam as orienta\u00e7\u00f5es da equipe e contribuam para um ambiente mais acolhedor e organizado.<\/p>\n\n\n\n<p>Nosso objetivo \u00e9 continuar criando pontes entre quem precisa trabalhar e quem precisa contratar. Vamos seguir juntos, com respeito e compromisso!<\/p>\n\n\n\n<p>Secretaria de Desenvolvimento Econ\u00f4mico<br>Prefeitura de Cama\u00e7ari<\/p>\n\n\n\n<figure class=\"wp-block-image size-large is-resized\"><img loading=\"lazy\" decoding=\"async\" width=\"1024\" height=\"682\" src=\"https:\/\/compartilhabahia.com.br\/wp-content\/uploads\/2025\/07\/WhatsApp-Image-2025-07-21-at-16.48.00-1024x682.jpeg\" alt=\"\" class=\"wp-image-7296\" style=\"width:658px;height:auto\" srcset=\"https:\/\/compartilhabahia.com.br\/wp-content\/uploads\/2025\/07\/WhatsApp-Image-2025-07-21-at-16.48.00-1024x682.jpeg 1024w, https:\/\/compartilhabahia.com.br\/wp-content\/uploads\/2025\/07\/WhatsApp-Image-2025-07-21-at-16.48.00-300x200.jpeg 300w, https:\/\/compartilhabahia.com.br\/wp-content\/uploads\/2025\/07\/WhatsApp-Image-2025-07-21-at-16.48.00-768x512.jpeg 768w, https:\/\/compartilhabahia.com.br\/wp-content\/uploads\/2025\/07\/WhatsApp-Image-2025-07-21-at-16.48.00-1536x1023.jpeg 1536w, https:\/\/compartilhabahia.com.br\/wp-content\/uploads\/2025\/07\/WhatsApp-Image-2025-07-21-at-16.48.00-1200x800.jpeg 1200w, https:\/\/compartilhabahia.com.br\/wp-content\/uploads\/2025\/07\/WhatsApp-Image-2025-07-21-at-16.48.00.jpeg 1600w\" sizes=\"auto, (max-width: 1024px) 100vw, 1024px\" \/><\/figure>\n\n\n\n<p>Adriana Marcele, secret\u00e1ria de Desenvolvimento Econ\u00f4mico<\/p>\n\n\n\n<p><\/p>\n","protected":false},"excerpt":{"rendered":"<p>Comunicado \u00e0 Popula\u00e7\u00e3o O CIAT (Centro de Integra\u00e7\u00e3o e Apoio ao Trabalhador) abriu suas portas nesta segunda-feira (21) para o encaminhamento de candidatos \u00e0s vagas de Operador de Produ\u00e7\u00e3o e Log\u00edstica da empresa BYD. A a\u00e7\u00e3o teve grande procura, reunindo mais de 300 pessoas em busca de uma oportunidade de trabalho. Sabemos o quanto essas [&hellip;]<\/p>\n","protected":false},"author":1,"featured_media":7294,"comment_status":"open","ping_status":"open","sticky":false,"template":"","format":"standard","meta":{"footnotes":""},"categories":[8],"tags":[],"class_list":["post-7293","post","type-post","status-publish","format-standard","has-post-thumbnail","hentry","category-camacari"],"yoast_head":"<!-- This site is optimized with the Yoast SEO plugin v21.7 - https:\/\/yoast.com\/wordpress\/plugins\/seo\/ -->\n<title>Confus\u00e3o no CIAT foi provocada por pessoas que tentaram furar fila: SEDEC emite nota - Compartilha Bahia<\/title>\n<meta name=\"robots\" content=\"index, follow, max-snippet:-1, max-image-preview:large, max-video-preview:-1\" \/>\n<link rel=\"canonical\" href=\"https:\/\/compartilhabahia.com.br\/index.php\/2025\/07\/21\/confusao-no-ciat-foi-provocada-por-pessoas-que-tentaram-furar-fila-sedec-emite-nota\/\" \/>\n<meta property=\"og:locale\" content=\"pt_BR\" \/>\n<meta property=\"og:type\" content=\"article\" \/>\n<meta property=\"og:title\" content=\"Confus\u00e3o no CIAT foi provocada por pessoas que tentaram furar fila: SEDEC emite nota - Compartilha Bahia\" \/>\n<meta property=\"og:description\" content=\"Comunicado \u00e0 Popula\u00e7\u00e3o O CIAT (Centro de Integra\u00e7\u00e3o e Apoio ao Trabalhador) abriu suas portas nesta segunda-feira (21) para o encaminhamento de candidatos \u00e0s vagas de Operador de Produ\u00e7\u00e3o e Log\u00edstica da empresa BYD. A a\u00e7\u00e3o teve grande procura, reunindo mais de 300 pessoas em busca de uma oportunidade de trabalho. Sabemos o quanto essas [&hellip;]\" \/>\n<meta property=\"og:url\" content=\"https:\/\/compartilhabahia.com.br\/index.php\/2025\/07\/21\/confusao-no-ciat-foi-provocada-por-pessoas-que-tentaram-furar-fila-sedec-emite-nota\/\" \/>\n<meta property=\"og:site_name\" content=\"Compartilha Bahia\" \/>\n<meta property=\"article:publisher\" content=\"https:\/\/web.facebook.com\/compartilhabahia\" \/>\n<meta property=\"article:published_time\" content=\"2025-07-22T00:22:46+00:00\" \/>\n<meta property=\"article:modified_time\" content=\"2025-07-22T00:22:49+00:00\" \/>\n<meta property=\"og:image\" content=\"https:\/\/compartilhabahia.com.br\/wp-content\/uploads\/2025\/07\/filaemordemnociat.jpg\" \/>\n\t<meta property=\"og:image:width\" content=\"800\" \/>\n\t<meta property=\"og:image:height\" content=\"600\" \/>\n\t<meta property=\"og:image:type\" content=\"image\/jpeg\" \/>\n<meta name=\"author\" content=\"admin\" \/>\n<meta name=\"twitter:card\" content=\"summary_large_image\" \/>\n<meta name=\"twitter:label1\" content=\"Escrito por\" \/>\n\t<meta name=\"twitter:data1\" content=\"admin\" \/>\n\t<meta name=\"twitter:label2\" content=\"Est. tempo de leitura\" \/>\n\t<meta name=\"twitter:data2\" content=\"2 minutos\" \/>\n<script type=\"application\/ld+json\" class=\"yoast-schema-graph\">{\"@context\":\"https:\/\/schema.org\",\"@graph\":[{\"@type\":\"Article\",\"@id\":\"https:\/\/compartilhabahia.com.br\/index.php\/2025\/07\/21\/confusao-no-ciat-foi-provocada-por-pessoas-que-tentaram-furar-fila-sedec-emite-nota\/#article\",\"isPartOf\":{\"@id\":\"https:\/\/compartilhabahia.com.br\/index.php\/2025\/07\/21\/confusao-no-ciat-foi-provocada-por-pessoas-que-tentaram-furar-fila-sedec-emite-nota\/\"},\"author\":{\"name\":\"admin\",\"@id\":\"https:\/\/compartilhabahia.com.br\/#\/schema\/person\/9b4f0c3178793b8248d6686732521c04\"},\"headline\":\"Confus\u00e3o no CIAT foi provocada por pessoas que tentaram furar fila: SEDEC emite nota\",\"datePublished\":\"2025-07-22T00:22:46+00:00\",\"dateModified\":\"2025-07-22T00:22:49+00:00\",\"mainEntityOfPage\":{\"@id\":\"https:\/\/compartilhabahia.com.br\/index.php\/2025\/07\/21\/confusao-no-ciat-foi-provocada-por-pessoas-que-tentaram-furar-fila-sedec-emite-nota\/\"},\"wordCount\":248,\"commentCount\":0,\"publisher\":{\"@id\":\"https:\/\/compartilhabahia.com.br\/#organization\"},\"articleSection\":[\"Cama\u00e7ari\"],\"inLanguage\":\"pt-BR\",\"potentialAction\":[{\"@type\":\"CommentAction\",\"name\":\"Comment\",\"target\":[\"https:\/\/compartilhabahia.com.br\/index.php\/2025\/07\/21\/confusao-no-ciat-foi-provocada-por-pessoas-que-tentaram-furar-fila-sedec-emite-nota\/#respond\"]}]},{\"@type\":\"WebPage\",\"@id\":\"https:\/\/compartilhabahia.com.br\/index.php\/2025\/07\/21\/confusao-no-ciat-foi-provocada-por-pessoas-que-tentaram-furar-fila-sedec-emite-nota\/\",\"url\":\"https:\/\/compartilhabahia.com.br\/index.php\/2025\/07\/21\/confusao-no-ciat-foi-provocada-por-pessoas-que-tentaram-furar-fila-sedec-emite-nota\/\",\"name\":\"Confus\u00e3o no CIAT foi provocada por pessoas que tentaram furar fila: SEDEC emite nota - Compartilha Bahia\",\"isPartOf\":{\"@id\":\"https:\/\/compartilhabahia.com.br\/#website\"},\"datePublished\":\"2025-07-22T00:22:46+00:00\",\"dateModified\":\"2025-07-22T00:22:49+00:00\",\"breadcrumb\":{\"@id\":\"https:\/\/compartilhabahia.com.br\/index.php\/2025\/07\/21\/confusao-no-ciat-foi-provocada-por-pessoas-que-tentaram-furar-fila-sedec-emite-nota\/#breadcrumb\"},\"inLanguage\":\"pt-BR\",\"potentialAction\":[{\"@type\":\"ReadAction\",\"target\":[\"https:\/\/compartilhabahia.com.br\/index.php\/2025\/07\/21\/confusao-no-ciat-foi-provocada-por-pessoas-que-tentaram-furar-fila-sedec-emite-nota\/\"]}]},{\"@type\":\"BreadcrumbList\",\"@id\":\"https:\/\/compartilhabahia.com.br\/index.php\/2025\/07\/21\/confusao-no-ciat-foi-provocada-por-pessoas-que-tentaram-furar-fila-sedec-emite-nota\/#breadcrumb\",\"itemListElement\":[{\"@type\":\"ListItem\",\"position\":1,\"name\":\"In\u00edcio\",\"item\":\"https:\/\/compartilhabahia.com.br\/\"},{\"@type\":\"ListItem\",\"position\":2,\"name\":\"Confus\u00e3o no CIAT foi provocada por pessoas que tentaram furar fila: SEDEC emite nota\"}]},{\"@type\":\"WebSite\",\"@id\":\"https:\/\/compartilhabahia.com.br\/#website\",\"url\":\"https:\/\/compartilhabahia.com.br\/\",\"name\":\"Compartilha Bahia\",\"description\":\"\",\"publisher\":{\"@id\":\"https:\/\/compartilhabahia.com.br\/#organization\"},\"potentialAction\":[{\"@type\":\"SearchAction\",\"target\":{\"@type\":\"EntryPoint\",\"urlTemplate\":\"https:\/\/compartilhabahia.com.br\/?s={search_term_string}\"},\"query-input\":\"required name=search_term_string\"}],\"inLanguage\":\"pt-BR\"},{\"@type\":\"Organization\",\"@id\":\"https:\/\/compartilhabahia.com.br\/#organization\",\"name\":\"Compartilha Bahia\",\"url\":\"https:\/\/compartilhabahia.com.br\/\",\"logo\":{\"@type\":\"ImageObject\",\"inLanguage\":\"pt-BR\",\"@id\":\"https:\/\/compartilhabahia.com.br\/#\/schema\/logo\/image\/\",\"url\":\"https:\/\/compartilhabahia.com.br\/wp-content\/uploads\/2023\/12\/cropped-logo.png\",\"contentUrl\":\"https:\/\/compartilhabahia.com.br\/wp-content\/uploads\/2023\/12\/cropped-logo.png\",\"width\":300,\"height\":106,\"caption\":\"Compartilha Bahia\"},\"image\":{\"@id\":\"https:\/\/compartilhabahia.com.br\/#\/schema\/logo\/image\/\"},\"sameAs\":[\"https:\/\/web.facebook.com\/compartilhabahia\",\"https:\/\/www.instagram.com\/compartilhabahia\/\"]},{\"@type\":\"Person\",\"@id\":\"https:\/\/compartilhabahia.com.br\/#\/schema\/person\/9b4f0c3178793b8248d6686732521c04\",\"name\":\"admin\",\"image\":{\"@type\":\"ImageObject\",\"inLanguage\":\"pt-BR\",\"@id\":\"https:\/\/compartilhabahia.com.br\/#\/schema\/person\/image\/\",\"url\":\"https:\/\/secure.gravatar.com\/avatar\/9600df58751c5acbe914c538c03390ef649ea088cb65f84ba09c7ce66988eed6?s=96&d=mm&r=g\",\"contentUrl\":\"https:\/\/secure.gravatar.com\/avatar\/9600df58751c5acbe914c538c03390ef649ea088cb65f84ba09c7ce66988eed6?s=96&d=mm&r=g\",\"caption\":\"admin\"},\"sameAs\":[\"https:\/\/compartilhabahia.com.br\"],\"url\":\"https:\/\/compartilhabahia.com.br\/index.php\/author\/compartilhabahia\/\"}]}<\/script>\n<!-- \/ Yoast SEO plugin. -->","yoast_head_json":{"title":"Confus\u00e3o no CIAT foi provocada por pessoas que tentaram furar fila: SEDEC emite nota - Compartilha Bahia","robots":{"index":"index","follow":"follow","max-snippet":"max-snippet:-1","max-image-preview":"max-image-preview:large","max-video-preview":"max-video-preview:-1"},"canonical":"https:\/\/compartilhabahia.com.br\/index.php\/2025\/07\/21\/confusao-no-ciat-foi-provocada-por-pessoas-que-tentaram-furar-fila-sedec-emite-nota\/","og_locale":"pt_BR","og_type":"article","og_title":"Confus\u00e3o no CIAT foi provocada por pessoas que tentaram furar fila: SEDEC emite nota - Compartilha Bahia","og_description":"Comunicado \u00e0 Popula\u00e7\u00e3o O CIAT (Centro de Integra\u00e7\u00e3o e Apoio ao Trabalhador) abriu suas portas nesta segunda-feira (21) para o encaminhamento de candidatos \u00e0s vagas de Operador de Produ\u00e7\u00e3o e Log\u00edstica da empresa BYD. A a\u00e7\u00e3o teve grande procura, reunindo mais de 300 pessoas em busca de uma oportunidade de trabalho. Sabemos o quanto essas [&hellip;]","og_url":"https:\/\/compartilhabahia.com.br\/index.php\/2025\/07\/21\/confusao-no-ciat-foi-provocada-por-pessoas-que-tentaram-furar-fila-sedec-emite-nota\/","og_site_name":"Compartilha Bahia","article_publisher":"https:\/\/web.facebook.com\/compartilhabahia","article_published_time":"2025-07-22T00:22:46+00:00","article_modified_time":"2025-07-22T00:22:49+00:00","og_image":[{"width":800,"height":600,"url":"https:\/\/compartilhabahia.com.br\/wp-content\/uploads\/2025\/07\/filaemordemnociat.jpg","type":"image\/jpeg"}],"author":"admin","twitter_card":"summary_large_image","twitter_misc":{"Escrito por":"admin","Est. tempo de leitura":"2 minutos"},"schema":{"@context":"https:\/\/schema.org","@graph":[{"@type":"Article","@id":"https:\/\/compartilhabahia.com.br\/index.php\/2025\/07\/21\/confusao-no-ciat-foi-provocada-por-pessoas-que-tentaram-furar-fila-sedec-emite-nota\/#article","isPartOf":{"@id":"https:\/\/compartilhabahia.com.br\/index.php\/2025\/07\/21\/confusao-no-ciat-foi-provocada-por-pessoas-que-tentaram-furar-fila-sedec-emite-nota\/"},"author":{"name":"admin","@id":"https:\/\/compartilhabahia.com.br\/#\/schema\/person\/9b4f0c3178793b8248d6686732521c04"},"headline":"Confus\u00e3o no CIAT foi provocada por pessoas que tentaram furar fila: SEDEC emite nota","datePublished":"2025-07-22T00:22:46+00:00","dateModified":"2025-07-22T00:22:49+00:00","mainEntityOfPage":{"@id":"https:\/\/compartilhabahia.com.br\/index.php\/2025\/07\/21\/confusao-no-ciat-foi-provocada-por-pessoas-que-tentaram-furar-fila-sedec-emite-nota\/"},"wordCount":248,"commentCount":0,"publisher":{"@id":"https:\/\/compartilhabahia.com.br\/#organization"},"articleSection":["Cama\u00e7ari"],"inLanguage":"pt-BR","potentialAction":[{"@type":"CommentAction","name":"Comment","target":["https:\/\/compartilhabahia.com.br\/index.php\/2025\/07\/21\/confusao-no-ciat-foi-provocada-por-pessoas-que-tentaram-furar-fila-sedec-emite-nota\/#respond"]}]},{"@type":"WebPage","@id":"https:\/\/compartilhabahia.com.br\/index.php\/2025\/07\/21\/confusao-no-ciat-foi-provocada-por-pessoas-que-tentaram-furar-fila-sedec-emite-nota\/","url":"https:\/\/compartilhabahia.com.br\/index.php\/2025\/07\/21\/confusao-no-ciat-foi-provocada-por-pessoas-que-tentaram-furar-fila-sedec-emite-nota\/","name":"Confus\u00e3o no CIAT foi provocada por pessoas que tentaram furar fila: SEDEC emite nota - Compartilha Bahia","isPartOf":{"@id":"https:\/\/compartilhabahia.com.br\/#website"},"datePublished":"2025-07-22T00:22:46+00:00","dateModified":"2025-07-22T00:22:49+00:00","breadcrumb":{"@id":"https:\/\/compartilhabahia.com.br\/index.php\/2025\/07\/21\/confusao-no-ciat-foi-provocada-por-pessoas-que-tentaram-furar-fila-sedec-emite-nota\/#breadcrumb"},"inLanguage":"pt-BR","potentialAction":[{"@type":"ReadAction","target":["https:\/\/compartilhabahia.com.br\/index.php\/2025\/07\/21\/confusao-no-ciat-foi-provocada-por-pessoas-que-tentaram-furar-fila-sedec-emite-nota\/"]}]},{"@type":"BreadcrumbList","@id":"https:\/\/compartilhabahia.com.br\/index.php\/2025\/07\/21\/confusao-no-ciat-foi-provocada-por-pessoas-que-tentaram-furar-fila-sedec-emite-nota\/#breadcrumb","itemListElement":[{"@type":"ListItem","position":1,"name":"In\u00edcio","item":"https:\/\/compartilhabahia.com.br\/"},{"@type":"ListItem","position":2,"name":"Confus\u00e3o no CIAT foi provocada por pessoas que tentaram furar fila: SEDEC emite nota"}]},{"@type":"WebSite","@id":"https:\/\/compartilhabahia.com.br\/#website","url":"https:\/\/compartilhabahia.com.br\/","name":"Compartilha Bahia","description":"","publisher":{"@id":"https:\/\/compartilhabahia.com.br\/#organization"},"potentialAction":[{"@type":"SearchAction","target":{"@type":"EntryPoint","urlTemplate":"https:\/\/compartilhabahia.com.br\/?s={search_term_string}"},"query-input":"required name=search_term_string"}],"inLanguage":"pt-BR"},{"@type":"Organization","@id":"https:\/\/compartilhabahia.com.br\/#organization","name":"Compartilha Bahia","url":"https:\/\/compartilhabahia.com.br\/","logo":{"@type":"ImageObject","inLanguage":"pt-BR","@id":"https:\/\/compartilhabahia.com.br\/#\/schema\/logo\/image\/","url":"https:\/\/compartilhabahia.com.br\/wp-content\/uploads\/2023\/12\/cropped-logo.png","contentUrl":"https:\/\/compartilhabahia.com.br\/wp-content\/uploads\/2023\/12\/cropped-logo.png","width":300,"height":106,"caption":"Compartilha Bahia"},"image":{"@id":"https:\/\/compartilhabahia.com.br\/#\/schema\/logo\/image\/"},"sameAs":["https:\/\/web.facebook.com\/compartilhabahia","https:\/\/www.instagram.com\/compartilhabahia\/"]},{"@type":"Person","@id":"https:\/\/compartilhabahia.com.br\/#\/schema\/person\/9b4f0c3178793b8248d6686732521c04","name":"admin","image":{"@type":"ImageObject","inLanguage":"pt-BR","@id":"https:\/\/compartilhabahia.com.br\/#\/schema\/person\/image\/","url":"https:\/\/secure.gravatar.com\/avatar\/9600df58751c5acbe914c538c03390ef649ea088cb65f84ba09c7ce66988eed6?s=96&d=mm&r=g","contentUrl":"https:\/\/secure.gravatar.com\/avatar\/9600df58751c5acbe914c538c03390ef649ea088cb65f84ba09c7ce66988eed6?s=96&d=mm&r=g","caption":"admin"},"sameAs":["https:\/\/compartilhabahia.com.br"],"url":"https:\/\/compartilhabahia.com.br\/index.php\/author\/compartilhabahia\/"}]}},"_links":{"self":[{"href":"https:\/\/compartilhabahia.com.br\/index.php\/wp-json\/wp\/v2\/posts\/7293","targetHints":{"allow":["GET"]}}],"collection":[{"href":"https:\/\/compartilhabahia.com.br\/index.php\/wp-json\/wp\/v2\/posts"}],"about":[{"href":"https:\/\/compartilhabahia.com.br\/index.php\/wp-json\/wp\/v2\/types\/post"}],"author":[{"embeddable":true,"href":"https:\/\/compartilhabahia.com.br\/index.php\/wp-json\/wp\/v2\/users\/1"}],"replies":[{"embeddable":true,"href":"https:\/\/compartilhabahia.com.br\/index.php\/wp-json\/wp\/v2\/comments?post=7293"}],"version-history":[{"count":1,"href":"https:\/\/compartilhabahia.com.br\/index.php\/wp-json\/wp\/v2\/posts\/7293\/revisions"}],"predecessor-version":[{"id":7297,"href":"https:\/\/compartilhabahia.com.br\/index.php\/wp-json\/wp\/v2\/posts\/7293\/revisions\/7297"}],"wp:featuredmedia":[{"embeddable":true,"href":"https:\/\/compartilhabahia.com.br\/index.php\/wp-json\/wp\/v2\/media\/7294"}],"wp:attachment":[{"href":"https:\/\/compartilhabahia.com.br\/index.php\/wp-json\/wp\/v2\/media?parent=7293"}],"wp:term":[{"taxonomy":"category","embeddable":true,"href":"https:\/\/compartilhabahia.com.br\/index.php\/wp-json\/wp\/v2\/categories?post=7293"},{"taxonomy":"post_tag","embeddable":true,"href":"https:\/\/compartilhabahia.com.br\/index.php\/wp-json\/wp\/v2\/tags?post=7293"}],"curies":[{"name":"wp","href":"https:\/\/api.w.org\/{rel}","templated":true}]}}