{"id":7287,"date":"2025-07-20T23:59:15","date_gmt":"2025-07-21T02:59:15","guid":{"rendered":"https:\/\/compartilhabahia.com.br\/?p=7287"},"modified":"2025-07-21T00:00:18","modified_gmt":"2025-07-21T03:00:18","slug":"agu-pede-ao-stf-investigacao-sobre-informacoes-privilegiadas-no-mercado-cambial","status":"publish","type":"post","link":"https:\/\/compartilhabahia.com.br\/index.php\/2025\/07\/20\/agu-pede-ao-stf-investigacao-sobre-informacoes-privilegiadas-no-mercado-cambial\/","title":{"rendered":"AGU pede ao STF investiga\u00e7\u00e3o sobre informa\u00e7\u00f5es privilegiadas no mercado cambial"},"content":{"rendered":"\n<p>A Advocacia-Geral da Uni\u00e3o (AGU) peticionou na noite deste s\u00e1bado (19) uma not\u00edcia de fato no Supremo Tribunal Federal (STF) no \u00e2mbito do Inqu\u00e9rito 4995\/DF, solicitando que sejam investigadas poss\u00edveis correla\u00e7\u00f5es entre os elementos em apura\u00e7\u00e3o no inqu\u00e9rito e a o uso indevido de informa\u00e7\u00f5es privilegiadas no mercado cambial brasileiro envolvendo o an\u00fancio oficial de novas tarifas comerciais impostas pelos Estados Unidos ao Brasil, no dia 9 de julho.<\/p>\n\n\n\n<p>A peti\u00e7\u00e3o \u00e9 feita ap\u00f3s reportagens veiculadas pelo G1 e pela TV Globo na sexta-feira (18) noticiarem que ocorreram transa\u00e7\u00f5es de c\u00e2mbio em volume significativo antes e depois do an\u00fancio oficial de novas tarifas comerciais impostas, o que sugere poss\u00edvel utiliza\u00e7\u00e3o de informa\u00e7\u00f5es privilegiadas (insider trading) por pessoas f\u00edsicas ou jur\u00eddicas, supostamente com acesso pr\u00e9vio e indevido a decis\u00f5es ou dados econ\u00f4micos de alto impacto.<\/p>\n\n\n\n<p>A AGU enfatiza que o inqu\u00e9rito, instaurado a pedido da Procuradoria-Geral da Rep\u00fablica para apurar a conduta delitiva do Deputado Federal licenciado, Eduardo Nantes Bolsonaro, decorre do uso de instrumentos comerciais internacionais como mecanismo de coa\u00e7\u00e3o premeditada contra a Justi\u00e7a brasileira.<\/p>\n\n\n\n<p>Pontua que a Procuradoria-Geral da Rep\u00fablica descreve no inqu\u00e9rito, conforme se tornou p\u00fablico, que \u201ca atua\u00e7\u00e3o coordenada entre Jair Messias Bolsonaro e seu filho Eduardo Bolsonaro, para intimidar autoridades brasileiras e obstruir o curso da a\u00e7\u00e3o penal em refer\u00eancia, \u00e9 ainda verificada em an\u00fancio recente de que &#8220;haver\u00e1 severas san\u00e7\u00f5es financeiras&#8221; contra o Ministro do Supremo Tribunal Federal Alexandre de Moraes.<\/p>\n\n\n\n<p>A&nbsp; AGU enfatiza que o relator tamb\u00e9m consigna no inqu\u00e9rito o seguinte: \u201cA implementa\u00e7\u00e3o do aumento de tarifas tem como finalidade a cria\u00e7\u00e3o de uma grave crise econ\u00f4mica no Brasil, para gerar uma press\u00e3o pol\u00edtica e social no Poder Judici\u00e1rio e impactar as rela\u00e7\u00f5es diplom\u00e1ticas entre o Brasil os Estados Unidos da Am\u00e9rica\u201d.<\/p>\n\n\n\n<p>\u201c\u00c0 luz dos fatos noticiados, podemos inferir que eles se inserem em contexto no qual os fatos j\u00e1 em apura\u00e7\u00e3o neste inqu\u00e9rito est\u00e3o al\u00e9m dos il\u00edcitos penais j\u00e1 indicados na Pet 14.129 pela Procuradoria-Geral da Rep\u00fablica, relacionados \u00e0 obstru\u00e7\u00e3o da Justi\u00e7a, mas tamb\u00e9m com poss\u00edveis ganhos financeiros il\u00edcitos, mediante os mesmos fatos que buscaram impor embara\u00e7o \u00e0 aplica\u00e7\u00e3o da lei penal\u201d, enfatiza a AGU.<\/p>\n\n\n\n<p>A AGU pede ainda encaminhamento da Not\u00edcia de Fato \u00e0 Procuradoria-Geral da Rep\u00fablica, titular da a\u00e7\u00e3o penal, nos termos do art. 129 da Carta Magna. E juntou ao processo, tamb\u00e9m, um expediente interno que instou \u00e0 Comiss\u00e3o de Valores Mobili\u00e1rios.<\/p>\n\n\n\n<p><strong>Provid\u00eancias<\/strong><\/p>\n\n\n\n<p>No \u00e2mbito da institui\u00e7\u00e3o, o gabinete do ministro pediu que a Procuradoria-Geral Federal, \u00f3rg\u00e3o da AGU que representa judicialmente a Comiss\u00e3o de Valores Mobili\u00e1rios (CVM), adote em car\u00e1ter priorit\u00e1rio, as medidas que reputar cab\u00edveis no \u00e2mbito de suas atribui\u00e7\u00f5es, inclusive em articula\u00e7\u00e3o com outras autoridades nacionais. A AGU pontua, que al\u00e9m da esfera criminal, o uso il\u00edcito de informa\u00e7\u00e3o privilegiada enseja responsabilidade civil e administrativa, inclusive por preju\u00edzos ao mercado e a investidores.<\/p>\n","protected":false},"excerpt":{"rendered":"<p>A Advocacia-Geral da Uni\u00e3o (AGU) peticionou na noite deste s\u00e1bado (19) uma not\u00edcia de fato no Supremo Tribunal Federal (STF) no \u00e2mbito do Inqu\u00e9rito 4995\/DF, solicitando que sejam investigadas poss\u00edveis correla\u00e7\u00f5es entre os elementos em apura\u00e7\u00e3o no inqu\u00e9rito e a o uso indevido de informa\u00e7\u00f5es privilegiadas no mercado cambial brasileiro envolvendo o an\u00fancio oficial de [&hellip;]<\/p>\n","protected":false},"author":1,"featured_media":7288,"comment_status":"open","ping_status":"open","sticky":false,"template":"","format":"standard","meta":{"footnotes":""},"categories":[4],"tags":[],"class_list":["post-7287","post","type-post","status-publish","format-standard","has-post-thumbnail","hentry","category-brasil"],"yoast_head":"<!-- This site is optimized with the Yoast SEO plugin v21.7 - https:\/\/yoast.com\/wordpress\/plugins\/seo\/ -->\n<title>AGU pede ao STF investiga\u00e7\u00e3o sobre informa\u00e7\u00f5es privilegiadas no mercado cambial - Compartilha Bahia<\/title>\n<meta name=\"robots\" content=\"index, follow, max-snippet:-1, max-image-preview:large, max-video-preview:-1\" \/>\n<link rel=\"canonical\" href=\"https:\/\/compartilhabahia.com.br\/index.php\/2025\/07\/20\/agu-pede-ao-stf-investigacao-sobre-informacoes-privilegiadas-no-mercado-cambial\/\" \/>\n<meta property=\"og:locale\" content=\"pt_BR\" \/>\n<meta property=\"og:type\" content=\"article\" \/>\n<meta property=\"og:title\" content=\"AGU pede ao STF investiga\u00e7\u00e3o sobre informa\u00e7\u00f5es privilegiadas no mercado cambial - Compartilha Bahia\" \/>\n<meta property=\"og:description\" content=\"A Advocacia-Geral da Uni\u00e3o (AGU) peticionou na noite deste s\u00e1bado (19) uma not\u00edcia de fato no Supremo Tribunal Federal (STF) no \u00e2mbito do Inqu\u00e9rito 4995\/DF, solicitando que sejam investigadas poss\u00edveis correla\u00e7\u00f5es entre os elementos em apura\u00e7\u00e3o no inqu\u00e9rito e a o uso indevido de informa\u00e7\u00f5es privilegiadas no mercado cambial brasileiro envolvendo o an\u00fancio oficial de [&hellip;]\" \/>\n<meta property=\"og:url\" content=\"https:\/\/compartilhabahia.com.br\/index.php\/2025\/07\/20\/agu-pede-ao-stf-investigacao-sobre-informacoes-privilegiadas-no-mercado-cambial\/\" \/>\n<meta property=\"og:site_name\" content=\"Compartilha Bahia\" \/>\n<meta property=\"article:publisher\" content=\"https:\/\/web.facebook.com\/compartilhabahia\" \/>\n<meta property=\"article:published_time\" content=\"2025-07-21T02:59:15+00:00\" \/>\n<meta property=\"article:modified_time\" content=\"2025-07-21T03:00:18+00:00\" \/>\n<meta property=\"og:image\" content=\"https:\/\/compartilhabahia.com.br\/wp-content\/uploads\/2025\/07\/3949e915-bfb4-4c6a-8508-098bf65b82ef.jpeg\" \/>\n\t<meta property=\"og:image:width\" content=\"767\" \/>\n\t<meta property=\"og:image:height\" content=\"432\" \/>\n\t<meta property=\"og:image:type\" content=\"image\/jpeg\" \/>\n<meta name=\"author\" content=\"admin\" \/>\n<meta name=\"twitter:card\" content=\"summary_large_image\" \/>\n<meta name=\"twitter:label1\" content=\"Escrito por\" \/>\n\t<meta name=\"twitter:data1\" content=\"admin\" \/>\n\t<meta name=\"twitter:label2\" content=\"Est. tempo de leitura\" \/>\n\t<meta name=\"twitter:data2\" content=\"3 minutos\" \/>\n<script type=\"application\/ld+json\" class=\"yoast-schema-graph\">{\"@context\":\"https:\/\/schema.org\",\"@graph\":[{\"@type\":\"Article\",\"@id\":\"https:\/\/compartilhabahia.com.br\/index.php\/2025\/07\/20\/agu-pede-ao-stf-investigacao-sobre-informacoes-privilegiadas-no-mercado-cambial\/#article\",\"isPartOf\":{\"@id\":\"https:\/\/compartilhabahia.com.br\/index.php\/2025\/07\/20\/agu-pede-ao-stf-investigacao-sobre-informacoes-privilegiadas-no-mercado-cambial\/\"},\"author\":{\"name\":\"admin\",\"@id\":\"https:\/\/compartilhabahia.com.br\/#\/schema\/person\/9b4f0c3178793b8248d6686732521c04\"},\"headline\":\"AGU pede ao STF investiga\u00e7\u00e3o sobre informa\u00e7\u00f5es privilegiadas no mercado cambial\",\"datePublished\":\"2025-07-21T02:59:15+00:00\",\"dateModified\":\"2025-07-21T03:00:18+00:00\",\"mainEntityOfPage\":{\"@id\":\"https:\/\/compartilhabahia.com.br\/index.php\/2025\/07\/20\/agu-pede-ao-stf-investigacao-sobre-informacoes-privilegiadas-no-mercado-cambial\/\"},\"wordCount\":548,\"commentCount\":0,\"publisher\":{\"@id\":\"https:\/\/compartilhabahia.com.br\/#organization\"},\"articleSection\":[\"Brasil\"],\"inLanguage\":\"pt-BR\",\"potentialAction\":[{\"@type\":\"CommentAction\",\"name\":\"Comment\",\"target\":[\"https:\/\/compartilhabahia.com.br\/index.php\/2025\/07\/20\/agu-pede-ao-stf-investigacao-sobre-informacoes-privilegiadas-no-mercado-cambial\/#respond\"]}]},{\"@type\":\"WebPage\",\"@id\":\"https:\/\/compartilhabahia.com.br\/index.php\/2025\/07\/20\/agu-pede-ao-stf-investigacao-sobre-informacoes-privilegiadas-no-mercado-cambial\/\",\"url\":\"https:\/\/compartilhabahia.com.br\/index.php\/2025\/07\/20\/agu-pede-ao-stf-investigacao-sobre-informacoes-privilegiadas-no-mercado-cambial\/\",\"name\":\"AGU pede ao STF investiga\u00e7\u00e3o sobre informa\u00e7\u00f5es privilegiadas no mercado cambial - Compartilha Bahia\",\"isPartOf\":{\"@id\":\"https:\/\/compartilhabahia.com.br\/#website\"},\"datePublished\":\"2025-07-21T02:59:15+00:00\",\"dateModified\":\"2025-07-21T03:00:18+00:00\",\"breadcrumb\":{\"@id\":\"https:\/\/compartilhabahia.com.br\/index.php\/2025\/07\/20\/agu-pede-ao-stf-investigacao-sobre-informacoes-privilegiadas-no-mercado-cambial\/#breadcrumb\"},\"inLanguage\":\"pt-BR\",\"potentialAction\":[{\"@type\":\"ReadAction\",\"target\":[\"https:\/\/compartilhabahia.com.br\/index.php\/2025\/07\/20\/agu-pede-ao-stf-investigacao-sobre-informacoes-privilegiadas-no-mercado-cambial\/\"]}]},{\"@type\":\"BreadcrumbList\",\"@id\":\"https:\/\/compartilhabahia.com.br\/index.php\/2025\/07\/20\/agu-pede-ao-stf-investigacao-sobre-informacoes-privilegiadas-no-mercado-cambial\/#breadcrumb\",\"itemListElement\":[{\"@type\":\"ListItem\",\"position\":1,\"name\":\"In\u00edcio\",\"item\":\"https:\/\/compartilhabahia.com.br\/\"},{\"@type\":\"ListItem\",\"position\":2,\"name\":\"AGU pede ao STF investiga\u00e7\u00e3o sobre informa\u00e7\u00f5es privilegiadas no mercado cambial\"}]},{\"@type\":\"WebSite\",\"@id\":\"https:\/\/compartilhabahia.com.br\/#website\",\"url\":\"https:\/\/compartilhabahia.com.br\/\",\"name\":\"Compartilha Bahia\",\"description\":\"\",\"publisher\":{\"@id\":\"https:\/\/compartilhabahia.com.br\/#organization\"},\"potentialAction\":[{\"@type\":\"SearchAction\",\"target\":{\"@type\":\"EntryPoint\",\"urlTemplate\":\"https:\/\/compartilhabahia.com.br\/?s={search_term_string}\"},\"query-input\":\"required name=search_term_string\"}],\"inLanguage\":\"pt-BR\"},{\"@type\":\"Organization\",\"@id\":\"https:\/\/compartilhabahia.com.br\/#organization\",\"name\":\"Compartilha Bahia\",\"url\":\"https:\/\/compartilhabahia.com.br\/\",\"logo\":{\"@type\":\"ImageObject\",\"inLanguage\":\"pt-BR\",\"@id\":\"https:\/\/compartilhabahia.com.br\/#\/schema\/logo\/image\/\",\"url\":\"https:\/\/compartilhabahia.com.br\/wp-content\/uploads\/2023\/12\/cropped-logo.png\",\"contentUrl\":\"https:\/\/compartilhabahia.com.br\/wp-content\/uploads\/2023\/12\/cropped-logo.png\",\"width\":300,\"height\":106,\"caption\":\"Compartilha Bahia\"},\"image\":{\"@id\":\"https:\/\/compartilhabahia.com.br\/#\/schema\/logo\/image\/\"},\"sameAs\":[\"https:\/\/web.facebook.com\/compartilhabahia\",\"https:\/\/www.instagram.com\/compartilhabahia\/\"]},{\"@type\":\"Person\",\"@id\":\"https:\/\/compartilhabahia.com.br\/#\/schema\/person\/9b4f0c3178793b8248d6686732521c04\",\"name\":\"admin\",\"image\":{\"@type\":\"ImageObject\",\"inLanguage\":\"pt-BR\",\"@id\":\"https:\/\/compartilhabahia.com.br\/#\/schema\/person\/image\/\",\"url\":\"https:\/\/secure.gravatar.com\/avatar\/9600df58751c5acbe914c538c03390ef649ea088cb65f84ba09c7ce66988eed6?s=96&d=mm&r=g\",\"contentUrl\":\"https:\/\/secure.gravatar.com\/avatar\/9600df58751c5acbe914c538c03390ef649ea088cb65f84ba09c7ce66988eed6?s=96&d=mm&r=g\",\"caption\":\"admin\"},\"sameAs\":[\"https:\/\/compartilhabahia.com.br\"],\"url\":\"https:\/\/compartilhabahia.com.br\/index.php\/author\/compartilhabahia\/\"}]}<\/script>\n<!-- \/ Yoast SEO plugin. -->","yoast_head_json":{"title":"AGU pede ao STF investiga\u00e7\u00e3o sobre informa\u00e7\u00f5es privilegiadas no mercado cambial - Compartilha Bahia","robots":{"index":"index","follow":"follow","max-snippet":"max-snippet:-1","max-image-preview":"max-image-preview:large","max-video-preview":"max-video-preview:-1"},"canonical":"https:\/\/compartilhabahia.com.br\/index.php\/2025\/07\/20\/agu-pede-ao-stf-investigacao-sobre-informacoes-privilegiadas-no-mercado-cambial\/","og_locale":"pt_BR","og_type":"article","og_title":"AGU pede ao STF investiga\u00e7\u00e3o sobre informa\u00e7\u00f5es privilegiadas no mercado cambial - Compartilha Bahia","og_description":"A Advocacia-Geral da Uni\u00e3o (AGU) peticionou na noite deste s\u00e1bado (19) uma not\u00edcia de fato no Supremo Tribunal Federal (STF) no \u00e2mbito do Inqu\u00e9rito 4995\/DF, solicitando que sejam investigadas poss\u00edveis correla\u00e7\u00f5es entre os elementos em apura\u00e7\u00e3o no inqu\u00e9rito e a o uso indevido de informa\u00e7\u00f5es privilegiadas no mercado cambial brasileiro envolvendo o an\u00fancio oficial de [&hellip;]","og_url":"https:\/\/compartilhabahia.com.br\/index.php\/2025\/07\/20\/agu-pede-ao-stf-investigacao-sobre-informacoes-privilegiadas-no-mercado-cambial\/","og_site_name":"Compartilha Bahia","article_publisher":"https:\/\/web.facebook.com\/compartilhabahia","article_published_time":"2025-07-21T02:59:15+00:00","article_modified_time":"2025-07-21T03:00:18+00:00","og_image":[{"width":767,"height":432,"url":"https:\/\/compartilhabahia.com.br\/wp-content\/uploads\/2025\/07\/3949e915-bfb4-4c6a-8508-098bf65b82ef.jpeg","type":"image\/jpeg"}],"author":"admin","twitter_card":"summary_large_image","twitter_misc":{"Escrito por":"admin","Est. tempo de leitura":"3 minutos"},"schema":{"@context":"https:\/\/schema.org","@graph":[{"@type":"Article","@id":"https:\/\/compartilhabahia.com.br\/index.php\/2025\/07\/20\/agu-pede-ao-stf-investigacao-sobre-informacoes-privilegiadas-no-mercado-cambial\/#article","isPartOf":{"@id":"https:\/\/compartilhabahia.com.br\/index.php\/2025\/07\/20\/agu-pede-ao-stf-investigacao-sobre-informacoes-privilegiadas-no-mercado-cambial\/"},"author":{"name":"admin","@id":"https:\/\/compartilhabahia.com.br\/#\/schema\/person\/9b4f0c3178793b8248d6686732521c04"},"headline":"AGU pede ao STF investiga\u00e7\u00e3o sobre informa\u00e7\u00f5es privilegiadas no mercado cambial","datePublished":"2025-07-21T02:59:15+00:00","dateModified":"2025-07-21T03:00:18+00:00","mainEntityOfPage":{"@id":"https:\/\/compartilhabahia.com.br\/index.php\/2025\/07\/20\/agu-pede-ao-stf-investigacao-sobre-informacoes-privilegiadas-no-mercado-cambial\/"},"wordCount":548,"commentCount":0,"publisher":{"@id":"https:\/\/compartilhabahia.com.br\/#organization"},"articleSection":["Brasil"],"inLanguage":"pt-BR","potentialAction":[{"@type":"CommentAction","name":"Comment","target":["https:\/\/compartilhabahia.com.br\/index.php\/2025\/07\/20\/agu-pede-ao-stf-investigacao-sobre-informacoes-privilegiadas-no-mercado-cambial\/#respond"]}]},{"@type":"WebPage","@id":"https:\/\/compartilhabahia.com.br\/index.php\/2025\/07\/20\/agu-pede-ao-stf-investigacao-sobre-informacoes-privilegiadas-no-mercado-cambial\/","url":"https:\/\/compartilhabahia.com.br\/index.php\/2025\/07\/20\/agu-pede-ao-stf-investigacao-sobre-informacoes-privilegiadas-no-mercado-cambial\/","name":"AGU pede ao STF investiga\u00e7\u00e3o sobre informa\u00e7\u00f5es privilegiadas no mercado cambial - Compartilha Bahia","isPartOf":{"@id":"https:\/\/compartilhabahia.com.br\/#website"},"datePublished":"2025-07-21T02:59:15+00:00","dateModified":"2025-07-21T03:00:18+00:00","breadcrumb":{"@id":"https:\/\/compartilhabahia.com.br\/index.php\/2025\/07\/20\/agu-pede-ao-stf-investigacao-sobre-informacoes-privilegiadas-no-mercado-cambial\/#breadcrumb"},"inLanguage":"pt-BR","potentialAction":[{"@type":"ReadAction","target":["https:\/\/compartilhabahia.com.br\/index.php\/2025\/07\/20\/agu-pede-ao-stf-investigacao-sobre-informacoes-privilegiadas-no-mercado-cambial\/"]}]},{"@type":"BreadcrumbList","@id":"https:\/\/compartilhabahia.com.br\/index.php\/2025\/07\/20\/agu-pede-ao-stf-investigacao-sobre-informacoes-privilegiadas-no-mercado-cambial\/#breadcrumb","itemListElement":[{"@type":"ListItem","position":1,"name":"In\u00edcio","item":"https:\/\/compartilhabahia.com.br\/"},{"@type":"ListItem","position":2,"name":"AGU pede ao STF investiga\u00e7\u00e3o sobre informa\u00e7\u00f5es privilegiadas no mercado cambial"}]},{"@type":"WebSite","@id":"https:\/\/compartilhabahia.com.br\/#website","url":"https:\/\/compartilhabahia.com.br\/","name":"Compartilha Bahia","description":"","publisher":{"@id":"https:\/\/compartilhabahia.com.br\/#organization"},"potentialAction":[{"@type":"SearchAction","target":{"@type":"EntryPoint","urlTemplate":"https:\/\/compartilhabahia.com.br\/?s={search_term_string}"},"query-input":"required name=search_term_string"}],"inLanguage":"pt-BR"},{"@type":"Organization","@id":"https:\/\/compartilhabahia.com.br\/#organization","name":"Compartilha Bahia","url":"https:\/\/compartilhabahia.com.br\/","logo":{"@type":"ImageObject","inLanguage":"pt-BR","@id":"https:\/\/compartilhabahia.com.br\/#\/schema\/logo\/image\/","url":"https:\/\/compartilhabahia.com.br\/wp-content\/uploads\/2023\/12\/cropped-logo.png","contentUrl":"https:\/\/compartilhabahia.com.br\/wp-content\/uploads\/2023\/12\/cropped-logo.png","width":300,"height":106,"caption":"Compartilha Bahia"},"image":{"@id":"https:\/\/compartilhabahia.com.br\/#\/schema\/logo\/image\/"},"sameAs":["https:\/\/web.facebook.com\/compartilhabahia","https:\/\/www.instagram.com\/compartilhabahia\/"]},{"@type":"Person","@id":"https:\/\/compartilhabahia.com.br\/#\/schema\/person\/9b4f0c3178793b8248d6686732521c04","name":"admin","image":{"@type":"ImageObject","inLanguage":"pt-BR","@id":"https:\/\/compartilhabahia.com.br\/#\/schema\/person\/image\/","url":"https:\/\/secure.gravatar.com\/avatar\/9600df58751c5acbe914c538c03390ef649ea088cb65f84ba09c7ce66988eed6?s=96&d=mm&r=g","contentUrl":"https:\/\/secure.gravatar.com\/avatar\/9600df58751c5acbe914c538c03390ef649ea088cb65f84ba09c7ce66988eed6?s=96&d=mm&r=g","caption":"admin"},"sameAs":["https:\/\/compartilhabahia.com.br"],"url":"https:\/\/compartilhabahia.com.br\/index.php\/author\/compartilhabahia\/"}]}},"_links":{"self":[{"href":"https:\/\/compartilhabahia.com.br\/index.php\/wp-json\/wp\/v2\/posts\/7287","targetHints":{"allow":["GET"]}}],"collection":[{"href":"https:\/\/compartilhabahia.com.br\/index.php\/wp-json\/wp\/v2\/posts"}],"about":[{"href":"https:\/\/compartilhabahia.com.br\/index.php\/wp-json\/wp\/v2\/types\/post"}],"author":[{"embeddable":true,"href":"https:\/\/compartilhabahia.com.br\/index.php\/wp-json\/wp\/v2\/users\/1"}],"replies":[{"embeddable":true,"href":"https:\/\/compartilhabahia.com.br\/index.php\/wp-json\/wp\/v2\/comments?post=7287"}],"version-history":[{"count":1,"href":"https:\/\/compartilhabahia.com.br\/index.php\/wp-json\/wp\/v2\/posts\/7287\/revisions"}],"predecessor-version":[{"id":7289,"href":"https:\/\/compartilhabahia.com.br\/index.php\/wp-json\/wp\/v2\/posts\/7287\/revisions\/7289"}],"wp:featuredmedia":[{"embeddable":true,"href":"https:\/\/compartilhabahia.com.br\/index.php\/wp-json\/wp\/v2\/media\/7288"}],"wp:attachment":[{"href":"https:\/\/compartilhabahia.com.br\/index.php\/wp-json\/wp\/v2\/media?parent=7287"}],"wp:term":[{"taxonomy":"category","embeddable":true,"href":"https:\/\/compartilhabahia.com.br\/index.php\/wp-json\/wp\/v2\/categories?post=7287"},{"taxonomy":"post_tag","embeddable":true,"href":"https:\/\/compartilhabahia.com.br\/index.php\/wp-json\/wp\/v2\/tags?post=7287"}],"curies":[{"name":"wp","href":"https:\/\/api.w.org\/{rel}","templated":true}]}}