{"id":7284,"date":"2025-07-20T23:56:17","date_gmt":"2025-07-21T02:56:17","guid":{"rendered":"https:\/\/compartilhabahia.com.br\/?p=7284"},"modified":"2025-07-20T23:56:20","modified_gmt":"2025-07-21T02:56:20","slug":"ministerio-da-saude-inaugura-a-maior-biofabrica-do-mundo-de-controle-da-dengue","status":"publish","type":"post","link":"https:\/\/compartilhabahia.com.br\/index.php\/2025\/07\/20\/ministerio-da-saude-inaugura-a-maior-biofabrica-do-mundo-de-controle-da-dengue\/","title":{"rendered":"Minist\u00e9rio da Sa\u00fade inaugura a maior biof\u00e1brica do mundo de controle da dengue"},"content":{"rendered":"\n<p>Uma das tecnologias mais inovadoras no controle da dengue e outras arboviroses, a wolbachia come\u00e7a a ser produzida em larga escala no Brasil. O an\u00fancio foi feito neste s\u00e1bado (19) pelo ministro da Sa\u00fade, Alexandre Padilha, durante a inaugura\u00e7\u00e3o, em Curitiba (PR), da maior biof\u00e1brica do mundo dedicada a atender \u00e0s demandas do Minist\u00e9rio da Sa\u00fade.<\/p>\n\n\n\n<p>A f\u00e1brica \u00e9 resultado de uma parceria entre a Fiocruz, a Wolbito do Brasil, o Instituto de Tecnologia do Paran\u00e1 (Tecpar), o Instituto de Biologia Molecular do Paran\u00e1 (IBMP) e o World Mosquito Program (WMP), com investimento superior a R$ 82 milh\u00f5es.<\/p>\n\n\n\n<blockquote class=\"wp-block-quote is-layout-flow wp-block-quote-is-layout-flow\">\n<p>N\u00e3o existe nenhum lugar no mundo que produz a quantidade de mosquitos que n\u00f3s passaremos a produzir aqui no Brasil com essa tecnologia inovadora, que j\u00e1 testamos em v\u00e1rias cidades do nosso pa\u00eds. Isso coloca o Brasil na linha de frente dessa tecnologia para o mundo\u201d, destacou o ministro da Sa\u00fade, Alexandre Padilha.<\/p>\n<\/blockquote>\n\n\n\n<p>A tecnologia consiste na produ\u00e7\u00e3o de mosquitos infectados com wolbachia, bact\u00e9ria que bloqueia o desenvolvimento dos v\u00edrus dentro do aedes aegypti, impedindo sua transmiss\u00e3o. Inicialmente, esses mosquitos eram produzidos na biof\u00e1brica da Fiocruz, no Rio de Janeiro. Com a amplia\u00e7\u00e3o do m\u00e9todo, o Minist\u00e9rio da Sa\u00fade busca tornar o controle das arboviroses mais eficiente, superando o modelo tradicional focado apenas em inseticidas.<\/p>\n\n\n\n<p>Com a nova biof\u00e1brica, a produ\u00e7\u00e3o alcan\u00e7a 100 milh\u00f5es de ovos por semana. O alcance, que antes era de cerca de 5 milh\u00f5es de pessoas, saltar\u00e1 para 140 milh\u00f5es em aproximadamente 40 munic\u00edpios com as maiores incid\u00eancias da doen\u00e7a nos \u00faltimos anos. Essa iniciativa posiciona o Brasil como refer\u00eancia global no controle das arboviroses, com a tecnologia j\u00e1 adotada em 14 pa\u00edses.<\/p>\n\n\n\n<p>O m\u00e9todo est\u00e1 em uso no Brasil h\u00e1 mais de dez anos e, desde 2023, teve seu uso ampliado pelo Minist\u00e9rio da Sa\u00fade em \u00e1reas priorit\u00e1rias, apresentando resultados positivos. Em Niter\u00f3i (RJ), os casos de dengue ca\u00edram 69% nos bairros cobertos pela tecnologia. O munic\u00edpio foi o primeiro no Brasil a ser totalmente coberto. Al\u00e9m dos benef\u00edcios para a sa\u00fade p\u00fablica, o m\u00e9todo apresenta bom custo-benef\u00edcio para o governo: para cada R$ 1 investido, o pa\u00eds economiza at\u00e9 R$ 500 em medicamentos, interna\u00e7\u00f5es e tratamentos.<\/p>\n\n\n\n<p>Atualmente, com apoio da Fiocruz, o Minist\u00e9rio da Sa\u00fade expandiu o uso da Wolbachia para 16 cidades priorit\u00e1rias, incluindo Rio de Janeiro, Niter\u00f3i, Belo Horizonte, Londrina, Natal e Bras\u00edlia.<\/p>\n\n\n\n<p><strong>Sobre a tecnologia<\/strong><\/p>\n\n\n\n<p>A Wolbachia \u00e9 uma bact\u00e9ria presente em 60% dos insetos e, quando injetada no Aedes aegypti durante estudos, impediu o desenvolvimento dos v\u00edrus da dengue, Zika, chikungunya e outras arboviroses, reduzindo a transmiss\u00e3o dessas doen\u00e7as.<\/p>\n\n\n\n<p>Quando os mosquitos com Wolbachia s\u00e3o liberados no ambiente, eles se reproduzem com mosquitos selvagens, ajudando a formar uma nova gera\u00e7\u00e3o com menor capacidade de transmitir essas arboviroses. Com o tempo, a propor\u00e7\u00e3o de mosquitos infectados pela bact\u00e9ria aumenta e substitui a linhagem selvagem, dispensando novas libera\u00e7\u00f5es.<\/p>\n\n\n\n<p><strong>Enfrentamento \u00e0 dengue<\/strong><\/p>\n\n\n\n<p>O Minist\u00e9rio da Sa\u00fade tem adotado estrat\u00e9gias baseadas em evid\u00eancias cient\u00edficas e tecnologias inovadoras com foco na redu\u00e7\u00e3o de \u00f3bitos por arboviroses, organizadas em seis eixos: preven\u00e7\u00e3o; vigil\u00e2ncia; controle vetorial; organiza\u00e7\u00e3o da rede assistencial; prepara\u00e7\u00e3o e resposta \u00e0s emerg\u00eancias; e comunica\u00e7\u00e3o e participa\u00e7\u00e3o comunit\u00e1ria.<\/p>\n\n\n\n<p>Em rela\u00e7\u00e3o \u00e0 vacina\u00e7\u00e3o, o Brasil foi o primeiro pa\u00eds a oferecer a vacina contra a dengue pelo Sistema \u00danico de Sa\u00fade (SUS). At\u00e9 o momento, mais de 16 milh\u00f5es de doses foram adquiridas para distribui\u00e7\u00e3o em todo o pa\u00eds. Para ampliar a oferta do imunizante e fortalecer a capacidade produtiva nacional, est\u00e1 prevista, ainda em 2025, a produ\u00e7\u00e3o da vacina pelo Instituto Butantan, com capacidade anual de 60 milh\u00f5es de doses. Com a produ\u00e7\u00e3o 100% brasileira em larga escala, o Minist\u00e9rio da Sa\u00fade poder\u00e1 ampliar a faixa et\u00e1ria da vacina\u00e7\u00e3o, que atualmente contempla adolescentes de 10 a 14 anos.<\/p>\n\n\n\n<p>A vigil\u00e2ncia tamb\u00e9m segue ativa no pa\u00eds, com a rede nacional de laborat\u00f3rios p\u00fablicos mantida e equipada para confirmar casos, identificar os sorotipos do v\u00edrus da dengue em circula\u00e7\u00e3o e realizar vigil\u00e2ncia gen\u00f4mica, com divulga\u00e7\u00e3o p\u00fablica dos resultados para maior transpar\u00eancia e controle da doen\u00e7a.<\/p>\n","protected":false},"excerpt":{"rendered":"<p>Uma das tecnologias mais inovadoras no controle da dengue e outras arboviroses, a wolbachia come\u00e7a a ser produzida em larga escala no Brasil. O an\u00fancio foi feito neste s\u00e1bado (19) pelo ministro da Sa\u00fade, Alexandre Padilha, durante a inaugura\u00e7\u00e3o, em Curitiba (PR), da maior biof\u00e1brica do mundo dedicada a atender \u00e0s demandas do Minist\u00e9rio da [&hellip;]<\/p>\n","protected":false},"author":1,"featured_media":7285,"comment_status":"open","ping_status":"open","sticky":false,"template":"","format":"standard","meta":{"footnotes":""},"categories":[4],"tags":[],"class_list":["post-7284","post","type-post","status-publish","format-standard","has-post-thumbnail","hentry","category-brasil"],"yoast_head":"<!-- This site is optimized with the Yoast SEO plugin v21.7 - https:\/\/yoast.com\/wordpress\/plugins\/seo\/ -->\n<title>Minist\u00e9rio da Sa\u00fade inaugura a maior biof\u00e1brica do mundo de controle da dengue - Compartilha Bahia<\/title>\n<meta name=\"robots\" content=\"index, follow, max-snippet:-1, max-image-preview:large, max-video-preview:-1\" \/>\n<link rel=\"canonical\" href=\"https:\/\/compartilhabahia.com.br\/index.php\/2025\/07\/20\/ministerio-da-saude-inaugura-a-maior-biofabrica-do-mundo-de-controle-da-dengue\/\" \/>\n<meta property=\"og:locale\" content=\"pt_BR\" \/>\n<meta property=\"og:type\" content=\"article\" \/>\n<meta property=\"og:title\" content=\"Minist\u00e9rio da Sa\u00fade inaugura a maior biof\u00e1brica do mundo de controle da dengue - Compartilha Bahia\" \/>\n<meta property=\"og:description\" content=\"Uma das tecnologias mais inovadoras no controle da dengue e outras arboviroses, a wolbachia come\u00e7a a ser produzida em larga escala no Brasil. O an\u00fancio foi feito neste s\u00e1bado (19) pelo ministro da Sa\u00fade, Alexandre Padilha, durante a inaugura\u00e7\u00e3o, em Curitiba (PR), da maior biof\u00e1brica do mundo dedicada a atender \u00e0s demandas do Minist\u00e9rio da [&hellip;]\" \/>\n<meta property=\"og:url\" content=\"https:\/\/compartilhabahia.com.br\/index.php\/2025\/07\/20\/ministerio-da-saude-inaugura-a-maior-biofabrica-do-mundo-de-controle-da-dengue\/\" \/>\n<meta property=\"og:site_name\" content=\"Compartilha Bahia\" \/>\n<meta property=\"article:publisher\" content=\"https:\/\/web.facebook.com\/compartilhabahia\" \/>\n<meta property=\"article:published_time\" content=\"2025-07-21T02:56:17+00:00\" \/>\n<meta property=\"article:modified_time\" content=\"2025-07-21T02:56:20+00:00\" \/>\n<meta property=\"og:image\" content=\"https:\/\/compartilhabahia.com.br\/wp-content\/uploads\/2025\/07\/4a19be6a-5f0e-4ce2-b9f6-fd135d8c70b8.jpeg\" \/>\n\t<meta property=\"og:image:width\" content=\"768\" \/>\n\t<meta property=\"og:image:height\" content=\"512\" \/>\n\t<meta property=\"og:image:type\" content=\"image\/jpeg\" \/>\n<meta name=\"author\" content=\"admin\" \/>\n<meta name=\"twitter:card\" content=\"summary_large_image\" \/>\n<meta name=\"twitter:label1\" content=\"Escrito por\" \/>\n\t<meta name=\"twitter:data1\" content=\"admin\" \/>\n\t<meta name=\"twitter:label2\" content=\"Est. tempo de leitura\" \/>\n\t<meta name=\"twitter:data2\" content=\"4 minutos\" \/>\n<script type=\"application\/ld+json\" class=\"yoast-schema-graph\">{\"@context\":\"https:\/\/schema.org\",\"@graph\":[{\"@type\":\"Article\",\"@id\":\"https:\/\/compartilhabahia.com.br\/index.php\/2025\/07\/20\/ministerio-da-saude-inaugura-a-maior-biofabrica-do-mundo-de-controle-da-dengue\/#article\",\"isPartOf\":{\"@id\":\"https:\/\/compartilhabahia.com.br\/index.php\/2025\/07\/20\/ministerio-da-saude-inaugura-a-maior-biofabrica-do-mundo-de-controle-da-dengue\/\"},\"author\":{\"name\":\"admin\",\"@id\":\"https:\/\/compartilhabahia.com.br\/#\/schema\/person\/9b4f0c3178793b8248d6686732521c04\"},\"headline\":\"Minist\u00e9rio da Sa\u00fade inaugura a maior biof\u00e1brica do mundo de controle da dengue\",\"datePublished\":\"2025-07-21T02:56:17+00:00\",\"dateModified\":\"2025-07-21T02:56:20+00:00\",\"mainEntityOfPage\":{\"@id\":\"https:\/\/compartilhabahia.com.br\/index.php\/2025\/07\/20\/ministerio-da-saude-inaugura-a-maior-biofabrica-do-mundo-de-controle-da-dengue\/\"},\"wordCount\":764,\"commentCount\":0,\"publisher\":{\"@id\":\"https:\/\/compartilhabahia.com.br\/#organization\"},\"articleSection\":[\"Brasil\"],\"inLanguage\":\"pt-BR\",\"potentialAction\":[{\"@type\":\"CommentAction\",\"name\":\"Comment\",\"target\":[\"https:\/\/compartilhabahia.com.br\/index.php\/2025\/07\/20\/ministerio-da-saude-inaugura-a-maior-biofabrica-do-mundo-de-controle-da-dengue\/#respond\"]}]},{\"@type\":\"WebPage\",\"@id\":\"https:\/\/compartilhabahia.com.br\/index.php\/2025\/07\/20\/ministerio-da-saude-inaugura-a-maior-biofabrica-do-mundo-de-controle-da-dengue\/\",\"url\":\"https:\/\/compartilhabahia.com.br\/index.php\/2025\/07\/20\/ministerio-da-saude-inaugura-a-maior-biofabrica-do-mundo-de-controle-da-dengue\/\",\"name\":\"Minist\u00e9rio da Sa\u00fade inaugura a maior biof\u00e1brica do mundo de controle da dengue - Compartilha Bahia\",\"isPartOf\":{\"@id\":\"https:\/\/compartilhabahia.com.br\/#website\"},\"datePublished\":\"2025-07-21T02:56:17+00:00\",\"dateModified\":\"2025-07-21T02:56:20+00:00\",\"breadcrumb\":{\"@id\":\"https:\/\/compartilhabahia.com.br\/index.php\/2025\/07\/20\/ministerio-da-saude-inaugura-a-maior-biofabrica-do-mundo-de-controle-da-dengue\/#breadcrumb\"},\"inLanguage\":\"pt-BR\",\"potentialAction\":[{\"@type\":\"ReadAction\",\"target\":[\"https:\/\/compartilhabahia.com.br\/index.php\/2025\/07\/20\/ministerio-da-saude-inaugura-a-maior-biofabrica-do-mundo-de-controle-da-dengue\/\"]}]},{\"@type\":\"BreadcrumbList\",\"@id\":\"https:\/\/compartilhabahia.com.br\/index.php\/2025\/07\/20\/ministerio-da-saude-inaugura-a-maior-biofabrica-do-mundo-de-controle-da-dengue\/#breadcrumb\",\"itemListElement\":[{\"@type\":\"ListItem\",\"position\":1,\"name\":\"In\u00edcio\",\"item\":\"https:\/\/compartilhabahia.com.br\/\"},{\"@type\":\"ListItem\",\"position\":2,\"name\":\"Minist\u00e9rio da Sa\u00fade inaugura a maior biof\u00e1brica do mundo de controle da dengue\"}]},{\"@type\":\"WebSite\",\"@id\":\"https:\/\/compartilhabahia.com.br\/#website\",\"url\":\"https:\/\/compartilhabahia.com.br\/\",\"name\":\"Compartilha Bahia\",\"description\":\"\",\"publisher\":{\"@id\":\"https:\/\/compartilhabahia.com.br\/#organization\"},\"potentialAction\":[{\"@type\":\"SearchAction\",\"target\":{\"@type\":\"EntryPoint\",\"urlTemplate\":\"https:\/\/compartilhabahia.com.br\/?s={search_term_string}\"},\"query-input\":\"required name=search_term_string\"}],\"inLanguage\":\"pt-BR\"},{\"@type\":\"Organization\",\"@id\":\"https:\/\/compartilhabahia.com.br\/#organization\",\"name\":\"Compartilha Bahia\",\"url\":\"https:\/\/compartilhabahia.com.br\/\",\"logo\":{\"@type\":\"ImageObject\",\"inLanguage\":\"pt-BR\",\"@id\":\"https:\/\/compartilhabahia.com.br\/#\/schema\/logo\/image\/\",\"url\":\"https:\/\/compartilhabahia.com.br\/wp-content\/uploads\/2023\/12\/cropped-logo.png\",\"contentUrl\":\"https:\/\/compartilhabahia.com.br\/wp-content\/uploads\/2023\/12\/cropped-logo.png\",\"width\":300,\"height\":106,\"caption\":\"Compartilha Bahia\"},\"image\":{\"@id\":\"https:\/\/compartilhabahia.com.br\/#\/schema\/logo\/image\/\"},\"sameAs\":[\"https:\/\/web.facebook.com\/compartilhabahia\",\"https:\/\/www.instagram.com\/compartilhabahia\/\"]},{\"@type\":\"Person\",\"@id\":\"https:\/\/compartilhabahia.com.br\/#\/schema\/person\/9b4f0c3178793b8248d6686732521c04\",\"name\":\"admin\",\"image\":{\"@type\":\"ImageObject\",\"inLanguage\":\"pt-BR\",\"@id\":\"https:\/\/compartilhabahia.com.br\/#\/schema\/person\/image\/\",\"url\":\"https:\/\/secure.gravatar.com\/avatar\/9600df58751c5acbe914c538c03390ef649ea088cb65f84ba09c7ce66988eed6?s=96&d=mm&r=g\",\"contentUrl\":\"https:\/\/secure.gravatar.com\/avatar\/9600df58751c5acbe914c538c03390ef649ea088cb65f84ba09c7ce66988eed6?s=96&d=mm&r=g\",\"caption\":\"admin\"},\"sameAs\":[\"https:\/\/compartilhabahia.com.br\"],\"url\":\"https:\/\/compartilhabahia.com.br\/index.php\/author\/compartilhabahia\/\"}]}<\/script>\n<!-- \/ Yoast SEO plugin. -->","yoast_head_json":{"title":"Minist\u00e9rio da Sa\u00fade inaugura a maior biof\u00e1brica do mundo de controle da dengue - Compartilha Bahia","robots":{"index":"index","follow":"follow","max-snippet":"max-snippet:-1","max-image-preview":"max-image-preview:large","max-video-preview":"max-video-preview:-1"},"canonical":"https:\/\/compartilhabahia.com.br\/index.php\/2025\/07\/20\/ministerio-da-saude-inaugura-a-maior-biofabrica-do-mundo-de-controle-da-dengue\/","og_locale":"pt_BR","og_type":"article","og_title":"Minist\u00e9rio da Sa\u00fade inaugura a maior biof\u00e1brica do mundo de controle da dengue - Compartilha Bahia","og_description":"Uma das tecnologias mais inovadoras no controle da dengue e outras arboviroses, a wolbachia come\u00e7a a ser produzida em larga escala no Brasil. O an\u00fancio foi feito neste s\u00e1bado (19) pelo ministro da Sa\u00fade, Alexandre Padilha, durante a inaugura\u00e7\u00e3o, em Curitiba (PR), da maior biof\u00e1brica do mundo dedicada a atender \u00e0s demandas do Minist\u00e9rio da [&hellip;]","og_url":"https:\/\/compartilhabahia.com.br\/index.php\/2025\/07\/20\/ministerio-da-saude-inaugura-a-maior-biofabrica-do-mundo-de-controle-da-dengue\/","og_site_name":"Compartilha Bahia","article_publisher":"https:\/\/web.facebook.com\/compartilhabahia","article_published_time":"2025-07-21T02:56:17+00:00","article_modified_time":"2025-07-21T02:56:20+00:00","og_image":[{"width":768,"height":512,"url":"https:\/\/compartilhabahia.com.br\/wp-content\/uploads\/2025\/07\/4a19be6a-5f0e-4ce2-b9f6-fd135d8c70b8.jpeg","type":"image\/jpeg"}],"author":"admin","twitter_card":"summary_large_image","twitter_misc":{"Escrito por":"admin","Est. tempo de leitura":"4 minutos"},"schema":{"@context":"https:\/\/schema.org","@graph":[{"@type":"Article","@id":"https:\/\/compartilhabahia.com.br\/index.php\/2025\/07\/20\/ministerio-da-saude-inaugura-a-maior-biofabrica-do-mundo-de-controle-da-dengue\/#article","isPartOf":{"@id":"https:\/\/compartilhabahia.com.br\/index.php\/2025\/07\/20\/ministerio-da-saude-inaugura-a-maior-biofabrica-do-mundo-de-controle-da-dengue\/"},"author":{"name":"admin","@id":"https:\/\/compartilhabahia.com.br\/#\/schema\/person\/9b4f0c3178793b8248d6686732521c04"},"headline":"Minist\u00e9rio da Sa\u00fade inaugura a maior biof\u00e1brica do mundo de controle da dengue","datePublished":"2025-07-21T02:56:17+00:00","dateModified":"2025-07-21T02:56:20+00:00","mainEntityOfPage":{"@id":"https:\/\/compartilhabahia.com.br\/index.php\/2025\/07\/20\/ministerio-da-saude-inaugura-a-maior-biofabrica-do-mundo-de-controle-da-dengue\/"},"wordCount":764,"commentCount":0,"publisher":{"@id":"https:\/\/compartilhabahia.com.br\/#organization"},"articleSection":["Brasil"],"inLanguage":"pt-BR","potentialAction":[{"@type":"CommentAction","name":"Comment","target":["https:\/\/compartilhabahia.com.br\/index.php\/2025\/07\/20\/ministerio-da-saude-inaugura-a-maior-biofabrica-do-mundo-de-controle-da-dengue\/#respond"]}]},{"@type":"WebPage","@id":"https:\/\/compartilhabahia.com.br\/index.php\/2025\/07\/20\/ministerio-da-saude-inaugura-a-maior-biofabrica-do-mundo-de-controle-da-dengue\/","url":"https:\/\/compartilhabahia.com.br\/index.php\/2025\/07\/20\/ministerio-da-saude-inaugura-a-maior-biofabrica-do-mundo-de-controle-da-dengue\/","name":"Minist\u00e9rio da Sa\u00fade inaugura a maior biof\u00e1brica do mundo de controle da dengue - Compartilha Bahia","isPartOf":{"@id":"https:\/\/compartilhabahia.com.br\/#website"},"datePublished":"2025-07-21T02:56:17+00:00","dateModified":"2025-07-21T02:56:20+00:00","breadcrumb":{"@id":"https:\/\/compartilhabahia.com.br\/index.php\/2025\/07\/20\/ministerio-da-saude-inaugura-a-maior-biofabrica-do-mundo-de-controle-da-dengue\/#breadcrumb"},"inLanguage":"pt-BR","potentialAction":[{"@type":"ReadAction","target":["https:\/\/compartilhabahia.com.br\/index.php\/2025\/07\/20\/ministerio-da-saude-inaugura-a-maior-biofabrica-do-mundo-de-controle-da-dengue\/"]}]},{"@type":"BreadcrumbList","@id":"https:\/\/compartilhabahia.com.br\/index.php\/2025\/07\/20\/ministerio-da-saude-inaugura-a-maior-biofabrica-do-mundo-de-controle-da-dengue\/#breadcrumb","itemListElement":[{"@type":"ListItem","position":1,"name":"In\u00edcio","item":"https:\/\/compartilhabahia.com.br\/"},{"@type":"ListItem","position":2,"name":"Minist\u00e9rio da Sa\u00fade inaugura a maior biof\u00e1brica do mundo de controle da dengue"}]},{"@type":"WebSite","@id":"https:\/\/compartilhabahia.com.br\/#website","url":"https:\/\/compartilhabahia.com.br\/","name":"Compartilha Bahia","description":"","publisher":{"@id":"https:\/\/compartilhabahia.com.br\/#organization"},"potentialAction":[{"@type":"SearchAction","target":{"@type":"EntryPoint","urlTemplate":"https:\/\/compartilhabahia.com.br\/?s={search_term_string}"},"query-input":"required name=search_term_string"}],"inLanguage":"pt-BR"},{"@type":"Organization","@id":"https:\/\/compartilhabahia.com.br\/#organization","name":"Compartilha Bahia","url":"https:\/\/compartilhabahia.com.br\/","logo":{"@type":"ImageObject","inLanguage":"pt-BR","@id":"https:\/\/compartilhabahia.com.br\/#\/schema\/logo\/image\/","url":"https:\/\/compartilhabahia.com.br\/wp-content\/uploads\/2023\/12\/cropped-logo.png","contentUrl":"https:\/\/compartilhabahia.com.br\/wp-content\/uploads\/2023\/12\/cropped-logo.png","width":300,"height":106,"caption":"Compartilha Bahia"},"image":{"@id":"https:\/\/compartilhabahia.com.br\/#\/schema\/logo\/image\/"},"sameAs":["https:\/\/web.facebook.com\/compartilhabahia","https:\/\/www.instagram.com\/compartilhabahia\/"]},{"@type":"Person","@id":"https:\/\/compartilhabahia.com.br\/#\/schema\/person\/9b4f0c3178793b8248d6686732521c04","name":"admin","image":{"@type":"ImageObject","inLanguage":"pt-BR","@id":"https:\/\/compartilhabahia.com.br\/#\/schema\/person\/image\/","url":"https:\/\/secure.gravatar.com\/avatar\/9600df58751c5acbe914c538c03390ef649ea088cb65f84ba09c7ce66988eed6?s=96&d=mm&r=g","contentUrl":"https:\/\/secure.gravatar.com\/avatar\/9600df58751c5acbe914c538c03390ef649ea088cb65f84ba09c7ce66988eed6?s=96&d=mm&r=g","caption":"admin"},"sameAs":["https:\/\/compartilhabahia.com.br"],"url":"https:\/\/compartilhabahia.com.br\/index.php\/author\/compartilhabahia\/"}]}},"_links":{"self":[{"href":"https:\/\/compartilhabahia.com.br\/index.php\/wp-json\/wp\/v2\/posts\/7284","targetHints":{"allow":["GET"]}}],"collection":[{"href":"https:\/\/compartilhabahia.com.br\/index.php\/wp-json\/wp\/v2\/posts"}],"about":[{"href":"https:\/\/compartilhabahia.com.br\/index.php\/wp-json\/wp\/v2\/types\/post"}],"author":[{"embeddable":true,"href":"https:\/\/compartilhabahia.com.br\/index.php\/wp-json\/wp\/v2\/users\/1"}],"replies":[{"embeddable":true,"href":"https:\/\/compartilhabahia.com.br\/index.php\/wp-json\/wp\/v2\/comments?post=7284"}],"version-history":[{"count":1,"href":"https:\/\/compartilhabahia.com.br\/index.php\/wp-json\/wp\/v2\/posts\/7284\/revisions"}],"predecessor-version":[{"id":7286,"href":"https:\/\/compartilhabahia.com.br\/index.php\/wp-json\/wp\/v2\/posts\/7284\/revisions\/7286"}],"wp:featuredmedia":[{"embeddable":true,"href":"https:\/\/compartilhabahia.com.br\/index.php\/wp-json\/wp\/v2\/media\/7285"}],"wp:attachment":[{"href":"https:\/\/compartilhabahia.com.br\/index.php\/wp-json\/wp\/v2\/media?parent=7284"}],"wp:term":[{"taxonomy":"category","embeddable":true,"href":"https:\/\/compartilhabahia.com.br\/index.php\/wp-json\/wp\/v2\/categories?post=7284"},{"taxonomy":"post_tag","embeddable":true,"href":"https:\/\/compartilhabahia.com.br\/index.php\/wp-json\/wp\/v2\/tags?post=7284"}],"curies":[{"name":"wp","href":"https:\/\/api.w.org\/{rel}","templated":true}]}}