{"id":7280,"date":"2025-07-18T23:12:49","date_gmt":"2025-07-19T02:12:49","guid":{"rendered":"https:\/\/compartilhabahia.com.br\/?p=7280"},"modified":"2025-07-18T23:14:38","modified_gmt":"2025-07-19T02:14:38","slug":"novo-natea-orla-e-inaugurado-com-foco-em-acolhimento-e-inclusao","status":"publish","type":"post","link":"https:\/\/compartilhabahia.com.br\/index.php\/2025\/07\/18\/novo-natea-orla-e-inaugurado-com-foco-em-acolhimento-e-inclusao\/","title":{"rendered":"Novo Natea Orla \u00e9 inaugurado com foco em acolhimento e inclus\u00e3o"},"content":{"rendered":"\n<p><\/p>\n\n\n\n<p>Nesta sexta-feira (18), a Secretaria de Sa\u00fade de Cama\u00e7ari (Sesau) entregou o novo N\u00facleo de Aten\u00e7\u00e3o ao Transtorno do Espectro Autista (Natea) Orla. Localizado em Arembepe, o equipamento, que agora est\u00e1 no t\u00e9rreo do Shopping Linha Verde, foi reformulado para oferecer atendimento mais humanizado e seguro, promovendo mais cuidado e inclus\u00e3o aos usu\u00e1rios.<\/p>\n\n\n\n<p>Voltado para o atendimento de crian\u00e7as e adolescentes at\u00e9 18 anos com suspeita de transtorno do espectro autista (TEA) ou outras neurodiverg\u00eancias, a unidade passou a contar com quatro consult\u00f3rios individualizados, salas de atividades, recep\u00e7\u00e3o, copa, banheiros adaptados, brinquedos pedag\u00f3gicos e mobili\u00e1rio adequado, tudo pensado para proporcionar conforto, acolhimento e dignidade tanto para os pacientes e seus familiares quanto para os profissionais.<\/p>\n\n\n\n<p>A amplia\u00e7\u00e3o da equipe multiprofissional tamb\u00e9m foi um marco nesta nova fase. Psicopedagoga, fisioterapeuta e nutricionista se somam ao time, que j\u00e1 contava com psic\u00f3logo, pediatra, assistente social e enfermeira. A partir de agora, o servi\u00e7o passa a oferecer n\u00e3o apenas avalia\u00e7\u00e3o diagn\u00f3stica, mas tamb\u00e9m interven\u00e7\u00e3o terap\u00eautica, que \u00e9 um avan\u00e7o fundamental na constru\u00e7\u00e3o de um atendimento mais completo. Atualmente, cerca de 500 usu\u00e1rios est\u00e3o cadastrados no local.<\/p>\n\n\n\n<p>Durante a solenidade de entrega, o prefeito Luiz Caetano destacou o trabalho por uma sa\u00fade mais sens\u00edvel e humana. \u201cEstamos empenhados em cuidar do nosso povo com dignidade. O Natea tem um valor simb\u00f3lico enorme, pois representa nosso compromisso com aqueles que mais precisam de aten\u00e7\u00e3o. E vamos al\u00e9m, pois nossas equipes j\u00e1 iniciaram o cadastro de fam\u00edlias at\u00edpicas no munic\u00edpio para que, em breve, possam receber medica\u00e7\u00e3o em casa\u201d, afirmou.<\/p>\n\n\n\n<p>A secret\u00e1ria de Sa\u00fade, Ros\u00e2ngela Almeida, refor\u00e7ou o carinho com que o novo espa\u00e7o foi pensado. \u201cEste \u00e9 um lugar de inclus\u00e3o, feito com amor. Aqui n\u00e3o acolhemos s\u00f3 a crian\u00e7a, mas toda a fam\u00edlia. Sabemos o quanto cada gesto de cuidado faz diferen\u00e7a\u201d, disse a gestora.<\/p>\n\n\n\n<p>Rucelly Finamori, diretora do Departamento de Alta e M\u00e9dia Complexidade (Demac) da Sesau, que \u00e9 m\u00e3e at\u00edpica, falou com emo\u00e7\u00e3o sobre a transforma\u00e7\u00e3o vivida. \u201cAntes, no primeiro andar, havia riscos reais. Agora temos seguran\u00e7a, respeito e estrutura. Essa entrega \u00e9 sobre dignidade e acesso\u201d, enfatizou.<\/p>\n\n\n\n<p>A coordenadora do Natea Orla, Ana Paula Machado, contou que antes da mudan\u00e7a o n\u00facleo funcionava em condi\u00e7\u00f5es prec\u00e1rias no primeiro andar do shopping, com estrutura comprometida, salas sem divis\u00f3rias, materiais insuficientes e ar-condicionado sem funcionar. Ela resumiu a entrega como um momento de felicidade. \u201c\u00c9 um dia de alegria. Temos uma equipe maior, espa\u00e7os mais adequados e um novo ambiente para cuidar ainda melhor de nossos usu\u00e1rios\u201d, pontuou.<\/p>\n\n\n\n<p>Entre os rostos emocionados na cerim\u00f4nia, estavam os de m\u00e3es como Ivana Reis, 49 anos, moradora de Arembepe, que fez quest\u00e3o de compartilhar sua gratid\u00e3o. \u201cQuando era l\u00e1 em cima, era um risco. Agora est\u00e1 tudo lindo, seguro, pensado para os nossos filhos. A inclus\u00e3o est\u00e1 acontecendo de verdade\u201d, disse a dona de casa, que \u00e9 m\u00e3e de Robson Alves, 16 anos.<\/p>\n\n\n\n<p>Para Elaine Oliveira, 41 anos, m\u00e3e de uma adolescente de 17 anos, a nova unidade representa esperan\u00e7a. \u201cN\u00f3s lutamos por esse espa\u00e7o. Agora temos uma equipe multidisciplinar e um espa\u00e7o acolhedor. Estou na fila de espera para o diagn\u00f3stico da minha filha e confiante que ela vai ser bem atendida\u201d, afirmou a moradora de Vila de Abrantes.<\/p>\n\n\n\n<p>O evento contou, ainda, com a presen\u00e7a da subsecret\u00e1ria Gabriela Mendes, de vereadores e de outras autoridades locais.<\/p>\n\n\n\n<p>Fotos: Juliano Sarraf<\/p>\n","protected":false},"excerpt":{"rendered":"<p>Nesta sexta-feira (18), a Secretaria de Sa\u00fade de Cama\u00e7ari (Sesau) entregou o novo N\u00facleo de Aten\u00e7\u00e3o ao Transtorno do Espectro Autista (Natea) Orla. Localizado em Arembepe, o equipamento, que agora est\u00e1 no t\u00e9rreo do Shopping Linha Verde, foi reformulado para oferecer atendimento mais humanizado e seguro, promovendo mais cuidado e inclus\u00e3o aos usu\u00e1rios. Voltado para [&hellip;]<\/p>\n","protected":false},"author":1,"featured_media":7281,"comment_status":"open","ping_status":"open","sticky":false,"template":"","format":"standard","meta":{"footnotes":""},"categories":[8],"tags":[],"class_list":["post-7280","post","type-post","status-publish","format-standard","has-post-thumbnail","hentry","category-camacari"],"yoast_head":"<!-- This site is optimized with the Yoast SEO plugin v21.7 - https:\/\/yoast.com\/wordpress\/plugins\/seo\/ -->\n<title>Novo Natea Orla \u00e9 inaugurado com foco em acolhimento e inclus\u00e3o - Compartilha Bahia<\/title>\n<meta name=\"robots\" content=\"index, follow, max-snippet:-1, max-image-preview:large, max-video-preview:-1\" \/>\n<link rel=\"canonical\" href=\"https:\/\/compartilhabahia.com.br\/index.php\/2025\/07\/18\/novo-natea-orla-e-inaugurado-com-foco-em-acolhimento-e-inclusao\/\" \/>\n<meta property=\"og:locale\" content=\"pt_BR\" \/>\n<meta property=\"og:type\" content=\"article\" \/>\n<meta property=\"og:title\" content=\"Novo Natea Orla \u00e9 inaugurado com foco em acolhimento e inclus\u00e3o - Compartilha Bahia\" \/>\n<meta property=\"og:description\" content=\"Nesta sexta-feira (18), a Secretaria de Sa\u00fade de Cama\u00e7ari (Sesau) entregou o novo N\u00facleo de Aten\u00e7\u00e3o ao Transtorno do Espectro Autista (Natea) Orla. Localizado em Arembepe, o equipamento, que agora est\u00e1 no t\u00e9rreo do Shopping Linha Verde, foi reformulado para oferecer atendimento mais humanizado e seguro, promovendo mais cuidado e inclus\u00e3o aos usu\u00e1rios. Voltado para [&hellip;]\" \/>\n<meta property=\"og:url\" content=\"https:\/\/compartilhabahia.com.br\/index.php\/2025\/07\/18\/novo-natea-orla-e-inaugurado-com-foco-em-acolhimento-e-inclusao\/\" \/>\n<meta property=\"og:site_name\" content=\"Compartilha Bahia\" \/>\n<meta property=\"article:publisher\" content=\"https:\/\/web.facebook.com\/compartilhabahia\" \/>\n<meta property=\"article:published_time\" content=\"2025-07-19T02:12:49+00:00\" \/>\n<meta property=\"article:modified_time\" content=\"2025-07-19T02:14:38+00:00\" \/>\n<meta property=\"og:image\" content=\"https:\/\/compartilhabahia.com.br\/wp-content\/uploads\/2025\/07\/fotodupla.jpg\" \/>\n\t<meta property=\"og:image:width\" content=\"1000\" \/>\n\t<meta property=\"og:image:height\" content=\"600\" \/>\n\t<meta property=\"og:image:type\" content=\"image\/jpeg\" \/>\n<meta name=\"author\" content=\"admin\" \/>\n<meta name=\"twitter:card\" content=\"summary_large_image\" \/>\n<meta name=\"twitter:label1\" content=\"Escrito por\" \/>\n\t<meta name=\"twitter:data1\" content=\"admin\" \/>\n\t<meta name=\"twitter:label2\" content=\"Est. tempo de leitura\" \/>\n\t<meta name=\"twitter:data2\" content=\"4 minutos\" \/>\n<script type=\"application\/ld+json\" class=\"yoast-schema-graph\">{\"@context\":\"https:\/\/schema.org\",\"@graph\":[{\"@type\":\"Article\",\"@id\":\"https:\/\/compartilhabahia.com.br\/index.php\/2025\/07\/18\/novo-natea-orla-e-inaugurado-com-foco-em-acolhimento-e-inclusao\/#article\",\"isPartOf\":{\"@id\":\"https:\/\/compartilhabahia.com.br\/index.php\/2025\/07\/18\/novo-natea-orla-e-inaugurado-com-foco-em-acolhimento-e-inclusao\/\"},\"author\":{\"name\":\"admin\",\"@id\":\"https:\/\/compartilhabahia.com.br\/#\/schema\/person\/9b4f0c3178793b8248d6686732521c04\"},\"headline\":\"Novo Natea Orla \u00e9 inaugurado com foco em acolhimento e inclus\u00e3o\",\"datePublished\":\"2025-07-19T02:12:49+00:00\",\"dateModified\":\"2025-07-19T02:14:38+00:00\",\"mainEntityOfPage\":{\"@id\":\"https:\/\/compartilhabahia.com.br\/index.php\/2025\/07\/18\/novo-natea-orla-e-inaugurado-com-foco-em-acolhimento-e-inclusao\/\"},\"wordCount\":626,\"commentCount\":0,\"publisher\":{\"@id\":\"https:\/\/compartilhabahia.com.br\/#organization\"},\"articleSection\":[\"Cama\u00e7ari\"],\"inLanguage\":\"pt-BR\",\"potentialAction\":[{\"@type\":\"CommentAction\",\"name\":\"Comment\",\"target\":[\"https:\/\/compartilhabahia.com.br\/index.php\/2025\/07\/18\/novo-natea-orla-e-inaugurado-com-foco-em-acolhimento-e-inclusao\/#respond\"]}]},{\"@type\":\"WebPage\",\"@id\":\"https:\/\/compartilhabahia.com.br\/index.php\/2025\/07\/18\/novo-natea-orla-e-inaugurado-com-foco-em-acolhimento-e-inclusao\/\",\"url\":\"https:\/\/compartilhabahia.com.br\/index.php\/2025\/07\/18\/novo-natea-orla-e-inaugurado-com-foco-em-acolhimento-e-inclusao\/\",\"name\":\"Novo Natea Orla \u00e9 inaugurado com foco em acolhimento e inclus\u00e3o - Compartilha Bahia\",\"isPartOf\":{\"@id\":\"https:\/\/compartilhabahia.com.br\/#website\"},\"datePublished\":\"2025-07-19T02:12:49+00:00\",\"dateModified\":\"2025-07-19T02:14:38+00:00\",\"breadcrumb\":{\"@id\":\"https:\/\/compartilhabahia.com.br\/index.php\/2025\/07\/18\/novo-natea-orla-e-inaugurado-com-foco-em-acolhimento-e-inclusao\/#breadcrumb\"},\"inLanguage\":\"pt-BR\",\"potentialAction\":[{\"@type\":\"ReadAction\",\"target\":[\"https:\/\/compartilhabahia.com.br\/index.php\/2025\/07\/18\/novo-natea-orla-e-inaugurado-com-foco-em-acolhimento-e-inclusao\/\"]}]},{\"@type\":\"BreadcrumbList\",\"@id\":\"https:\/\/compartilhabahia.com.br\/index.php\/2025\/07\/18\/novo-natea-orla-e-inaugurado-com-foco-em-acolhimento-e-inclusao\/#breadcrumb\",\"itemListElement\":[{\"@type\":\"ListItem\",\"position\":1,\"name\":\"In\u00edcio\",\"item\":\"https:\/\/compartilhabahia.com.br\/\"},{\"@type\":\"ListItem\",\"position\":2,\"name\":\"Novo Natea Orla \u00e9 inaugurado com foco em acolhimento e inclus\u00e3o\"}]},{\"@type\":\"WebSite\",\"@id\":\"https:\/\/compartilhabahia.com.br\/#website\",\"url\":\"https:\/\/compartilhabahia.com.br\/\",\"name\":\"Compartilha Bahia\",\"description\":\"\",\"publisher\":{\"@id\":\"https:\/\/compartilhabahia.com.br\/#organization\"},\"potentialAction\":[{\"@type\":\"SearchAction\",\"target\":{\"@type\":\"EntryPoint\",\"urlTemplate\":\"https:\/\/compartilhabahia.com.br\/?s={search_term_string}\"},\"query-input\":\"required name=search_term_string\"}],\"inLanguage\":\"pt-BR\"},{\"@type\":\"Organization\",\"@id\":\"https:\/\/compartilhabahia.com.br\/#organization\",\"name\":\"Compartilha Bahia\",\"url\":\"https:\/\/compartilhabahia.com.br\/\",\"logo\":{\"@type\":\"ImageObject\",\"inLanguage\":\"pt-BR\",\"@id\":\"https:\/\/compartilhabahia.com.br\/#\/schema\/logo\/image\/\",\"url\":\"https:\/\/compartilhabahia.com.br\/wp-content\/uploads\/2023\/12\/cropped-logo.png\",\"contentUrl\":\"https:\/\/compartilhabahia.com.br\/wp-content\/uploads\/2023\/12\/cropped-logo.png\",\"width\":300,\"height\":106,\"caption\":\"Compartilha Bahia\"},\"image\":{\"@id\":\"https:\/\/compartilhabahia.com.br\/#\/schema\/logo\/image\/\"},\"sameAs\":[\"https:\/\/web.facebook.com\/compartilhabahia\",\"https:\/\/www.instagram.com\/compartilhabahia\/\"]},{\"@type\":\"Person\",\"@id\":\"https:\/\/compartilhabahia.com.br\/#\/schema\/person\/9b4f0c3178793b8248d6686732521c04\",\"name\":\"admin\",\"image\":{\"@type\":\"ImageObject\",\"inLanguage\":\"pt-BR\",\"@id\":\"https:\/\/compartilhabahia.com.br\/#\/schema\/person\/image\/\",\"url\":\"https:\/\/secure.gravatar.com\/avatar\/9600df58751c5acbe914c538c03390ef649ea088cb65f84ba09c7ce66988eed6?s=96&d=mm&r=g\",\"contentUrl\":\"https:\/\/secure.gravatar.com\/avatar\/9600df58751c5acbe914c538c03390ef649ea088cb65f84ba09c7ce66988eed6?s=96&d=mm&r=g\",\"caption\":\"admin\"},\"sameAs\":[\"https:\/\/compartilhabahia.com.br\"],\"url\":\"https:\/\/compartilhabahia.com.br\/index.php\/author\/compartilhabahia\/\"}]}<\/script>\n<!-- \/ Yoast SEO plugin. -->","yoast_head_json":{"title":"Novo Natea Orla \u00e9 inaugurado com foco em acolhimento e inclus\u00e3o - Compartilha Bahia","robots":{"index":"index","follow":"follow","max-snippet":"max-snippet:-1","max-image-preview":"max-image-preview:large","max-video-preview":"max-video-preview:-1"},"canonical":"https:\/\/compartilhabahia.com.br\/index.php\/2025\/07\/18\/novo-natea-orla-e-inaugurado-com-foco-em-acolhimento-e-inclusao\/","og_locale":"pt_BR","og_type":"article","og_title":"Novo Natea Orla \u00e9 inaugurado com foco em acolhimento e inclus\u00e3o - Compartilha Bahia","og_description":"Nesta sexta-feira (18), a Secretaria de Sa\u00fade de Cama\u00e7ari (Sesau) entregou o novo N\u00facleo de Aten\u00e7\u00e3o ao Transtorno do Espectro Autista (Natea) Orla. Localizado em Arembepe, o equipamento, que agora est\u00e1 no t\u00e9rreo do Shopping Linha Verde, foi reformulado para oferecer atendimento mais humanizado e seguro, promovendo mais cuidado e inclus\u00e3o aos usu\u00e1rios. Voltado para [&hellip;]","og_url":"https:\/\/compartilhabahia.com.br\/index.php\/2025\/07\/18\/novo-natea-orla-e-inaugurado-com-foco-em-acolhimento-e-inclusao\/","og_site_name":"Compartilha Bahia","article_publisher":"https:\/\/web.facebook.com\/compartilhabahia","article_published_time":"2025-07-19T02:12:49+00:00","article_modified_time":"2025-07-19T02:14:38+00:00","og_image":[{"width":1000,"height":600,"url":"https:\/\/compartilhabahia.com.br\/wp-content\/uploads\/2025\/07\/fotodupla.jpg","type":"image\/jpeg"}],"author":"admin","twitter_card":"summary_large_image","twitter_misc":{"Escrito por":"admin","Est. tempo de leitura":"4 minutos"},"schema":{"@context":"https:\/\/schema.org","@graph":[{"@type":"Article","@id":"https:\/\/compartilhabahia.com.br\/index.php\/2025\/07\/18\/novo-natea-orla-e-inaugurado-com-foco-em-acolhimento-e-inclusao\/#article","isPartOf":{"@id":"https:\/\/compartilhabahia.com.br\/index.php\/2025\/07\/18\/novo-natea-orla-e-inaugurado-com-foco-em-acolhimento-e-inclusao\/"},"author":{"name":"admin","@id":"https:\/\/compartilhabahia.com.br\/#\/schema\/person\/9b4f0c3178793b8248d6686732521c04"},"headline":"Novo Natea Orla \u00e9 inaugurado com foco em acolhimento e inclus\u00e3o","datePublished":"2025-07-19T02:12:49+00:00","dateModified":"2025-07-19T02:14:38+00:00","mainEntityOfPage":{"@id":"https:\/\/compartilhabahia.com.br\/index.php\/2025\/07\/18\/novo-natea-orla-e-inaugurado-com-foco-em-acolhimento-e-inclusao\/"},"wordCount":626,"commentCount":0,"publisher":{"@id":"https:\/\/compartilhabahia.com.br\/#organization"},"articleSection":["Cama\u00e7ari"],"inLanguage":"pt-BR","potentialAction":[{"@type":"CommentAction","name":"Comment","target":["https:\/\/compartilhabahia.com.br\/index.php\/2025\/07\/18\/novo-natea-orla-e-inaugurado-com-foco-em-acolhimento-e-inclusao\/#respond"]}]},{"@type":"WebPage","@id":"https:\/\/compartilhabahia.com.br\/index.php\/2025\/07\/18\/novo-natea-orla-e-inaugurado-com-foco-em-acolhimento-e-inclusao\/","url":"https:\/\/compartilhabahia.com.br\/index.php\/2025\/07\/18\/novo-natea-orla-e-inaugurado-com-foco-em-acolhimento-e-inclusao\/","name":"Novo Natea Orla \u00e9 inaugurado com foco em acolhimento e inclus\u00e3o - Compartilha Bahia","isPartOf":{"@id":"https:\/\/compartilhabahia.com.br\/#website"},"datePublished":"2025-07-19T02:12:49+00:00","dateModified":"2025-07-19T02:14:38+00:00","breadcrumb":{"@id":"https:\/\/compartilhabahia.com.br\/index.php\/2025\/07\/18\/novo-natea-orla-e-inaugurado-com-foco-em-acolhimento-e-inclusao\/#breadcrumb"},"inLanguage":"pt-BR","potentialAction":[{"@type":"ReadAction","target":["https:\/\/compartilhabahia.com.br\/index.php\/2025\/07\/18\/novo-natea-orla-e-inaugurado-com-foco-em-acolhimento-e-inclusao\/"]}]},{"@type":"BreadcrumbList","@id":"https:\/\/compartilhabahia.com.br\/index.php\/2025\/07\/18\/novo-natea-orla-e-inaugurado-com-foco-em-acolhimento-e-inclusao\/#breadcrumb","itemListElement":[{"@type":"ListItem","position":1,"name":"In\u00edcio","item":"https:\/\/compartilhabahia.com.br\/"},{"@type":"ListItem","position":2,"name":"Novo Natea Orla \u00e9 inaugurado com foco em acolhimento e inclus\u00e3o"}]},{"@type":"WebSite","@id":"https:\/\/compartilhabahia.com.br\/#website","url":"https:\/\/compartilhabahia.com.br\/","name":"Compartilha Bahia","description":"","publisher":{"@id":"https:\/\/compartilhabahia.com.br\/#organization"},"potentialAction":[{"@type":"SearchAction","target":{"@type":"EntryPoint","urlTemplate":"https:\/\/compartilhabahia.com.br\/?s={search_term_string}"},"query-input":"required name=search_term_string"}],"inLanguage":"pt-BR"},{"@type":"Organization","@id":"https:\/\/compartilhabahia.com.br\/#organization","name":"Compartilha Bahia","url":"https:\/\/compartilhabahia.com.br\/","logo":{"@type":"ImageObject","inLanguage":"pt-BR","@id":"https:\/\/compartilhabahia.com.br\/#\/schema\/logo\/image\/","url":"https:\/\/compartilhabahia.com.br\/wp-content\/uploads\/2023\/12\/cropped-logo.png","contentUrl":"https:\/\/compartilhabahia.com.br\/wp-content\/uploads\/2023\/12\/cropped-logo.png","width":300,"height":106,"caption":"Compartilha Bahia"},"image":{"@id":"https:\/\/compartilhabahia.com.br\/#\/schema\/logo\/image\/"},"sameAs":["https:\/\/web.facebook.com\/compartilhabahia","https:\/\/www.instagram.com\/compartilhabahia\/"]},{"@type":"Person","@id":"https:\/\/compartilhabahia.com.br\/#\/schema\/person\/9b4f0c3178793b8248d6686732521c04","name":"admin","image":{"@type":"ImageObject","inLanguage":"pt-BR","@id":"https:\/\/compartilhabahia.com.br\/#\/schema\/person\/image\/","url":"https:\/\/secure.gravatar.com\/avatar\/9600df58751c5acbe914c538c03390ef649ea088cb65f84ba09c7ce66988eed6?s=96&d=mm&r=g","contentUrl":"https:\/\/secure.gravatar.com\/avatar\/9600df58751c5acbe914c538c03390ef649ea088cb65f84ba09c7ce66988eed6?s=96&d=mm&r=g","caption":"admin"},"sameAs":["https:\/\/compartilhabahia.com.br"],"url":"https:\/\/compartilhabahia.com.br\/index.php\/author\/compartilhabahia\/"}]}},"_links":{"self":[{"href":"https:\/\/compartilhabahia.com.br\/index.php\/wp-json\/wp\/v2\/posts\/7280","targetHints":{"allow":["GET"]}}],"collection":[{"href":"https:\/\/compartilhabahia.com.br\/index.php\/wp-json\/wp\/v2\/posts"}],"about":[{"href":"https:\/\/compartilhabahia.com.br\/index.php\/wp-json\/wp\/v2\/types\/post"}],"author":[{"embeddable":true,"href":"https:\/\/compartilhabahia.com.br\/index.php\/wp-json\/wp\/v2\/users\/1"}],"replies":[{"embeddable":true,"href":"https:\/\/compartilhabahia.com.br\/index.php\/wp-json\/wp\/v2\/comments?post=7280"}],"version-history":[{"count":2,"href":"https:\/\/compartilhabahia.com.br\/index.php\/wp-json\/wp\/v2\/posts\/7280\/revisions"}],"predecessor-version":[{"id":7283,"href":"https:\/\/compartilhabahia.com.br\/index.php\/wp-json\/wp\/v2\/posts\/7280\/revisions\/7283"}],"wp:featuredmedia":[{"embeddable":true,"href":"https:\/\/compartilhabahia.com.br\/index.php\/wp-json\/wp\/v2\/media\/7281"}],"wp:attachment":[{"href":"https:\/\/compartilhabahia.com.br\/index.php\/wp-json\/wp\/v2\/media?parent=7280"}],"wp:term":[{"taxonomy":"category","embeddable":true,"href":"https:\/\/compartilhabahia.com.br\/index.php\/wp-json\/wp\/v2\/categories?post=7280"},{"taxonomy":"post_tag","embeddable":true,"href":"https:\/\/compartilhabahia.com.br\/index.php\/wp-json\/wp\/v2\/tags?post=7280"}],"curies":[{"name":"wp","href":"https:\/\/api.w.org\/{rel}","templated":true}]}}