{"id":7271,"date":"2025-07-18T19:43:09","date_gmt":"2025-07-18T22:43:09","guid":{"rendered":"https:\/\/compartilhabahia.com.br\/?p=7271"},"modified":"2025-07-18T19:46:17","modified_gmt":"2025-07-18T22:46:17","slug":"usf-piacaveira-e-aberta-apos-reforma-estrutural","status":"publish","type":"post","link":"https:\/\/compartilhabahia.com.br\/index.php\/2025\/07\/18\/usf-piacaveira-e-aberta-apos-reforma-estrutural\/","title":{"rendered":"USF Pia\u00e7aveira \u00e9 aberta ap\u00f3s reforma estrutural"},"content":{"rendered":"\n<p>Ap\u00f3s passar por um importante processo de readequa\u00e7\u00e3o do espa\u00e7o f\u00edsico, a Unidade de Sa\u00fade da Fam\u00edlia (USF) Pia\u00e7aveira foi reaberta oficialmente, nesta sexta-feira (18), pela Secretaria de Sa\u00fade de Cama\u00e7ari (Sesau). A iniciativa marca a retomada de um ponto estrat\u00e9gico de cuidado para centenas de moradores da regi\u00e3o.<\/p>\n\n\n\n<p>Entre as melhorias realizadas, est\u00e3o revis\u00e3o do telhado, nova rede de drenagem, pinturas interna e externa gerais, climatiza\u00e7\u00e3o de ambientes, servi\u00e7os na parte el\u00e9trica e manuten\u00e7\u00e3o dos sanit\u00e1rios, al\u00e9m da aquisi\u00e7\u00e3o de novos equipamentos, tudo garantindo mais conforto, efici\u00eancia no atendimento e melhores condi\u00e7\u00f5es de trabalho para os profissionais.<\/p>\n\n\n\n<figure class=\"wp-block-image size-large is-resized\"><img loading=\"lazy\" decoding=\"async\" width=\"1024\" height=\"682\" src=\"https:\/\/compartilhabahia.com.br\/wp-content\/uploads\/2025\/07\/Sesau_Cobertura_entrega-Odonto-movel-e-USF-Piacaveira_Rosangela_Gabriela_Foto-Juliano-Sarraf_18.7.2025-1-1024x682.jpeg\" alt=\"\" class=\"wp-image-7278\" style=\"width:569px;height:auto\" srcset=\"https:\/\/compartilhabahia.com.br\/wp-content\/uploads\/2025\/07\/Sesau_Cobertura_entrega-Odonto-movel-e-USF-Piacaveira_Rosangela_Gabriela_Foto-Juliano-Sarraf_18.7.2025-1-1024x682.jpeg 1024w, https:\/\/compartilhabahia.com.br\/wp-content\/uploads\/2025\/07\/Sesau_Cobertura_entrega-Odonto-movel-e-USF-Piacaveira_Rosangela_Gabriela_Foto-Juliano-Sarraf_18.7.2025-1-300x200.jpeg 300w, https:\/\/compartilhabahia.com.br\/wp-content\/uploads\/2025\/07\/Sesau_Cobertura_entrega-Odonto-movel-e-USF-Piacaveira_Rosangela_Gabriela_Foto-Juliano-Sarraf_18.7.2025-1-768x512.jpeg 768w, https:\/\/compartilhabahia.com.br\/wp-content\/uploads\/2025\/07\/Sesau_Cobertura_entrega-Odonto-movel-e-USF-Piacaveira_Rosangela_Gabriela_Foto-Juliano-Sarraf_18.7.2025-1-1536x1023.jpeg 1536w, https:\/\/compartilhabahia.com.br\/wp-content\/uploads\/2025\/07\/Sesau_Cobertura_entrega-Odonto-movel-e-USF-Piacaveira_Rosangela_Gabriela_Foto-Juliano-Sarraf_18.7.2025-1-1200x800.jpeg 1200w, https:\/\/compartilhabahia.com.br\/wp-content\/uploads\/2025\/07\/Sesau_Cobertura_entrega-Odonto-movel-e-USF-Piacaveira_Rosangela_Gabriela_Foto-Juliano-Sarraf_18.7.2025-1.jpeg 1600w\" sizes=\"auto, (max-width: 1024px) 100vw, 1024px\" \/><\/figure>\n\n\n\n<p>A unidade voltou a funcionar com consultas m\u00e9dicas, atendimentos de enfermagem, servi\u00e7os odontol\u00f3gicos, vacina\u00e7\u00e3o, pr\u00e9-natal, acompanhamento de doen\u00e7as cr\u00f4nicas e diversos outros servi\u00e7os essenciais da Aten\u00e7\u00e3o B\u00e1sica.<\/p>\n\n\n\n<p>Durante o evento, o prefeito Luiz Caetano destacou o compromisso da gest\u00e3o com a requalifica\u00e7\u00e3o das unidades de sa\u00fade do munic\u00edpio. \u201cRecebemos as unidades em condi\u00e7\u00f5es prec\u00e1rias, mas estamos mudando essa realidade. A Pia\u00e7aveira \u00e9 a primeira de muitas que ser\u00e3o reformadas. Hoje, entregamos uma unidade climatizada, com televis\u00e3o, um espa\u00e7o acolhedor, cuidando bem das pessoas e da nossa gente\u201d, afirmou.<\/p>\n\n\n\n<p>A secret\u00e1ria de Sa\u00fade, Rosangela Almeida, falou sobre a proposta de transformar cada unidade em um lugar de acolhimento e cuidado humanizado. \u201cTudo foi pensado para que cada cidad\u00e3o se sinta bem-vindo e bem atendido. Essa unidade \u00e9 de toda a comunidade\u201d, enfatizou.<\/p>\n\n\n\n<p>Gleice Nunes, diretora do Departamento de Aten\u00e7\u00e3o B\u00e1sica (DAB) da Sesau, explicou as melhorias realizadas. \u201cFizemos interven\u00e7\u00f5es importantes, como pintura geral, nova drenagem, servi\u00e7os no telhado e a climatiza\u00e7\u00e3o. Com novos equipamentos e ambiente renovado, a unidade agora tem uma nova cara, melhor acolhendo a nossa equipe e tamb\u00e9m a popula\u00e7\u00e3o\u201d, pontuou.<\/p>\n\n\n\n<p>Entre os usu\u00e1rios da USF Pia\u00e7aveira, a aposentada Antonieta Batista celebrou a readequa\u00e7\u00e3o. \u201cSou atendida aqui, pertinho de casa. \u00c9 onde fa\u00e7o minhas consultas, por exemplo, e sempre fui bem tratada. E agora posso dizer que estou feliz, que a unidade est\u00e1 uma coisa linda\u201d, exclamou a moradora do bairro Bela Vista (Inocoop).<\/p>\n\n\n\n<p>O presidente do Conselho Municipal de Sa\u00fade (CMS), Paulo Costa, refor\u00e7ou o papel da unidade no fortalecimento do SUS em Cama\u00e7ari. \u201c\u00c9 uma entrega importante para a comunidade. Os servi\u00e7os foram pensados com um olhar cuidadoso para o usu\u00e1rio\u201d, afirmou.<\/p>\n\n\n\n<p>O ato de reabertura contou com a presen\u00e7a da subsecret\u00e1ria Gabriela Mendes, de vereadores e demais autoridades locais.<\/p>\n\n\n\n<p>Fotos: Juliano Sarraf<\/p>\n\n\n\n<figure class=\"wp-block-image size-large is-resized\"><img loading=\"lazy\" decoding=\"async\" width=\"1024\" height=\"682\" src=\"https:\/\/compartilhabahia.com.br\/wp-content\/uploads\/2025\/07\/Sesau_Cobertura_entrega-Odonto-movel-e-USF-Piacaveira_Fabiana-Galdino_Foto-Juliano-Sarraf_18.7.2025-15-1024x682.jpeg\" alt=\"\" class=\"wp-image-7273\" style=\"width:559px;height:auto\" srcset=\"https:\/\/compartilhabahia.com.br\/wp-content\/uploads\/2025\/07\/Sesau_Cobertura_entrega-Odonto-movel-e-USF-Piacaveira_Fabiana-Galdino_Foto-Juliano-Sarraf_18.7.2025-15-1024x682.jpeg 1024w, https:\/\/compartilhabahia.com.br\/wp-content\/uploads\/2025\/07\/Sesau_Cobertura_entrega-Odonto-movel-e-USF-Piacaveira_Fabiana-Galdino_Foto-Juliano-Sarraf_18.7.2025-15-300x200.jpeg 300w, https:\/\/compartilhabahia.com.br\/wp-content\/uploads\/2025\/07\/Sesau_Cobertura_entrega-Odonto-movel-e-USF-Piacaveira_Fabiana-Galdino_Foto-Juliano-Sarraf_18.7.2025-15-768x512.jpeg 768w, https:\/\/compartilhabahia.com.br\/wp-content\/uploads\/2025\/07\/Sesau_Cobertura_entrega-Odonto-movel-e-USF-Piacaveira_Fabiana-Galdino_Foto-Juliano-Sarraf_18.7.2025-15-1536x1023.jpeg 1536w, https:\/\/compartilhabahia.com.br\/wp-content\/uploads\/2025\/07\/Sesau_Cobertura_entrega-Odonto-movel-e-USF-Piacaveira_Fabiana-Galdino_Foto-Juliano-Sarraf_18.7.2025-15-1200x800.jpeg 1200w, https:\/\/compartilhabahia.com.br\/wp-content\/uploads\/2025\/07\/Sesau_Cobertura_entrega-Odonto-movel-e-USF-Piacaveira_Fabiana-Galdino_Foto-Juliano-Sarraf_18.7.2025-15.jpeg 1600w\" sizes=\"auto, (max-width: 1024px) 100vw, 1024px\" \/><\/figure>\n\n\n\n<figure class=\"wp-block-image size-large is-resized\"><img loading=\"lazy\" decoding=\"async\" width=\"1024\" height=\"682\" src=\"https:\/\/compartilhabahia.com.br\/wp-content\/uploads\/2025\/07\/Sesau_Cobertura_entrega-Odonto-movel-e-USF-Piacaveira_Foto-Juliano-Sarraf_18.7.2025-8-1024x682.jpeg\" alt=\"\" class=\"wp-image-7274\" style=\"width:562px;height:auto\" srcset=\"https:\/\/compartilhabahia.com.br\/wp-content\/uploads\/2025\/07\/Sesau_Cobertura_entrega-Odonto-movel-e-USF-Piacaveira_Foto-Juliano-Sarraf_18.7.2025-8-1024x682.jpeg 1024w, https:\/\/compartilhabahia.com.br\/wp-content\/uploads\/2025\/07\/Sesau_Cobertura_entrega-Odonto-movel-e-USF-Piacaveira_Foto-Juliano-Sarraf_18.7.2025-8-300x200.jpeg 300w, https:\/\/compartilhabahia.com.br\/wp-content\/uploads\/2025\/07\/Sesau_Cobertura_entrega-Odonto-movel-e-USF-Piacaveira_Foto-Juliano-Sarraf_18.7.2025-8-768x512.jpeg 768w, https:\/\/compartilhabahia.com.br\/wp-content\/uploads\/2025\/07\/Sesau_Cobertura_entrega-Odonto-movel-e-USF-Piacaveira_Foto-Juliano-Sarraf_18.7.2025-8-1536x1023.jpeg 1536w, https:\/\/compartilhabahia.com.br\/wp-content\/uploads\/2025\/07\/Sesau_Cobertura_entrega-Odonto-movel-e-USF-Piacaveira_Foto-Juliano-Sarraf_18.7.2025-8-1200x800.jpeg 1200w, https:\/\/compartilhabahia.com.br\/wp-content\/uploads\/2025\/07\/Sesau_Cobertura_entrega-Odonto-movel-e-USF-Piacaveira_Foto-Juliano-Sarraf_18.7.2025-8.jpeg 1600w\" sizes=\"auto, (max-width: 1024px) 100vw, 1024px\" \/><\/figure>\n\n\n\n<figure class=\"wp-block-image size-large is-resized\"><img loading=\"lazy\" decoding=\"async\" width=\"1024\" height=\"682\" src=\"https:\/\/compartilhabahia.com.br\/wp-content\/uploads\/2025\/07\/WhatsApp-Image-2025-07-18-at-17.06.52-1024x682.jpeg\" alt=\"\" class=\"wp-image-7275\" style=\"width:562px;height:auto\" srcset=\"https:\/\/compartilhabahia.com.br\/wp-content\/uploads\/2025\/07\/WhatsApp-Image-2025-07-18-at-17.06.52-1024x682.jpeg 1024w, https:\/\/compartilhabahia.com.br\/wp-content\/uploads\/2025\/07\/WhatsApp-Image-2025-07-18-at-17.06.52-300x200.jpeg 300w, https:\/\/compartilhabahia.com.br\/wp-content\/uploads\/2025\/07\/WhatsApp-Image-2025-07-18-at-17.06.52-768x512.jpeg 768w, https:\/\/compartilhabahia.com.br\/wp-content\/uploads\/2025\/07\/WhatsApp-Image-2025-07-18-at-17.06.52-1536x1023.jpeg 1536w, https:\/\/compartilhabahia.com.br\/wp-content\/uploads\/2025\/07\/WhatsApp-Image-2025-07-18-at-17.06.52-1200x800.jpeg 1200w, https:\/\/compartilhabahia.com.br\/wp-content\/uploads\/2025\/07\/WhatsApp-Image-2025-07-18-at-17.06.52.jpeg 1600w\" sizes=\"auto, (max-width: 1024px) 100vw, 1024px\" \/><\/figure>\n\n\n\n<figure class=\"wp-block-image size-large is-resized\"><img loading=\"lazy\" decoding=\"async\" width=\"1024\" height=\"682\" src=\"https:\/\/compartilhabahia.com.br\/wp-content\/uploads\/2025\/07\/WhatsApp-Image-2025-07-18-at-17.06.49-1-1024x682.jpeg\" alt=\"\" class=\"wp-image-7276\" style=\"width:579px;height:auto\" srcset=\"https:\/\/compartilhabahia.com.br\/wp-content\/uploads\/2025\/07\/WhatsApp-Image-2025-07-18-at-17.06.49-1-1024x682.jpeg 1024w, https:\/\/compartilhabahia.com.br\/wp-content\/uploads\/2025\/07\/WhatsApp-Image-2025-07-18-at-17.06.49-1-300x200.jpeg 300w, https:\/\/compartilhabahia.com.br\/wp-content\/uploads\/2025\/07\/WhatsApp-Image-2025-07-18-at-17.06.49-1-768x512.jpeg 768w, https:\/\/compartilhabahia.com.br\/wp-content\/uploads\/2025\/07\/WhatsApp-Image-2025-07-18-at-17.06.49-1-1536x1023.jpeg 1536w, https:\/\/compartilhabahia.com.br\/wp-content\/uploads\/2025\/07\/WhatsApp-Image-2025-07-18-at-17.06.49-1-1200x800.jpeg 1200w, https:\/\/compartilhabahia.com.br\/wp-content\/uploads\/2025\/07\/WhatsApp-Image-2025-07-18-at-17.06.49-1.jpeg 1600w\" sizes=\"auto, (max-width: 1024px) 100vw, 1024px\" \/><\/figure>\n\n\n\n<p><\/p>\n","protected":false},"excerpt":{"rendered":"<p>Ap\u00f3s passar por um importante processo de readequa\u00e7\u00e3o do espa\u00e7o f\u00edsico, a Unidade de Sa\u00fade da Fam\u00edlia (USF) Pia\u00e7aveira foi reaberta oficialmente, nesta sexta-feira (18), pela Secretaria de Sa\u00fade de Cama\u00e7ari (Sesau). A iniciativa marca a retomada de um ponto estrat\u00e9gico de cuidado para centenas de moradores da regi\u00e3o. Entre as melhorias realizadas, est\u00e3o revis\u00e3o [&hellip;]<\/p>\n","protected":false},"author":1,"featured_media":7272,"comment_status":"open","ping_status":"open","sticky":false,"template":"","format":"standard","meta":{"footnotes":""},"categories":[8],"tags":[],"class_list":["post-7271","post","type-post","status-publish","format-standard","has-post-thumbnail","hentry","category-camacari"],"yoast_head":"<!-- This site is optimized with the Yoast SEO plugin v21.7 - https:\/\/yoast.com\/wordpress\/plugins\/seo\/ -->\n<title>USF Pia\u00e7aveira \u00e9 aberta ap\u00f3s reforma estrutural - Compartilha Bahia<\/title>\n<meta name=\"robots\" content=\"index, follow, max-snippet:-1, max-image-preview:large, max-video-preview:-1\" \/>\n<link rel=\"canonical\" href=\"https:\/\/compartilhabahia.com.br\/index.php\/2025\/07\/18\/usf-piacaveira-e-aberta-apos-reforma-estrutural\/\" \/>\n<meta property=\"og:locale\" content=\"pt_BR\" \/>\n<meta property=\"og:type\" content=\"article\" \/>\n<meta property=\"og:title\" content=\"USF Pia\u00e7aveira \u00e9 aberta ap\u00f3s reforma estrutural - Compartilha Bahia\" \/>\n<meta property=\"og:description\" content=\"Ap\u00f3s passar por um importante processo de readequa\u00e7\u00e3o do espa\u00e7o f\u00edsico, a Unidade de Sa\u00fade da Fam\u00edlia (USF) Pia\u00e7aveira foi reaberta oficialmente, nesta sexta-feira (18), pela Secretaria de Sa\u00fade de Cama\u00e7ari (Sesau). A iniciativa marca a retomada de um ponto estrat\u00e9gico de cuidado para centenas de moradores da regi\u00e3o. Entre as melhorias realizadas, est\u00e3o revis\u00e3o [&hellip;]\" \/>\n<meta property=\"og:url\" content=\"https:\/\/compartilhabahia.com.br\/index.php\/2025\/07\/18\/usf-piacaveira-e-aberta-apos-reforma-estrutural\/\" \/>\n<meta property=\"og:site_name\" content=\"Compartilha Bahia\" \/>\n<meta property=\"article:publisher\" content=\"https:\/\/web.facebook.com\/compartilhabahia\" \/>\n<meta property=\"article:published_time\" content=\"2025-07-18T22:43:09+00:00\" \/>\n<meta property=\"article:modified_time\" content=\"2025-07-18T22:46:17+00:00\" \/>\n<meta property=\"og:image\" content=\"https:\/\/compartilhabahia.com.br\/wp-content\/uploads\/2025\/07\/usfpiacaveira.jpg\" \/>\n\t<meta property=\"og:image:width\" content=\"800\" \/>\n\t<meta property=\"og:image:height\" content=\"531\" \/>\n\t<meta property=\"og:image:type\" content=\"image\/jpeg\" \/>\n<meta name=\"author\" content=\"admin\" \/>\n<meta name=\"twitter:card\" content=\"summary_large_image\" \/>\n<meta name=\"twitter:label1\" content=\"Escrito por\" \/>\n\t<meta name=\"twitter:data1\" content=\"admin\" \/>\n\t<meta name=\"twitter:label2\" content=\"Est. tempo de leitura\" \/>\n\t<meta name=\"twitter:data2\" content=\"4 minutos\" \/>\n<script type=\"application\/ld+json\" class=\"yoast-schema-graph\">{\"@context\":\"https:\/\/schema.org\",\"@graph\":[{\"@type\":\"Article\",\"@id\":\"https:\/\/compartilhabahia.com.br\/index.php\/2025\/07\/18\/usf-piacaveira-e-aberta-apos-reforma-estrutural\/#article\",\"isPartOf\":{\"@id\":\"https:\/\/compartilhabahia.com.br\/index.php\/2025\/07\/18\/usf-piacaveira-e-aberta-apos-reforma-estrutural\/\"},\"author\":{\"name\":\"admin\",\"@id\":\"https:\/\/compartilhabahia.com.br\/#\/schema\/person\/9b4f0c3178793b8248d6686732521c04\"},\"headline\":\"USF Pia\u00e7aveira \u00e9 aberta ap\u00f3s reforma estrutural\",\"datePublished\":\"2025-07-18T22:43:09+00:00\",\"dateModified\":\"2025-07-18T22:46:17+00:00\",\"mainEntityOfPage\":{\"@id\":\"https:\/\/compartilhabahia.com.br\/index.php\/2025\/07\/18\/usf-piacaveira-e-aberta-apos-reforma-estrutural\/\"},\"wordCount\":461,\"commentCount\":0,\"publisher\":{\"@id\":\"https:\/\/compartilhabahia.com.br\/#organization\"},\"articleSection\":[\"Cama\u00e7ari\"],\"inLanguage\":\"pt-BR\",\"potentialAction\":[{\"@type\":\"CommentAction\",\"name\":\"Comment\",\"target\":[\"https:\/\/compartilhabahia.com.br\/index.php\/2025\/07\/18\/usf-piacaveira-e-aberta-apos-reforma-estrutural\/#respond\"]}]},{\"@type\":\"WebPage\",\"@id\":\"https:\/\/compartilhabahia.com.br\/index.php\/2025\/07\/18\/usf-piacaveira-e-aberta-apos-reforma-estrutural\/\",\"url\":\"https:\/\/compartilhabahia.com.br\/index.php\/2025\/07\/18\/usf-piacaveira-e-aberta-apos-reforma-estrutural\/\",\"name\":\"USF Pia\u00e7aveira \u00e9 aberta ap\u00f3s reforma estrutural - Compartilha Bahia\",\"isPartOf\":{\"@id\":\"https:\/\/compartilhabahia.com.br\/#website\"},\"datePublished\":\"2025-07-18T22:43:09+00:00\",\"dateModified\":\"2025-07-18T22:46:17+00:00\",\"breadcrumb\":{\"@id\":\"https:\/\/compartilhabahia.com.br\/index.php\/2025\/07\/18\/usf-piacaveira-e-aberta-apos-reforma-estrutural\/#breadcrumb\"},\"inLanguage\":\"pt-BR\",\"potentialAction\":[{\"@type\":\"ReadAction\",\"target\":[\"https:\/\/compartilhabahia.com.br\/index.php\/2025\/07\/18\/usf-piacaveira-e-aberta-apos-reforma-estrutural\/\"]}]},{\"@type\":\"BreadcrumbList\",\"@id\":\"https:\/\/compartilhabahia.com.br\/index.php\/2025\/07\/18\/usf-piacaveira-e-aberta-apos-reforma-estrutural\/#breadcrumb\",\"itemListElement\":[{\"@type\":\"ListItem\",\"position\":1,\"name\":\"In\u00edcio\",\"item\":\"https:\/\/compartilhabahia.com.br\/\"},{\"@type\":\"ListItem\",\"position\":2,\"name\":\"USF Pia\u00e7aveira \u00e9 aberta ap\u00f3s reforma estrutural\"}]},{\"@type\":\"WebSite\",\"@id\":\"https:\/\/compartilhabahia.com.br\/#website\",\"url\":\"https:\/\/compartilhabahia.com.br\/\",\"name\":\"Compartilha Bahia\",\"description\":\"\",\"publisher\":{\"@id\":\"https:\/\/compartilhabahia.com.br\/#organization\"},\"potentialAction\":[{\"@type\":\"SearchAction\",\"target\":{\"@type\":\"EntryPoint\",\"urlTemplate\":\"https:\/\/compartilhabahia.com.br\/?s={search_term_string}\"},\"query-input\":\"required name=search_term_string\"}],\"inLanguage\":\"pt-BR\"},{\"@type\":\"Organization\",\"@id\":\"https:\/\/compartilhabahia.com.br\/#organization\",\"name\":\"Compartilha Bahia\",\"url\":\"https:\/\/compartilhabahia.com.br\/\",\"logo\":{\"@type\":\"ImageObject\",\"inLanguage\":\"pt-BR\",\"@id\":\"https:\/\/compartilhabahia.com.br\/#\/schema\/logo\/image\/\",\"url\":\"https:\/\/compartilhabahia.com.br\/wp-content\/uploads\/2023\/12\/cropped-logo.png\",\"contentUrl\":\"https:\/\/compartilhabahia.com.br\/wp-content\/uploads\/2023\/12\/cropped-logo.png\",\"width\":300,\"height\":106,\"caption\":\"Compartilha Bahia\"},\"image\":{\"@id\":\"https:\/\/compartilhabahia.com.br\/#\/schema\/logo\/image\/\"},\"sameAs\":[\"https:\/\/web.facebook.com\/compartilhabahia\",\"https:\/\/www.instagram.com\/compartilhabahia\/\"]},{\"@type\":\"Person\",\"@id\":\"https:\/\/compartilhabahia.com.br\/#\/schema\/person\/9b4f0c3178793b8248d6686732521c04\",\"name\":\"admin\",\"image\":{\"@type\":\"ImageObject\",\"inLanguage\":\"pt-BR\",\"@id\":\"https:\/\/compartilhabahia.com.br\/#\/schema\/person\/image\/\",\"url\":\"https:\/\/secure.gravatar.com\/avatar\/9600df58751c5acbe914c538c03390ef649ea088cb65f84ba09c7ce66988eed6?s=96&d=mm&r=g\",\"contentUrl\":\"https:\/\/secure.gravatar.com\/avatar\/9600df58751c5acbe914c538c03390ef649ea088cb65f84ba09c7ce66988eed6?s=96&d=mm&r=g\",\"caption\":\"admin\"},\"sameAs\":[\"https:\/\/compartilhabahia.com.br\"],\"url\":\"https:\/\/compartilhabahia.com.br\/index.php\/author\/compartilhabahia\/\"}]}<\/script>\n<!-- \/ Yoast SEO plugin. -->","yoast_head_json":{"title":"USF Pia\u00e7aveira \u00e9 aberta ap\u00f3s reforma estrutural - Compartilha Bahia","robots":{"index":"index","follow":"follow","max-snippet":"max-snippet:-1","max-image-preview":"max-image-preview:large","max-video-preview":"max-video-preview:-1"},"canonical":"https:\/\/compartilhabahia.com.br\/index.php\/2025\/07\/18\/usf-piacaveira-e-aberta-apos-reforma-estrutural\/","og_locale":"pt_BR","og_type":"article","og_title":"USF Pia\u00e7aveira \u00e9 aberta ap\u00f3s reforma estrutural - Compartilha Bahia","og_description":"Ap\u00f3s passar por um importante processo de readequa\u00e7\u00e3o do espa\u00e7o f\u00edsico, a Unidade de Sa\u00fade da Fam\u00edlia (USF) Pia\u00e7aveira foi reaberta oficialmente, nesta sexta-feira (18), pela Secretaria de Sa\u00fade de Cama\u00e7ari (Sesau). A iniciativa marca a retomada de um ponto estrat\u00e9gico de cuidado para centenas de moradores da regi\u00e3o. Entre as melhorias realizadas, est\u00e3o revis\u00e3o [&hellip;]","og_url":"https:\/\/compartilhabahia.com.br\/index.php\/2025\/07\/18\/usf-piacaveira-e-aberta-apos-reforma-estrutural\/","og_site_name":"Compartilha Bahia","article_publisher":"https:\/\/web.facebook.com\/compartilhabahia","article_published_time":"2025-07-18T22:43:09+00:00","article_modified_time":"2025-07-18T22:46:17+00:00","og_image":[{"width":800,"height":531,"url":"https:\/\/compartilhabahia.com.br\/wp-content\/uploads\/2025\/07\/usfpiacaveira.jpg","type":"image\/jpeg"}],"author":"admin","twitter_card":"summary_large_image","twitter_misc":{"Escrito por":"admin","Est. tempo de leitura":"4 minutos"},"schema":{"@context":"https:\/\/schema.org","@graph":[{"@type":"Article","@id":"https:\/\/compartilhabahia.com.br\/index.php\/2025\/07\/18\/usf-piacaveira-e-aberta-apos-reforma-estrutural\/#article","isPartOf":{"@id":"https:\/\/compartilhabahia.com.br\/index.php\/2025\/07\/18\/usf-piacaveira-e-aberta-apos-reforma-estrutural\/"},"author":{"name":"admin","@id":"https:\/\/compartilhabahia.com.br\/#\/schema\/person\/9b4f0c3178793b8248d6686732521c04"},"headline":"USF Pia\u00e7aveira \u00e9 aberta ap\u00f3s reforma estrutural","datePublished":"2025-07-18T22:43:09+00:00","dateModified":"2025-07-18T22:46:17+00:00","mainEntityOfPage":{"@id":"https:\/\/compartilhabahia.com.br\/index.php\/2025\/07\/18\/usf-piacaveira-e-aberta-apos-reforma-estrutural\/"},"wordCount":461,"commentCount":0,"publisher":{"@id":"https:\/\/compartilhabahia.com.br\/#organization"},"articleSection":["Cama\u00e7ari"],"inLanguage":"pt-BR","potentialAction":[{"@type":"CommentAction","name":"Comment","target":["https:\/\/compartilhabahia.com.br\/index.php\/2025\/07\/18\/usf-piacaveira-e-aberta-apos-reforma-estrutural\/#respond"]}]},{"@type":"WebPage","@id":"https:\/\/compartilhabahia.com.br\/index.php\/2025\/07\/18\/usf-piacaveira-e-aberta-apos-reforma-estrutural\/","url":"https:\/\/compartilhabahia.com.br\/index.php\/2025\/07\/18\/usf-piacaveira-e-aberta-apos-reforma-estrutural\/","name":"USF Pia\u00e7aveira \u00e9 aberta ap\u00f3s reforma estrutural - Compartilha Bahia","isPartOf":{"@id":"https:\/\/compartilhabahia.com.br\/#website"},"datePublished":"2025-07-18T22:43:09+00:00","dateModified":"2025-07-18T22:46:17+00:00","breadcrumb":{"@id":"https:\/\/compartilhabahia.com.br\/index.php\/2025\/07\/18\/usf-piacaveira-e-aberta-apos-reforma-estrutural\/#breadcrumb"},"inLanguage":"pt-BR","potentialAction":[{"@type":"ReadAction","target":["https:\/\/compartilhabahia.com.br\/index.php\/2025\/07\/18\/usf-piacaveira-e-aberta-apos-reforma-estrutural\/"]}]},{"@type":"BreadcrumbList","@id":"https:\/\/compartilhabahia.com.br\/index.php\/2025\/07\/18\/usf-piacaveira-e-aberta-apos-reforma-estrutural\/#breadcrumb","itemListElement":[{"@type":"ListItem","position":1,"name":"In\u00edcio","item":"https:\/\/compartilhabahia.com.br\/"},{"@type":"ListItem","position":2,"name":"USF Pia\u00e7aveira \u00e9 aberta ap\u00f3s reforma estrutural"}]},{"@type":"WebSite","@id":"https:\/\/compartilhabahia.com.br\/#website","url":"https:\/\/compartilhabahia.com.br\/","name":"Compartilha Bahia","description":"","publisher":{"@id":"https:\/\/compartilhabahia.com.br\/#organization"},"potentialAction":[{"@type":"SearchAction","target":{"@type":"EntryPoint","urlTemplate":"https:\/\/compartilhabahia.com.br\/?s={search_term_string}"},"query-input":"required name=search_term_string"}],"inLanguage":"pt-BR"},{"@type":"Organization","@id":"https:\/\/compartilhabahia.com.br\/#organization","name":"Compartilha Bahia","url":"https:\/\/compartilhabahia.com.br\/","logo":{"@type":"ImageObject","inLanguage":"pt-BR","@id":"https:\/\/compartilhabahia.com.br\/#\/schema\/logo\/image\/","url":"https:\/\/compartilhabahia.com.br\/wp-content\/uploads\/2023\/12\/cropped-logo.png","contentUrl":"https:\/\/compartilhabahia.com.br\/wp-content\/uploads\/2023\/12\/cropped-logo.png","width":300,"height":106,"caption":"Compartilha Bahia"},"image":{"@id":"https:\/\/compartilhabahia.com.br\/#\/schema\/logo\/image\/"},"sameAs":["https:\/\/web.facebook.com\/compartilhabahia","https:\/\/www.instagram.com\/compartilhabahia\/"]},{"@type":"Person","@id":"https:\/\/compartilhabahia.com.br\/#\/schema\/person\/9b4f0c3178793b8248d6686732521c04","name":"admin","image":{"@type":"ImageObject","inLanguage":"pt-BR","@id":"https:\/\/compartilhabahia.com.br\/#\/schema\/person\/image\/","url":"https:\/\/secure.gravatar.com\/avatar\/9600df58751c5acbe914c538c03390ef649ea088cb65f84ba09c7ce66988eed6?s=96&d=mm&r=g","contentUrl":"https:\/\/secure.gravatar.com\/avatar\/9600df58751c5acbe914c538c03390ef649ea088cb65f84ba09c7ce66988eed6?s=96&d=mm&r=g","caption":"admin"},"sameAs":["https:\/\/compartilhabahia.com.br"],"url":"https:\/\/compartilhabahia.com.br\/index.php\/author\/compartilhabahia\/"}]}},"_links":{"self":[{"href":"https:\/\/compartilhabahia.com.br\/index.php\/wp-json\/wp\/v2\/posts\/7271","targetHints":{"allow":["GET"]}}],"collection":[{"href":"https:\/\/compartilhabahia.com.br\/index.php\/wp-json\/wp\/v2\/posts"}],"about":[{"href":"https:\/\/compartilhabahia.com.br\/index.php\/wp-json\/wp\/v2\/types\/post"}],"author":[{"embeddable":true,"href":"https:\/\/compartilhabahia.com.br\/index.php\/wp-json\/wp\/v2\/users\/1"}],"replies":[{"embeddable":true,"href":"https:\/\/compartilhabahia.com.br\/index.php\/wp-json\/wp\/v2\/comments?post=7271"}],"version-history":[{"count":2,"href":"https:\/\/compartilhabahia.com.br\/index.php\/wp-json\/wp\/v2\/posts\/7271\/revisions"}],"predecessor-version":[{"id":7279,"href":"https:\/\/compartilhabahia.com.br\/index.php\/wp-json\/wp\/v2\/posts\/7271\/revisions\/7279"}],"wp:featuredmedia":[{"embeddable":true,"href":"https:\/\/compartilhabahia.com.br\/index.php\/wp-json\/wp\/v2\/media\/7272"}],"wp:attachment":[{"href":"https:\/\/compartilhabahia.com.br\/index.php\/wp-json\/wp\/v2\/media?parent=7271"}],"wp:term":[{"taxonomy":"category","embeddable":true,"href":"https:\/\/compartilhabahia.com.br\/index.php\/wp-json\/wp\/v2\/categories?post=7271"},{"taxonomy":"post_tag","embeddable":true,"href":"https:\/\/compartilhabahia.com.br\/index.php\/wp-json\/wp\/v2\/tags?post=7271"}],"curies":[{"name":"wp","href":"https:\/\/api.w.org\/{rel}","templated":true}]}}