{"id":7268,"date":"2025-07-17T20:34:54","date_gmt":"2025-07-17T23:34:54","guid":{"rendered":"https:\/\/compartilhabahia.com.br\/?p=7268"},"modified":"2025-07-17T20:34:56","modified_gmt":"2025-07-17T23:34:56","slug":"empresa-americana-cargill-informa-aquisicao-de-nova-planta-industrial-na-bahia","status":"publish","type":"post","link":"https:\/\/compartilhabahia.com.br\/index.php\/2025\/07\/17\/empresa-americana-cargill-informa-aquisicao-de-nova-planta-industrial-na-bahia\/","title":{"rendered":"Empresa americana Cargill informa aquisi\u00e7\u00e3o de nova planta industrial na Bahia"},"content":{"rendered":"\n<p>A empresa americana Cargill informou aquisi\u00e7\u00e3o de nova planta industrial na Bahia ao governo do baiano em comunicado enviado \u00e0 Secretaria de Desenvolvimento Econ\u00f4mico. De acordo com a companhia, a f\u00e1brica de processamento de soja, localizada no munic\u00edpio de Barreiras, reafirma o compromisso com o estado e com o desenvolvimento econ\u00f4mico e social da regi\u00e3o.<\/p>\n\n\n\n<p>A unidade de Barreiras tem capacidade de esmagamento, refino e envase de \u00f3leo vegetal, podendo abastecer os mercados nacional e internacional por meio da produ\u00e7\u00e3o de farelo de soja, casca peletizada, \u00f3leo degomado e \u00f3leo refinado, al\u00e9m de gerar cerca de 250 empregos diretos. A aquisi\u00e7\u00e3o soma-se aos mais de R$ 8 bilh\u00f5es investidos pela Cargill no Brasil nos \u00faltimos cinco anos e ocorre no ano que a companhia celebra 60 anos de atua\u00e7\u00e3o no pa\u00eds.<\/p>\n\n\n\n<p>\u201cReceber essa not\u00edcia, no momento em que o presidente americano resolve aumentar sua taxa\u00e7\u00e3o sobre produtos brasileiros, \u00e9 muito importante para a economia baiana. A amplia\u00e7\u00e3o dos investimentos dessa gigante s\u00e3o fruto do trabalho s\u00e9rio e comprometido do time do governador Jer\u00f4nimo Rodrigues. No comunicado, a Cargill afirma que a Bahia ocupa posi\u00e7\u00e3o estrat\u00e9gica em suas opera\u00e7\u00f5es e que a aquisi\u00e7\u00e3o refor\u00e7a sua estrat\u00e9gia de crescimento e confirma a confian\u00e7a da companhia no potencial agroindustrial do Matopiba\u201d, afirma o secret\u00e1rio da pasta, Angelo Almeida.<\/p>\n\n\n\n<p>A Cargill finalizou o informe reafirmando seu compromisso com as comunidades onde est\u00e1 presente e agradeceu a constante parceria do governo baiano, colocando-se \u00e0 disposi\u00e7\u00e3o para realizar iniciativas conjuntas que ampliem os impactos positivos da aquisi\u00e7\u00e3o na economia regional e no bem-estar das comunidades do Oeste baiano.<\/p>\n\n\n\n<p><em><strong>Fonte: Ascom\/SDE<\/strong><\/em><\/p>\n","protected":false},"excerpt":{"rendered":"<p>A empresa americana Cargill informou aquisi\u00e7\u00e3o de nova planta industrial na Bahia ao governo do baiano em comunicado enviado \u00e0 Secretaria de Desenvolvimento Econ\u00f4mico. De acordo com a companhia, a f\u00e1brica de processamento de soja, localizada no munic\u00edpio de Barreiras, reafirma o compromisso com o estado e com o desenvolvimento econ\u00f4mico e social da regi\u00e3o. [&hellip;]<\/p>\n","protected":false},"author":1,"featured_media":7269,"comment_status":"open","ping_status":"open","sticky":false,"template":"","format":"standard","meta":{"footnotes":""},"categories":[10],"tags":[],"class_list":["post-7268","post","type-post","status-publish","format-standard","has-post-thumbnail","hentry","category-bahia"],"yoast_head":"<!-- This site is optimized with the Yoast SEO plugin v21.7 - https:\/\/yoast.com\/wordpress\/plugins\/seo\/ -->\n<title>Empresa americana Cargill informa aquisi\u00e7\u00e3o de nova planta industrial na Bahia - Compartilha Bahia<\/title>\n<meta name=\"robots\" content=\"index, follow, max-snippet:-1, max-image-preview:large, max-video-preview:-1\" \/>\n<link rel=\"canonical\" href=\"https:\/\/compartilhabahia.com.br\/index.php\/2025\/07\/17\/empresa-americana-cargill-informa-aquisicao-de-nova-planta-industrial-na-bahia\/\" \/>\n<meta property=\"og:locale\" content=\"pt_BR\" \/>\n<meta property=\"og:type\" content=\"article\" \/>\n<meta property=\"og:title\" content=\"Empresa americana Cargill informa aquisi\u00e7\u00e3o de nova planta industrial na Bahia - Compartilha Bahia\" \/>\n<meta property=\"og:description\" content=\"A empresa americana Cargill informou aquisi\u00e7\u00e3o de nova planta industrial na Bahia ao governo do baiano em comunicado enviado \u00e0 Secretaria de Desenvolvimento Econ\u00f4mico. De acordo com a companhia, a f\u00e1brica de processamento de soja, localizada no munic\u00edpio de Barreiras, reafirma o compromisso com o estado e com o desenvolvimento econ\u00f4mico e social da regi\u00e3o. [&hellip;]\" \/>\n<meta property=\"og:url\" content=\"https:\/\/compartilhabahia.com.br\/index.php\/2025\/07\/17\/empresa-americana-cargill-informa-aquisicao-de-nova-planta-industrial-na-bahia\/\" \/>\n<meta property=\"og:site_name\" content=\"Compartilha Bahia\" \/>\n<meta property=\"article:publisher\" content=\"https:\/\/web.facebook.com\/compartilhabahia\" \/>\n<meta property=\"article:published_time\" content=\"2025-07-17T23:34:54+00:00\" \/>\n<meta property=\"article:modified_time\" content=\"2025-07-17T23:34:56+00:00\" \/>\n<meta property=\"og:image\" content=\"https:\/\/compartilhabahia.com.br\/wp-content\/uploads\/2025\/07\/Campo-de-Soja-Adenilson-Nunes-GOVBA.jpeg\" \/>\n\t<meta property=\"og:image:width\" content=\"800\" \/>\n\t<meta property=\"og:image:height\" content=\"533\" \/>\n\t<meta property=\"og:image:type\" content=\"image\/jpeg\" \/>\n<meta name=\"author\" content=\"admin\" \/>\n<meta name=\"twitter:card\" content=\"summary_large_image\" \/>\n<meta name=\"twitter:label1\" content=\"Escrito por\" \/>\n\t<meta name=\"twitter:data1\" content=\"admin\" \/>\n\t<meta name=\"twitter:label2\" content=\"Est. tempo de leitura\" \/>\n\t<meta name=\"twitter:data2\" content=\"2 minutos\" \/>\n<script type=\"application\/ld+json\" class=\"yoast-schema-graph\">{\"@context\":\"https:\/\/schema.org\",\"@graph\":[{\"@type\":\"Article\",\"@id\":\"https:\/\/compartilhabahia.com.br\/index.php\/2025\/07\/17\/empresa-americana-cargill-informa-aquisicao-de-nova-planta-industrial-na-bahia\/#article\",\"isPartOf\":{\"@id\":\"https:\/\/compartilhabahia.com.br\/index.php\/2025\/07\/17\/empresa-americana-cargill-informa-aquisicao-de-nova-planta-industrial-na-bahia\/\"},\"author\":{\"name\":\"admin\",\"@id\":\"https:\/\/compartilhabahia.com.br\/#\/schema\/person\/9b4f0c3178793b8248d6686732521c04\"},\"headline\":\"Empresa americana Cargill informa aquisi\u00e7\u00e3o de nova planta industrial na Bahia\",\"datePublished\":\"2025-07-17T23:34:54+00:00\",\"dateModified\":\"2025-07-17T23:34:56+00:00\",\"mainEntityOfPage\":{\"@id\":\"https:\/\/compartilhabahia.com.br\/index.php\/2025\/07\/17\/empresa-americana-cargill-informa-aquisicao-de-nova-planta-industrial-na-bahia\/\"},\"wordCount\":299,\"commentCount\":0,\"publisher\":{\"@id\":\"https:\/\/compartilhabahia.com.br\/#organization\"},\"articleSection\":[\"Bahia\"],\"inLanguage\":\"pt-BR\",\"potentialAction\":[{\"@type\":\"CommentAction\",\"name\":\"Comment\",\"target\":[\"https:\/\/compartilhabahia.com.br\/index.php\/2025\/07\/17\/empresa-americana-cargill-informa-aquisicao-de-nova-planta-industrial-na-bahia\/#respond\"]}]},{\"@type\":\"WebPage\",\"@id\":\"https:\/\/compartilhabahia.com.br\/index.php\/2025\/07\/17\/empresa-americana-cargill-informa-aquisicao-de-nova-planta-industrial-na-bahia\/\",\"url\":\"https:\/\/compartilhabahia.com.br\/index.php\/2025\/07\/17\/empresa-americana-cargill-informa-aquisicao-de-nova-planta-industrial-na-bahia\/\",\"name\":\"Empresa americana Cargill informa aquisi\u00e7\u00e3o de nova planta industrial na Bahia - Compartilha Bahia\",\"isPartOf\":{\"@id\":\"https:\/\/compartilhabahia.com.br\/#website\"},\"datePublished\":\"2025-07-17T23:34:54+00:00\",\"dateModified\":\"2025-07-17T23:34:56+00:00\",\"breadcrumb\":{\"@id\":\"https:\/\/compartilhabahia.com.br\/index.php\/2025\/07\/17\/empresa-americana-cargill-informa-aquisicao-de-nova-planta-industrial-na-bahia\/#breadcrumb\"},\"inLanguage\":\"pt-BR\",\"potentialAction\":[{\"@type\":\"ReadAction\",\"target\":[\"https:\/\/compartilhabahia.com.br\/index.php\/2025\/07\/17\/empresa-americana-cargill-informa-aquisicao-de-nova-planta-industrial-na-bahia\/\"]}]},{\"@type\":\"BreadcrumbList\",\"@id\":\"https:\/\/compartilhabahia.com.br\/index.php\/2025\/07\/17\/empresa-americana-cargill-informa-aquisicao-de-nova-planta-industrial-na-bahia\/#breadcrumb\",\"itemListElement\":[{\"@type\":\"ListItem\",\"position\":1,\"name\":\"In\u00edcio\",\"item\":\"https:\/\/compartilhabahia.com.br\/\"},{\"@type\":\"ListItem\",\"position\":2,\"name\":\"Empresa americana Cargill informa aquisi\u00e7\u00e3o de nova planta industrial na Bahia\"}]},{\"@type\":\"WebSite\",\"@id\":\"https:\/\/compartilhabahia.com.br\/#website\",\"url\":\"https:\/\/compartilhabahia.com.br\/\",\"name\":\"Compartilha Bahia\",\"description\":\"\",\"publisher\":{\"@id\":\"https:\/\/compartilhabahia.com.br\/#organization\"},\"potentialAction\":[{\"@type\":\"SearchAction\",\"target\":{\"@type\":\"EntryPoint\",\"urlTemplate\":\"https:\/\/compartilhabahia.com.br\/?s={search_term_string}\"},\"query-input\":\"required name=search_term_string\"}],\"inLanguage\":\"pt-BR\"},{\"@type\":\"Organization\",\"@id\":\"https:\/\/compartilhabahia.com.br\/#organization\",\"name\":\"Compartilha Bahia\",\"url\":\"https:\/\/compartilhabahia.com.br\/\",\"logo\":{\"@type\":\"ImageObject\",\"inLanguage\":\"pt-BR\",\"@id\":\"https:\/\/compartilhabahia.com.br\/#\/schema\/logo\/image\/\",\"url\":\"https:\/\/compartilhabahia.com.br\/wp-content\/uploads\/2023\/12\/cropped-logo.png\",\"contentUrl\":\"https:\/\/compartilhabahia.com.br\/wp-content\/uploads\/2023\/12\/cropped-logo.png\",\"width\":300,\"height\":106,\"caption\":\"Compartilha Bahia\"},\"image\":{\"@id\":\"https:\/\/compartilhabahia.com.br\/#\/schema\/logo\/image\/\"},\"sameAs\":[\"https:\/\/web.facebook.com\/compartilhabahia\",\"https:\/\/www.instagram.com\/compartilhabahia\/\"]},{\"@type\":\"Person\",\"@id\":\"https:\/\/compartilhabahia.com.br\/#\/schema\/person\/9b4f0c3178793b8248d6686732521c04\",\"name\":\"admin\",\"image\":{\"@type\":\"ImageObject\",\"inLanguage\":\"pt-BR\",\"@id\":\"https:\/\/compartilhabahia.com.br\/#\/schema\/person\/image\/\",\"url\":\"https:\/\/secure.gravatar.com\/avatar\/9600df58751c5acbe914c538c03390ef649ea088cb65f84ba09c7ce66988eed6?s=96&d=mm&r=g\",\"contentUrl\":\"https:\/\/secure.gravatar.com\/avatar\/9600df58751c5acbe914c538c03390ef649ea088cb65f84ba09c7ce66988eed6?s=96&d=mm&r=g\",\"caption\":\"admin\"},\"sameAs\":[\"https:\/\/compartilhabahia.com.br\"],\"url\":\"https:\/\/compartilhabahia.com.br\/index.php\/author\/compartilhabahia\/\"}]}<\/script>\n<!-- \/ Yoast SEO plugin. -->","yoast_head_json":{"title":"Empresa americana Cargill informa aquisi\u00e7\u00e3o de nova planta industrial na Bahia - Compartilha Bahia","robots":{"index":"index","follow":"follow","max-snippet":"max-snippet:-1","max-image-preview":"max-image-preview:large","max-video-preview":"max-video-preview:-1"},"canonical":"https:\/\/compartilhabahia.com.br\/index.php\/2025\/07\/17\/empresa-americana-cargill-informa-aquisicao-de-nova-planta-industrial-na-bahia\/","og_locale":"pt_BR","og_type":"article","og_title":"Empresa americana Cargill informa aquisi\u00e7\u00e3o de nova planta industrial na Bahia - Compartilha Bahia","og_description":"A empresa americana Cargill informou aquisi\u00e7\u00e3o de nova planta industrial na Bahia ao governo do baiano em comunicado enviado \u00e0 Secretaria de Desenvolvimento Econ\u00f4mico. De acordo com a companhia, a f\u00e1brica de processamento de soja, localizada no munic\u00edpio de Barreiras, reafirma o compromisso com o estado e com o desenvolvimento econ\u00f4mico e social da regi\u00e3o. [&hellip;]","og_url":"https:\/\/compartilhabahia.com.br\/index.php\/2025\/07\/17\/empresa-americana-cargill-informa-aquisicao-de-nova-planta-industrial-na-bahia\/","og_site_name":"Compartilha Bahia","article_publisher":"https:\/\/web.facebook.com\/compartilhabahia","article_published_time":"2025-07-17T23:34:54+00:00","article_modified_time":"2025-07-17T23:34:56+00:00","og_image":[{"width":800,"height":533,"url":"https:\/\/compartilhabahia.com.br\/wp-content\/uploads\/2025\/07\/Campo-de-Soja-Adenilson-Nunes-GOVBA.jpeg","type":"image\/jpeg"}],"author":"admin","twitter_card":"summary_large_image","twitter_misc":{"Escrito por":"admin","Est. tempo de leitura":"2 minutos"},"schema":{"@context":"https:\/\/schema.org","@graph":[{"@type":"Article","@id":"https:\/\/compartilhabahia.com.br\/index.php\/2025\/07\/17\/empresa-americana-cargill-informa-aquisicao-de-nova-planta-industrial-na-bahia\/#article","isPartOf":{"@id":"https:\/\/compartilhabahia.com.br\/index.php\/2025\/07\/17\/empresa-americana-cargill-informa-aquisicao-de-nova-planta-industrial-na-bahia\/"},"author":{"name":"admin","@id":"https:\/\/compartilhabahia.com.br\/#\/schema\/person\/9b4f0c3178793b8248d6686732521c04"},"headline":"Empresa americana Cargill informa aquisi\u00e7\u00e3o de nova planta industrial na Bahia","datePublished":"2025-07-17T23:34:54+00:00","dateModified":"2025-07-17T23:34:56+00:00","mainEntityOfPage":{"@id":"https:\/\/compartilhabahia.com.br\/index.php\/2025\/07\/17\/empresa-americana-cargill-informa-aquisicao-de-nova-planta-industrial-na-bahia\/"},"wordCount":299,"commentCount":0,"publisher":{"@id":"https:\/\/compartilhabahia.com.br\/#organization"},"articleSection":["Bahia"],"inLanguage":"pt-BR","potentialAction":[{"@type":"CommentAction","name":"Comment","target":["https:\/\/compartilhabahia.com.br\/index.php\/2025\/07\/17\/empresa-americana-cargill-informa-aquisicao-de-nova-planta-industrial-na-bahia\/#respond"]}]},{"@type":"WebPage","@id":"https:\/\/compartilhabahia.com.br\/index.php\/2025\/07\/17\/empresa-americana-cargill-informa-aquisicao-de-nova-planta-industrial-na-bahia\/","url":"https:\/\/compartilhabahia.com.br\/index.php\/2025\/07\/17\/empresa-americana-cargill-informa-aquisicao-de-nova-planta-industrial-na-bahia\/","name":"Empresa americana Cargill informa aquisi\u00e7\u00e3o de nova planta industrial na Bahia - Compartilha Bahia","isPartOf":{"@id":"https:\/\/compartilhabahia.com.br\/#website"},"datePublished":"2025-07-17T23:34:54+00:00","dateModified":"2025-07-17T23:34:56+00:00","breadcrumb":{"@id":"https:\/\/compartilhabahia.com.br\/index.php\/2025\/07\/17\/empresa-americana-cargill-informa-aquisicao-de-nova-planta-industrial-na-bahia\/#breadcrumb"},"inLanguage":"pt-BR","potentialAction":[{"@type":"ReadAction","target":["https:\/\/compartilhabahia.com.br\/index.php\/2025\/07\/17\/empresa-americana-cargill-informa-aquisicao-de-nova-planta-industrial-na-bahia\/"]}]},{"@type":"BreadcrumbList","@id":"https:\/\/compartilhabahia.com.br\/index.php\/2025\/07\/17\/empresa-americana-cargill-informa-aquisicao-de-nova-planta-industrial-na-bahia\/#breadcrumb","itemListElement":[{"@type":"ListItem","position":1,"name":"In\u00edcio","item":"https:\/\/compartilhabahia.com.br\/"},{"@type":"ListItem","position":2,"name":"Empresa americana Cargill informa aquisi\u00e7\u00e3o de nova planta industrial na Bahia"}]},{"@type":"WebSite","@id":"https:\/\/compartilhabahia.com.br\/#website","url":"https:\/\/compartilhabahia.com.br\/","name":"Compartilha Bahia","description":"","publisher":{"@id":"https:\/\/compartilhabahia.com.br\/#organization"},"potentialAction":[{"@type":"SearchAction","target":{"@type":"EntryPoint","urlTemplate":"https:\/\/compartilhabahia.com.br\/?s={search_term_string}"},"query-input":"required name=search_term_string"}],"inLanguage":"pt-BR"},{"@type":"Organization","@id":"https:\/\/compartilhabahia.com.br\/#organization","name":"Compartilha Bahia","url":"https:\/\/compartilhabahia.com.br\/","logo":{"@type":"ImageObject","inLanguage":"pt-BR","@id":"https:\/\/compartilhabahia.com.br\/#\/schema\/logo\/image\/","url":"https:\/\/compartilhabahia.com.br\/wp-content\/uploads\/2023\/12\/cropped-logo.png","contentUrl":"https:\/\/compartilhabahia.com.br\/wp-content\/uploads\/2023\/12\/cropped-logo.png","width":300,"height":106,"caption":"Compartilha Bahia"},"image":{"@id":"https:\/\/compartilhabahia.com.br\/#\/schema\/logo\/image\/"},"sameAs":["https:\/\/web.facebook.com\/compartilhabahia","https:\/\/www.instagram.com\/compartilhabahia\/"]},{"@type":"Person","@id":"https:\/\/compartilhabahia.com.br\/#\/schema\/person\/9b4f0c3178793b8248d6686732521c04","name":"admin","image":{"@type":"ImageObject","inLanguage":"pt-BR","@id":"https:\/\/compartilhabahia.com.br\/#\/schema\/person\/image\/","url":"https:\/\/secure.gravatar.com\/avatar\/9600df58751c5acbe914c538c03390ef649ea088cb65f84ba09c7ce66988eed6?s=96&d=mm&r=g","contentUrl":"https:\/\/secure.gravatar.com\/avatar\/9600df58751c5acbe914c538c03390ef649ea088cb65f84ba09c7ce66988eed6?s=96&d=mm&r=g","caption":"admin"},"sameAs":["https:\/\/compartilhabahia.com.br"],"url":"https:\/\/compartilhabahia.com.br\/index.php\/author\/compartilhabahia\/"}]}},"_links":{"self":[{"href":"https:\/\/compartilhabahia.com.br\/index.php\/wp-json\/wp\/v2\/posts\/7268","targetHints":{"allow":["GET"]}}],"collection":[{"href":"https:\/\/compartilhabahia.com.br\/index.php\/wp-json\/wp\/v2\/posts"}],"about":[{"href":"https:\/\/compartilhabahia.com.br\/index.php\/wp-json\/wp\/v2\/types\/post"}],"author":[{"embeddable":true,"href":"https:\/\/compartilhabahia.com.br\/index.php\/wp-json\/wp\/v2\/users\/1"}],"replies":[{"embeddable":true,"href":"https:\/\/compartilhabahia.com.br\/index.php\/wp-json\/wp\/v2\/comments?post=7268"}],"version-history":[{"count":1,"href":"https:\/\/compartilhabahia.com.br\/index.php\/wp-json\/wp\/v2\/posts\/7268\/revisions"}],"predecessor-version":[{"id":7270,"href":"https:\/\/compartilhabahia.com.br\/index.php\/wp-json\/wp\/v2\/posts\/7268\/revisions\/7270"}],"wp:featuredmedia":[{"embeddable":true,"href":"https:\/\/compartilhabahia.com.br\/index.php\/wp-json\/wp\/v2\/media\/7269"}],"wp:attachment":[{"href":"https:\/\/compartilhabahia.com.br\/index.php\/wp-json\/wp\/v2\/media?parent=7268"}],"wp:term":[{"taxonomy":"category","embeddable":true,"href":"https:\/\/compartilhabahia.com.br\/index.php\/wp-json\/wp\/v2\/categories?post=7268"},{"taxonomy":"post_tag","embeddable":true,"href":"https:\/\/compartilhabahia.com.br\/index.php\/wp-json\/wp\/v2\/tags?post=7268"}],"curies":[{"name":"wp","href":"https:\/\/api.w.org\/{rel}","templated":true}]}}