{"id":7259,"date":"2025-07-17T17:59:45","date_gmt":"2025-07-17T20:59:45","guid":{"rendered":"https:\/\/compartilhabahia.com.br\/?p=7259"},"modified":"2025-07-17T18:09:03","modified_gmt":"2025-07-17T21:09:03","slug":"bahia-pela-paz-estamos-trabalhando-pela-seguranca-diz-secretaria-de-governo","status":"publish","type":"post","link":"https:\/\/compartilhabahia.com.br\/index.php\/2025\/07\/17\/bahia-pela-paz-estamos-trabalhando-pela-seguranca-diz-secretaria-de-governo\/","title":{"rendered":"Bahia pela Paz: &#8220;Estamos trabalhando pela seguran\u00e7a&#8221; diz secret\u00e1ria de governo"},"content":{"rendered":"\n<p>Cama\u00e7ari avan\u00e7a na implanta\u00e7\u00e3o do Bahia pela Paz com elabora\u00e7\u00e3o do termo de parceria<\/p>\n\n\n\n<p>\u201cEsse projeto mostra que n\u00f3s estamos imbu\u00eddos da miss\u00e3o de trabalhar no combate \u00e0 viol\u00eancia n\u00e3o s\u00f3 de forma repressiva, mas trabalhar para evitar que a viol\u00eancia ocorra. Ent\u00e3o, a gente vai atuar integrado com o governo estadual, federal, municipal e a sociedade civil, na busca pela promo\u00e7\u00e3o de oportunidades para os nossos jovens, para ofertamos outras sa\u00eddas que n\u00e3o a viol\u00eancia\u201d, destacou a Secret\u00e1ria de Governo do Munic\u00edpio de Cama\u00e7ari, Ednalva Santana, a Branca.<\/p>\n\n\n\n<figure class=\"wp-block-image size-large is-resized\"><img loading=\"lazy\" decoding=\"async\" width=\"1024\" height=\"682\" src=\"https:\/\/compartilhabahia.com.br\/wp-content\/uploads\/2025\/07\/WhatsApp-Image-2025-07-17-at-16.52.01-1-1024x682.jpeg\" alt=\"\" class=\"wp-image-7264\" style=\"width:344px;height:auto\" srcset=\"https:\/\/compartilhabahia.com.br\/wp-content\/uploads\/2025\/07\/WhatsApp-Image-2025-07-17-at-16.52.01-1-1024x682.jpeg 1024w, https:\/\/compartilhabahia.com.br\/wp-content\/uploads\/2025\/07\/WhatsApp-Image-2025-07-17-at-16.52.01-1-300x200.jpeg 300w, https:\/\/compartilhabahia.com.br\/wp-content\/uploads\/2025\/07\/WhatsApp-Image-2025-07-17-at-16.52.01-1-768x512.jpeg 768w, https:\/\/compartilhabahia.com.br\/wp-content\/uploads\/2025\/07\/WhatsApp-Image-2025-07-17-at-16.52.01-1-1536x1023.jpeg 1536w, https:\/\/compartilhabahia.com.br\/wp-content\/uploads\/2025\/07\/WhatsApp-Image-2025-07-17-at-16.52.01-1-1200x800.jpeg 1200w, https:\/\/compartilhabahia.com.br\/wp-content\/uploads\/2025\/07\/WhatsApp-Image-2025-07-17-at-16.52.01-1.jpeg 1600w\" sizes=\"auto, (max-width: 1024px) 100vw, 1024px\" \/><\/figure>\n\n\n\n<p>A cidade de Cama\u00e7ari deu um passo importante na consolida\u00e7\u00e3o de pol\u00edticas p\u00fablicas voltadas \u00e0 juventude e \u00e0 redu\u00e7\u00e3o da viol\u00eancia. Em reuni\u00e3o multilateral com representantes de diversas secretarias municipais e do Governo do Estado, nesta quinta-feira (17) na sala de reuni\u00f5es da Secretaria de Governo (Segov), foi dado in\u00edcio \u00e0 elabora\u00e7\u00e3o do termo de parceria do programa Bahia pela Paz.<\/p>\n\n\n\n<p>Conduzido pela Secretaria de Justi\u00e7a e Direitos Humanos do Estado (SJDH), em parceria com a gest\u00e3o municipal, a iniciativa busca promover a\u00e7\u00f5es integradas em territ\u00f3rios para transformar realidades locais.<\/p>\n\n\n\n<p>Os Coletivos Bahia pela Paz s\u00e3o caracterizados como centros de refer\u00eancia em direitos humanos, localizados em regi\u00f5es com alta vulnerabilidade. Os equipamentos s\u00e3o compostos por equipes multiprofissionais, que envolvem o trabalho de advogados, assistentes sociais e psic\u00f3logos, tendo como p\u00fablico-alvo jovens de 12 a 29 anos de idade, bem como suas respectivas fam\u00edlias. A iniciativa ainda promove uma ampla perspectiva da pol\u00edtica de seguran\u00e7a p\u00fablica, visando a preven\u00e7\u00e3o e a redu\u00e7\u00e3o da viol\u00eancia. Com o avan\u00e7o das etapas de pactua\u00e7\u00e3o, Cama\u00e7ari se posiciona como refer\u00eancia estadual na constru\u00e7\u00e3o de solu\u00e7\u00f5es sustent\u00e1veis para a promo\u00e7\u00e3o da paz e da cidadania.<\/p>\n\n\n\n<p>Durante o encontro, a coordenadora geral dos Coletivos Bahia pela Paz, Taiala \u00c1guilan, apresentou os principais eixos da proposta, destacando o acompanhamento psicol\u00f3gico como uma das frentes mais relevantes. \u201cO acompanhamento ser\u00e1 voltado n\u00e3o apenas para os jovens atendidos, mas tamb\u00e9m para suas fam\u00edlias, fortalecendo o ambiente social e promovendo uma rede de cuidado ampliada\u201d, afirmou.<\/p>\n\n\n\n<p>A reuni\u00e3o contou tamb\u00e9m com a presen\u00e7a de outros secret\u00e1rios municipais, refor\u00e7ando o car\u00e1ter intersetorial da proposta: de Cultura, Elci Freitas; de Educa\u00e7\u00e3o, M\u00e1rcio Neves; de Desenvolvimento Urbano e Meio Ambiente, Rodrigo Nogueira; de Rela\u00e7\u00f5es Institucionais, Ademar Lopes; de Desenvolvimento Social e Cidadania, Jeane Gleyde; e de Esporte, Lazer e Juventude, T\u00e9o Ribeiro, al\u00e9m da subsecret\u00e1ria de Sa\u00fade, Gabriela Mendes e do diretor superintendente de Tr\u00e2nsito e Transporte P\u00fablico, Edmilson Souza.<\/p>\n\n\n\n<p>Um dos pontos de aten\u00e7\u00e3o levantados durante a elabora\u00e7\u00e3o do termo foi a chegada crescente de novas fam\u00edlias \u00e0 regi\u00e3o da orla de Cama\u00e7ari. O secret\u00e1rio Ademar Lopes destacou os desafios que esse movimento populacional imp\u00f5e \u00e0 gest\u00e3o p\u00fablica, especialmente no que diz respeito \u00e0 amplia\u00e7\u00e3o de pol\u00edticas sociais e servi\u00e7os b\u00e1sicos.<\/p>\n\n\n\n<p>\u201cEstamos diante de um novo perfil demogr\u00e1fico e precisamos de a\u00e7\u00f5es que respondam \u00e0 complexidade desse cen\u00e1rio. O Bahia pela Paz chega como uma iniciativa oportuna e estrat\u00e9gica\u201d, afirmou o titular da Serin.<\/p>\n\n\n\n<p>Como encaminhamento, foi pactuada uma agenda institucional com os pr\u00f3ximos passos para a efetiva\u00e7\u00e3o do programa no munic\u00edpio. Ser\u00e3o realizadas oficinas colaborativas para a constru\u00e7\u00e3o do Termo de Coopera\u00e7\u00e3o T\u00e9cnica entre o Governo do Estado e a Prefeitura de Cama\u00e7ari.<\/p>\n\n\n\n<p>A primeira oficina ser\u00e1 dedicada ao Eixo 1, que trata da promo\u00e7\u00e3o da cultura de paz, da arte, educa\u00e7\u00e3o e da mobiliza\u00e7\u00e3o juvenil. A segunda abordar\u00e1 os demais eixos do programa, com foco especial no enfrentamento \u00e0 viol\u00eancia letal.<\/p>\n\n\n\n<p>Para Denise Tourinho, coordenadora executiva do Sistema de Defesa Social do Estado, a chegada do programa a Cama\u00e7ari representa um avan\u00e7o significativo. \u201cEstamos falando de uma a\u00e7\u00e3o estruturante, que atua de forma integrada com as secretarias para transformar territ\u00f3rios e oferecer novas perspectivas de vida aos nossos jovens\u201d, afirmou.<\/p>\n\n\n\n<figure class=\"wp-block-image size-large is-resized\"><img loading=\"lazy\" decoding=\"async\" width=\"1024\" height=\"682\" src=\"https:\/\/compartilhabahia.com.br\/wp-content\/uploads\/2025\/07\/WhatsApp-Image-2025-07-17-at-16.52.02-1024x682.jpeg\" alt=\"\" class=\"wp-image-7266\" style=\"width:435px;height:auto\" srcset=\"https:\/\/compartilhabahia.com.br\/wp-content\/uploads\/2025\/07\/WhatsApp-Image-2025-07-17-at-16.52.02-1024x682.jpeg 1024w, https:\/\/compartilhabahia.com.br\/wp-content\/uploads\/2025\/07\/WhatsApp-Image-2025-07-17-at-16.52.02-300x200.jpeg 300w, https:\/\/compartilhabahia.com.br\/wp-content\/uploads\/2025\/07\/WhatsApp-Image-2025-07-17-at-16.52.02-768x512.jpeg 768w, https:\/\/compartilhabahia.com.br\/wp-content\/uploads\/2025\/07\/WhatsApp-Image-2025-07-17-at-16.52.02-1536x1023.jpeg 1536w, https:\/\/compartilhabahia.com.br\/wp-content\/uploads\/2025\/07\/WhatsApp-Image-2025-07-17-at-16.52.02-1200x800.jpeg 1200w, https:\/\/compartilhabahia.com.br\/wp-content\/uploads\/2025\/07\/WhatsApp-Image-2025-07-17-at-16.52.02.jpeg 1600w\" sizes=\"auto, (max-width: 1024px) 100vw, 1024px\" \/><\/figure>\n\n\n\n<p><\/p>\n\n\n\n<p>Foto: Juliano Sarraf<\/p>\n","protected":false},"excerpt":{"rendered":"<p>Cama\u00e7ari avan\u00e7a na implanta\u00e7\u00e3o do Bahia pela Paz com elabora\u00e7\u00e3o do termo de parceria \u201cEsse projeto mostra que n\u00f3s estamos imbu\u00eddos da miss\u00e3o de trabalhar no combate \u00e0 viol\u00eancia n\u00e3o s\u00f3 de forma repressiva, mas trabalhar para evitar que a viol\u00eancia ocorra. Ent\u00e3o, a gente vai atuar integrado com o governo estadual, federal, municipal e [&hellip;]<\/p>\n","protected":false},"author":1,"featured_media":7262,"comment_status":"open","ping_status":"open","sticky":false,"template":"","format":"standard","meta":{"footnotes":""},"categories":[8],"tags":[],"class_list":["post-7259","post","type-post","status-publish","format-standard","has-post-thumbnail","hentry","category-camacari"],"yoast_head":"<!-- This site is optimized with the Yoast SEO plugin v21.7 - https:\/\/yoast.com\/wordpress\/plugins\/seo\/ -->\n<title>Bahia pela Paz: &quot;Estamos trabalhando pela seguran\u00e7a&quot; diz secret\u00e1ria de governo - Compartilha Bahia<\/title>\n<meta name=\"robots\" content=\"index, follow, max-snippet:-1, max-image-preview:large, max-video-preview:-1\" \/>\n<link rel=\"canonical\" href=\"https:\/\/compartilhabahia.com.br\/index.php\/2025\/07\/17\/bahia-pela-paz-estamos-trabalhando-pela-seguranca-diz-secretaria-de-governo\/\" \/>\n<meta property=\"og:locale\" content=\"pt_BR\" \/>\n<meta property=\"og:type\" content=\"article\" \/>\n<meta property=\"og:title\" content=\"Bahia pela Paz: &quot;Estamos trabalhando pela seguran\u00e7a&quot; diz secret\u00e1ria de governo - Compartilha Bahia\" \/>\n<meta property=\"og:description\" content=\"Cama\u00e7ari avan\u00e7a na implanta\u00e7\u00e3o do Bahia pela Paz com elabora\u00e7\u00e3o do termo de parceria \u201cEsse projeto mostra que n\u00f3s estamos imbu\u00eddos da miss\u00e3o de trabalhar no combate \u00e0 viol\u00eancia n\u00e3o s\u00f3 de forma repressiva, mas trabalhar para evitar que a viol\u00eancia ocorra. Ent\u00e3o, a gente vai atuar integrado com o governo estadual, federal, municipal e [&hellip;]\" \/>\n<meta property=\"og:url\" content=\"https:\/\/compartilhabahia.com.br\/index.php\/2025\/07\/17\/bahia-pela-paz-estamos-trabalhando-pela-seguranca-diz-secretaria-de-governo\/\" \/>\n<meta property=\"og:site_name\" content=\"Compartilha Bahia\" \/>\n<meta property=\"article:publisher\" content=\"https:\/\/web.facebook.com\/compartilhabahia\" \/>\n<meta property=\"article:published_time\" content=\"2025-07-17T20:59:45+00:00\" \/>\n<meta property=\"article:modified_time\" content=\"2025-07-17T21:09:03+00:00\" \/>\n<meta property=\"og:image\" content=\"https:\/\/compartilhabahia.com.br\/wp-content\/uploads\/2025\/07\/segovreuni-1.jpg\" \/>\n\t<meta property=\"og:image:width\" content=\"1032\" \/>\n\t<meta property=\"og:image:height\" content=\"738\" \/>\n\t<meta property=\"og:image:type\" content=\"image\/jpeg\" \/>\n<meta name=\"author\" content=\"admin\" \/>\n<meta name=\"twitter:card\" content=\"summary_large_image\" \/>\n<meta name=\"twitter:label1\" content=\"Escrito por\" \/>\n\t<meta name=\"twitter:data1\" content=\"admin\" \/>\n\t<meta name=\"twitter:label2\" content=\"Est. tempo de leitura\" \/>\n\t<meta name=\"twitter:data2\" content=\"5 minutos\" \/>\n<script type=\"application\/ld+json\" class=\"yoast-schema-graph\">{\"@context\":\"https:\/\/schema.org\",\"@graph\":[{\"@type\":\"Article\",\"@id\":\"https:\/\/compartilhabahia.com.br\/index.php\/2025\/07\/17\/bahia-pela-paz-estamos-trabalhando-pela-seguranca-diz-secretaria-de-governo\/#article\",\"isPartOf\":{\"@id\":\"https:\/\/compartilhabahia.com.br\/index.php\/2025\/07\/17\/bahia-pela-paz-estamos-trabalhando-pela-seguranca-diz-secretaria-de-governo\/\"},\"author\":{\"name\":\"admin\",\"@id\":\"https:\/\/compartilhabahia.com.br\/#\/schema\/person\/9b4f0c3178793b8248d6686732521c04\"},\"headline\":\"Bahia pela Paz: &#8220;Estamos trabalhando pela seguran\u00e7a&#8221; diz secret\u00e1ria de governo\",\"datePublished\":\"2025-07-17T20:59:45+00:00\",\"dateModified\":\"2025-07-17T21:09:03+00:00\",\"mainEntityOfPage\":{\"@id\":\"https:\/\/compartilhabahia.com.br\/index.php\/2025\/07\/17\/bahia-pela-paz-estamos-trabalhando-pela-seguranca-diz-secretaria-de-governo\/\"},\"wordCount\":726,\"commentCount\":0,\"publisher\":{\"@id\":\"https:\/\/compartilhabahia.com.br\/#organization\"},\"articleSection\":[\"Cama\u00e7ari\"],\"inLanguage\":\"pt-BR\",\"potentialAction\":[{\"@type\":\"CommentAction\",\"name\":\"Comment\",\"target\":[\"https:\/\/compartilhabahia.com.br\/index.php\/2025\/07\/17\/bahia-pela-paz-estamos-trabalhando-pela-seguranca-diz-secretaria-de-governo\/#respond\"]}]},{\"@type\":\"WebPage\",\"@id\":\"https:\/\/compartilhabahia.com.br\/index.php\/2025\/07\/17\/bahia-pela-paz-estamos-trabalhando-pela-seguranca-diz-secretaria-de-governo\/\",\"url\":\"https:\/\/compartilhabahia.com.br\/index.php\/2025\/07\/17\/bahia-pela-paz-estamos-trabalhando-pela-seguranca-diz-secretaria-de-governo\/\",\"name\":\"Bahia pela Paz: \\\"Estamos trabalhando pela seguran\u00e7a\\\" diz secret\u00e1ria de governo - Compartilha Bahia\",\"isPartOf\":{\"@id\":\"https:\/\/compartilhabahia.com.br\/#website\"},\"datePublished\":\"2025-07-17T20:59:45+00:00\",\"dateModified\":\"2025-07-17T21:09:03+00:00\",\"breadcrumb\":{\"@id\":\"https:\/\/compartilhabahia.com.br\/index.php\/2025\/07\/17\/bahia-pela-paz-estamos-trabalhando-pela-seguranca-diz-secretaria-de-governo\/#breadcrumb\"},\"inLanguage\":\"pt-BR\",\"potentialAction\":[{\"@type\":\"ReadAction\",\"target\":[\"https:\/\/compartilhabahia.com.br\/index.php\/2025\/07\/17\/bahia-pela-paz-estamos-trabalhando-pela-seguranca-diz-secretaria-de-governo\/\"]}]},{\"@type\":\"BreadcrumbList\",\"@id\":\"https:\/\/compartilhabahia.com.br\/index.php\/2025\/07\/17\/bahia-pela-paz-estamos-trabalhando-pela-seguranca-diz-secretaria-de-governo\/#breadcrumb\",\"itemListElement\":[{\"@type\":\"ListItem\",\"position\":1,\"name\":\"In\u00edcio\",\"item\":\"https:\/\/compartilhabahia.com.br\/\"},{\"@type\":\"ListItem\",\"position\":2,\"name\":\"Bahia pela Paz: &#8220;Estamos trabalhando pela seguran\u00e7a&#8221; diz secret\u00e1ria de governo\"}]},{\"@type\":\"WebSite\",\"@id\":\"https:\/\/compartilhabahia.com.br\/#website\",\"url\":\"https:\/\/compartilhabahia.com.br\/\",\"name\":\"Compartilha Bahia\",\"description\":\"\",\"publisher\":{\"@id\":\"https:\/\/compartilhabahia.com.br\/#organization\"},\"potentialAction\":[{\"@type\":\"SearchAction\",\"target\":{\"@type\":\"EntryPoint\",\"urlTemplate\":\"https:\/\/compartilhabahia.com.br\/?s={search_term_string}\"},\"query-input\":\"required name=search_term_string\"}],\"inLanguage\":\"pt-BR\"},{\"@type\":\"Organization\",\"@id\":\"https:\/\/compartilhabahia.com.br\/#organization\",\"name\":\"Compartilha Bahia\",\"url\":\"https:\/\/compartilhabahia.com.br\/\",\"logo\":{\"@type\":\"ImageObject\",\"inLanguage\":\"pt-BR\",\"@id\":\"https:\/\/compartilhabahia.com.br\/#\/schema\/logo\/image\/\",\"url\":\"https:\/\/compartilhabahia.com.br\/wp-content\/uploads\/2023\/12\/cropped-logo.png\",\"contentUrl\":\"https:\/\/compartilhabahia.com.br\/wp-content\/uploads\/2023\/12\/cropped-logo.png\",\"width\":300,\"height\":106,\"caption\":\"Compartilha Bahia\"},\"image\":{\"@id\":\"https:\/\/compartilhabahia.com.br\/#\/schema\/logo\/image\/\"},\"sameAs\":[\"https:\/\/web.facebook.com\/compartilhabahia\",\"https:\/\/www.instagram.com\/compartilhabahia\/\"]},{\"@type\":\"Person\",\"@id\":\"https:\/\/compartilhabahia.com.br\/#\/schema\/person\/9b4f0c3178793b8248d6686732521c04\",\"name\":\"admin\",\"image\":{\"@type\":\"ImageObject\",\"inLanguage\":\"pt-BR\",\"@id\":\"https:\/\/compartilhabahia.com.br\/#\/schema\/person\/image\/\",\"url\":\"https:\/\/secure.gravatar.com\/avatar\/9600df58751c5acbe914c538c03390ef649ea088cb65f84ba09c7ce66988eed6?s=96&d=mm&r=g\",\"contentUrl\":\"https:\/\/secure.gravatar.com\/avatar\/9600df58751c5acbe914c538c03390ef649ea088cb65f84ba09c7ce66988eed6?s=96&d=mm&r=g\",\"caption\":\"admin\"},\"sameAs\":[\"https:\/\/compartilhabahia.com.br\"],\"url\":\"https:\/\/compartilhabahia.com.br\/index.php\/author\/compartilhabahia\/\"}]}<\/script>\n<!-- \/ Yoast SEO plugin. -->","yoast_head_json":{"title":"Bahia pela Paz: \"Estamos trabalhando pela seguran\u00e7a\" diz secret\u00e1ria de governo - Compartilha Bahia","robots":{"index":"index","follow":"follow","max-snippet":"max-snippet:-1","max-image-preview":"max-image-preview:large","max-video-preview":"max-video-preview:-1"},"canonical":"https:\/\/compartilhabahia.com.br\/index.php\/2025\/07\/17\/bahia-pela-paz-estamos-trabalhando-pela-seguranca-diz-secretaria-de-governo\/","og_locale":"pt_BR","og_type":"article","og_title":"Bahia pela Paz: \"Estamos trabalhando pela seguran\u00e7a\" diz secret\u00e1ria de governo - Compartilha Bahia","og_description":"Cama\u00e7ari avan\u00e7a na implanta\u00e7\u00e3o do Bahia pela Paz com elabora\u00e7\u00e3o do termo de parceria \u201cEsse projeto mostra que n\u00f3s estamos imbu\u00eddos da miss\u00e3o de trabalhar no combate \u00e0 viol\u00eancia n\u00e3o s\u00f3 de forma repressiva, mas trabalhar para evitar que a viol\u00eancia ocorra. Ent\u00e3o, a gente vai atuar integrado com o governo estadual, federal, municipal e [&hellip;]","og_url":"https:\/\/compartilhabahia.com.br\/index.php\/2025\/07\/17\/bahia-pela-paz-estamos-trabalhando-pela-seguranca-diz-secretaria-de-governo\/","og_site_name":"Compartilha Bahia","article_publisher":"https:\/\/web.facebook.com\/compartilhabahia","article_published_time":"2025-07-17T20:59:45+00:00","article_modified_time":"2025-07-17T21:09:03+00:00","og_image":[{"width":1032,"height":738,"url":"https:\/\/compartilhabahia.com.br\/wp-content\/uploads\/2025\/07\/segovreuni-1.jpg","type":"image\/jpeg"}],"author":"admin","twitter_card":"summary_large_image","twitter_misc":{"Escrito por":"admin","Est. tempo de leitura":"5 minutos"},"schema":{"@context":"https:\/\/schema.org","@graph":[{"@type":"Article","@id":"https:\/\/compartilhabahia.com.br\/index.php\/2025\/07\/17\/bahia-pela-paz-estamos-trabalhando-pela-seguranca-diz-secretaria-de-governo\/#article","isPartOf":{"@id":"https:\/\/compartilhabahia.com.br\/index.php\/2025\/07\/17\/bahia-pela-paz-estamos-trabalhando-pela-seguranca-diz-secretaria-de-governo\/"},"author":{"name":"admin","@id":"https:\/\/compartilhabahia.com.br\/#\/schema\/person\/9b4f0c3178793b8248d6686732521c04"},"headline":"Bahia pela Paz: &#8220;Estamos trabalhando pela seguran\u00e7a&#8221; diz secret\u00e1ria de governo","datePublished":"2025-07-17T20:59:45+00:00","dateModified":"2025-07-17T21:09:03+00:00","mainEntityOfPage":{"@id":"https:\/\/compartilhabahia.com.br\/index.php\/2025\/07\/17\/bahia-pela-paz-estamos-trabalhando-pela-seguranca-diz-secretaria-de-governo\/"},"wordCount":726,"commentCount":0,"publisher":{"@id":"https:\/\/compartilhabahia.com.br\/#organization"},"articleSection":["Cama\u00e7ari"],"inLanguage":"pt-BR","potentialAction":[{"@type":"CommentAction","name":"Comment","target":["https:\/\/compartilhabahia.com.br\/index.php\/2025\/07\/17\/bahia-pela-paz-estamos-trabalhando-pela-seguranca-diz-secretaria-de-governo\/#respond"]}]},{"@type":"WebPage","@id":"https:\/\/compartilhabahia.com.br\/index.php\/2025\/07\/17\/bahia-pela-paz-estamos-trabalhando-pela-seguranca-diz-secretaria-de-governo\/","url":"https:\/\/compartilhabahia.com.br\/index.php\/2025\/07\/17\/bahia-pela-paz-estamos-trabalhando-pela-seguranca-diz-secretaria-de-governo\/","name":"Bahia pela Paz: \"Estamos trabalhando pela seguran\u00e7a\" diz secret\u00e1ria de governo - Compartilha Bahia","isPartOf":{"@id":"https:\/\/compartilhabahia.com.br\/#website"},"datePublished":"2025-07-17T20:59:45+00:00","dateModified":"2025-07-17T21:09:03+00:00","breadcrumb":{"@id":"https:\/\/compartilhabahia.com.br\/index.php\/2025\/07\/17\/bahia-pela-paz-estamos-trabalhando-pela-seguranca-diz-secretaria-de-governo\/#breadcrumb"},"inLanguage":"pt-BR","potentialAction":[{"@type":"ReadAction","target":["https:\/\/compartilhabahia.com.br\/index.php\/2025\/07\/17\/bahia-pela-paz-estamos-trabalhando-pela-seguranca-diz-secretaria-de-governo\/"]}]},{"@type":"BreadcrumbList","@id":"https:\/\/compartilhabahia.com.br\/index.php\/2025\/07\/17\/bahia-pela-paz-estamos-trabalhando-pela-seguranca-diz-secretaria-de-governo\/#breadcrumb","itemListElement":[{"@type":"ListItem","position":1,"name":"In\u00edcio","item":"https:\/\/compartilhabahia.com.br\/"},{"@type":"ListItem","position":2,"name":"Bahia pela Paz: &#8220;Estamos trabalhando pela seguran\u00e7a&#8221; diz secret\u00e1ria de governo"}]},{"@type":"WebSite","@id":"https:\/\/compartilhabahia.com.br\/#website","url":"https:\/\/compartilhabahia.com.br\/","name":"Compartilha Bahia","description":"","publisher":{"@id":"https:\/\/compartilhabahia.com.br\/#organization"},"potentialAction":[{"@type":"SearchAction","target":{"@type":"EntryPoint","urlTemplate":"https:\/\/compartilhabahia.com.br\/?s={search_term_string}"},"query-input":"required name=search_term_string"}],"inLanguage":"pt-BR"},{"@type":"Organization","@id":"https:\/\/compartilhabahia.com.br\/#organization","name":"Compartilha Bahia","url":"https:\/\/compartilhabahia.com.br\/","logo":{"@type":"ImageObject","inLanguage":"pt-BR","@id":"https:\/\/compartilhabahia.com.br\/#\/schema\/logo\/image\/","url":"https:\/\/compartilhabahia.com.br\/wp-content\/uploads\/2023\/12\/cropped-logo.png","contentUrl":"https:\/\/compartilhabahia.com.br\/wp-content\/uploads\/2023\/12\/cropped-logo.png","width":300,"height":106,"caption":"Compartilha Bahia"},"image":{"@id":"https:\/\/compartilhabahia.com.br\/#\/schema\/logo\/image\/"},"sameAs":["https:\/\/web.facebook.com\/compartilhabahia","https:\/\/www.instagram.com\/compartilhabahia\/"]},{"@type":"Person","@id":"https:\/\/compartilhabahia.com.br\/#\/schema\/person\/9b4f0c3178793b8248d6686732521c04","name":"admin","image":{"@type":"ImageObject","inLanguage":"pt-BR","@id":"https:\/\/compartilhabahia.com.br\/#\/schema\/person\/image\/","url":"https:\/\/secure.gravatar.com\/avatar\/9600df58751c5acbe914c538c03390ef649ea088cb65f84ba09c7ce66988eed6?s=96&d=mm&r=g","contentUrl":"https:\/\/secure.gravatar.com\/avatar\/9600df58751c5acbe914c538c03390ef649ea088cb65f84ba09c7ce66988eed6?s=96&d=mm&r=g","caption":"admin"},"sameAs":["https:\/\/compartilhabahia.com.br"],"url":"https:\/\/compartilhabahia.com.br\/index.php\/author\/compartilhabahia\/"}]}},"_links":{"self":[{"href":"https:\/\/compartilhabahia.com.br\/index.php\/wp-json\/wp\/v2\/posts\/7259","targetHints":{"allow":["GET"]}}],"collection":[{"href":"https:\/\/compartilhabahia.com.br\/index.php\/wp-json\/wp\/v2\/posts"}],"about":[{"href":"https:\/\/compartilhabahia.com.br\/index.php\/wp-json\/wp\/v2\/types\/post"}],"author":[{"embeddable":true,"href":"https:\/\/compartilhabahia.com.br\/index.php\/wp-json\/wp\/v2\/users\/1"}],"replies":[{"embeddable":true,"href":"https:\/\/compartilhabahia.com.br\/index.php\/wp-json\/wp\/v2\/comments?post=7259"}],"version-history":[{"count":3,"href":"https:\/\/compartilhabahia.com.br\/index.php\/wp-json\/wp\/v2\/posts\/7259\/revisions"}],"predecessor-version":[{"id":7267,"href":"https:\/\/compartilhabahia.com.br\/index.php\/wp-json\/wp\/v2\/posts\/7259\/revisions\/7267"}],"wp:featuredmedia":[{"embeddable":true,"href":"https:\/\/compartilhabahia.com.br\/index.php\/wp-json\/wp\/v2\/media\/7262"}],"wp:attachment":[{"href":"https:\/\/compartilhabahia.com.br\/index.php\/wp-json\/wp\/v2\/media?parent=7259"}],"wp:term":[{"taxonomy":"category","embeddable":true,"href":"https:\/\/compartilhabahia.com.br\/index.php\/wp-json\/wp\/v2\/categories?post=7259"},{"taxonomy":"post_tag","embeddable":true,"href":"https:\/\/compartilhabahia.com.br\/index.php\/wp-json\/wp\/v2\/tags?post=7259"}],"curies":[{"name":"wp","href":"https:\/\/api.w.org\/{rel}","templated":true}]}}