{"id":7254,"date":"2025-07-16T23:36:37","date_gmt":"2025-07-17T02:36:37","guid":{"rendered":"https:\/\/compartilhabahia.com.br\/?p=7254"},"modified":"2025-07-16T23:37:43","modified_gmt":"2025-07-17T02:37:43","slug":"caetano-sanciona-lei-que-proibe-fogos-de-artificio-com-efeito-sonoro","status":"publish","type":"post","link":"https:\/\/compartilhabahia.com.br\/index.php\/2025\/07\/16\/caetano-sanciona-lei-que-proibe-fogos-de-artificio-com-efeito-sonoro\/","title":{"rendered":"Caetano sanciona lei que pro\u00edbe fogos de artif\u00edcio com efeito sonoro"},"content":{"rendered":"\n<p>O prefeito Caetano sancionou nesta quarta-feira, 16 de julho de 2025, atrav\u00e9s da edi\u00e7\u00e3o do Di\u00e1rio Oficial N\u00ba 2666\/2025, a LEI DE N\u00ba 1943\/2025, que pro\u00edbe a utiliza\u00e7\u00e3o de recursos p\u00fablicos para compra de fogos de artif\u00edcio e similares por parte da administra\u00e7\u00e3o direta, indireta, autarquia e fundacional do Munic\u00edpio de Cama\u00e7ari e d\u00e1 outras provid\u00eancias.<\/p>\n\n\n\n<p>Confira os artigos da lei, que havia sido aprovada pelos vereadores:<\/p>\n\n\n\n<p>Art. 1\u00b0 Fica proibida a utiliza\u00e7\u00e3o de recursos p\u00fablicos, por parte da administra\u00e7\u00e3o direta, indireta, autarquias e funda\u00e7\u00f5es do Munic\u00edpio de Cama\u00e7ari, para a aquisi\u00e7\u00e3o de fogos de artif\u00edcio e artefatos<br>pirot\u00e9cnicos de efeito sonoro ruidoso.<\/p>\n\n\n\n<p><br>\u00a71\u00b0 Entende-se por fogos de artif\u00edcio e artefatos pirot\u00e9cnicos de efeito sonoro ruidoso aqueles que<br>produzem estampidos ou explos\u00f5es sonoras que possam causar inc\u00f4modo ou preju\u00edzo \u00e0 sa\u00fade de<br>pessoas, animais e ao meio ambiente.<\/p>\n\n\n\n<p><br>\u00a72\u00b0 A veda\u00e7\u00e3o prevista neste artigo se aplica a quaisquer eventos promovidos, apoiados ou patrocinados pelo poder p\u00fablico municipal,  ainda que indiretamente.<\/p>\n\n\n\n<p><br>Art. 2\u00b0 Esta Lei n\u00e3o se aplica \u00e0 utiliza\u00e7\u00e3o de fogos de artif\u00edcio que produzam apenas efeitos visuais e que<br>n\u00e3o gerem ru\u00eddo sonoro acima dos limites permitidos pela legisla\u00e7\u00e3o ambiental vigente.<\/p>\n\n\n\n<p><br>Art. 3\u00ba O descumprimento desta Lei por parte de agentes p\u00fablicos respons\u00e1veis ensejar\u00e1 a responsabiliza\u00e7\u00e3o administrativa, civil, quando couber, penal, nos termos da legisla\u00e7\u00e3o aplic\u00e1vel.<\/p>\n\n\n\n<p>A lei j\u00e1 esta em vigor.<\/p>\n\n\n\n<figure class=\"wp-block-image size-full\"><img loading=\"lazy\" decoding=\"async\" width=\"378\" height=\"462\" src=\"https:\/\/compartilhabahia.com.br\/wp-content\/uploads\/2025\/07\/sancionou.jpg\" alt=\"\" class=\"wp-image-7257\" srcset=\"https:\/\/compartilhabahia.com.br\/wp-content\/uploads\/2025\/07\/sancionou.jpg 378w, https:\/\/compartilhabahia.com.br\/wp-content\/uploads\/2025\/07\/sancionou-245x300.jpg 245w\" sizes=\"auto, (max-width: 378px) 100vw, 378px\" \/><\/figure>\n","protected":false},"excerpt":{"rendered":"<p>O prefeito Caetano sancionou nesta quarta-feira, 16 de julho de 2025, atrav\u00e9s da edi\u00e7\u00e3o do Di\u00e1rio Oficial N\u00ba 2666\/2025, a LEI DE N\u00ba 1943\/2025, que pro\u00edbe a utiliza\u00e7\u00e3o de recursos p\u00fablicos para compra de fogos de artif\u00edcio e similares por parte da administra\u00e7\u00e3o direta, indireta, autarquia e fundacional do Munic\u00edpio de Cama\u00e7ari e d\u00e1 outras [&hellip;]<\/p>\n","protected":false},"author":1,"featured_media":7255,"comment_status":"open","ping_status":"open","sticky":false,"template":"","format":"standard","meta":{"footnotes":""},"categories":[8],"tags":[],"class_list":["post-7254","post","type-post","status-publish","format-standard","has-post-thumbnail","hentry","category-camacari"],"yoast_head":"<!-- This site is optimized with the Yoast SEO plugin v21.7 - https:\/\/yoast.com\/wordpress\/plugins\/seo\/ -->\n<title>Caetano sanciona lei que pro\u00edbe fogos de artif\u00edcio com efeito sonoro - Compartilha Bahia<\/title>\n<meta name=\"robots\" content=\"index, follow, max-snippet:-1, max-image-preview:large, max-video-preview:-1\" \/>\n<link rel=\"canonical\" href=\"https:\/\/compartilhabahia.com.br\/index.php\/2025\/07\/16\/caetano-sanciona-lei-que-proibe-fogos-de-artificio-com-efeito-sonoro\/\" \/>\n<meta property=\"og:locale\" content=\"pt_BR\" \/>\n<meta property=\"og:type\" content=\"article\" \/>\n<meta property=\"og:title\" content=\"Caetano sanciona lei que pro\u00edbe fogos de artif\u00edcio com efeito sonoro - Compartilha Bahia\" \/>\n<meta property=\"og:description\" content=\"O prefeito Caetano sancionou nesta quarta-feira, 16 de julho de 2025, atrav\u00e9s da edi\u00e7\u00e3o do Di\u00e1rio Oficial N\u00ba 2666\/2025, a LEI DE N\u00ba 1943\/2025, que pro\u00edbe a utiliza\u00e7\u00e3o de recursos p\u00fablicos para compra de fogos de artif\u00edcio e similares por parte da administra\u00e7\u00e3o direta, indireta, autarquia e fundacional do Munic\u00edpio de Cama\u00e7ari e d\u00e1 outras [&hellip;]\" \/>\n<meta property=\"og:url\" content=\"https:\/\/compartilhabahia.com.br\/index.php\/2025\/07\/16\/caetano-sanciona-lei-que-proibe-fogos-de-artificio-com-efeito-sonoro\/\" \/>\n<meta property=\"og:site_name\" content=\"Compartilha Bahia\" \/>\n<meta property=\"article:publisher\" content=\"https:\/\/web.facebook.com\/compartilhabahia\" \/>\n<meta property=\"article:published_time\" content=\"2025-07-17T02:36:37+00:00\" \/>\n<meta property=\"article:modified_time\" content=\"2025-07-17T02:37:43+00:00\" \/>\n<meta property=\"og:image\" content=\"https:\/\/compartilhabahia.com.br\/wp-content\/uploads\/2025\/07\/1733209777-cachorro-cao-pet-fogo-artificio.webp\" \/>\n\t<meta property=\"og:image:width\" content=\"774\" \/>\n\t<meta property=\"og:image:height\" content=\"516\" \/>\n\t<meta property=\"og:image:type\" content=\"image\/webp\" \/>\n<meta name=\"author\" content=\"admin\" \/>\n<meta name=\"twitter:card\" content=\"summary_large_image\" \/>\n<meta name=\"twitter:label1\" content=\"Escrito por\" \/>\n\t<meta name=\"twitter:data1\" content=\"admin\" \/>\n\t<meta name=\"twitter:label2\" content=\"Est. tempo de leitura\" \/>\n\t<meta name=\"twitter:data2\" content=\"2 minutos\" \/>\n<script type=\"application\/ld+json\" class=\"yoast-schema-graph\">{\"@context\":\"https:\/\/schema.org\",\"@graph\":[{\"@type\":\"Article\",\"@id\":\"https:\/\/compartilhabahia.com.br\/index.php\/2025\/07\/16\/caetano-sanciona-lei-que-proibe-fogos-de-artificio-com-efeito-sonoro\/#article\",\"isPartOf\":{\"@id\":\"https:\/\/compartilhabahia.com.br\/index.php\/2025\/07\/16\/caetano-sanciona-lei-que-proibe-fogos-de-artificio-com-efeito-sonoro\/\"},\"author\":{\"name\":\"admin\",\"@id\":\"https:\/\/compartilhabahia.com.br\/#\/schema\/person\/9b4f0c3178793b8248d6686732521c04\"},\"headline\":\"Caetano sanciona lei que pro\u00edbe fogos de artif\u00edcio com efeito sonoro\",\"datePublished\":\"2025-07-17T02:36:37+00:00\",\"dateModified\":\"2025-07-17T02:37:43+00:00\",\"mainEntityOfPage\":{\"@id\":\"https:\/\/compartilhabahia.com.br\/index.php\/2025\/07\/16\/caetano-sanciona-lei-que-proibe-fogos-de-artificio-com-efeito-sonoro\/\"},\"wordCount\":260,\"commentCount\":0,\"publisher\":{\"@id\":\"https:\/\/compartilhabahia.com.br\/#organization\"},\"articleSection\":[\"Cama\u00e7ari\"],\"inLanguage\":\"pt-BR\",\"potentialAction\":[{\"@type\":\"CommentAction\",\"name\":\"Comment\",\"target\":[\"https:\/\/compartilhabahia.com.br\/index.php\/2025\/07\/16\/caetano-sanciona-lei-que-proibe-fogos-de-artificio-com-efeito-sonoro\/#respond\"]}]},{\"@type\":\"WebPage\",\"@id\":\"https:\/\/compartilhabahia.com.br\/index.php\/2025\/07\/16\/caetano-sanciona-lei-que-proibe-fogos-de-artificio-com-efeito-sonoro\/\",\"url\":\"https:\/\/compartilhabahia.com.br\/index.php\/2025\/07\/16\/caetano-sanciona-lei-que-proibe-fogos-de-artificio-com-efeito-sonoro\/\",\"name\":\"Caetano sanciona lei que pro\u00edbe fogos de artif\u00edcio com efeito sonoro - Compartilha Bahia\",\"isPartOf\":{\"@id\":\"https:\/\/compartilhabahia.com.br\/#website\"},\"datePublished\":\"2025-07-17T02:36:37+00:00\",\"dateModified\":\"2025-07-17T02:37:43+00:00\",\"breadcrumb\":{\"@id\":\"https:\/\/compartilhabahia.com.br\/index.php\/2025\/07\/16\/caetano-sanciona-lei-que-proibe-fogos-de-artificio-com-efeito-sonoro\/#breadcrumb\"},\"inLanguage\":\"pt-BR\",\"potentialAction\":[{\"@type\":\"ReadAction\",\"target\":[\"https:\/\/compartilhabahia.com.br\/index.php\/2025\/07\/16\/caetano-sanciona-lei-que-proibe-fogos-de-artificio-com-efeito-sonoro\/\"]}]},{\"@type\":\"BreadcrumbList\",\"@id\":\"https:\/\/compartilhabahia.com.br\/index.php\/2025\/07\/16\/caetano-sanciona-lei-que-proibe-fogos-de-artificio-com-efeito-sonoro\/#breadcrumb\",\"itemListElement\":[{\"@type\":\"ListItem\",\"position\":1,\"name\":\"In\u00edcio\",\"item\":\"https:\/\/compartilhabahia.com.br\/\"},{\"@type\":\"ListItem\",\"position\":2,\"name\":\"Caetano sanciona lei que pro\u00edbe fogos de artif\u00edcio com efeito sonoro\"}]},{\"@type\":\"WebSite\",\"@id\":\"https:\/\/compartilhabahia.com.br\/#website\",\"url\":\"https:\/\/compartilhabahia.com.br\/\",\"name\":\"Compartilha Bahia\",\"description\":\"\",\"publisher\":{\"@id\":\"https:\/\/compartilhabahia.com.br\/#organization\"},\"potentialAction\":[{\"@type\":\"SearchAction\",\"target\":{\"@type\":\"EntryPoint\",\"urlTemplate\":\"https:\/\/compartilhabahia.com.br\/?s={search_term_string}\"},\"query-input\":\"required name=search_term_string\"}],\"inLanguage\":\"pt-BR\"},{\"@type\":\"Organization\",\"@id\":\"https:\/\/compartilhabahia.com.br\/#organization\",\"name\":\"Compartilha Bahia\",\"url\":\"https:\/\/compartilhabahia.com.br\/\",\"logo\":{\"@type\":\"ImageObject\",\"inLanguage\":\"pt-BR\",\"@id\":\"https:\/\/compartilhabahia.com.br\/#\/schema\/logo\/image\/\",\"url\":\"https:\/\/compartilhabahia.com.br\/wp-content\/uploads\/2023\/12\/cropped-logo.png\",\"contentUrl\":\"https:\/\/compartilhabahia.com.br\/wp-content\/uploads\/2023\/12\/cropped-logo.png\",\"width\":300,\"height\":106,\"caption\":\"Compartilha Bahia\"},\"image\":{\"@id\":\"https:\/\/compartilhabahia.com.br\/#\/schema\/logo\/image\/\"},\"sameAs\":[\"https:\/\/web.facebook.com\/compartilhabahia\",\"https:\/\/www.instagram.com\/compartilhabahia\/\"]},{\"@type\":\"Person\",\"@id\":\"https:\/\/compartilhabahia.com.br\/#\/schema\/person\/9b4f0c3178793b8248d6686732521c04\",\"name\":\"admin\",\"image\":{\"@type\":\"ImageObject\",\"inLanguage\":\"pt-BR\",\"@id\":\"https:\/\/compartilhabahia.com.br\/#\/schema\/person\/image\/\",\"url\":\"https:\/\/secure.gravatar.com\/avatar\/9600df58751c5acbe914c538c03390ef649ea088cb65f84ba09c7ce66988eed6?s=96&d=mm&r=g\",\"contentUrl\":\"https:\/\/secure.gravatar.com\/avatar\/9600df58751c5acbe914c538c03390ef649ea088cb65f84ba09c7ce66988eed6?s=96&d=mm&r=g\",\"caption\":\"admin\"},\"sameAs\":[\"https:\/\/compartilhabahia.com.br\"],\"url\":\"https:\/\/compartilhabahia.com.br\/index.php\/author\/compartilhabahia\/\"}]}<\/script>\n<!-- \/ Yoast SEO plugin. -->","yoast_head_json":{"title":"Caetano sanciona lei que pro\u00edbe fogos de artif\u00edcio com efeito sonoro - Compartilha Bahia","robots":{"index":"index","follow":"follow","max-snippet":"max-snippet:-1","max-image-preview":"max-image-preview:large","max-video-preview":"max-video-preview:-1"},"canonical":"https:\/\/compartilhabahia.com.br\/index.php\/2025\/07\/16\/caetano-sanciona-lei-que-proibe-fogos-de-artificio-com-efeito-sonoro\/","og_locale":"pt_BR","og_type":"article","og_title":"Caetano sanciona lei que pro\u00edbe fogos de artif\u00edcio com efeito sonoro - Compartilha Bahia","og_description":"O prefeito Caetano sancionou nesta quarta-feira, 16 de julho de 2025, atrav\u00e9s da edi\u00e7\u00e3o do Di\u00e1rio Oficial N\u00ba 2666\/2025, a LEI DE N\u00ba 1943\/2025, que pro\u00edbe a utiliza\u00e7\u00e3o de recursos p\u00fablicos para compra de fogos de artif\u00edcio e similares por parte da administra\u00e7\u00e3o direta, indireta, autarquia e fundacional do Munic\u00edpio de Cama\u00e7ari e d\u00e1 outras [&hellip;]","og_url":"https:\/\/compartilhabahia.com.br\/index.php\/2025\/07\/16\/caetano-sanciona-lei-que-proibe-fogos-de-artificio-com-efeito-sonoro\/","og_site_name":"Compartilha Bahia","article_publisher":"https:\/\/web.facebook.com\/compartilhabahia","article_published_time":"2025-07-17T02:36:37+00:00","article_modified_time":"2025-07-17T02:37:43+00:00","og_image":[{"width":774,"height":516,"url":"https:\/\/compartilhabahia.com.br\/wp-content\/uploads\/2025\/07\/1733209777-cachorro-cao-pet-fogo-artificio.webp","type":"image\/webp"}],"author":"admin","twitter_card":"summary_large_image","twitter_misc":{"Escrito por":"admin","Est. tempo de leitura":"2 minutos"},"schema":{"@context":"https:\/\/schema.org","@graph":[{"@type":"Article","@id":"https:\/\/compartilhabahia.com.br\/index.php\/2025\/07\/16\/caetano-sanciona-lei-que-proibe-fogos-de-artificio-com-efeito-sonoro\/#article","isPartOf":{"@id":"https:\/\/compartilhabahia.com.br\/index.php\/2025\/07\/16\/caetano-sanciona-lei-que-proibe-fogos-de-artificio-com-efeito-sonoro\/"},"author":{"name":"admin","@id":"https:\/\/compartilhabahia.com.br\/#\/schema\/person\/9b4f0c3178793b8248d6686732521c04"},"headline":"Caetano sanciona lei que pro\u00edbe fogos de artif\u00edcio com efeito sonoro","datePublished":"2025-07-17T02:36:37+00:00","dateModified":"2025-07-17T02:37:43+00:00","mainEntityOfPage":{"@id":"https:\/\/compartilhabahia.com.br\/index.php\/2025\/07\/16\/caetano-sanciona-lei-que-proibe-fogos-de-artificio-com-efeito-sonoro\/"},"wordCount":260,"commentCount":0,"publisher":{"@id":"https:\/\/compartilhabahia.com.br\/#organization"},"articleSection":["Cama\u00e7ari"],"inLanguage":"pt-BR","potentialAction":[{"@type":"CommentAction","name":"Comment","target":["https:\/\/compartilhabahia.com.br\/index.php\/2025\/07\/16\/caetano-sanciona-lei-que-proibe-fogos-de-artificio-com-efeito-sonoro\/#respond"]}]},{"@type":"WebPage","@id":"https:\/\/compartilhabahia.com.br\/index.php\/2025\/07\/16\/caetano-sanciona-lei-que-proibe-fogos-de-artificio-com-efeito-sonoro\/","url":"https:\/\/compartilhabahia.com.br\/index.php\/2025\/07\/16\/caetano-sanciona-lei-que-proibe-fogos-de-artificio-com-efeito-sonoro\/","name":"Caetano sanciona lei que pro\u00edbe fogos de artif\u00edcio com efeito sonoro - Compartilha Bahia","isPartOf":{"@id":"https:\/\/compartilhabahia.com.br\/#website"},"datePublished":"2025-07-17T02:36:37+00:00","dateModified":"2025-07-17T02:37:43+00:00","breadcrumb":{"@id":"https:\/\/compartilhabahia.com.br\/index.php\/2025\/07\/16\/caetano-sanciona-lei-que-proibe-fogos-de-artificio-com-efeito-sonoro\/#breadcrumb"},"inLanguage":"pt-BR","potentialAction":[{"@type":"ReadAction","target":["https:\/\/compartilhabahia.com.br\/index.php\/2025\/07\/16\/caetano-sanciona-lei-que-proibe-fogos-de-artificio-com-efeito-sonoro\/"]}]},{"@type":"BreadcrumbList","@id":"https:\/\/compartilhabahia.com.br\/index.php\/2025\/07\/16\/caetano-sanciona-lei-que-proibe-fogos-de-artificio-com-efeito-sonoro\/#breadcrumb","itemListElement":[{"@type":"ListItem","position":1,"name":"In\u00edcio","item":"https:\/\/compartilhabahia.com.br\/"},{"@type":"ListItem","position":2,"name":"Caetano sanciona lei que pro\u00edbe fogos de artif\u00edcio com efeito sonoro"}]},{"@type":"WebSite","@id":"https:\/\/compartilhabahia.com.br\/#website","url":"https:\/\/compartilhabahia.com.br\/","name":"Compartilha Bahia","description":"","publisher":{"@id":"https:\/\/compartilhabahia.com.br\/#organization"},"potentialAction":[{"@type":"SearchAction","target":{"@type":"EntryPoint","urlTemplate":"https:\/\/compartilhabahia.com.br\/?s={search_term_string}"},"query-input":"required name=search_term_string"}],"inLanguage":"pt-BR"},{"@type":"Organization","@id":"https:\/\/compartilhabahia.com.br\/#organization","name":"Compartilha Bahia","url":"https:\/\/compartilhabahia.com.br\/","logo":{"@type":"ImageObject","inLanguage":"pt-BR","@id":"https:\/\/compartilhabahia.com.br\/#\/schema\/logo\/image\/","url":"https:\/\/compartilhabahia.com.br\/wp-content\/uploads\/2023\/12\/cropped-logo.png","contentUrl":"https:\/\/compartilhabahia.com.br\/wp-content\/uploads\/2023\/12\/cropped-logo.png","width":300,"height":106,"caption":"Compartilha Bahia"},"image":{"@id":"https:\/\/compartilhabahia.com.br\/#\/schema\/logo\/image\/"},"sameAs":["https:\/\/web.facebook.com\/compartilhabahia","https:\/\/www.instagram.com\/compartilhabahia\/"]},{"@type":"Person","@id":"https:\/\/compartilhabahia.com.br\/#\/schema\/person\/9b4f0c3178793b8248d6686732521c04","name":"admin","image":{"@type":"ImageObject","inLanguage":"pt-BR","@id":"https:\/\/compartilhabahia.com.br\/#\/schema\/person\/image\/","url":"https:\/\/secure.gravatar.com\/avatar\/9600df58751c5acbe914c538c03390ef649ea088cb65f84ba09c7ce66988eed6?s=96&d=mm&r=g","contentUrl":"https:\/\/secure.gravatar.com\/avatar\/9600df58751c5acbe914c538c03390ef649ea088cb65f84ba09c7ce66988eed6?s=96&d=mm&r=g","caption":"admin"},"sameAs":["https:\/\/compartilhabahia.com.br"],"url":"https:\/\/compartilhabahia.com.br\/index.php\/author\/compartilhabahia\/"}]}},"_links":{"self":[{"href":"https:\/\/compartilhabahia.com.br\/index.php\/wp-json\/wp\/v2\/posts\/7254","targetHints":{"allow":["GET"]}}],"collection":[{"href":"https:\/\/compartilhabahia.com.br\/index.php\/wp-json\/wp\/v2\/posts"}],"about":[{"href":"https:\/\/compartilhabahia.com.br\/index.php\/wp-json\/wp\/v2\/types\/post"}],"author":[{"embeddable":true,"href":"https:\/\/compartilhabahia.com.br\/index.php\/wp-json\/wp\/v2\/users\/1"}],"replies":[{"embeddable":true,"href":"https:\/\/compartilhabahia.com.br\/index.php\/wp-json\/wp\/v2\/comments?post=7254"}],"version-history":[{"count":2,"href":"https:\/\/compartilhabahia.com.br\/index.php\/wp-json\/wp\/v2\/posts\/7254\/revisions"}],"predecessor-version":[{"id":7258,"href":"https:\/\/compartilhabahia.com.br\/index.php\/wp-json\/wp\/v2\/posts\/7254\/revisions\/7258"}],"wp:featuredmedia":[{"embeddable":true,"href":"https:\/\/compartilhabahia.com.br\/index.php\/wp-json\/wp\/v2\/media\/7255"}],"wp:attachment":[{"href":"https:\/\/compartilhabahia.com.br\/index.php\/wp-json\/wp\/v2\/media?parent=7254"}],"wp:term":[{"taxonomy":"category","embeddable":true,"href":"https:\/\/compartilhabahia.com.br\/index.php\/wp-json\/wp\/v2\/categories?post=7254"},{"taxonomy":"post_tag","embeddable":true,"href":"https:\/\/compartilhabahia.com.br\/index.php\/wp-json\/wp\/v2\/tags?post=7254"}],"curies":[{"name":"wp","href":"https:\/\/api.w.org\/{rel}","templated":true}]}}