{"id":7245,"date":"2025-07-15T21:30:04","date_gmt":"2025-07-16T00:30:04","guid":{"rendered":"https:\/\/compartilhabahia.com.br\/?p=7245"},"modified":"2025-07-15T21:30:06","modified_gmt":"2025-07-16T00:30:06","slug":"alckmin-governo-trabalha-para-resolver-questao-tarifaria-com-estados-unidos-antes-de-agosto","status":"publish","type":"post","link":"https:\/\/compartilhabahia.com.br\/index.php\/2025\/07\/15\/alckmin-governo-trabalha-para-resolver-questao-tarifaria-com-estados-unidos-antes-de-agosto\/","title":{"rendered":"Alckmin: Governo trabalha para resolver quest\u00e3o tarif\u00e1ria com Estados Unidos antes de agosto"},"content":{"rendered":"\n<p>Ap\u00f3s duas reuni\u00f5es com representantes de setores da ind\u00fastria e da agropecu\u00e1ria, para tratar da taxa\u00e7\u00e3o imposta pelos EUA \u00e0s exporta\u00e7\u00f5es brasileiras, o vice-presidente e ministro do Desenvolvimento, Ind\u00fastria, Com\u00e9rcio e Servi\u00e7os (MDIC), Geraldo Alckmin, afirmou na tarde desta ter\u00e7a-feira (15\/7) que o governo federal trabalha para resolver a quest\u00e3o antes de 1\u00ba de agosto, data anunciada pelo presidente norte-americano, Donald Trump, para in\u00edcio de cobran\u00e7a da tarifa de 50% sobre produtos origin\u00e1rios do Brasil.<\/p>\n\n\n\n<p>As reuni\u00f5es aconteceram no \u00e2mbito&nbsp;<a href=\"https:\/\/www.gov.br\/mdic\/pt-br\/assuntos\/noticias\/2025\/julho\/presidente-lula-anuncia-comite-para-adocao-de-medidas-de-protecao-da-economia-brasileira\">Comit\u00ea Interministerial de Negocia\u00e7\u00e3o e Contramedidas Econ\u00f4micas e Comerciais&nbsp;<\/a>, criado por decreto do presidente Luiz In\u00e1cio Lula da Silva para responder \u00e0 aplica\u00e7\u00e3o de medidas tarif\u00e1rias unilaterais, por pa\u00edses ou blocos econ\u00f4micos, prejudiciais ao Brasil.<\/p>\n\n\n\n<blockquote class=\"wp-block-quote is-layout-flow wp-block-quote-is-layout-flow\">\n<p>Pudemos ouvir o setor produtivo e reiterar o compromisso com o di\u00e1logo, que \u00e9 o compromisso do presidente&nbsp;Lula, para trabalharmos juntos e reverter este quadro.&nbsp;Houve uma coloca\u00e7\u00e3o aqui de que o prazo \u00e9 ex\u00edguo, pedindo um prazo maior. Mas a ideia do governo \u00e9 procurar resolver&nbsp;at\u00e9 o dia 31 de julho\u201d, ressaltou Alckmin.<\/p>\n<\/blockquote>\n\n\n\n<p><strong>Leia tamb\u00e9m:&nbsp;<\/strong><br><strong>\u2022&nbsp;<a href=\"https:\/\/agenciagov.ebc.com.br\/presidentes-da-cni-e-da-fiesp-dizem-confiar-na-capacidade-de-negociacao-do-governo\" rel=\"noreferrer noopener\" target=\"_blank\">Presidentes da CNI e da Fiesp dizem confiar na capacidade de negocia\u00e7\u00e3o do Governo<\/a><\/strong><br><strong>\u2022&nbsp;<a href=\"https:\/\/agenciagov.ebc.com.br\/governo-defende-dialogo-tambem-com-empresarios-dos-eua-para-reverter-tarifaco\">Governo defende di\u00e1logo tamb\u00e9m com empres\u00e1rios dos EUA para reverter tarifa\u00e7o<\/a><\/strong><\/p>\n\n\n\n<p>A mobiliza\u00e7\u00e3o com o setor produtivo segue ao longo da semana. Est\u00e3o previstas novas reuni\u00f5es com outras setores e entidades, de empres\u00e1rios e trabalhadores. Tamb\u00e9m haver\u00e1 conversas com representantes do empresariado norte-americano, a Amcham \u2013 C\u00e2mara Americana de Com\u00e9rcio para o Brasil.<\/p>\n\n\n\n<p>O vice-presidente destacou, mais uma vez, que a taxa\u00e7\u00e3o \u00e9 uma medida inadequada. &#8220;Em rela\u00e7\u00e3o \u00e0 quest\u00e3o tarif\u00e1ria, entendemos que ela \u00e9 equivocada, o Brasil tem d\u00e9ficit na balan\u00e7a comercial com Estados Unidos, os Estados Unidos tem d\u00e9ficit com o mundo todo, mas tem super\u00e1vit com o Brasil, ali\u00e1s, tem super\u00e1vit h\u00e1 15 anos, foram mais de US$ 400 bilh\u00f5es de super\u00e1vit na balan\u00e7a comercial, ent\u00e3o n\u00e3o tem o menor sentido voc\u00ea ter uma tarifa totalmente despropositada. A ideia, o trabalho \u00e9 reverter isso&#8221;, pontuou Alckmin.&nbsp;<\/p>\n\n\n\n<p>O ministro da Agricultura e Pecu\u00e1ria, Carlos F\u00e1varo, refor\u00e7ou a import\u00e2ncia do di\u00e1logo. \u201cEstamos realizando essa conversa aberta com as entidades representativas do setor para entender as ang\u00fastias e os anseios. Vamos intensificar a busca por alternativas. O di\u00e1logo est\u00e1 aberto da parte brasileira.\u201d F\u00e1varo tamb\u00e9m afirmou que \u00e9 determina\u00e7\u00e3o do presidente Lula a retomada da boa diplomacia brasileira.<\/p>\n\n\n\n<h3 class=\"wp-block-heading\"><strong>Di\u00e1logo com setor produtivo dos EUA<\/strong><\/h3>\n\n\n\n<p>Na entrevista coletiva ap\u00f3s o encontro da tarde, Alckmin destacou que representantes do setor produtivo nacional se comprometeram a trabalhar com seus cong\u00eaneres estadunidenses, que tamb\u00e9m ser\u00e3o afetado com o aumento da tarifa de exporta\u00e7\u00e3o de produtos brasileiros vendidos aos EUA.<\/p>\n\n\n\n<blockquote class=\"wp-block-quote is-layout-flow wp-block-quote-is-layout-flow\">\n<p>\u00c0s vezes voc\u00ea tem cadeias integradas, ent\u00e3o vamos trabalhar tamb\u00e9m com os&nbsp;empres\u00e1rios americanos, mostrando que isso tem um preju\u00edzo n\u00e3o s\u00f3 para o Brasil, mas&nbsp;tamb\u00e9m um preju\u00edzo para a popula\u00e7\u00e3o americana, porque h\u00e1 uma complementariedade econ\u00f4mica\u201d, destacou.<\/p>\n<\/blockquote>\n\n\n\n<p>O ministro tamb\u00e9m falou do super\u00e1vit dos EUA na balan\u00e7a comercial com o Brasil. Enquanto a exporta\u00e7\u00e3o de produtos brasileiros cresceu 4,3% no primeiro semestre, a importa\u00e7\u00e3o de produtos dos EUA aumentou 11%.<\/p>\n\n\n\n<p>A reuni\u00e3o contou com a participa\u00e7\u00e3o dos ministros da Casa Civil, Rui Costa, da Agricultura e Pecu\u00e1ria, Carlos F\u00e1varo, de Portos e Aeroportos, Silvio Costa Filho, da Pesca e Aquicultura, Andr\u00e9 de Paula, da Rela\u00e7\u00f5es Institucionais da Presid\u00eancia da Rep\u00fablica, Gleisi Hoffmann, e da ministra substituta do Minist\u00e9rio de Rela\u00e7\u00f5es Exteriores, Maria Laura da Rocha, entre outros integrantes do governo federal.<\/p>\n\n\n\n<p>Do lado do agroneg\u00f3cio, participaram lideran\u00e7as dos setores de caf\u00e9, frutas, pescados e carne bovina, entre outros.<a target=\"_blank\" href=\"https:\/\/www.gov.br\/mdic\/pt-br\/assuntos\/noticias\/2025\/julho\/alckmin-governo-trabalha-para-resolver-questao-tarifaria-com-estados-unidos-antes-de-agosto\" rel=\"noreferrer noopener\">Link: https:\/\/www.gov.br\/mdic\/pt-br\/assuntos\/noticias\/2025\/julho\/alckmin-governo-trabalha-para-resolver-questao-tarifaria-com-estados-unidos-antes-de-agosto<\/a><\/p>\n\n\n\n<p><\/p>\n","protected":false},"excerpt":{"rendered":"<p>Ap\u00f3s duas reuni\u00f5es com representantes de setores da ind\u00fastria e da agropecu\u00e1ria, para tratar da taxa\u00e7\u00e3o imposta pelos EUA \u00e0s exporta\u00e7\u00f5es brasileiras, o vice-presidente e ministro do Desenvolvimento, Ind\u00fastria, Com\u00e9rcio e Servi\u00e7os (MDIC), Geraldo Alckmin, afirmou na tarde desta ter\u00e7a-feira (15\/7) que o governo federal trabalha para resolver a quest\u00e3o antes de 1\u00ba de agosto, [&hellip;]<\/p>\n","protected":false},"author":1,"featured_media":7246,"comment_status":"open","ping_status":"open","sticky":false,"template":"","format":"standard","meta":{"footnotes":""},"categories":[1],"tags":[],"class_list":["post-7245","post","type-post","status-publish","format-standard","has-post-thumbnail","hentry","category-mundo"],"yoast_head":"<!-- This site is optimized with the Yoast SEO plugin v21.7 - https:\/\/yoast.com\/wordpress\/plugins\/seo\/ -->\n<title>Alckmin: Governo trabalha para resolver quest\u00e3o tarif\u00e1ria com Estados Unidos antes de agosto - Compartilha Bahia<\/title>\n<meta name=\"robots\" content=\"index, follow, max-snippet:-1, max-image-preview:large, max-video-preview:-1\" \/>\n<link rel=\"canonical\" href=\"https:\/\/compartilhabahia.com.br\/index.php\/2025\/07\/15\/alckmin-governo-trabalha-para-resolver-questao-tarifaria-com-estados-unidos-antes-de-agosto\/\" \/>\n<meta property=\"og:locale\" content=\"pt_BR\" \/>\n<meta property=\"og:type\" content=\"article\" \/>\n<meta property=\"og:title\" content=\"Alckmin: Governo trabalha para resolver quest\u00e3o tarif\u00e1ria com Estados Unidos antes de agosto - Compartilha Bahia\" \/>\n<meta property=\"og:description\" content=\"Ap\u00f3s duas reuni\u00f5es com representantes de setores da ind\u00fastria e da agropecu\u00e1ria, para tratar da taxa\u00e7\u00e3o imposta pelos EUA \u00e0s exporta\u00e7\u00f5es brasileiras, o vice-presidente e ministro do Desenvolvimento, Ind\u00fastria, Com\u00e9rcio e Servi\u00e7os (MDIC), Geraldo Alckmin, afirmou na tarde desta ter\u00e7a-feira (15\/7) que o governo federal trabalha para resolver a quest\u00e3o antes de 1\u00ba de agosto, [&hellip;]\" \/>\n<meta property=\"og:url\" content=\"https:\/\/compartilhabahia.com.br\/index.php\/2025\/07\/15\/alckmin-governo-trabalha-para-resolver-questao-tarifaria-com-estados-unidos-antes-de-agosto\/\" \/>\n<meta property=\"og:site_name\" content=\"Compartilha Bahia\" \/>\n<meta property=\"article:publisher\" content=\"https:\/\/web.facebook.com\/compartilhabahia\" \/>\n<meta property=\"article:published_time\" content=\"2025-07-16T00:30:04+00:00\" \/>\n<meta property=\"article:modified_time\" content=\"2025-07-16T00:30:06+00:00\" \/>\n<meta property=\"og:image\" content=\"https:\/\/compartilhabahia.com.br\/wp-content\/uploads\/2025\/07\/fde603d1-f575-41bc-9733-12ac86fa5881.jpeg\" \/>\n\t<meta property=\"og:image:width\" content=\"768\" \/>\n\t<meta property=\"og:image:height\" content=\"512\" \/>\n\t<meta property=\"og:image:type\" content=\"image\/jpeg\" \/>\n<meta name=\"author\" content=\"admin\" \/>\n<meta name=\"twitter:card\" content=\"summary_large_image\" \/>\n<meta name=\"twitter:label1\" content=\"Escrito por\" \/>\n\t<meta name=\"twitter:data1\" content=\"admin\" \/>\n\t<meta name=\"twitter:label2\" content=\"Est. tempo de leitura\" \/>\n\t<meta name=\"twitter:data2\" content=\"3 minutos\" \/>\n<script type=\"application\/ld+json\" class=\"yoast-schema-graph\">{\"@context\":\"https:\/\/schema.org\",\"@graph\":[{\"@type\":\"Article\",\"@id\":\"https:\/\/compartilhabahia.com.br\/index.php\/2025\/07\/15\/alckmin-governo-trabalha-para-resolver-questao-tarifaria-com-estados-unidos-antes-de-agosto\/#article\",\"isPartOf\":{\"@id\":\"https:\/\/compartilhabahia.com.br\/index.php\/2025\/07\/15\/alckmin-governo-trabalha-para-resolver-questao-tarifaria-com-estados-unidos-antes-de-agosto\/\"},\"author\":{\"name\":\"admin\",\"@id\":\"https:\/\/compartilhabahia.com.br\/#\/schema\/person\/9b4f0c3178793b8248d6686732521c04\"},\"headline\":\"Alckmin: Governo trabalha para resolver quest\u00e3o tarif\u00e1ria com Estados Unidos antes de agosto\",\"datePublished\":\"2025-07-16T00:30:04+00:00\",\"dateModified\":\"2025-07-16T00:30:06+00:00\",\"mainEntityOfPage\":{\"@id\":\"https:\/\/compartilhabahia.com.br\/index.php\/2025\/07\/15\/alckmin-governo-trabalha-para-resolver-questao-tarifaria-com-estados-unidos-antes-de-agosto\/\"},\"wordCount\":695,\"commentCount\":0,\"publisher\":{\"@id\":\"https:\/\/compartilhabahia.com.br\/#organization\"},\"articleSection\":[\"Mundo\"],\"inLanguage\":\"pt-BR\",\"potentialAction\":[{\"@type\":\"CommentAction\",\"name\":\"Comment\",\"target\":[\"https:\/\/compartilhabahia.com.br\/index.php\/2025\/07\/15\/alckmin-governo-trabalha-para-resolver-questao-tarifaria-com-estados-unidos-antes-de-agosto\/#respond\"]}]},{\"@type\":\"WebPage\",\"@id\":\"https:\/\/compartilhabahia.com.br\/index.php\/2025\/07\/15\/alckmin-governo-trabalha-para-resolver-questao-tarifaria-com-estados-unidos-antes-de-agosto\/\",\"url\":\"https:\/\/compartilhabahia.com.br\/index.php\/2025\/07\/15\/alckmin-governo-trabalha-para-resolver-questao-tarifaria-com-estados-unidos-antes-de-agosto\/\",\"name\":\"Alckmin: Governo trabalha para resolver quest\u00e3o tarif\u00e1ria com Estados Unidos antes de agosto - Compartilha Bahia\",\"isPartOf\":{\"@id\":\"https:\/\/compartilhabahia.com.br\/#website\"},\"datePublished\":\"2025-07-16T00:30:04+00:00\",\"dateModified\":\"2025-07-16T00:30:06+00:00\",\"breadcrumb\":{\"@id\":\"https:\/\/compartilhabahia.com.br\/index.php\/2025\/07\/15\/alckmin-governo-trabalha-para-resolver-questao-tarifaria-com-estados-unidos-antes-de-agosto\/#breadcrumb\"},\"inLanguage\":\"pt-BR\",\"potentialAction\":[{\"@type\":\"ReadAction\",\"target\":[\"https:\/\/compartilhabahia.com.br\/index.php\/2025\/07\/15\/alckmin-governo-trabalha-para-resolver-questao-tarifaria-com-estados-unidos-antes-de-agosto\/\"]}]},{\"@type\":\"BreadcrumbList\",\"@id\":\"https:\/\/compartilhabahia.com.br\/index.php\/2025\/07\/15\/alckmin-governo-trabalha-para-resolver-questao-tarifaria-com-estados-unidos-antes-de-agosto\/#breadcrumb\",\"itemListElement\":[{\"@type\":\"ListItem\",\"position\":1,\"name\":\"In\u00edcio\",\"item\":\"https:\/\/compartilhabahia.com.br\/\"},{\"@type\":\"ListItem\",\"position\":2,\"name\":\"Alckmin: Governo trabalha para resolver quest\u00e3o tarif\u00e1ria com Estados Unidos antes de agosto\"}]},{\"@type\":\"WebSite\",\"@id\":\"https:\/\/compartilhabahia.com.br\/#website\",\"url\":\"https:\/\/compartilhabahia.com.br\/\",\"name\":\"Compartilha Bahia\",\"description\":\"\",\"publisher\":{\"@id\":\"https:\/\/compartilhabahia.com.br\/#organization\"},\"potentialAction\":[{\"@type\":\"SearchAction\",\"target\":{\"@type\":\"EntryPoint\",\"urlTemplate\":\"https:\/\/compartilhabahia.com.br\/?s={search_term_string}\"},\"query-input\":\"required name=search_term_string\"}],\"inLanguage\":\"pt-BR\"},{\"@type\":\"Organization\",\"@id\":\"https:\/\/compartilhabahia.com.br\/#organization\",\"name\":\"Compartilha Bahia\",\"url\":\"https:\/\/compartilhabahia.com.br\/\",\"logo\":{\"@type\":\"ImageObject\",\"inLanguage\":\"pt-BR\",\"@id\":\"https:\/\/compartilhabahia.com.br\/#\/schema\/logo\/image\/\",\"url\":\"https:\/\/compartilhabahia.com.br\/wp-content\/uploads\/2023\/12\/cropped-logo.png\",\"contentUrl\":\"https:\/\/compartilhabahia.com.br\/wp-content\/uploads\/2023\/12\/cropped-logo.png\",\"width\":300,\"height\":106,\"caption\":\"Compartilha Bahia\"},\"image\":{\"@id\":\"https:\/\/compartilhabahia.com.br\/#\/schema\/logo\/image\/\"},\"sameAs\":[\"https:\/\/web.facebook.com\/compartilhabahia\",\"https:\/\/www.instagram.com\/compartilhabahia\/\"]},{\"@type\":\"Person\",\"@id\":\"https:\/\/compartilhabahia.com.br\/#\/schema\/person\/9b4f0c3178793b8248d6686732521c04\",\"name\":\"admin\",\"image\":{\"@type\":\"ImageObject\",\"inLanguage\":\"pt-BR\",\"@id\":\"https:\/\/compartilhabahia.com.br\/#\/schema\/person\/image\/\",\"url\":\"https:\/\/secure.gravatar.com\/avatar\/9600df58751c5acbe914c538c03390ef649ea088cb65f84ba09c7ce66988eed6?s=96&d=mm&r=g\",\"contentUrl\":\"https:\/\/secure.gravatar.com\/avatar\/9600df58751c5acbe914c538c03390ef649ea088cb65f84ba09c7ce66988eed6?s=96&d=mm&r=g\",\"caption\":\"admin\"},\"sameAs\":[\"https:\/\/compartilhabahia.com.br\"],\"url\":\"https:\/\/compartilhabahia.com.br\/index.php\/author\/compartilhabahia\/\"}]}<\/script>\n<!-- \/ Yoast SEO plugin. -->","yoast_head_json":{"title":"Alckmin: Governo trabalha para resolver quest\u00e3o tarif\u00e1ria com Estados Unidos antes de agosto - Compartilha Bahia","robots":{"index":"index","follow":"follow","max-snippet":"max-snippet:-1","max-image-preview":"max-image-preview:large","max-video-preview":"max-video-preview:-1"},"canonical":"https:\/\/compartilhabahia.com.br\/index.php\/2025\/07\/15\/alckmin-governo-trabalha-para-resolver-questao-tarifaria-com-estados-unidos-antes-de-agosto\/","og_locale":"pt_BR","og_type":"article","og_title":"Alckmin: Governo trabalha para resolver quest\u00e3o tarif\u00e1ria com Estados Unidos antes de agosto - Compartilha Bahia","og_description":"Ap\u00f3s duas reuni\u00f5es com representantes de setores da ind\u00fastria e da agropecu\u00e1ria, para tratar da taxa\u00e7\u00e3o imposta pelos EUA \u00e0s exporta\u00e7\u00f5es brasileiras, o vice-presidente e ministro do Desenvolvimento, Ind\u00fastria, Com\u00e9rcio e Servi\u00e7os (MDIC), Geraldo Alckmin, afirmou na tarde desta ter\u00e7a-feira (15\/7) que o governo federal trabalha para resolver a quest\u00e3o antes de 1\u00ba de agosto, [&hellip;]","og_url":"https:\/\/compartilhabahia.com.br\/index.php\/2025\/07\/15\/alckmin-governo-trabalha-para-resolver-questao-tarifaria-com-estados-unidos-antes-de-agosto\/","og_site_name":"Compartilha Bahia","article_publisher":"https:\/\/web.facebook.com\/compartilhabahia","article_published_time":"2025-07-16T00:30:04+00:00","article_modified_time":"2025-07-16T00:30:06+00:00","og_image":[{"width":768,"height":512,"url":"https:\/\/compartilhabahia.com.br\/wp-content\/uploads\/2025\/07\/fde603d1-f575-41bc-9733-12ac86fa5881.jpeg","type":"image\/jpeg"}],"author":"admin","twitter_card":"summary_large_image","twitter_misc":{"Escrito por":"admin","Est. tempo de leitura":"3 minutos"},"schema":{"@context":"https:\/\/schema.org","@graph":[{"@type":"Article","@id":"https:\/\/compartilhabahia.com.br\/index.php\/2025\/07\/15\/alckmin-governo-trabalha-para-resolver-questao-tarifaria-com-estados-unidos-antes-de-agosto\/#article","isPartOf":{"@id":"https:\/\/compartilhabahia.com.br\/index.php\/2025\/07\/15\/alckmin-governo-trabalha-para-resolver-questao-tarifaria-com-estados-unidos-antes-de-agosto\/"},"author":{"name":"admin","@id":"https:\/\/compartilhabahia.com.br\/#\/schema\/person\/9b4f0c3178793b8248d6686732521c04"},"headline":"Alckmin: Governo trabalha para resolver quest\u00e3o tarif\u00e1ria com Estados Unidos antes de agosto","datePublished":"2025-07-16T00:30:04+00:00","dateModified":"2025-07-16T00:30:06+00:00","mainEntityOfPage":{"@id":"https:\/\/compartilhabahia.com.br\/index.php\/2025\/07\/15\/alckmin-governo-trabalha-para-resolver-questao-tarifaria-com-estados-unidos-antes-de-agosto\/"},"wordCount":695,"commentCount":0,"publisher":{"@id":"https:\/\/compartilhabahia.com.br\/#organization"},"articleSection":["Mundo"],"inLanguage":"pt-BR","potentialAction":[{"@type":"CommentAction","name":"Comment","target":["https:\/\/compartilhabahia.com.br\/index.php\/2025\/07\/15\/alckmin-governo-trabalha-para-resolver-questao-tarifaria-com-estados-unidos-antes-de-agosto\/#respond"]}]},{"@type":"WebPage","@id":"https:\/\/compartilhabahia.com.br\/index.php\/2025\/07\/15\/alckmin-governo-trabalha-para-resolver-questao-tarifaria-com-estados-unidos-antes-de-agosto\/","url":"https:\/\/compartilhabahia.com.br\/index.php\/2025\/07\/15\/alckmin-governo-trabalha-para-resolver-questao-tarifaria-com-estados-unidos-antes-de-agosto\/","name":"Alckmin: Governo trabalha para resolver quest\u00e3o tarif\u00e1ria com Estados Unidos antes de agosto - Compartilha Bahia","isPartOf":{"@id":"https:\/\/compartilhabahia.com.br\/#website"},"datePublished":"2025-07-16T00:30:04+00:00","dateModified":"2025-07-16T00:30:06+00:00","breadcrumb":{"@id":"https:\/\/compartilhabahia.com.br\/index.php\/2025\/07\/15\/alckmin-governo-trabalha-para-resolver-questao-tarifaria-com-estados-unidos-antes-de-agosto\/#breadcrumb"},"inLanguage":"pt-BR","potentialAction":[{"@type":"ReadAction","target":["https:\/\/compartilhabahia.com.br\/index.php\/2025\/07\/15\/alckmin-governo-trabalha-para-resolver-questao-tarifaria-com-estados-unidos-antes-de-agosto\/"]}]},{"@type":"BreadcrumbList","@id":"https:\/\/compartilhabahia.com.br\/index.php\/2025\/07\/15\/alckmin-governo-trabalha-para-resolver-questao-tarifaria-com-estados-unidos-antes-de-agosto\/#breadcrumb","itemListElement":[{"@type":"ListItem","position":1,"name":"In\u00edcio","item":"https:\/\/compartilhabahia.com.br\/"},{"@type":"ListItem","position":2,"name":"Alckmin: Governo trabalha para resolver quest\u00e3o tarif\u00e1ria com Estados Unidos antes de agosto"}]},{"@type":"WebSite","@id":"https:\/\/compartilhabahia.com.br\/#website","url":"https:\/\/compartilhabahia.com.br\/","name":"Compartilha Bahia","description":"","publisher":{"@id":"https:\/\/compartilhabahia.com.br\/#organization"},"potentialAction":[{"@type":"SearchAction","target":{"@type":"EntryPoint","urlTemplate":"https:\/\/compartilhabahia.com.br\/?s={search_term_string}"},"query-input":"required name=search_term_string"}],"inLanguage":"pt-BR"},{"@type":"Organization","@id":"https:\/\/compartilhabahia.com.br\/#organization","name":"Compartilha Bahia","url":"https:\/\/compartilhabahia.com.br\/","logo":{"@type":"ImageObject","inLanguage":"pt-BR","@id":"https:\/\/compartilhabahia.com.br\/#\/schema\/logo\/image\/","url":"https:\/\/compartilhabahia.com.br\/wp-content\/uploads\/2023\/12\/cropped-logo.png","contentUrl":"https:\/\/compartilhabahia.com.br\/wp-content\/uploads\/2023\/12\/cropped-logo.png","width":300,"height":106,"caption":"Compartilha Bahia"},"image":{"@id":"https:\/\/compartilhabahia.com.br\/#\/schema\/logo\/image\/"},"sameAs":["https:\/\/web.facebook.com\/compartilhabahia","https:\/\/www.instagram.com\/compartilhabahia\/"]},{"@type":"Person","@id":"https:\/\/compartilhabahia.com.br\/#\/schema\/person\/9b4f0c3178793b8248d6686732521c04","name":"admin","image":{"@type":"ImageObject","inLanguage":"pt-BR","@id":"https:\/\/compartilhabahia.com.br\/#\/schema\/person\/image\/","url":"https:\/\/secure.gravatar.com\/avatar\/9600df58751c5acbe914c538c03390ef649ea088cb65f84ba09c7ce66988eed6?s=96&d=mm&r=g","contentUrl":"https:\/\/secure.gravatar.com\/avatar\/9600df58751c5acbe914c538c03390ef649ea088cb65f84ba09c7ce66988eed6?s=96&d=mm&r=g","caption":"admin"},"sameAs":["https:\/\/compartilhabahia.com.br"],"url":"https:\/\/compartilhabahia.com.br\/index.php\/author\/compartilhabahia\/"}]}},"_links":{"self":[{"href":"https:\/\/compartilhabahia.com.br\/index.php\/wp-json\/wp\/v2\/posts\/7245","targetHints":{"allow":["GET"]}}],"collection":[{"href":"https:\/\/compartilhabahia.com.br\/index.php\/wp-json\/wp\/v2\/posts"}],"about":[{"href":"https:\/\/compartilhabahia.com.br\/index.php\/wp-json\/wp\/v2\/types\/post"}],"author":[{"embeddable":true,"href":"https:\/\/compartilhabahia.com.br\/index.php\/wp-json\/wp\/v2\/users\/1"}],"replies":[{"embeddable":true,"href":"https:\/\/compartilhabahia.com.br\/index.php\/wp-json\/wp\/v2\/comments?post=7245"}],"version-history":[{"count":1,"href":"https:\/\/compartilhabahia.com.br\/index.php\/wp-json\/wp\/v2\/posts\/7245\/revisions"}],"predecessor-version":[{"id":7247,"href":"https:\/\/compartilhabahia.com.br\/index.php\/wp-json\/wp\/v2\/posts\/7245\/revisions\/7247"}],"wp:featuredmedia":[{"embeddable":true,"href":"https:\/\/compartilhabahia.com.br\/index.php\/wp-json\/wp\/v2\/media\/7246"}],"wp:attachment":[{"href":"https:\/\/compartilhabahia.com.br\/index.php\/wp-json\/wp\/v2\/media?parent=7245"}],"wp:term":[{"taxonomy":"category","embeddable":true,"href":"https:\/\/compartilhabahia.com.br\/index.php\/wp-json\/wp\/v2\/categories?post=7245"},{"taxonomy":"post_tag","embeddable":true,"href":"https:\/\/compartilhabahia.com.br\/index.php\/wp-json\/wp\/v2\/tags?post=7245"}],"curies":[{"name":"wp","href":"https:\/\/api.w.org\/{rel}","templated":true}]}}