{"id":7242,"date":"2025-07-15T11:33:28","date_gmt":"2025-07-15T14:33:28","guid":{"rendered":"https:\/\/compartilhabahia.com.br\/?p=7242"},"modified":"2025-07-15T11:33:30","modified_gmt":"2025-07-15T14:33:30","slug":"seduc-abre-chamada-publica-para-aquisicao-de-alimentos-da-agricultura-familiar","status":"publish","type":"post","link":"https:\/\/compartilhabahia.com.br\/index.php\/2025\/07\/15\/seduc-abre-chamada-publica-para-aquisicao-de-alimentos-da-agricultura-familiar\/","title":{"rendered":"Seduc abre chamada p\u00fablica para aquisi\u00e7\u00e3o de alimentos da agricultura familiar"},"content":{"rendered":"\n<p>Com o intuito de atender aos crit\u00e9rios das necessidades nutricionais dos estudantes da Rede P\u00fablica Municipal de Ensino, a Secretaria de Educa\u00e7\u00e3o de Cama\u00e7ari (Seduc) iniciou a chamada p\u00fablica 0002\/2025 destinada \u00e0 aquisi\u00e7\u00e3o de g\u00eaneros aliment\u00edcios oriundos da agricultura familiar. A compra dos insumos ir\u00e1 alcan\u00e7ar os discentes no \u00e2mbito do Programa Nacional de Alimenta\u00e7\u00e3o Escolar (PNAE) durante o segundo per\u00edodo letivo de 2025.<\/p>\n\n\n\n<p>Podem participar da sele\u00e7\u00e3o produtores familiares com Cadastro Nacional da Agricultura Familiar (CAF) ativo em grupos formais, informais ou individuais. Os interessados devem procurar a Comiss\u00e3o Setorial Permanente de Licita\u00e7\u00e3o (Compel) \u2013 situada no pr\u00e9dio da Seduc, no Centro Administrativo de Cama\u00e7ari \u2013, at\u00e9 as 14h do dia 25 de julho. Os agricultores ir\u00e3o contar com o suporte da Secretaria de Desenvolvimento da Agricultura e Pesca (Sedap) para elabora\u00e7\u00e3o dos projetos de vendas.<\/p>\n\n\n\n<p>Os produtos contemplados s\u00e3o: abacate quintal, abobrinha italiana, alface crespa italiana, beterraba vermelha, pepino comum, couve manteiga, espinafre comum e lim\u00e3o-taiti, todos in natura. A lista ainda contempla br\u00f3colis de cabe\u00e7a \u00fanica (japon\u00eas, americano ou ninja), ameixa fresca, kiwi, ma\u00e7\u00e3 e mel\u00e3o. Os produtos devem ser produzidos na regi\u00e3o.<\/p>\n\n\n\n<p>A chamada p\u00fablica atende \u00e0s determina\u00e7\u00f5es estabelecidas na Lei Federal n.\u00ba 11.947\/2009, e as resolu\u00e7\u00f5es CD\/FNDE n.\u00ba 06\/2020 e n,\u00ba 21\/2021. A comiss\u00e3o divulgar\u00e1 o resultado final da conclus\u00e3o dos trabalhos no portal de compras do munic\u00edpio, dispon\u00edvel no endere\u00e7o eletr\u00f4nico https:\/\/compras.camacari.ba.gov.br\/. Caso n\u00e3o sejam atendidas todas as escolas municipais de Cama\u00e7ari, os g\u00eaneros aliment\u00edcios faltantes ser\u00e3o cotados em licita\u00e7\u00e3o posterior a esta chamada. N\u00e3o ser\u00e1 aceita proposta enviada por e-mail, e, ap\u00f3s o hor\u00e1rio estabelecido no edital, nenhuma proposta ser\u00e1 validada.<\/p>\n\n\n\n<p>A abertura dos envelopes, que re\u00fanem os documentos da chamada p\u00fablica, ser\u00e1 realizada no dia 28 de julho, \u00e0s 9h, no audit\u00f3rio da Diretoria de Compras (Dicomp) da Prefeitura de Cama\u00e7ari. Para os contemplados, a vig\u00eancia do contrato ser\u00e1 de 12 meses, contados a partir da assinatura.<\/p>\n\n\n\n<p>As regras de participa\u00e7\u00e3o na chamada p\u00fablica e demais exig\u00eancias para apresenta\u00e7\u00e3o do projeto de vendas, constam neste link (file:\/\/\/C:\/Users\/mariane.pereira\/Downloads\/PNAE%202025%20(1).pdf). Sobre a documenta\u00e7\u00e3o exigida habilita\u00e7\u00e3o na chamada, vale lembrar que documentos extra\u00eddos via internet somente ser\u00e3o considerados v\u00e1lidos ap\u00f3s a confirma\u00e7\u00e3o da autenticidade por servidor municipal no endere\u00e7o oficial (site) do \u00f3rg\u00e3o emitente.<\/p>\n\n\n\n<p>Documentos exigidos para habilita\u00e7\u00e3o poder\u00e3o ser apresentados em original, em c\u00f3pia autenticada ou ainda em c\u00f3pia simples, neste caso, mediante a apresenta\u00e7\u00e3o dos originais, para confer\u00eancia e autentica\u00e7\u00e3o, quando da abertura dos envelopes.<\/p>\n\n\n\n<p>Na aus\u00eancia ou irregularidade de qualquer dos documentos, fica facultado \u00e0 Comiss\u00e3o de Avalia\u00e7\u00e3o a abertura de prazo de dois dias \u00fateis para a regulariza\u00e7\u00e3o da documenta\u00e7\u00e3o.<\/p>\n\n\n\n<p>Confira, a seguir, os documentos solicitados para habilita\u00e7\u00e3o na chamada:<\/p>\n\n\n\n<p>Fornecedores individuais detentores de CAF F\u00edsica, n\u00e3o organizados em grupo:<br>Prova de inscri\u00e7\u00e3o no Cadastro de Pessoa F\u00edsica (CPF);<br>C\u00f3pia da c\u00e9dula de identidade;<br>Prova de regularidade para com a Fazenda Municipal do domic\u00edlio ou sede;<br>Extrato da CAF F\u00edsica do agricultor familiar participante, emitido nos \u00faltimos 60 dias;<br>Projeto de venda de g\u00eaneros aliment\u00edcios da agricultura familiar e\/ou empreendedor familiar rural para alimenta\u00e7\u00e3o escolar com assinatura do agricultor participante;<br>Declara\u00e7\u00e3o de que os g\u00eaneros aliment\u00edcios a serem entregues s\u00e3o produzidos pelos agricultores familiares relacionados no projeto de venda.<\/p>\n\n\n\n<p>Grupos informais de agricultores familiares, detentores de CAF F\u00edsica, organizados em grupo:<br>Prova de inscri\u00e7\u00e3o no CPF;<br>C\u00f3pia da c\u00e9dula de identidade;<br>Prova de regularidade para com a Fazenda Municipal do domic\u00edlio ou sede;<br>Extrato da CAF F\u00edsica do agricultor familiar participante, emitido nos \u00faltimos 60 dias;<br>Projeto de venda de g\u00eaneros aliment\u00edcios da agricultura familiar e\/ou empreendedor familiar rural para alimenta\u00e7\u00e3o escolar com assinatura do agricultor participante;<br>Declara\u00e7\u00e3o de que os g\u00eaneros aliment\u00edcios a serem entregues s\u00e3o produzidos pelos agricultores familiares relacionados no projeto de venda.<\/p>\n\n\n\n<p>Grupos formais de agricultores familiares, detentores de CAF Jur\u00eddica:<br>Prova de inscri\u00e7\u00e3o no Cadastro Nacional de Pessoa Jur\u00eddica (CNPJ);<br>C\u00f3pia da c\u00e9dula de identidade;<br>Prova de regularidade para com a Fazenda Municipal do domic\u00edlio ou sede;<br>Extrato da CAF Jur\u00eddica para associa\u00e7\u00f5es e cooperativas, emitido nos \u00faltimos 60 dias;<br>Prova de regularidade com a Fazenda Federal, relativa \u00e0 Seguridade Social e ao Fundo de Garantia por Tempo de Servi\u00e7o (FGTS);<br>C\u00f3pias do estatuto e ata de posse da atual diretoria da entidade registrada no \u00f3rg\u00e3o competente;<br>Projeto de venda de g\u00eaneros aliment\u00edcios da agricultura familiar para alimenta\u00e7\u00e3o escolar, assinado pelo seu representante legal;<br>Declara\u00e7\u00e3o de que os g\u00eaneros aliment\u00edcios a serem entregues s\u00e3o produzidos pelos tr\u00eas associados\/cooperados;<br>Declara\u00e7\u00e3o do seu representante legal de responsabilidade pelo controle do atendimento do limite individual de venda de seus cooperados\/associados;<br>Prova de atendimento de requisitos higi\u00eanico-sanit\u00e1rios previstos em normativas espec\u00edficas.<\/p>\n\n\n\n<p>Foto: Patrick Abreu<\/p>\n","protected":false},"excerpt":{"rendered":"<p>Com o intuito de atender aos crit\u00e9rios das necessidades nutricionais dos estudantes da Rede P\u00fablica Municipal de Ensino, a Secretaria de Educa\u00e7\u00e3o de Cama\u00e7ari (Seduc) iniciou a chamada p\u00fablica 0002\/2025 destinada \u00e0 aquisi\u00e7\u00e3o de g\u00eaneros aliment\u00edcios oriundos da agricultura familiar. A compra dos insumos ir\u00e1 alcan\u00e7ar os discentes no \u00e2mbito do Programa Nacional de Alimenta\u00e7\u00e3o [&hellip;]<\/p>\n","protected":false},"author":1,"featured_media":7243,"comment_status":"open","ping_status":"open","sticky":false,"template":"","format":"standard","meta":{"footnotes":""},"categories":[8],"tags":[],"class_list":["post-7242","post","type-post","status-publish","format-standard","has-post-thumbnail","hentry","category-camacari"],"yoast_head":"<!-- This site is optimized with the Yoast SEO plugin v21.7 - https:\/\/yoast.com\/wordpress\/plugins\/seo\/ -->\n<title>Seduc abre chamada p\u00fablica para aquisi\u00e7\u00e3o de alimentos da agricultura familiar - Compartilha Bahia<\/title>\n<meta name=\"robots\" content=\"index, follow, max-snippet:-1, max-image-preview:large, max-video-preview:-1\" \/>\n<link rel=\"canonical\" href=\"https:\/\/compartilhabahia.com.br\/index.php\/2025\/07\/15\/seduc-abre-chamada-publica-para-aquisicao-de-alimentos-da-agricultura-familiar\/\" \/>\n<meta property=\"og:locale\" content=\"pt_BR\" \/>\n<meta property=\"og:type\" content=\"article\" \/>\n<meta property=\"og:title\" content=\"Seduc abre chamada p\u00fablica para aquisi\u00e7\u00e3o de alimentos da agricultura familiar - Compartilha Bahia\" \/>\n<meta property=\"og:description\" content=\"Com o intuito de atender aos crit\u00e9rios das necessidades nutricionais dos estudantes da Rede P\u00fablica Municipal de Ensino, a Secretaria de Educa\u00e7\u00e3o de Cama\u00e7ari (Seduc) iniciou a chamada p\u00fablica 0002\/2025 destinada \u00e0 aquisi\u00e7\u00e3o de g\u00eaneros aliment\u00edcios oriundos da agricultura familiar. A compra dos insumos ir\u00e1 alcan\u00e7ar os discentes no \u00e2mbito do Programa Nacional de Alimenta\u00e7\u00e3o [&hellip;]\" \/>\n<meta property=\"og:url\" content=\"https:\/\/compartilhabahia.com.br\/index.php\/2025\/07\/15\/seduc-abre-chamada-publica-para-aquisicao-de-alimentos-da-agricultura-familiar\/\" \/>\n<meta property=\"og:site_name\" content=\"Compartilha Bahia\" \/>\n<meta property=\"article:publisher\" content=\"https:\/\/web.facebook.com\/compartilhabahia\" \/>\n<meta property=\"article:published_time\" content=\"2025-07-15T14:33:28+00:00\" \/>\n<meta property=\"article:modified_time\" content=\"2025-07-15T14:33:30+00:00\" \/>\n<meta property=\"og:image\" content=\"https:\/\/compartilhabahia.com.br\/wp-content\/uploads\/2025\/07\/merenda.jpg\" \/>\n\t<meta property=\"og:image:width\" content=\"800\" \/>\n\t<meta property=\"og:image:height\" content=\"533\" \/>\n\t<meta property=\"og:image:type\" content=\"image\/jpeg\" \/>\n<meta name=\"author\" content=\"admin\" \/>\n<meta name=\"twitter:card\" content=\"summary_large_image\" \/>\n<meta name=\"twitter:label1\" content=\"Escrito por\" \/>\n\t<meta name=\"twitter:data1\" content=\"admin\" \/>\n\t<meta name=\"twitter:label2\" content=\"Est. tempo de leitura\" \/>\n\t<meta name=\"twitter:data2\" content=\"5 minutos\" \/>\n<script type=\"application\/ld+json\" class=\"yoast-schema-graph\">{\"@context\":\"https:\/\/schema.org\",\"@graph\":[{\"@type\":\"Article\",\"@id\":\"https:\/\/compartilhabahia.com.br\/index.php\/2025\/07\/15\/seduc-abre-chamada-publica-para-aquisicao-de-alimentos-da-agricultura-familiar\/#article\",\"isPartOf\":{\"@id\":\"https:\/\/compartilhabahia.com.br\/index.php\/2025\/07\/15\/seduc-abre-chamada-publica-para-aquisicao-de-alimentos-da-agricultura-familiar\/\"},\"author\":{\"name\":\"admin\",\"@id\":\"https:\/\/compartilhabahia.com.br\/#\/schema\/person\/9b4f0c3178793b8248d6686732521c04\"},\"headline\":\"Seduc abre chamada p\u00fablica para aquisi\u00e7\u00e3o de alimentos da agricultura familiar\",\"datePublished\":\"2025-07-15T14:33:28+00:00\",\"dateModified\":\"2025-07-15T14:33:30+00:00\",\"mainEntityOfPage\":{\"@id\":\"https:\/\/compartilhabahia.com.br\/index.php\/2025\/07\/15\/seduc-abre-chamada-publica-para-aquisicao-de-alimentos-da-agricultura-familiar\/\"},\"wordCount\":902,\"commentCount\":0,\"publisher\":{\"@id\":\"https:\/\/compartilhabahia.com.br\/#organization\"},\"articleSection\":[\"Cama\u00e7ari\"],\"inLanguage\":\"pt-BR\",\"potentialAction\":[{\"@type\":\"CommentAction\",\"name\":\"Comment\",\"target\":[\"https:\/\/compartilhabahia.com.br\/index.php\/2025\/07\/15\/seduc-abre-chamada-publica-para-aquisicao-de-alimentos-da-agricultura-familiar\/#respond\"]}]},{\"@type\":\"WebPage\",\"@id\":\"https:\/\/compartilhabahia.com.br\/index.php\/2025\/07\/15\/seduc-abre-chamada-publica-para-aquisicao-de-alimentos-da-agricultura-familiar\/\",\"url\":\"https:\/\/compartilhabahia.com.br\/index.php\/2025\/07\/15\/seduc-abre-chamada-publica-para-aquisicao-de-alimentos-da-agricultura-familiar\/\",\"name\":\"Seduc abre chamada p\u00fablica para aquisi\u00e7\u00e3o de alimentos da agricultura familiar - Compartilha Bahia\",\"isPartOf\":{\"@id\":\"https:\/\/compartilhabahia.com.br\/#website\"},\"datePublished\":\"2025-07-15T14:33:28+00:00\",\"dateModified\":\"2025-07-15T14:33:30+00:00\",\"breadcrumb\":{\"@id\":\"https:\/\/compartilhabahia.com.br\/index.php\/2025\/07\/15\/seduc-abre-chamada-publica-para-aquisicao-de-alimentos-da-agricultura-familiar\/#breadcrumb\"},\"inLanguage\":\"pt-BR\",\"potentialAction\":[{\"@type\":\"ReadAction\",\"target\":[\"https:\/\/compartilhabahia.com.br\/index.php\/2025\/07\/15\/seduc-abre-chamada-publica-para-aquisicao-de-alimentos-da-agricultura-familiar\/\"]}]},{\"@type\":\"BreadcrumbList\",\"@id\":\"https:\/\/compartilhabahia.com.br\/index.php\/2025\/07\/15\/seduc-abre-chamada-publica-para-aquisicao-de-alimentos-da-agricultura-familiar\/#breadcrumb\",\"itemListElement\":[{\"@type\":\"ListItem\",\"position\":1,\"name\":\"In\u00edcio\",\"item\":\"https:\/\/compartilhabahia.com.br\/\"},{\"@type\":\"ListItem\",\"position\":2,\"name\":\"Seduc abre chamada p\u00fablica para aquisi\u00e7\u00e3o de alimentos da agricultura familiar\"}]},{\"@type\":\"WebSite\",\"@id\":\"https:\/\/compartilhabahia.com.br\/#website\",\"url\":\"https:\/\/compartilhabahia.com.br\/\",\"name\":\"Compartilha Bahia\",\"description\":\"\",\"publisher\":{\"@id\":\"https:\/\/compartilhabahia.com.br\/#organization\"},\"potentialAction\":[{\"@type\":\"SearchAction\",\"target\":{\"@type\":\"EntryPoint\",\"urlTemplate\":\"https:\/\/compartilhabahia.com.br\/?s={search_term_string}\"},\"query-input\":\"required name=search_term_string\"}],\"inLanguage\":\"pt-BR\"},{\"@type\":\"Organization\",\"@id\":\"https:\/\/compartilhabahia.com.br\/#organization\",\"name\":\"Compartilha Bahia\",\"url\":\"https:\/\/compartilhabahia.com.br\/\",\"logo\":{\"@type\":\"ImageObject\",\"inLanguage\":\"pt-BR\",\"@id\":\"https:\/\/compartilhabahia.com.br\/#\/schema\/logo\/image\/\",\"url\":\"https:\/\/compartilhabahia.com.br\/wp-content\/uploads\/2023\/12\/cropped-logo.png\",\"contentUrl\":\"https:\/\/compartilhabahia.com.br\/wp-content\/uploads\/2023\/12\/cropped-logo.png\",\"width\":300,\"height\":106,\"caption\":\"Compartilha Bahia\"},\"image\":{\"@id\":\"https:\/\/compartilhabahia.com.br\/#\/schema\/logo\/image\/\"},\"sameAs\":[\"https:\/\/web.facebook.com\/compartilhabahia\",\"https:\/\/www.instagram.com\/compartilhabahia\/\"]},{\"@type\":\"Person\",\"@id\":\"https:\/\/compartilhabahia.com.br\/#\/schema\/person\/9b4f0c3178793b8248d6686732521c04\",\"name\":\"admin\",\"image\":{\"@type\":\"ImageObject\",\"inLanguage\":\"pt-BR\",\"@id\":\"https:\/\/compartilhabahia.com.br\/#\/schema\/person\/image\/\",\"url\":\"https:\/\/secure.gravatar.com\/avatar\/9600df58751c5acbe914c538c03390ef649ea088cb65f84ba09c7ce66988eed6?s=96&d=mm&r=g\",\"contentUrl\":\"https:\/\/secure.gravatar.com\/avatar\/9600df58751c5acbe914c538c03390ef649ea088cb65f84ba09c7ce66988eed6?s=96&d=mm&r=g\",\"caption\":\"admin\"},\"sameAs\":[\"https:\/\/compartilhabahia.com.br\"],\"url\":\"https:\/\/compartilhabahia.com.br\/index.php\/author\/compartilhabahia\/\"}]}<\/script>\n<!-- \/ Yoast SEO plugin. -->","yoast_head_json":{"title":"Seduc abre chamada p\u00fablica para aquisi\u00e7\u00e3o de alimentos da agricultura familiar - Compartilha Bahia","robots":{"index":"index","follow":"follow","max-snippet":"max-snippet:-1","max-image-preview":"max-image-preview:large","max-video-preview":"max-video-preview:-1"},"canonical":"https:\/\/compartilhabahia.com.br\/index.php\/2025\/07\/15\/seduc-abre-chamada-publica-para-aquisicao-de-alimentos-da-agricultura-familiar\/","og_locale":"pt_BR","og_type":"article","og_title":"Seduc abre chamada p\u00fablica para aquisi\u00e7\u00e3o de alimentos da agricultura familiar - Compartilha Bahia","og_description":"Com o intuito de atender aos crit\u00e9rios das necessidades nutricionais dos estudantes da Rede P\u00fablica Municipal de Ensino, a Secretaria de Educa\u00e7\u00e3o de Cama\u00e7ari (Seduc) iniciou a chamada p\u00fablica 0002\/2025 destinada \u00e0 aquisi\u00e7\u00e3o de g\u00eaneros aliment\u00edcios oriundos da agricultura familiar. A compra dos insumos ir\u00e1 alcan\u00e7ar os discentes no \u00e2mbito do Programa Nacional de Alimenta\u00e7\u00e3o [&hellip;]","og_url":"https:\/\/compartilhabahia.com.br\/index.php\/2025\/07\/15\/seduc-abre-chamada-publica-para-aquisicao-de-alimentos-da-agricultura-familiar\/","og_site_name":"Compartilha Bahia","article_publisher":"https:\/\/web.facebook.com\/compartilhabahia","article_published_time":"2025-07-15T14:33:28+00:00","article_modified_time":"2025-07-15T14:33:30+00:00","og_image":[{"width":800,"height":533,"url":"https:\/\/compartilhabahia.com.br\/wp-content\/uploads\/2025\/07\/merenda.jpg","type":"image\/jpeg"}],"author":"admin","twitter_card":"summary_large_image","twitter_misc":{"Escrito por":"admin","Est. tempo de leitura":"5 minutos"},"schema":{"@context":"https:\/\/schema.org","@graph":[{"@type":"Article","@id":"https:\/\/compartilhabahia.com.br\/index.php\/2025\/07\/15\/seduc-abre-chamada-publica-para-aquisicao-de-alimentos-da-agricultura-familiar\/#article","isPartOf":{"@id":"https:\/\/compartilhabahia.com.br\/index.php\/2025\/07\/15\/seduc-abre-chamada-publica-para-aquisicao-de-alimentos-da-agricultura-familiar\/"},"author":{"name":"admin","@id":"https:\/\/compartilhabahia.com.br\/#\/schema\/person\/9b4f0c3178793b8248d6686732521c04"},"headline":"Seduc abre chamada p\u00fablica para aquisi\u00e7\u00e3o de alimentos da agricultura familiar","datePublished":"2025-07-15T14:33:28+00:00","dateModified":"2025-07-15T14:33:30+00:00","mainEntityOfPage":{"@id":"https:\/\/compartilhabahia.com.br\/index.php\/2025\/07\/15\/seduc-abre-chamada-publica-para-aquisicao-de-alimentos-da-agricultura-familiar\/"},"wordCount":902,"commentCount":0,"publisher":{"@id":"https:\/\/compartilhabahia.com.br\/#organization"},"articleSection":["Cama\u00e7ari"],"inLanguage":"pt-BR","potentialAction":[{"@type":"CommentAction","name":"Comment","target":["https:\/\/compartilhabahia.com.br\/index.php\/2025\/07\/15\/seduc-abre-chamada-publica-para-aquisicao-de-alimentos-da-agricultura-familiar\/#respond"]}]},{"@type":"WebPage","@id":"https:\/\/compartilhabahia.com.br\/index.php\/2025\/07\/15\/seduc-abre-chamada-publica-para-aquisicao-de-alimentos-da-agricultura-familiar\/","url":"https:\/\/compartilhabahia.com.br\/index.php\/2025\/07\/15\/seduc-abre-chamada-publica-para-aquisicao-de-alimentos-da-agricultura-familiar\/","name":"Seduc abre chamada p\u00fablica para aquisi\u00e7\u00e3o de alimentos da agricultura familiar - Compartilha Bahia","isPartOf":{"@id":"https:\/\/compartilhabahia.com.br\/#website"},"datePublished":"2025-07-15T14:33:28+00:00","dateModified":"2025-07-15T14:33:30+00:00","breadcrumb":{"@id":"https:\/\/compartilhabahia.com.br\/index.php\/2025\/07\/15\/seduc-abre-chamada-publica-para-aquisicao-de-alimentos-da-agricultura-familiar\/#breadcrumb"},"inLanguage":"pt-BR","potentialAction":[{"@type":"ReadAction","target":["https:\/\/compartilhabahia.com.br\/index.php\/2025\/07\/15\/seduc-abre-chamada-publica-para-aquisicao-de-alimentos-da-agricultura-familiar\/"]}]},{"@type":"BreadcrumbList","@id":"https:\/\/compartilhabahia.com.br\/index.php\/2025\/07\/15\/seduc-abre-chamada-publica-para-aquisicao-de-alimentos-da-agricultura-familiar\/#breadcrumb","itemListElement":[{"@type":"ListItem","position":1,"name":"In\u00edcio","item":"https:\/\/compartilhabahia.com.br\/"},{"@type":"ListItem","position":2,"name":"Seduc abre chamada p\u00fablica para aquisi\u00e7\u00e3o de alimentos da agricultura familiar"}]},{"@type":"WebSite","@id":"https:\/\/compartilhabahia.com.br\/#website","url":"https:\/\/compartilhabahia.com.br\/","name":"Compartilha Bahia","description":"","publisher":{"@id":"https:\/\/compartilhabahia.com.br\/#organization"},"potentialAction":[{"@type":"SearchAction","target":{"@type":"EntryPoint","urlTemplate":"https:\/\/compartilhabahia.com.br\/?s={search_term_string}"},"query-input":"required name=search_term_string"}],"inLanguage":"pt-BR"},{"@type":"Organization","@id":"https:\/\/compartilhabahia.com.br\/#organization","name":"Compartilha Bahia","url":"https:\/\/compartilhabahia.com.br\/","logo":{"@type":"ImageObject","inLanguage":"pt-BR","@id":"https:\/\/compartilhabahia.com.br\/#\/schema\/logo\/image\/","url":"https:\/\/compartilhabahia.com.br\/wp-content\/uploads\/2023\/12\/cropped-logo.png","contentUrl":"https:\/\/compartilhabahia.com.br\/wp-content\/uploads\/2023\/12\/cropped-logo.png","width":300,"height":106,"caption":"Compartilha Bahia"},"image":{"@id":"https:\/\/compartilhabahia.com.br\/#\/schema\/logo\/image\/"},"sameAs":["https:\/\/web.facebook.com\/compartilhabahia","https:\/\/www.instagram.com\/compartilhabahia\/"]},{"@type":"Person","@id":"https:\/\/compartilhabahia.com.br\/#\/schema\/person\/9b4f0c3178793b8248d6686732521c04","name":"admin","image":{"@type":"ImageObject","inLanguage":"pt-BR","@id":"https:\/\/compartilhabahia.com.br\/#\/schema\/person\/image\/","url":"https:\/\/secure.gravatar.com\/avatar\/9600df58751c5acbe914c538c03390ef649ea088cb65f84ba09c7ce66988eed6?s=96&d=mm&r=g","contentUrl":"https:\/\/secure.gravatar.com\/avatar\/9600df58751c5acbe914c538c03390ef649ea088cb65f84ba09c7ce66988eed6?s=96&d=mm&r=g","caption":"admin"},"sameAs":["https:\/\/compartilhabahia.com.br"],"url":"https:\/\/compartilhabahia.com.br\/index.php\/author\/compartilhabahia\/"}]}},"_links":{"self":[{"href":"https:\/\/compartilhabahia.com.br\/index.php\/wp-json\/wp\/v2\/posts\/7242","targetHints":{"allow":["GET"]}}],"collection":[{"href":"https:\/\/compartilhabahia.com.br\/index.php\/wp-json\/wp\/v2\/posts"}],"about":[{"href":"https:\/\/compartilhabahia.com.br\/index.php\/wp-json\/wp\/v2\/types\/post"}],"author":[{"embeddable":true,"href":"https:\/\/compartilhabahia.com.br\/index.php\/wp-json\/wp\/v2\/users\/1"}],"replies":[{"embeddable":true,"href":"https:\/\/compartilhabahia.com.br\/index.php\/wp-json\/wp\/v2\/comments?post=7242"}],"version-history":[{"count":1,"href":"https:\/\/compartilhabahia.com.br\/index.php\/wp-json\/wp\/v2\/posts\/7242\/revisions"}],"predecessor-version":[{"id":7244,"href":"https:\/\/compartilhabahia.com.br\/index.php\/wp-json\/wp\/v2\/posts\/7242\/revisions\/7244"}],"wp:featuredmedia":[{"embeddable":true,"href":"https:\/\/compartilhabahia.com.br\/index.php\/wp-json\/wp\/v2\/media\/7243"}],"wp:attachment":[{"href":"https:\/\/compartilhabahia.com.br\/index.php\/wp-json\/wp\/v2\/media?parent=7242"}],"wp:term":[{"taxonomy":"category","embeddable":true,"href":"https:\/\/compartilhabahia.com.br\/index.php\/wp-json\/wp\/v2\/categories?post=7242"},{"taxonomy":"post_tag","embeddable":true,"href":"https:\/\/compartilhabahia.com.br\/index.php\/wp-json\/wp\/v2\/tags?post=7242"}],"curies":[{"name":"wp","href":"https:\/\/api.w.org\/{rel}","templated":true}]}}