{"id":7236,"date":"2025-07-14T20:21:43","date_gmt":"2025-07-14T23:21:43","guid":{"rendered":"https:\/\/compartilhabahia.com.br\/?p=7236"},"modified":"2025-07-14T20:22:32","modified_gmt":"2025-07-14T23:22:32","slug":"governo-da-bahia-e-fieb-criam-grupo-de-trabalho-para-discutir-impactos-da-taxacao-imposta-pelos-estados-unidos-e-proteger-a-economia-baiana","status":"publish","type":"post","link":"https:\/\/compartilhabahia.com.br\/index.php\/2025\/07\/14\/governo-da-bahia-e-fieb-criam-grupo-de-trabalho-para-discutir-impactos-da-taxacao-imposta-pelos-estados-unidos-e-proteger-a-economia-baiana\/","title":{"rendered":"Governo da Bahia e FIEB criam grupo de trabalho para discutir impactos da taxa\u00e7\u00e3o imposta pelos Estados Unidos e proteger a economia baiana"},"content":{"rendered":"\n<p>O Governo do Estado e a Federa\u00e7\u00e3o das Ind\u00fastrias do Estado da Bahia (FIEB) criaram um grupo de trabalho para discutir os poss\u00edveis impactos da taxa\u00e7\u00e3o imposta pelos Estados Unidos ao Brasil, a partir de agosto, e buscar novas alternativas comerciais que protejam a economia da Bahia.<\/p>\n\n\n\n<p>O objetivo \u00e9 indicar as estrat\u00e9gias mais adequadas para enfrentar a pol\u00edtica comercial americana e construir uma agenda de trabalho positiva para assegurar os investimentos, o emprego e a renda no estado.<\/p>\n\n\n\n<p>A iniciativa foi definida nesta segunda-feira (14), durante reuni\u00e3o realizada entre o governador Jer\u00f4nimo Rodrigues e o presidente da FIEB, Carlos Henrique Passos, com a presen\u00e7a de secret\u00e1rios estaduais e representantes do setor produtivo.<\/p>\n\n\n\n<p>Dentre os assuntos abordados na reuni\u00e3o, destacam-se:<\/p>\n\n\n\n<p>1.&nbsp;&nbsp;&nbsp;&nbsp;A medida do presidente dos Estados Unidos gera instabilidade institucional que prejudicar\u00e1 sobremaneira a economia daquela na\u00e7\u00e3o no futuro. A postura dos EUA com mudan\u00e7a de regras comerciais de forma deliberada como instrumento pol\u00edtico, buscando intervir na soberania das na\u00e7\u00f5es e ferindo as leis de mercado, poder\u00e1 tornar o mercado daquele pa\u00eds pouco atrativo e confi\u00e1vel;<\/p>\n\n\n\n<p>2.&nbsp;&nbsp;&nbsp;&nbsp;As taxa\u00e7\u00f5es afetar\u00e3o a economia baiana. Atualmente, esse mercado \u00e9 respons\u00e1vel por 8,3 % das exporta\u00e7\u00f5es da Bahia. Nesse sentido, destacam-se os de celulose, derivados de cacau e pneus, todos eles com longas cadeias produtivas, o que reverbera no conjunto da atividade econ\u00f4mica estadual. Outros setores, como o petroqu\u00edmico e alguns vinculados \u00e0 minera\u00e7\u00e3o e ao agroneg\u00f3cio, tamb\u00e9m ser\u00e3o atingidos.<\/p>\n\n\n\n<p>3.&nbsp;&nbsp;&nbsp;&nbsp;Reconhecemos que a resposta aos EUA \u00e9 necess\u00e1ria para tentar inibir esse tipo de pr\u00e1tica. Entretanto, desejamos que essas taxas sejam revistas com di\u00e1logo, diplomacia e maturidade, sem um enfrentamento que possa prejudicar mais ainda a economia brasileira, do Nordeste e da Bahia.<\/p>\n\n\n\n<p>Salvador, 14 de julho de 2025<\/p>\n\n\n\n<p><em><strong>Governo do Estado da Bahia<\/strong><\/em><br><em><strong>Federa\u00e7\u00e3o das Ind\u00fastrias do Estado da Bahia \u2013 FIEB<\/strong><\/em><\/p>\n","protected":false},"excerpt":{"rendered":"<p>O Governo do Estado e a Federa\u00e7\u00e3o das Ind\u00fastrias do Estado da Bahia (FIEB) criaram um grupo de trabalho para discutir os poss\u00edveis impactos da taxa\u00e7\u00e3o imposta pelos Estados Unidos ao Brasil, a partir de agosto, e buscar novas alternativas comerciais que protejam a economia da Bahia. O objetivo \u00e9 indicar as estrat\u00e9gias mais adequadas [&hellip;]<\/p>\n","protected":false},"author":1,"featured_media":7237,"comment_status":"open","ping_status":"open","sticky":false,"template":"","format":"standard","meta":{"footnotes":""},"categories":[8],"tags":[],"class_list":["post-7236","post","type-post","status-publish","format-standard","has-post-thumbnail","hentry","category-camacari"],"yoast_head":"<!-- This site is optimized with the Yoast SEO plugin v21.7 - https:\/\/yoast.com\/wordpress\/plugins\/seo\/ -->\n<title>Governo da Bahia e FIEB criam grupo de trabalho para discutir impactos da taxa\u00e7\u00e3o imposta pelos Estados Unidos e proteger a economia baiana - Compartilha Bahia<\/title>\n<meta name=\"robots\" content=\"index, follow, max-snippet:-1, max-image-preview:large, max-video-preview:-1\" \/>\n<link rel=\"canonical\" href=\"https:\/\/compartilhabahia.com.br\/index.php\/2025\/07\/14\/governo-da-bahia-e-fieb-criam-grupo-de-trabalho-para-discutir-impactos-da-taxacao-imposta-pelos-estados-unidos-e-proteger-a-economia-baiana\/\" \/>\n<meta property=\"og:locale\" content=\"pt_BR\" \/>\n<meta property=\"og:type\" content=\"article\" \/>\n<meta property=\"og:title\" content=\"Governo da Bahia e FIEB criam grupo de trabalho para discutir impactos da taxa\u00e7\u00e3o imposta pelos Estados Unidos e proteger a economia baiana - Compartilha Bahia\" \/>\n<meta property=\"og:description\" content=\"O Governo do Estado e a Federa\u00e7\u00e3o das Ind\u00fastrias do Estado da Bahia (FIEB) criaram um grupo de trabalho para discutir os poss\u00edveis impactos da taxa\u00e7\u00e3o imposta pelos Estados Unidos ao Brasil, a partir de agosto, e buscar novas alternativas comerciais que protejam a economia da Bahia. O objetivo \u00e9 indicar as estrat\u00e9gias mais adequadas [&hellip;]\" \/>\n<meta property=\"og:url\" content=\"https:\/\/compartilhabahia.com.br\/index.php\/2025\/07\/14\/governo-da-bahia-e-fieb-criam-grupo-de-trabalho-para-discutir-impactos-da-taxacao-imposta-pelos-estados-unidos-e-proteger-a-economia-baiana\/\" \/>\n<meta property=\"og:site_name\" content=\"Compartilha Bahia\" \/>\n<meta property=\"article:publisher\" content=\"https:\/\/web.facebook.com\/compartilhabahia\" \/>\n<meta property=\"article:published_time\" content=\"2025-07-14T23:21:43+00:00\" \/>\n<meta property=\"article:modified_time\" content=\"2025-07-14T23:22:32+00:00\" \/>\n<meta property=\"og:image\" content=\"https:\/\/compartilhabahia.com.br\/wp-content\/uploads\/2025\/07\/fiebegoverno.jpg\" \/>\n\t<meta property=\"og:image:width\" content=\"960\" \/>\n\t<meta property=\"og:image:height\" content=\"640\" \/>\n\t<meta property=\"og:image:type\" content=\"image\/jpeg\" \/>\n<meta name=\"author\" content=\"admin\" \/>\n<meta name=\"twitter:card\" content=\"summary_large_image\" \/>\n<meta name=\"twitter:label1\" content=\"Escrito por\" \/>\n\t<meta name=\"twitter:data1\" content=\"admin\" \/>\n\t<meta name=\"twitter:label2\" content=\"Est. tempo de leitura\" \/>\n\t<meta name=\"twitter:data2\" content=\"2 minutos\" \/>\n<script type=\"application\/ld+json\" class=\"yoast-schema-graph\">{\"@context\":\"https:\/\/schema.org\",\"@graph\":[{\"@type\":\"Article\",\"@id\":\"https:\/\/compartilhabahia.com.br\/index.php\/2025\/07\/14\/governo-da-bahia-e-fieb-criam-grupo-de-trabalho-para-discutir-impactos-da-taxacao-imposta-pelos-estados-unidos-e-proteger-a-economia-baiana\/#article\",\"isPartOf\":{\"@id\":\"https:\/\/compartilhabahia.com.br\/index.php\/2025\/07\/14\/governo-da-bahia-e-fieb-criam-grupo-de-trabalho-para-discutir-impactos-da-taxacao-imposta-pelos-estados-unidos-e-proteger-a-economia-baiana\/\"},\"author\":{\"name\":\"admin\",\"@id\":\"https:\/\/compartilhabahia.com.br\/#\/schema\/person\/9b4f0c3178793b8248d6686732521c04\"},\"headline\":\"Governo da Bahia e FIEB criam grupo de trabalho para discutir impactos da taxa\u00e7\u00e3o imposta pelos Estados Unidos e proteger a economia baiana\",\"datePublished\":\"2025-07-14T23:21:43+00:00\",\"dateModified\":\"2025-07-14T23:22:32+00:00\",\"mainEntityOfPage\":{\"@id\":\"https:\/\/compartilhabahia.com.br\/index.php\/2025\/07\/14\/governo-da-bahia-e-fieb-criam-grupo-de-trabalho-para-discutir-impactos-da-taxacao-imposta-pelos-estados-unidos-e-proteger-a-economia-baiana\/\"},\"wordCount\":357,\"commentCount\":0,\"publisher\":{\"@id\":\"https:\/\/compartilhabahia.com.br\/#organization\"},\"articleSection\":[\"Cama\u00e7ari\"],\"inLanguage\":\"pt-BR\",\"potentialAction\":[{\"@type\":\"CommentAction\",\"name\":\"Comment\",\"target\":[\"https:\/\/compartilhabahia.com.br\/index.php\/2025\/07\/14\/governo-da-bahia-e-fieb-criam-grupo-de-trabalho-para-discutir-impactos-da-taxacao-imposta-pelos-estados-unidos-e-proteger-a-economia-baiana\/#respond\"]}]},{\"@type\":\"WebPage\",\"@id\":\"https:\/\/compartilhabahia.com.br\/index.php\/2025\/07\/14\/governo-da-bahia-e-fieb-criam-grupo-de-trabalho-para-discutir-impactos-da-taxacao-imposta-pelos-estados-unidos-e-proteger-a-economia-baiana\/\",\"url\":\"https:\/\/compartilhabahia.com.br\/index.php\/2025\/07\/14\/governo-da-bahia-e-fieb-criam-grupo-de-trabalho-para-discutir-impactos-da-taxacao-imposta-pelos-estados-unidos-e-proteger-a-economia-baiana\/\",\"name\":\"Governo da Bahia e FIEB criam grupo de trabalho para discutir impactos da taxa\u00e7\u00e3o imposta pelos Estados Unidos e proteger a economia baiana - Compartilha Bahia\",\"isPartOf\":{\"@id\":\"https:\/\/compartilhabahia.com.br\/#website\"},\"datePublished\":\"2025-07-14T23:21:43+00:00\",\"dateModified\":\"2025-07-14T23:22:32+00:00\",\"breadcrumb\":{\"@id\":\"https:\/\/compartilhabahia.com.br\/index.php\/2025\/07\/14\/governo-da-bahia-e-fieb-criam-grupo-de-trabalho-para-discutir-impactos-da-taxacao-imposta-pelos-estados-unidos-e-proteger-a-economia-baiana\/#breadcrumb\"},\"inLanguage\":\"pt-BR\",\"potentialAction\":[{\"@type\":\"ReadAction\",\"target\":[\"https:\/\/compartilhabahia.com.br\/index.php\/2025\/07\/14\/governo-da-bahia-e-fieb-criam-grupo-de-trabalho-para-discutir-impactos-da-taxacao-imposta-pelos-estados-unidos-e-proteger-a-economia-baiana\/\"]}]},{\"@type\":\"BreadcrumbList\",\"@id\":\"https:\/\/compartilhabahia.com.br\/index.php\/2025\/07\/14\/governo-da-bahia-e-fieb-criam-grupo-de-trabalho-para-discutir-impactos-da-taxacao-imposta-pelos-estados-unidos-e-proteger-a-economia-baiana\/#breadcrumb\",\"itemListElement\":[{\"@type\":\"ListItem\",\"position\":1,\"name\":\"In\u00edcio\",\"item\":\"https:\/\/compartilhabahia.com.br\/\"},{\"@type\":\"ListItem\",\"position\":2,\"name\":\"Governo da Bahia e FIEB criam grupo de trabalho para discutir impactos da taxa\u00e7\u00e3o imposta pelos Estados Unidos e proteger a economia baiana\"}]},{\"@type\":\"WebSite\",\"@id\":\"https:\/\/compartilhabahia.com.br\/#website\",\"url\":\"https:\/\/compartilhabahia.com.br\/\",\"name\":\"Compartilha Bahia\",\"description\":\"\",\"publisher\":{\"@id\":\"https:\/\/compartilhabahia.com.br\/#organization\"},\"potentialAction\":[{\"@type\":\"SearchAction\",\"target\":{\"@type\":\"EntryPoint\",\"urlTemplate\":\"https:\/\/compartilhabahia.com.br\/?s={search_term_string}\"},\"query-input\":\"required name=search_term_string\"}],\"inLanguage\":\"pt-BR\"},{\"@type\":\"Organization\",\"@id\":\"https:\/\/compartilhabahia.com.br\/#organization\",\"name\":\"Compartilha Bahia\",\"url\":\"https:\/\/compartilhabahia.com.br\/\",\"logo\":{\"@type\":\"ImageObject\",\"inLanguage\":\"pt-BR\",\"@id\":\"https:\/\/compartilhabahia.com.br\/#\/schema\/logo\/image\/\",\"url\":\"https:\/\/compartilhabahia.com.br\/wp-content\/uploads\/2023\/12\/cropped-logo.png\",\"contentUrl\":\"https:\/\/compartilhabahia.com.br\/wp-content\/uploads\/2023\/12\/cropped-logo.png\",\"width\":300,\"height\":106,\"caption\":\"Compartilha Bahia\"},\"image\":{\"@id\":\"https:\/\/compartilhabahia.com.br\/#\/schema\/logo\/image\/\"},\"sameAs\":[\"https:\/\/web.facebook.com\/compartilhabahia\",\"https:\/\/www.instagram.com\/compartilhabahia\/\"]},{\"@type\":\"Person\",\"@id\":\"https:\/\/compartilhabahia.com.br\/#\/schema\/person\/9b4f0c3178793b8248d6686732521c04\",\"name\":\"admin\",\"image\":{\"@type\":\"ImageObject\",\"inLanguage\":\"pt-BR\",\"@id\":\"https:\/\/compartilhabahia.com.br\/#\/schema\/person\/image\/\",\"url\":\"https:\/\/secure.gravatar.com\/avatar\/9600df58751c5acbe914c538c03390ef649ea088cb65f84ba09c7ce66988eed6?s=96&d=mm&r=g\",\"contentUrl\":\"https:\/\/secure.gravatar.com\/avatar\/9600df58751c5acbe914c538c03390ef649ea088cb65f84ba09c7ce66988eed6?s=96&d=mm&r=g\",\"caption\":\"admin\"},\"sameAs\":[\"https:\/\/compartilhabahia.com.br\"],\"url\":\"https:\/\/compartilhabahia.com.br\/index.php\/author\/compartilhabahia\/\"}]}<\/script>\n<!-- \/ Yoast SEO plugin. -->","yoast_head_json":{"title":"Governo da Bahia e FIEB criam grupo de trabalho para discutir impactos da taxa\u00e7\u00e3o imposta pelos Estados Unidos e proteger a economia baiana - Compartilha Bahia","robots":{"index":"index","follow":"follow","max-snippet":"max-snippet:-1","max-image-preview":"max-image-preview:large","max-video-preview":"max-video-preview:-1"},"canonical":"https:\/\/compartilhabahia.com.br\/index.php\/2025\/07\/14\/governo-da-bahia-e-fieb-criam-grupo-de-trabalho-para-discutir-impactos-da-taxacao-imposta-pelos-estados-unidos-e-proteger-a-economia-baiana\/","og_locale":"pt_BR","og_type":"article","og_title":"Governo da Bahia e FIEB criam grupo de trabalho para discutir impactos da taxa\u00e7\u00e3o imposta pelos Estados Unidos e proteger a economia baiana - Compartilha Bahia","og_description":"O Governo do Estado e a Federa\u00e7\u00e3o das Ind\u00fastrias do Estado da Bahia (FIEB) criaram um grupo de trabalho para discutir os poss\u00edveis impactos da taxa\u00e7\u00e3o imposta pelos Estados Unidos ao Brasil, a partir de agosto, e buscar novas alternativas comerciais que protejam a economia da Bahia. O objetivo \u00e9 indicar as estrat\u00e9gias mais adequadas [&hellip;]","og_url":"https:\/\/compartilhabahia.com.br\/index.php\/2025\/07\/14\/governo-da-bahia-e-fieb-criam-grupo-de-trabalho-para-discutir-impactos-da-taxacao-imposta-pelos-estados-unidos-e-proteger-a-economia-baiana\/","og_site_name":"Compartilha Bahia","article_publisher":"https:\/\/web.facebook.com\/compartilhabahia","article_published_time":"2025-07-14T23:21:43+00:00","article_modified_time":"2025-07-14T23:22:32+00:00","og_image":[{"width":960,"height":640,"url":"https:\/\/compartilhabahia.com.br\/wp-content\/uploads\/2025\/07\/fiebegoverno.jpg","type":"image\/jpeg"}],"author":"admin","twitter_card":"summary_large_image","twitter_misc":{"Escrito por":"admin","Est. tempo de leitura":"2 minutos"},"schema":{"@context":"https:\/\/schema.org","@graph":[{"@type":"Article","@id":"https:\/\/compartilhabahia.com.br\/index.php\/2025\/07\/14\/governo-da-bahia-e-fieb-criam-grupo-de-trabalho-para-discutir-impactos-da-taxacao-imposta-pelos-estados-unidos-e-proteger-a-economia-baiana\/#article","isPartOf":{"@id":"https:\/\/compartilhabahia.com.br\/index.php\/2025\/07\/14\/governo-da-bahia-e-fieb-criam-grupo-de-trabalho-para-discutir-impactos-da-taxacao-imposta-pelos-estados-unidos-e-proteger-a-economia-baiana\/"},"author":{"name":"admin","@id":"https:\/\/compartilhabahia.com.br\/#\/schema\/person\/9b4f0c3178793b8248d6686732521c04"},"headline":"Governo da Bahia e FIEB criam grupo de trabalho para discutir impactos da taxa\u00e7\u00e3o imposta pelos Estados Unidos e proteger a economia baiana","datePublished":"2025-07-14T23:21:43+00:00","dateModified":"2025-07-14T23:22:32+00:00","mainEntityOfPage":{"@id":"https:\/\/compartilhabahia.com.br\/index.php\/2025\/07\/14\/governo-da-bahia-e-fieb-criam-grupo-de-trabalho-para-discutir-impactos-da-taxacao-imposta-pelos-estados-unidos-e-proteger-a-economia-baiana\/"},"wordCount":357,"commentCount":0,"publisher":{"@id":"https:\/\/compartilhabahia.com.br\/#organization"},"articleSection":["Cama\u00e7ari"],"inLanguage":"pt-BR","potentialAction":[{"@type":"CommentAction","name":"Comment","target":["https:\/\/compartilhabahia.com.br\/index.php\/2025\/07\/14\/governo-da-bahia-e-fieb-criam-grupo-de-trabalho-para-discutir-impactos-da-taxacao-imposta-pelos-estados-unidos-e-proteger-a-economia-baiana\/#respond"]}]},{"@type":"WebPage","@id":"https:\/\/compartilhabahia.com.br\/index.php\/2025\/07\/14\/governo-da-bahia-e-fieb-criam-grupo-de-trabalho-para-discutir-impactos-da-taxacao-imposta-pelos-estados-unidos-e-proteger-a-economia-baiana\/","url":"https:\/\/compartilhabahia.com.br\/index.php\/2025\/07\/14\/governo-da-bahia-e-fieb-criam-grupo-de-trabalho-para-discutir-impactos-da-taxacao-imposta-pelos-estados-unidos-e-proteger-a-economia-baiana\/","name":"Governo da Bahia e FIEB criam grupo de trabalho para discutir impactos da taxa\u00e7\u00e3o imposta pelos Estados Unidos e proteger a economia baiana - Compartilha Bahia","isPartOf":{"@id":"https:\/\/compartilhabahia.com.br\/#website"},"datePublished":"2025-07-14T23:21:43+00:00","dateModified":"2025-07-14T23:22:32+00:00","breadcrumb":{"@id":"https:\/\/compartilhabahia.com.br\/index.php\/2025\/07\/14\/governo-da-bahia-e-fieb-criam-grupo-de-trabalho-para-discutir-impactos-da-taxacao-imposta-pelos-estados-unidos-e-proteger-a-economia-baiana\/#breadcrumb"},"inLanguage":"pt-BR","potentialAction":[{"@type":"ReadAction","target":["https:\/\/compartilhabahia.com.br\/index.php\/2025\/07\/14\/governo-da-bahia-e-fieb-criam-grupo-de-trabalho-para-discutir-impactos-da-taxacao-imposta-pelos-estados-unidos-e-proteger-a-economia-baiana\/"]}]},{"@type":"BreadcrumbList","@id":"https:\/\/compartilhabahia.com.br\/index.php\/2025\/07\/14\/governo-da-bahia-e-fieb-criam-grupo-de-trabalho-para-discutir-impactos-da-taxacao-imposta-pelos-estados-unidos-e-proteger-a-economia-baiana\/#breadcrumb","itemListElement":[{"@type":"ListItem","position":1,"name":"In\u00edcio","item":"https:\/\/compartilhabahia.com.br\/"},{"@type":"ListItem","position":2,"name":"Governo da Bahia e FIEB criam grupo de trabalho para discutir impactos da taxa\u00e7\u00e3o imposta pelos Estados Unidos e proteger a economia baiana"}]},{"@type":"WebSite","@id":"https:\/\/compartilhabahia.com.br\/#website","url":"https:\/\/compartilhabahia.com.br\/","name":"Compartilha Bahia","description":"","publisher":{"@id":"https:\/\/compartilhabahia.com.br\/#organization"},"potentialAction":[{"@type":"SearchAction","target":{"@type":"EntryPoint","urlTemplate":"https:\/\/compartilhabahia.com.br\/?s={search_term_string}"},"query-input":"required name=search_term_string"}],"inLanguage":"pt-BR"},{"@type":"Organization","@id":"https:\/\/compartilhabahia.com.br\/#organization","name":"Compartilha Bahia","url":"https:\/\/compartilhabahia.com.br\/","logo":{"@type":"ImageObject","inLanguage":"pt-BR","@id":"https:\/\/compartilhabahia.com.br\/#\/schema\/logo\/image\/","url":"https:\/\/compartilhabahia.com.br\/wp-content\/uploads\/2023\/12\/cropped-logo.png","contentUrl":"https:\/\/compartilhabahia.com.br\/wp-content\/uploads\/2023\/12\/cropped-logo.png","width":300,"height":106,"caption":"Compartilha Bahia"},"image":{"@id":"https:\/\/compartilhabahia.com.br\/#\/schema\/logo\/image\/"},"sameAs":["https:\/\/web.facebook.com\/compartilhabahia","https:\/\/www.instagram.com\/compartilhabahia\/"]},{"@type":"Person","@id":"https:\/\/compartilhabahia.com.br\/#\/schema\/person\/9b4f0c3178793b8248d6686732521c04","name":"admin","image":{"@type":"ImageObject","inLanguage":"pt-BR","@id":"https:\/\/compartilhabahia.com.br\/#\/schema\/person\/image\/","url":"https:\/\/secure.gravatar.com\/avatar\/9600df58751c5acbe914c538c03390ef649ea088cb65f84ba09c7ce66988eed6?s=96&d=mm&r=g","contentUrl":"https:\/\/secure.gravatar.com\/avatar\/9600df58751c5acbe914c538c03390ef649ea088cb65f84ba09c7ce66988eed6?s=96&d=mm&r=g","caption":"admin"},"sameAs":["https:\/\/compartilhabahia.com.br"],"url":"https:\/\/compartilhabahia.com.br\/index.php\/author\/compartilhabahia\/"}]}},"_links":{"self":[{"href":"https:\/\/compartilhabahia.com.br\/index.php\/wp-json\/wp\/v2\/posts\/7236","targetHints":{"allow":["GET"]}}],"collection":[{"href":"https:\/\/compartilhabahia.com.br\/index.php\/wp-json\/wp\/v2\/posts"}],"about":[{"href":"https:\/\/compartilhabahia.com.br\/index.php\/wp-json\/wp\/v2\/types\/post"}],"author":[{"embeddable":true,"href":"https:\/\/compartilhabahia.com.br\/index.php\/wp-json\/wp\/v2\/users\/1"}],"replies":[{"embeddable":true,"href":"https:\/\/compartilhabahia.com.br\/index.php\/wp-json\/wp\/v2\/comments?post=7236"}],"version-history":[{"count":1,"href":"https:\/\/compartilhabahia.com.br\/index.php\/wp-json\/wp\/v2\/posts\/7236\/revisions"}],"predecessor-version":[{"id":7238,"href":"https:\/\/compartilhabahia.com.br\/index.php\/wp-json\/wp\/v2\/posts\/7236\/revisions\/7238"}],"wp:featuredmedia":[{"embeddable":true,"href":"https:\/\/compartilhabahia.com.br\/index.php\/wp-json\/wp\/v2\/media\/7237"}],"wp:attachment":[{"href":"https:\/\/compartilhabahia.com.br\/index.php\/wp-json\/wp\/v2\/media?parent=7236"}],"wp:term":[{"taxonomy":"category","embeddable":true,"href":"https:\/\/compartilhabahia.com.br\/index.php\/wp-json\/wp\/v2\/categories?post=7236"},{"taxonomy":"post_tag","embeddable":true,"href":"https:\/\/compartilhabahia.com.br\/index.php\/wp-json\/wp\/v2\/tags?post=7236"}],"curies":[{"name":"wp","href":"https:\/\/api.w.org\/{rel}","templated":true}]}}