{"id":7233,"date":"2025-07-14T20:14:02","date_gmt":"2025-07-14T23:14:02","guid":{"rendered":"https:\/\/compartilhabahia.com.br\/?p=7233"},"modified":"2025-07-14T20:14:04","modified_gmt":"2025-07-14T23:14:04","slug":"embraer-fecha-venda-de-45-jatos-para-a-dinamarca-por-r-218-bilhoes","status":"publish","type":"post","link":"https:\/\/compartilhabahia.com.br\/index.php\/2025\/07\/14\/embraer-fecha-venda-de-45-jatos-para-a-dinamarca-por-r-218-bilhoes\/","title":{"rendered":"Embraer fecha venda de 45 jatos para a Dinamarca por R$ 21,8 bilh\u00f5es"},"content":{"rendered":"\n<p>A Embraer anunciou a venda de 45 jatos modelo E195-E2 para a Scandinavian Airlines (SAS), com op\u00e7\u00e3o de compra de mais 10 aeronaves. O contrato, avaliado em R$ 21,8 bilh\u00f5es, representa uma das maiores negocia\u00e7\u00f5es da hist\u00f3ria da fabricante brasileira.<\/p>\n\n\n\n<p>O acordo hist\u00f3rico apoia a estrat\u00e9gia de longo prazo para a renova\u00e7\u00e3o de frota da Scandinavian Airlines, aumentando a efici\u00eancia, reduzindo as emiss\u00f5es e gerando futuras oportunidades de crescimento a partir de seu hub global em Copenhague, na Dinamarca.<\/p>\n\n\n\n<p>&#8220;\u00c9 a maior encomenda a um \u00fanico fabricante desde 1996. Mesmo diante dos desafios para o com\u00e9rcio internacional, a Embraer segue abrindo mercados, gerando emprego e renda&#8221;, escreveu o vice-presidente e ministro do Desenvolvimento, Ind\u00fastria, Com\u00e9rcio e Servi\u00e7os (MDIC), Geraldo Alckmin, nas redes sociais.<\/p>\n\n\n\n<p><strong>PRIMEIRAS ENTREGAS \u2014<\/strong>&nbsp;As primeiras entregas est\u00e3o previstas para o fim de 2027, com remessas adicionais ao longo de quatro anos. O modelo de aeronave da fam\u00edlia E2 opera com 100% de combust\u00edvel sustent\u00e1vel de avia\u00e7\u00e3o (SAF), e \u00e9 certificada para voar com blends de at\u00e9 50% deste mesmo tipo de combust\u00edvel.<\/p>\n\n\n\n<p>&#8220;O E195-E2 \u00e9 uma aeronave inovadora em termos de efici\u00eancia, desempenho e conforto do passageiro. Estamos confiantes de que essas aeronaves v\u00e3o desempenhar um papel crucial na estrat\u00e9gia de renova\u00e7\u00e3o e expans\u00e3o da frota da SAS, apoiando seus planos de crescimento e aprimorando suas capacidades operacionais\u201d, afirmou Arjan Meijer, Presidente e CEO da Embraer Avia\u00e7\u00e3o Comercial.<\/p>\n\n\n\n<p><strong>A EMBRAER \u2014<\/strong>&nbsp;Criada em 1969 com apoio do Governo Federal, a Embraer \u00e9 hoje a terceira maior fabricante de jatos comerciais do mundo e l\u00edder no segmento de at\u00e9 130 assentos. A Embraer contabiliza mais de oito mil aeronaves entregues, 18 mil colaboradores e, para atender demandas globais, estabelece unidades industriais, escrit\u00f3rios e centros de distribui\u00e7\u00e3o de pe\u00e7as e servi\u00e7os nas Am\u00e9ricas, \u00c1frica, \u00c1sia e Europa.Categoria<\/p>\n\n\n\n<p>Ci\u00eancia e Tecnologia<\/p>\n","protected":false},"excerpt":{"rendered":"<p>A Embraer anunciou a venda de 45 jatos modelo E195-E2 para a Scandinavian Airlines (SAS), com op\u00e7\u00e3o de compra de mais 10 aeronaves. O contrato, avaliado em R$ 21,8 bilh\u00f5es, representa uma das maiores negocia\u00e7\u00f5es da hist\u00f3ria da fabricante brasileira. O acordo hist\u00f3rico apoia a estrat\u00e9gia de longo prazo para a renova\u00e7\u00e3o de frota da [&hellip;]<\/p>\n","protected":false},"author":1,"featured_media":7234,"comment_status":"open","ping_status":"open","sticky":false,"template":"","format":"standard","meta":{"footnotes":""},"categories":[4],"tags":[],"class_list":["post-7233","post","type-post","status-publish","format-standard","has-post-thumbnail","hentry","category-brasil"],"yoast_head":"<!-- This site is optimized with the Yoast SEO plugin v21.7 - https:\/\/yoast.com\/wordpress\/plugins\/seo\/ -->\n<title>Embraer fecha venda de 45 jatos para a Dinamarca por R$ 21,8 bilh\u00f5es - Compartilha Bahia<\/title>\n<meta name=\"robots\" content=\"index, follow, max-snippet:-1, max-image-preview:large, max-video-preview:-1\" \/>\n<link rel=\"canonical\" href=\"https:\/\/compartilhabahia.com.br\/index.php\/2025\/07\/14\/embraer-fecha-venda-de-45-jatos-para-a-dinamarca-por-r-218-bilhoes\/\" \/>\n<meta property=\"og:locale\" content=\"pt_BR\" \/>\n<meta property=\"og:type\" content=\"article\" \/>\n<meta property=\"og:title\" content=\"Embraer fecha venda de 45 jatos para a Dinamarca por R$ 21,8 bilh\u00f5es - Compartilha Bahia\" \/>\n<meta property=\"og:description\" content=\"A Embraer anunciou a venda de 45 jatos modelo E195-E2 para a Scandinavian Airlines (SAS), com op\u00e7\u00e3o de compra de mais 10 aeronaves. O contrato, avaliado em R$ 21,8 bilh\u00f5es, representa uma das maiores negocia\u00e7\u00f5es da hist\u00f3ria da fabricante brasileira. O acordo hist\u00f3rico apoia a estrat\u00e9gia de longo prazo para a renova\u00e7\u00e3o de frota da [&hellip;]\" \/>\n<meta property=\"og:url\" content=\"https:\/\/compartilhabahia.com.br\/index.php\/2025\/07\/14\/embraer-fecha-venda-de-45-jatos-para-a-dinamarca-por-r-218-bilhoes\/\" \/>\n<meta property=\"og:site_name\" content=\"Compartilha Bahia\" \/>\n<meta property=\"article:publisher\" content=\"https:\/\/web.facebook.com\/compartilhabahia\" \/>\n<meta property=\"article:published_time\" content=\"2025-07-14T23:14:02+00:00\" \/>\n<meta property=\"article:modified_time\" content=\"2025-07-14T23:14:04+00:00\" \/>\n<meta property=\"og:image\" content=\"https:\/\/compartilhabahia.com.br\/wp-content\/uploads\/2025\/07\/a725f47b-be9d-4104-b58a-243a810fd0f9.jpeg\" \/>\n\t<meta property=\"og:image:width\" content=\"648\" \/>\n\t<meta property=\"og:image:height\" content=\"432\" \/>\n\t<meta property=\"og:image:type\" content=\"image\/jpeg\" \/>\n<meta name=\"author\" content=\"admin\" \/>\n<meta name=\"twitter:card\" content=\"summary_large_image\" \/>\n<meta name=\"twitter:label1\" content=\"Escrito por\" \/>\n\t<meta name=\"twitter:data1\" content=\"admin\" \/>\n\t<meta name=\"twitter:label2\" content=\"Est. tempo de leitura\" \/>\n\t<meta name=\"twitter:data2\" content=\"2 minutos\" \/>\n<script type=\"application\/ld+json\" class=\"yoast-schema-graph\">{\"@context\":\"https:\/\/schema.org\",\"@graph\":[{\"@type\":\"Article\",\"@id\":\"https:\/\/compartilhabahia.com.br\/index.php\/2025\/07\/14\/embraer-fecha-venda-de-45-jatos-para-a-dinamarca-por-r-218-bilhoes\/#article\",\"isPartOf\":{\"@id\":\"https:\/\/compartilhabahia.com.br\/index.php\/2025\/07\/14\/embraer-fecha-venda-de-45-jatos-para-a-dinamarca-por-r-218-bilhoes\/\"},\"author\":{\"name\":\"admin\",\"@id\":\"https:\/\/compartilhabahia.com.br\/#\/schema\/person\/9b4f0c3178793b8248d6686732521c04\"},\"headline\":\"Embraer fecha venda de 45 jatos para a Dinamarca por R$ 21,8 bilh\u00f5es\",\"datePublished\":\"2025-07-14T23:14:02+00:00\",\"dateModified\":\"2025-07-14T23:14:04+00:00\",\"mainEntityOfPage\":{\"@id\":\"https:\/\/compartilhabahia.com.br\/index.php\/2025\/07\/14\/embraer-fecha-venda-de-45-jatos-para-a-dinamarca-por-r-218-bilhoes\/\"},\"wordCount\":334,\"commentCount\":0,\"publisher\":{\"@id\":\"https:\/\/compartilhabahia.com.br\/#organization\"},\"articleSection\":[\"Brasil\"],\"inLanguage\":\"pt-BR\",\"potentialAction\":[{\"@type\":\"CommentAction\",\"name\":\"Comment\",\"target\":[\"https:\/\/compartilhabahia.com.br\/index.php\/2025\/07\/14\/embraer-fecha-venda-de-45-jatos-para-a-dinamarca-por-r-218-bilhoes\/#respond\"]}]},{\"@type\":\"WebPage\",\"@id\":\"https:\/\/compartilhabahia.com.br\/index.php\/2025\/07\/14\/embraer-fecha-venda-de-45-jatos-para-a-dinamarca-por-r-218-bilhoes\/\",\"url\":\"https:\/\/compartilhabahia.com.br\/index.php\/2025\/07\/14\/embraer-fecha-venda-de-45-jatos-para-a-dinamarca-por-r-218-bilhoes\/\",\"name\":\"Embraer fecha venda de 45 jatos para a Dinamarca por R$ 21,8 bilh\u00f5es - Compartilha Bahia\",\"isPartOf\":{\"@id\":\"https:\/\/compartilhabahia.com.br\/#website\"},\"datePublished\":\"2025-07-14T23:14:02+00:00\",\"dateModified\":\"2025-07-14T23:14:04+00:00\",\"breadcrumb\":{\"@id\":\"https:\/\/compartilhabahia.com.br\/index.php\/2025\/07\/14\/embraer-fecha-venda-de-45-jatos-para-a-dinamarca-por-r-218-bilhoes\/#breadcrumb\"},\"inLanguage\":\"pt-BR\",\"potentialAction\":[{\"@type\":\"ReadAction\",\"target\":[\"https:\/\/compartilhabahia.com.br\/index.php\/2025\/07\/14\/embraer-fecha-venda-de-45-jatos-para-a-dinamarca-por-r-218-bilhoes\/\"]}]},{\"@type\":\"BreadcrumbList\",\"@id\":\"https:\/\/compartilhabahia.com.br\/index.php\/2025\/07\/14\/embraer-fecha-venda-de-45-jatos-para-a-dinamarca-por-r-218-bilhoes\/#breadcrumb\",\"itemListElement\":[{\"@type\":\"ListItem\",\"position\":1,\"name\":\"In\u00edcio\",\"item\":\"https:\/\/compartilhabahia.com.br\/\"},{\"@type\":\"ListItem\",\"position\":2,\"name\":\"Embraer fecha venda de 45 jatos para a Dinamarca por R$ 21,8 bilh\u00f5es\"}]},{\"@type\":\"WebSite\",\"@id\":\"https:\/\/compartilhabahia.com.br\/#website\",\"url\":\"https:\/\/compartilhabahia.com.br\/\",\"name\":\"Compartilha Bahia\",\"description\":\"\",\"publisher\":{\"@id\":\"https:\/\/compartilhabahia.com.br\/#organization\"},\"potentialAction\":[{\"@type\":\"SearchAction\",\"target\":{\"@type\":\"EntryPoint\",\"urlTemplate\":\"https:\/\/compartilhabahia.com.br\/?s={search_term_string}\"},\"query-input\":\"required name=search_term_string\"}],\"inLanguage\":\"pt-BR\"},{\"@type\":\"Organization\",\"@id\":\"https:\/\/compartilhabahia.com.br\/#organization\",\"name\":\"Compartilha Bahia\",\"url\":\"https:\/\/compartilhabahia.com.br\/\",\"logo\":{\"@type\":\"ImageObject\",\"inLanguage\":\"pt-BR\",\"@id\":\"https:\/\/compartilhabahia.com.br\/#\/schema\/logo\/image\/\",\"url\":\"https:\/\/compartilhabahia.com.br\/wp-content\/uploads\/2023\/12\/cropped-logo.png\",\"contentUrl\":\"https:\/\/compartilhabahia.com.br\/wp-content\/uploads\/2023\/12\/cropped-logo.png\",\"width\":300,\"height\":106,\"caption\":\"Compartilha Bahia\"},\"image\":{\"@id\":\"https:\/\/compartilhabahia.com.br\/#\/schema\/logo\/image\/\"},\"sameAs\":[\"https:\/\/web.facebook.com\/compartilhabahia\",\"https:\/\/www.instagram.com\/compartilhabahia\/\"]},{\"@type\":\"Person\",\"@id\":\"https:\/\/compartilhabahia.com.br\/#\/schema\/person\/9b4f0c3178793b8248d6686732521c04\",\"name\":\"admin\",\"image\":{\"@type\":\"ImageObject\",\"inLanguage\":\"pt-BR\",\"@id\":\"https:\/\/compartilhabahia.com.br\/#\/schema\/person\/image\/\",\"url\":\"https:\/\/secure.gravatar.com\/avatar\/9600df58751c5acbe914c538c03390ef649ea088cb65f84ba09c7ce66988eed6?s=96&d=mm&r=g\",\"contentUrl\":\"https:\/\/secure.gravatar.com\/avatar\/9600df58751c5acbe914c538c03390ef649ea088cb65f84ba09c7ce66988eed6?s=96&d=mm&r=g\",\"caption\":\"admin\"},\"sameAs\":[\"https:\/\/compartilhabahia.com.br\"],\"url\":\"https:\/\/compartilhabahia.com.br\/index.php\/author\/compartilhabahia\/\"}]}<\/script>\n<!-- \/ Yoast SEO plugin. -->","yoast_head_json":{"title":"Embraer fecha venda de 45 jatos para a Dinamarca por R$ 21,8 bilh\u00f5es - Compartilha Bahia","robots":{"index":"index","follow":"follow","max-snippet":"max-snippet:-1","max-image-preview":"max-image-preview:large","max-video-preview":"max-video-preview:-1"},"canonical":"https:\/\/compartilhabahia.com.br\/index.php\/2025\/07\/14\/embraer-fecha-venda-de-45-jatos-para-a-dinamarca-por-r-218-bilhoes\/","og_locale":"pt_BR","og_type":"article","og_title":"Embraer fecha venda de 45 jatos para a Dinamarca por R$ 21,8 bilh\u00f5es - Compartilha Bahia","og_description":"A Embraer anunciou a venda de 45 jatos modelo E195-E2 para a Scandinavian Airlines (SAS), com op\u00e7\u00e3o de compra de mais 10 aeronaves. O contrato, avaliado em R$ 21,8 bilh\u00f5es, representa uma das maiores negocia\u00e7\u00f5es da hist\u00f3ria da fabricante brasileira. O acordo hist\u00f3rico apoia a estrat\u00e9gia de longo prazo para a renova\u00e7\u00e3o de frota da [&hellip;]","og_url":"https:\/\/compartilhabahia.com.br\/index.php\/2025\/07\/14\/embraer-fecha-venda-de-45-jatos-para-a-dinamarca-por-r-218-bilhoes\/","og_site_name":"Compartilha Bahia","article_publisher":"https:\/\/web.facebook.com\/compartilhabahia","article_published_time":"2025-07-14T23:14:02+00:00","article_modified_time":"2025-07-14T23:14:04+00:00","og_image":[{"width":648,"height":432,"url":"https:\/\/compartilhabahia.com.br\/wp-content\/uploads\/2025\/07\/a725f47b-be9d-4104-b58a-243a810fd0f9.jpeg","type":"image\/jpeg"}],"author":"admin","twitter_card":"summary_large_image","twitter_misc":{"Escrito por":"admin","Est. tempo de leitura":"2 minutos"},"schema":{"@context":"https:\/\/schema.org","@graph":[{"@type":"Article","@id":"https:\/\/compartilhabahia.com.br\/index.php\/2025\/07\/14\/embraer-fecha-venda-de-45-jatos-para-a-dinamarca-por-r-218-bilhoes\/#article","isPartOf":{"@id":"https:\/\/compartilhabahia.com.br\/index.php\/2025\/07\/14\/embraer-fecha-venda-de-45-jatos-para-a-dinamarca-por-r-218-bilhoes\/"},"author":{"name":"admin","@id":"https:\/\/compartilhabahia.com.br\/#\/schema\/person\/9b4f0c3178793b8248d6686732521c04"},"headline":"Embraer fecha venda de 45 jatos para a Dinamarca por R$ 21,8 bilh\u00f5es","datePublished":"2025-07-14T23:14:02+00:00","dateModified":"2025-07-14T23:14:04+00:00","mainEntityOfPage":{"@id":"https:\/\/compartilhabahia.com.br\/index.php\/2025\/07\/14\/embraer-fecha-venda-de-45-jatos-para-a-dinamarca-por-r-218-bilhoes\/"},"wordCount":334,"commentCount":0,"publisher":{"@id":"https:\/\/compartilhabahia.com.br\/#organization"},"articleSection":["Brasil"],"inLanguage":"pt-BR","potentialAction":[{"@type":"CommentAction","name":"Comment","target":["https:\/\/compartilhabahia.com.br\/index.php\/2025\/07\/14\/embraer-fecha-venda-de-45-jatos-para-a-dinamarca-por-r-218-bilhoes\/#respond"]}]},{"@type":"WebPage","@id":"https:\/\/compartilhabahia.com.br\/index.php\/2025\/07\/14\/embraer-fecha-venda-de-45-jatos-para-a-dinamarca-por-r-218-bilhoes\/","url":"https:\/\/compartilhabahia.com.br\/index.php\/2025\/07\/14\/embraer-fecha-venda-de-45-jatos-para-a-dinamarca-por-r-218-bilhoes\/","name":"Embraer fecha venda de 45 jatos para a Dinamarca por R$ 21,8 bilh\u00f5es - Compartilha Bahia","isPartOf":{"@id":"https:\/\/compartilhabahia.com.br\/#website"},"datePublished":"2025-07-14T23:14:02+00:00","dateModified":"2025-07-14T23:14:04+00:00","breadcrumb":{"@id":"https:\/\/compartilhabahia.com.br\/index.php\/2025\/07\/14\/embraer-fecha-venda-de-45-jatos-para-a-dinamarca-por-r-218-bilhoes\/#breadcrumb"},"inLanguage":"pt-BR","potentialAction":[{"@type":"ReadAction","target":["https:\/\/compartilhabahia.com.br\/index.php\/2025\/07\/14\/embraer-fecha-venda-de-45-jatos-para-a-dinamarca-por-r-218-bilhoes\/"]}]},{"@type":"BreadcrumbList","@id":"https:\/\/compartilhabahia.com.br\/index.php\/2025\/07\/14\/embraer-fecha-venda-de-45-jatos-para-a-dinamarca-por-r-218-bilhoes\/#breadcrumb","itemListElement":[{"@type":"ListItem","position":1,"name":"In\u00edcio","item":"https:\/\/compartilhabahia.com.br\/"},{"@type":"ListItem","position":2,"name":"Embraer fecha venda de 45 jatos para a Dinamarca por R$ 21,8 bilh\u00f5es"}]},{"@type":"WebSite","@id":"https:\/\/compartilhabahia.com.br\/#website","url":"https:\/\/compartilhabahia.com.br\/","name":"Compartilha Bahia","description":"","publisher":{"@id":"https:\/\/compartilhabahia.com.br\/#organization"},"potentialAction":[{"@type":"SearchAction","target":{"@type":"EntryPoint","urlTemplate":"https:\/\/compartilhabahia.com.br\/?s={search_term_string}"},"query-input":"required name=search_term_string"}],"inLanguage":"pt-BR"},{"@type":"Organization","@id":"https:\/\/compartilhabahia.com.br\/#organization","name":"Compartilha Bahia","url":"https:\/\/compartilhabahia.com.br\/","logo":{"@type":"ImageObject","inLanguage":"pt-BR","@id":"https:\/\/compartilhabahia.com.br\/#\/schema\/logo\/image\/","url":"https:\/\/compartilhabahia.com.br\/wp-content\/uploads\/2023\/12\/cropped-logo.png","contentUrl":"https:\/\/compartilhabahia.com.br\/wp-content\/uploads\/2023\/12\/cropped-logo.png","width":300,"height":106,"caption":"Compartilha Bahia"},"image":{"@id":"https:\/\/compartilhabahia.com.br\/#\/schema\/logo\/image\/"},"sameAs":["https:\/\/web.facebook.com\/compartilhabahia","https:\/\/www.instagram.com\/compartilhabahia\/"]},{"@type":"Person","@id":"https:\/\/compartilhabahia.com.br\/#\/schema\/person\/9b4f0c3178793b8248d6686732521c04","name":"admin","image":{"@type":"ImageObject","inLanguage":"pt-BR","@id":"https:\/\/compartilhabahia.com.br\/#\/schema\/person\/image\/","url":"https:\/\/secure.gravatar.com\/avatar\/9600df58751c5acbe914c538c03390ef649ea088cb65f84ba09c7ce66988eed6?s=96&d=mm&r=g","contentUrl":"https:\/\/secure.gravatar.com\/avatar\/9600df58751c5acbe914c538c03390ef649ea088cb65f84ba09c7ce66988eed6?s=96&d=mm&r=g","caption":"admin"},"sameAs":["https:\/\/compartilhabahia.com.br"],"url":"https:\/\/compartilhabahia.com.br\/index.php\/author\/compartilhabahia\/"}]}},"_links":{"self":[{"href":"https:\/\/compartilhabahia.com.br\/index.php\/wp-json\/wp\/v2\/posts\/7233","targetHints":{"allow":["GET"]}}],"collection":[{"href":"https:\/\/compartilhabahia.com.br\/index.php\/wp-json\/wp\/v2\/posts"}],"about":[{"href":"https:\/\/compartilhabahia.com.br\/index.php\/wp-json\/wp\/v2\/types\/post"}],"author":[{"embeddable":true,"href":"https:\/\/compartilhabahia.com.br\/index.php\/wp-json\/wp\/v2\/users\/1"}],"replies":[{"embeddable":true,"href":"https:\/\/compartilhabahia.com.br\/index.php\/wp-json\/wp\/v2\/comments?post=7233"}],"version-history":[{"count":1,"href":"https:\/\/compartilhabahia.com.br\/index.php\/wp-json\/wp\/v2\/posts\/7233\/revisions"}],"predecessor-version":[{"id":7235,"href":"https:\/\/compartilhabahia.com.br\/index.php\/wp-json\/wp\/v2\/posts\/7233\/revisions\/7235"}],"wp:featuredmedia":[{"embeddable":true,"href":"https:\/\/compartilhabahia.com.br\/index.php\/wp-json\/wp\/v2\/media\/7234"}],"wp:attachment":[{"href":"https:\/\/compartilhabahia.com.br\/index.php\/wp-json\/wp\/v2\/media?parent=7233"}],"wp:term":[{"taxonomy":"category","embeddable":true,"href":"https:\/\/compartilhabahia.com.br\/index.php\/wp-json\/wp\/v2\/categories?post=7233"},{"taxonomy":"post_tag","embeddable":true,"href":"https:\/\/compartilhabahia.com.br\/index.php\/wp-json\/wp\/v2\/tags?post=7233"}],"curies":[{"name":"wp","href":"https:\/\/api.w.org\/{rel}","templated":true}]}}