{"id":7230,"date":"2025-07-14T15:05:26","date_gmt":"2025-07-14T18:05:26","guid":{"rendered":"https:\/\/compartilhabahia.com.br\/?p=7230"},"modified":"2025-07-15T11:05:15","modified_gmt":"2025-07-15T14:05:15","slug":"edital-de-fundacao-e-posse-da-diretoria-conselho-dos-direitos-da-pessoa-com-deficiencia-do-municipio-de-camacari","status":"publish","type":"post","link":"https:\/\/compartilhabahia.com.br\/index.php\/2025\/07\/14\/edital-de-fundacao-e-posse-da-diretoria-conselho-dos-direitos-da-pessoa-com-deficiencia-do-municipio-de-camacari\/","title":{"rendered":"Edital de funda\u00e7\u00e3o e posse da diretoria do Conselho dos Direitos da Pessoa Ostomizada do Munic\u00edpio de Cama\u00e7ari"},"content":{"rendered":"\n<p>Senhor Lindoval Sena Almeida, com suas atribui\u00e7\u00f5es legais convida todos os integrantes para a assembleia de funda\u00e7\u00e3o, aprova\u00e7\u00e3o do estatuto e posse da diretoria Conselho fiscal, do estatuto do Conselho dos direitos da pessoa Ostomizada do munic\u00edpio de Cama\u00e7ari (BA), que se far\u00e1 por um per\u00edodo de quadri\u00eanio de 2025 \u00e0 2029, a assembleia acontecer\u00e1 no dia 28 de julho no hor\u00e1rio das 8:00hs; da manh\u00e3 \u00e0s 10:00hs; manh\u00e3 com endere\u00e7o local a Rua, Andradina n\u2022 13 bairro Novo Horizonte, Cama\u00e7ari &#8211; Bahia. CEP &#8211; 42801 &#8211; 855<\/p>\n\n\n\n<p><\/p>\n","protected":false},"excerpt":{"rendered":"<p>Senhor Lindoval Sena Almeida, com suas atribui\u00e7\u00f5es legais convida todos os integrantes para a assembleia de funda\u00e7\u00e3o, aprova\u00e7\u00e3o do estatuto e posse da diretoria Conselho fiscal, do estatuto do Conselho dos direitos da pessoa Ostomizada do munic\u00edpio de Cama\u00e7ari (BA), que se far\u00e1 por um per\u00edodo de quadri\u00eanio de 2025 \u00e0 2029, a assembleia acontecer\u00e1 [&hellip;]<\/p>\n","protected":false},"author":1,"featured_media":7240,"comment_status":"open","ping_status":"open","sticky":false,"template":"","format":"standard","meta":{"footnotes":""},"categories":[8],"tags":[],"class_list":["post-7230","post","type-post","status-publish","format-standard","has-post-thumbnail","hentry","category-camacari"],"yoast_head":"<!-- This site is optimized with the Yoast SEO plugin v21.7 - https:\/\/yoast.com\/wordpress\/plugins\/seo\/ -->\n<title>Edital de funda\u00e7\u00e3o e posse da diretoria do Conselho dos Direitos da Pessoa Ostomizada do Munic\u00edpio de Cama\u00e7ari - Compartilha Bahia<\/title>\n<meta name=\"robots\" content=\"index, follow, max-snippet:-1, max-image-preview:large, max-video-preview:-1\" \/>\n<link rel=\"canonical\" href=\"https:\/\/compartilhabahia.com.br\/index.php\/2025\/07\/14\/edital-de-fundacao-e-posse-da-diretoria-conselho-dos-direitos-da-pessoa-com-deficiencia-do-municipio-de-camacari\/\" \/>\n<meta property=\"og:locale\" content=\"pt_BR\" \/>\n<meta property=\"og:type\" content=\"article\" \/>\n<meta property=\"og:title\" content=\"Edital de funda\u00e7\u00e3o e posse da diretoria do Conselho dos Direitos da Pessoa Ostomizada do Munic\u00edpio de Cama\u00e7ari - Compartilha Bahia\" \/>\n<meta property=\"og:description\" content=\"Senhor Lindoval Sena Almeida, com suas atribui\u00e7\u00f5es legais convida todos os integrantes para a assembleia de funda\u00e7\u00e3o, aprova\u00e7\u00e3o do estatuto e posse da diretoria Conselho fiscal, do estatuto do Conselho dos direitos da pessoa Ostomizada do munic\u00edpio de Cama\u00e7ari (BA), que se far\u00e1 por um per\u00edodo de quadri\u00eanio de 2025 \u00e0 2029, a assembleia acontecer\u00e1 [&hellip;]\" \/>\n<meta property=\"og:url\" content=\"https:\/\/compartilhabahia.com.br\/index.php\/2025\/07\/14\/edital-de-fundacao-e-posse-da-diretoria-conselho-dos-direitos-da-pessoa-com-deficiencia-do-municipio-de-camacari\/\" \/>\n<meta property=\"og:site_name\" content=\"Compartilha Bahia\" \/>\n<meta property=\"article:publisher\" content=\"https:\/\/web.facebook.com\/compartilhabahia\" \/>\n<meta property=\"article:published_time\" content=\"2025-07-14T18:05:26+00:00\" \/>\n<meta property=\"article:modified_time\" content=\"2025-07-15T14:05:15+00:00\" \/>\n<meta property=\"og:image\" content=\"https:\/\/compartilhabahia.com.br\/wp-content\/uploads\/2025\/07\/editallogo.jpg\" \/>\n\t<meta property=\"og:image:width\" content=\"474\" \/>\n\t<meta property=\"og:image:height\" content=\"336\" \/>\n\t<meta property=\"og:image:type\" content=\"image\/jpeg\" \/>\n<meta name=\"author\" content=\"admin\" \/>\n<meta name=\"twitter:card\" content=\"summary_large_image\" \/>\n<meta name=\"twitter:label1\" content=\"Escrito por\" \/>\n\t<meta name=\"twitter:data1\" content=\"admin\" \/>\n\t<meta name=\"twitter:label2\" content=\"Est. tempo de leitura\" \/>\n\t<meta name=\"twitter:data2\" content=\"1 minuto\" \/>\n<script type=\"application\/ld+json\" class=\"yoast-schema-graph\">{\"@context\":\"https:\/\/schema.org\",\"@graph\":[{\"@type\":\"Article\",\"@id\":\"https:\/\/compartilhabahia.com.br\/index.php\/2025\/07\/14\/edital-de-fundacao-e-posse-da-diretoria-conselho-dos-direitos-da-pessoa-com-deficiencia-do-municipio-de-camacari\/#article\",\"isPartOf\":{\"@id\":\"https:\/\/compartilhabahia.com.br\/index.php\/2025\/07\/14\/edital-de-fundacao-e-posse-da-diretoria-conselho-dos-direitos-da-pessoa-com-deficiencia-do-municipio-de-camacari\/\"},\"author\":{\"name\":\"admin\",\"@id\":\"https:\/\/compartilhabahia.com.br\/#\/schema\/person\/9b4f0c3178793b8248d6686732521c04\"},\"headline\":\"Edital de funda\u00e7\u00e3o e posse da diretoria do Conselho dos Direitos da Pessoa Ostomizada do Munic\u00edpio de Cama\u00e7ari\",\"datePublished\":\"2025-07-14T18:05:26+00:00\",\"dateModified\":\"2025-07-15T14:05:15+00:00\",\"mainEntityOfPage\":{\"@id\":\"https:\/\/compartilhabahia.com.br\/index.php\/2025\/07\/14\/edital-de-fundacao-e-posse-da-diretoria-conselho-dos-direitos-da-pessoa-com-deficiencia-do-municipio-de-camacari\/\"},\"wordCount\":112,\"commentCount\":0,\"publisher\":{\"@id\":\"https:\/\/compartilhabahia.com.br\/#organization\"},\"articleSection\":[\"Cama\u00e7ari\"],\"inLanguage\":\"pt-BR\",\"potentialAction\":[{\"@type\":\"CommentAction\",\"name\":\"Comment\",\"target\":[\"https:\/\/compartilhabahia.com.br\/index.php\/2025\/07\/14\/edital-de-fundacao-e-posse-da-diretoria-conselho-dos-direitos-da-pessoa-com-deficiencia-do-municipio-de-camacari\/#respond\"]}]},{\"@type\":\"WebPage\",\"@id\":\"https:\/\/compartilhabahia.com.br\/index.php\/2025\/07\/14\/edital-de-fundacao-e-posse-da-diretoria-conselho-dos-direitos-da-pessoa-com-deficiencia-do-municipio-de-camacari\/\",\"url\":\"https:\/\/compartilhabahia.com.br\/index.php\/2025\/07\/14\/edital-de-fundacao-e-posse-da-diretoria-conselho-dos-direitos-da-pessoa-com-deficiencia-do-municipio-de-camacari\/\",\"name\":\"Edital de funda\u00e7\u00e3o e posse da diretoria do Conselho dos Direitos da Pessoa Ostomizada do Munic\u00edpio de Cama\u00e7ari - Compartilha Bahia\",\"isPartOf\":{\"@id\":\"https:\/\/compartilhabahia.com.br\/#website\"},\"datePublished\":\"2025-07-14T18:05:26+00:00\",\"dateModified\":\"2025-07-15T14:05:15+00:00\",\"breadcrumb\":{\"@id\":\"https:\/\/compartilhabahia.com.br\/index.php\/2025\/07\/14\/edital-de-fundacao-e-posse-da-diretoria-conselho-dos-direitos-da-pessoa-com-deficiencia-do-municipio-de-camacari\/#breadcrumb\"},\"inLanguage\":\"pt-BR\",\"potentialAction\":[{\"@type\":\"ReadAction\",\"target\":[\"https:\/\/compartilhabahia.com.br\/index.php\/2025\/07\/14\/edital-de-fundacao-e-posse-da-diretoria-conselho-dos-direitos-da-pessoa-com-deficiencia-do-municipio-de-camacari\/\"]}]},{\"@type\":\"BreadcrumbList\",\"@id\":\"https:\/\/compartilhabahia.com.br\/index.php\/2025\/07\/14\/edital-de-fundacao-e-posse-da-diretoria-conselho-dos-direitos-da-pessoa-com-deficiencia-do-municipio-de-camacari\/#breadcrumb\",\"itemListElement\":[{\"@type\":\"ListItem\",\"position\":1,\"name\":\"In\u00edcio\",\"item\":\"https:\/\/compartilhabahia.com.br\/\"},{\"@type\":\"ListItem\",\"position\":2,\"name\":\"Edital de funda\u00e7\u00e3o e posse da diretoria do Conselho dos Direitos da Pessoa Ostomizada do Munic\u00edpio de Cama\u00e7ari\"}]},{\"@type\":\"WebSite\",\"@id\":\"https:\/\/compartilhabahia.com.br\/#website\",\"url\":\"https:\/\/compartilhabahia.com.br\/\",\"name\":\"Compartilha Bahia\",\"description\":\"\",\"publisher\":{\"@id\":\"https:\/\/compartilhabahia.com.br\/#organization\"},\"potentialAction\":[{\"@type\":\"SearchAction\",\"target\":{\"@type\":\"EntryPoint\",\"urlTemplate\":\"https:\/\/compartilhabahia.com.br\/?s={search_term_string}\"},\"query-input\":\"required name=search_term_string\"}],\"inLanguage\":\"pt-BR\"},{\"@type\":\"Organization\",\"@id\":\"https:\/\/compartilhabahia.com.br\/#organization\",\"name\":\"Compartilha Bahia\",\"url\":\"https:\/\/compartilhabahia.com.br\/\",\"logo\":{\"@type\":\"ImageObject\",\"inLanguage\":\"pt-BR\",\"@id\":\"https:\/\/compartilhabahia.com.br\/#\/schema\/logo\/image\/\",\"url\":\"https:\/\/compartilhabahia.com.br\/wp-content\/uploads\/2023\/12\/cropped-logo.png\",\"contentUrl\":\"https:\/\/compartilhabahia.com.br\/wp-content\/uploads\/2023\/12\/cropped-logo.png\",\"width\":300,\"height\":106,\"caption\":\"Compartilha Bahia\"},\"image\":{\"@id\":\"https:\/\/compartilhabahia.com.br\/#\/schema\/logo\/image\/\"},\"sameAs\":[\"https:\/\/web.facebook.com\/compartilhabahia\",\"https:\/\/www.instagram.com\/compartilhabahia\/\"]},{\"@type\":\"Person\",\"@id\":\"https:\/\/compartilhabahia.com.br\/#\/schema\/person\/9b4f0c3178793b8248d6686732521c04\",\"name\":\"admin\",\"image\":{\"@type\":\"ImageObject\",\"inLanguage\":\"pt-BR\",\"@id\":\"https:\/\/compartilhabahia.com.br\/#\/schema\/person\/image\/\",\"url\":\"https:\/\/secure.gravatar.com\/avatar\/9600df58751c5acbe914c538c03390ef649ea088cb65f84ba09c7ce66988eed6?s=96&d=mm&r=g\",\"contentUrl\":\"https:\/\/secure.gravatar.com\/avatar\/9600df58751c5acbe914c538c03390ef649ea088cb65f84ba09c7ce66988eed6?s=96&d=mm&r=g\",\"caption\":\"admin\"},\"sameAs\":[\"https:\/\/compartilhabahia.com.br\"],\"url\":\"https:\/\/compartilhabahia.com.br\/index.php\/author\/compartilhabahia\/\"}]}<\/script>\n<!-- \/ Yoast SEO plugin. -->","yoast_head_json":{"title":"Edital de funda\u00e7\u00e3o e posse da diretoria do Conselho dos Direitos da Pessoa Ostomizada do Munic\u00edpio de Cama\u00e7ari - Compartilha Bahia","robots":{"index":"index","follow":"follow","max-snippet":"max-snippet:-1","max-image-preview":"max-image-preview:large","max-video-preview":"max-video-preview:-1"},"canonical":"https:\/\/compartilhabahia.com.br\/index.php\/2025\/07\/14\/edital-de-fundacao-e-posse-da-diretoria-conselho-dos-direitos-da-pessoa-com-deficiencia-do-municipio-de-camacari\/","og_locale":"pt_BR","og_type":"article","og_title":"Edital de funda\u00e7\u00e3o e posse da diretoria do Conselho dos Direitos da Pessoa Ostomizada do Munic\u00edpio de Cama\u00e7ari - Compartilha Bahia","og_description":"Senhor Lindoval Sena Almeida, com suas atribui\u00e7\u00f5es legais convida todos os integrantes para a assembleia de funda\u00e7\u00e3o, aprova\u00e7\u00e3o do estatuto e posse da diretoria Conselho fiscal, do estatuto do Conselho dos direitos da pessoa Ostomizada do munic\u00edpio de Cama\u00e7ari (BA), que se far\u00e1 por um per\u00edodo de quadri\u00eanio de 2025 \u00e0 2029, a assembleia acontecer\u00e1 [&hellip;]","og_url":"https:\/\/compartilhabahia.com.br\/index.php\/2025\/07\/14\/edital-de-fundacao-e-posse-da-diretoria-conselho-dos-direitos-da-pessoa-com-deficiencia-do-municipio-de-camacari\/","og_site_name":"Compartilha Bahia","article_publisher":"https:\/\/web.facebook.com\/compartilhabahia","article_published_time":"2025-07-14T18:05:26+00:00","article_modified_time":"2025-07-15T14:05:15+00:00","og_image":[{"width":474,"height":336,"url":"https:\/\/compartilhabahia.com.br\/wp-content\/uploads\/2025\/07\/editallogo.jpg","type":"image\/jpeg"}],"author":"admin","twitter_card":"summary_large_image","twitter_misc":{"Escrito por":"admin","Est. tempo de leitura":"1 minuto"},"schema":{"@context":"https:\/\/schema.org","@graph":[{"@type":"Article","@id":"https:\/\/compartilhabahia.com.br\/index.php\/2025\/07\/14\/edital-de-fundacao-e-posse-da-diretoria-conselho-dos-direitos-da-pessoa-com-deficiencia-do-municipio-de-camacari\/#article","isPartOf":{"@id":"https:\/\/compartilhabahia.com.br\/index.php\/2025\/07\/14\/edital-de-fundacao-e-posse-da-diretoria-conselho-dos-direitos-da-pessoa-com-deficiencia-do-municipio-de-camacari\/"},"author":{"name":"admin","@id":"https:\/\/compartilhabahia.com.br\/#\/schema\/person\/9b4f0c3178793b8248d6686732521c04"},"headline":"Edital de funda\u00e7\u00e3o e posse da diretoria do Conselho dos Direitos da Pessoa Ostomizada do Munic\u00edpio de Cama\u00e7ari","datePublished":"2025-07-14T18:05:26+00:00","dateModified":"2025-07-15T14:05:15+00:00","mainEntityOfPage":{"@id":"https:\/\/compartilhabahia.com.br\/index.php\/2025\/07\/14\/edital-de-fundacao-e-posse-da-diretoria-conselho-dos-direitos-da-pessoa-com-deficiencia-do-municipio-de-camacari\/"},"wordCount":112,"commentCount":0,"publisher":{"@id":"https:\/\/compartilhabahia.com.br\/#organization"},"articleSection":["Cama\u00e7ari"],"inLanguage":"pt-BR","potentialAction":[{"@type":"CommentAction","name":"Comment","target":["https:\/\/compartilhabahia.com.br\/index.php\/2025\/07\/14\/edital-de-fundacao-e-posse-da-diretoria-conselho-dos-direitos-da-pessoa-com-deficiencia-do-municipio-de-camacari\/#respond"]}]},{"@type":"WebPage","@id":"https:\/\/compartilhabahia.com.br\/index.php\/2025\/07\/14\/edital-de-fundacao-e-posse-da-diretoria-conselho-dos-direitos-da-pessoa-com-deficiencia-do-municipio-de-camacari\/","url":"https:\/\/compartilhabahia.com.br\/index.php\/2025\/07\/14\/edital-de-fundacao-e-posse-da-diretoria-conselho-dos-direitos-da-pessoa-com-deficiencia-do-municipio-de-camacari\/","name":"Edital de funda\u00e7\u00e3o e posse da diretoria do Conselho dos Direitos da Pessoa Ostomizada do Munic\u00edpio de Cama\u00e7ari - Compartilha Bahia","isPartOf":{"@id":"https:\/\/compartilhabahia.com.br\/#website"},"datePublished":"2025-07-14T18:05:26+00:00","dateModified":"2025-07-15T14:05:15+00:00","breadcrumb":{"@id":"https:\/\/compartilhabahia.com.br\/index.php\/2025\/07\/14\/edital-de-fundacao-e-posse-da-diretoria-conselho-dos-direitos-da-pessoa-com-deficiencia-do-municipio-de-camacari\/#breadcrumb"},"inLanguage":"pt-BR","potentialAction":[{"@type":"ReadAction","target":["https:\/\/compartilhabahia.com.br\/index.php\/2025\/07\/14\/edital-de-fundacao-e-posse-da-diretoria-conselho-dos-direitos-da-pessoa-com-deficiencia-do-municipio-de-camacari\/"]}]},{"@type":"BreadcrumbList","@id":"https:\/\/compartilhabahia.com.br\/index.php\/2025\/07\/14\/edital-de-fundacao-e-posse-da-diretoria-conselho-dos-direitos-da-pessoa-com-deficiencia-do-municipio-de-camacari\/#breadcrumb","itemListElement":[{"@type":"ListItem","position":1,"name":"In\u00edcio","item":"https:\/\/compartilhabahia.com.br\/"},{"@type":"ListItem","position":2,"name":"Edital de funda\u00e7\u00e3o e posse da diretoria do Conselho dos Direitos da Pessoa Ostomizada do Munic\u00edpio de Cama\u00e7ari"}]},{"@type":"WebSite","@id":"https:\/\/compartilhabahia.com.br\/#website","url":"https:\/\/compartilhabahia.com.br\/","name":"Compartilha Bahia","description":"","publisher":{"@id":"https:\/\/compartilhabahia.com.br\/#organization"},"potentialAction":[{"@type":"SearchAction","target":{"@type":"EntryPoint","urlTemplate":"https:\/\/compartilhabahia.com.br\/?s={search_term_string}"},"query-input":"required name=search_term_string"}],"inLanguage":"pt-BR"},{"@type":"Organization","@id":"https:\/\/compartilhabahia.com.br\/#organization","name":"Compartilha Bahia","url":"https:\/\/compartilhabahia.com.br\/","logo":{"@type":"ImageObject","inLanguage":"pt-BR","@id":"https:\/\/compartilhabahia.com.br\/#\/schema\/logo\/image\/","url":"https:\/\/compartilhabahia.com.br\/wp-content\/uploads\/2023\/12\/cropped-logo.png","contentUrl":"https:\/\/compartilhabahia.com.br\/wp-content\/uploads\/2023\/12\/cropped-logo.png","width":300,"height":106,"caption":"Compartilha Bahia"},"image":{"@id":"https:\/\/compartilhabahia.com.br\/#\/schema\/logo\/image\/"},"sameAs":["https:\/\/web.facebook.com\/compartilhabahia","https:\/\/www.instagram.com\/compartilhabahia\/"]},{"@type":"Person","@id":"https:\/\/compartilhabahia.com.br\/#\/schema\/person\/9b4f0c3178793b8248d6686732521c04","name":"admin","image":{"@type":"ImageObject","inLanguage":"pt-BR","@id":"https:\/\/compartilhabahia.com.br\/#\/schema\/person\/image\/","url":"https:\/\/secure.gravatar.com\/avatar\/9600df58751c5acbe914c538c03390ef649ea088cb65f84ba09c7ce66988eed6?s=96&d=mm&r=g","contentUrl":"https:\/\/secure.gravatar.com\/avatar\/9600df58751c5acbe914c538c03390ef649ea088cb65f84ba09c7ce66988eed6?s=96&d=mm&r=g","caption":"admin"},"sameAs":["https:\/\/compartilhabahia.com.br"],"url":"https:\/\/compartilhabahia.com.br\/index.php\/author\/compartilhabahia\/"}]}},"_links":{"self":[{"href":"https:\/\/compartilhabahia.com.br\/index.php\/wp-json\/wp\/v2\/posts\/7230","targetHints":{"allow":["GET"]}}],"collection":[{"href":"https:\/\/compartilhabahia.com.br\/index.php\/wp-json\/wp\/v2\/posts"}],"about":[{"href":"https:\/\/compartilhabahia.com.br\/index.php\/wp-json\/wp\/v2\/types\/post"}],"author":[{"embeddable":true,"href":"https:\/\/compartilhabahia.com.br\/index.php\/wp-json\/wp\/v2\/users\/1"}],"replies":[{"embeddable":true,"href":"https:\/\/compartilhabahia.com.br\/index.php\/wp-json\/wp\/v2\/comments?post=7230"}],"version-history":[{"count":3,"href":"https:\/\/compartilhabahia.com.br\/index.php\/wp-json\/wp\/v2\/posts\/7230\/revisions"}],"predecessor-version":[{"id":7241,"href":"https:\/\/compartilhabahia.com.br\/index.php\/wp-json\/wp\/v2\/posts\/7230\/revisions\/7241"}],"wp:featuredmedia":[{"embeddable":true,"href":"https:\/\/compartilhabahia.com.br\/index.php\/wp-json\/wp\/v2\/media\/7240"}],"wp:attachment":[{"href":"https:\/\/compartilhabahia.com.br\/index.php\/wp-json\/wp\/v2\/media?parent=7230"}],"wp:term":[{"taxonomy":"category","embeddable":true,"href":"https:\/\/compartilhabahia.com.br\/index.php\/wp-json\/wp\/v2\/categories?post=7230"},{"taxonomy":"post_tag","embeddable":true,"href":"https:\/\/compartilhabahia.com.br\/index.php\/wp-json\/wp\/v2\/tags?post=7230"}],"curies":[{"name":"wp","href":"https:\/\/api.w.org\/{rel}","templated":true}]}}