{"id":7227,"date":"2025-07-14T14:33:58","date_gmt":"2025-07-14T17:33:58","guid":{"rendered":"https:\/\/compartilhabahia.com.br\/?p=7227"},"modified":"2025-07-14T14:34:00","modified_gmt":"2025-07-14T17:34:00","slug":"vacina-contra-covid-segue-disponivel-nas-unidades-de-saude-de-camacari","status":"publish","type":"post","link":"https:\/\/compartilhabahia.com.br\/index.php\/2025\/07\/14\/vacina-contra-covid-segue-disponivel-nas-unidades-de-saude-de-camacari\/","title":{"rendered":"Vacina contra Covid segue dispon\u00edvel nas unidades de sa\u00fade de Cama\u00e7ari"},"content":{"rendered":"\n<p>A vacina contra a Covid-19 segue dispon\u00edvel em diversas unidades de sa\u00fade do munic\u00edpio, tanto na sede quanto na orla, como forma essencial de prote\u00e7\u00e3o individual e coletiva. A Secretaria de Sa\u00fade de Cama\u00e7ari (Sesau), refor\u00e7a a import\u00e2ncia da imuniza\u00e7\u00e3o e lembra que a mesma \u00e9 segura, gratuita e continua sendo uma das principais aliadas na preven\u00e7\u00e3o de formas graves da doen\u00e7a.<\/p>\n\n\n\n<p>Na manh\u00e3 desta segunda-feira (14), o m\u00e9dico Diego Luis Adorno, 36 anos, tomou a dose do imunizante na Unidade de Sa\u00fade da Fam\u00edlia (USF) Phoc\/Caic, um dos pontos de vacina\u00e7\u00e3o contra a Covid-19 no munic\u00edpio. \u201c\u00c9 uma forma de autocuidado e, enquanto profissional da sa\u00fade, temos que ser exemplos. Al\u00e9m disso, ao me vacinar, tamb\u00e9m estou cuidando da sa\u00fade de forma coletiva\u201d, afirmou.<\/p>\n\n\n\n<p>Respons\u00e1vel pela aplica\u00e7\u00e3o da vacina na unidade, a t\u00e9cnica de enfermagem Auriceia Bara\u00fana destacou que as vacinas seguem sendo fundamentais para evitar complica\u00e7\u00f5es. \u201cA vacina \u00e9 uma ferramenta de preven\u00e7\u00e3o. Vale lembrar que no caso da Covid-19, pessoas com 60 anos ou mais devem tomar a dose a cada seis meses; gestantes, a cada gesta\u00e7\u00e3o; e profissionais de sa\u00fade ou pessoas com comorbidades, uma vez por ano\u201d, explicou.<\/p>\n\n\n\n<p>Al\u00e9m da USF Phoc\/Caic, na sede do munic\u00edpio, a vacina pode ser encontrada nas USFs Gravat\u00e1, Cama\u00e7ari de Dentro, Burissatuba, Gleba B, Nova Alian\u00e7a, Parque Florestal, Ficam, Ponto Certo, Parque Verde I, Gleba E, Nova Vit\u00f3ria, Novo Horizonte e Verdes Horizontes I, bem como na Unidade B\u00e1sica de Sa\u00fade (UBS) Gravat\u00e1.<\/p>\n\n\n\n<p>J\u00e1 na orla, a vacina\u00e7\u00e3o acontece nas USFs Fonte das \u00c1guas, Vila de Abrantes, P\u00e9 de Areia, Barra do Jacu\u00edpe, Catu de Abrantes, Fonte da Caixa, Buris de Abrantes, Areias, Caminho do Mar, Cajazeiras de Abrantes, Machadinho, Monte Gordo e Barra do Pojuca, al\u00e9m da UBS Arembepe.<\/p>\n\n\n\n<p>Nos locais acima citados, a vacina contra a Covid-19 est\u00e1 dispon\u00edvel para crian\u00e7as com idade entre 6 meses e menores de 5 anos, bem como para pessoas a partir dos 12 anos. J\u00e1 para crian\u00e7as entre 5 e 11 anos, a vacina\u00e7\u00e3o ocorre exclusivamente nas USFs Cama\u00e7ari de Dentro, Vila de Abrantes e Barra do Jacu\u00edpe.<\/p>\n\n\n\n<p>Para receber a imuniza\u00e7\u00e3o \u00e9 necess\u00e1rio apresentar documento oficial de identifica\u00e7\u00e3o com foto, al\u00e9m do Cart\u00e3o do SUS ou CPF.<\/p>\n","protected":false},"excerpt":{"rendered":"<p>A vacina contra a Covid-19 segue dispon\u00edvel em diversas unidades de sa\u00fade do munic\u00edpio, tanto na sede quanto na orla, como forma essencial de prote\u00e7\u00e3o individual e coletiva. A Secretaria de Sa\u00fade de Cama\u00e7ari (Sesau), refor\u00e7a a import\u00e2ncia da imuniza\u00e7\u00e3o e lembra que a mesma \u00e9 segura, gratuita e continua sendo uma das principais aliadas [&hellip;]<\/p>\n","protected":false},"author":1,"featured_media":7228,"comment_status":"open","ping_status":"open","sticky":false,"template":"","format":"standard","meta":{"footnotes":""},"categories":[8],"tags":[],"class_list":["post-7227","post","type-post","status-publish","format-standard","has-post-thumbnail","hentry","category-camacari"],"yoast_head":"<!-- This site is optimized with the Yoast SEO plugin v21.7 - https:\/\/yoast.com\/wordpress\/plugins\/seo\/ -->\n<title>Vacina contra Covid segue dispon\u00edvel nas unidades de sa\u00fade de Cama\u00e7ari - Compartilha Bahia<\/title>\n<meta name=\"robots\" content=\"index, follow, max-snippet:-1, max-image-preview:large, max-video-preview:-1\" \/>\n<link rel=\"canonical\" href=\"https:\/\/compartilhabahia.com.br\/index.php\/2025\/07\/14\/vacina-contra-covid-segue-disponivel-nas-unidades-de-saude-de-camacari\/\" \/>\n<meta property=\"og:locale\" content=\"pt_BR\" \/>\n<meta property=\"og:type\" content=\"article\" \/>\n<meta property=\"og:title\" content=\"Vacina contra Covid segue dispon\u00edvel nas unidades de sa\u00fade de Cama\u00e7ari - Compartilha Bahia\" \/>\n<meta property=\"og:description\" content=\"A vacina contra a Covid-19 segue dispon\u00edvel em diversas unidades de sa\u00fade do munic\u00edpio, tanto na sede quanto na orla, como forma essencial de prote\u00e7\u00e3o individual e coletiva. A Secretaria de Sa\u00fade de Cama\u00e7ari (Sesau), refor\u00e7a a import\u00e2ncia da imuniza\u00e7\u00e3o e lembra que a mesma \u00e9 segura, gratuita e continua sendo uma das principais aliadas [&hellip;]\" \/>\n<meta property=\"og:url\" content=\"https:\/\/compartilhabahia.com.br\/index.php\/2025\/07\/14\/vacina-contra-covid-segue-disponivel-nas-unidades-de-saude-de-camacari\/\" \/>\n<meta property=\"og:site_name\" content=\"Compartilha Bahia\" \/>\n<meta property=\"article:publisher\" content=\"https:\/\/web.facebook.com\/compartilhabahia\" \/>\n<meta property=\"article:published_time\" content=\"2025-07-14T17:33:58+00:00\" \/>\n<meta property=\"article:modified_time\" content=\"2025-07-14T17:34:00+00:00\" \/>\n<meta property=\"og:image\" content=\"https:\/\/compartilhabahia.com.br\/wp-content\/uploads\/2025\/07\/Sesau_Cobertura-vacinacao-Covid-19_Foto_Juliano-Sarraf-1.jpg\" \/>\n\t<meta property=\"og:image:width\" content=\"960\" \/>\n\t<meta property=\"og:image:height\" content=\"640\" \/>\n\t<meta property=\"og:image:type\" content=\"image\/jpeg\" \/>\n<meta name=\"author\" content=\"admin\" \/>\n<meta name=\"twitter:card\" content=\"summary_large_image\" \/>\n<meta name=\"twitter:label1\" content=\"Escrito por\" \/>\n\t<meta name=\"twitter:data1\" content=\"admin\" \/>\n\t<meta name=\"twitter:label2\" content=\"Est. tempo de leitura\" \/>\n\t<meta name=\"twitter:data2\" content=\"3 minutos\" \/>\n<script type=\"application\/ld+json\" class=\"yoast-schema-graph\">{\"@context\":\"https:\/\/schema.org\",\"@graph\":[{\"@type\":\"Article\",\"@id\":\"https:\/\/compartilhabahia.com.br\/index.php\/2025\/07\/14\/vacina-contra-covid-segue-disponivel-nas-unidades-de-saude-de-camacari\/#article\",\"isPartOf\":{\"@id\":\"https:\/\/compartilhabahia.com.br\/index.php\/2025\/07\/14\/vacina-contra-covid-segue-disponivel-nas-unidades-de-saude-de-camacari\/\"},\"author\":{\"name\":\"admin\",\"@id\":\"https:\/\/compartilhabahia.com.br\/#\/schema\/person\/9b4f0c3178793b8248d6686732521c04\"},\"headline\":\"Vacina contra Covid segue dispon\u00edvel nas unidades de sa\u00fade de Cama\u00e7ari\",\"datePublished\":\"2025-07-14T17:33:58+00:00\",\"dateModified\":\"2025-07-14T17:34:00+00:00\",\"mainEntityOfPage\":{\"@id\":\"https:\/\/compartilhabahia.com.br\/index.php\/2025\/07\/14\/vacina-contra-covid-segue-disponivel-nas-unidades-de-saude-de-camacari\/\"},\"wordCount\":420,\"commentCount\":0,\"publisher\":{\"@id\":\"https:\/\/compartilhabahia.com.br\/#organization\"},\"articleSection\":[\"Cama\u00e7ari\"],\"inLanguage\":\"pt-BR\",\"potentialAction\":[{\"@type\":\"CommentAction\",\"name\":\"Comment\",\"target\":[\"https:\/\/compartilhabahia.com.br\/index.php\/2025\/07\/14\/vacina-contra-covid-segue-disponivel-nas-unidades-de-saude-de-camacari\/#respond\"]}]},{\"@type\":\"WebPage\",\"@id\":\"https:\/\/compartilhabahia.com.br\/index.php\/2025\/07\/14\/vacina-contra-covid-segue-disponivel-nas-unidades-de-saude-de-camacari\/\",\"url\":\"https:\/\/compartilhabahia.com.br\/index.php\/2025\/07\/14\/vacina-contra-covid-segue-disponivel-nas-unidades-de-saude-de-camacari\/\",\"name\":\"Vacina contra Covid segue dispon\u00edvel nas unidades de sa\u00fade de Cama\u00e7ari - Compartilha Bahia\",\"isPartOf\":{\"@id\":\"https:\/\/compartilhabahia.com.br\/#website\"},\"datePublished\":\"2025-07-14T17:33:58+00:00\",\"dateModified\":\"2025-07-14T17:34:00+00:00\",\"breadcrumb\":{\"@id\":\"https:\/\/compartilhabahia.com.br\/index.php\/2025\/07\/14\/vacina-contra-covid-segue-disponivel-nas-unidades-de-saude-de-camacari\/#breadcrumb\"},\"inLanguage\":\"pt-BR\",\"potentialAction\":[{\"@type\":\"ReadAction\",\"target\":[\"https:\/\/compartilhabahia.com.br\/index.php\/2025\/07\/14\/vacina-contra-covid-segue-disponivel-nas-unidades-de-saude-de-camacari\/\"]}]},{\"@type\":\"BreadcrumbList\",\"@id\":\"https:\/\/compartilhabahia.com.br\/index.php\/2025\/07\/14\/vacina-contra-covid-segue-disponivel-nas-unidades-de-saude-de-camacari\/#breadcrumb\",\"itemListElement\":[{\"@type\":\"ListItem\",\"position\":1,\"name\":\"In\u00edcio\",\"item\":\"https:\/\/compartilhabahia.com.br\/\"},{\"@type\":\"ListItem\",\"position\":2,\"name\":\"Vacina contra Covid segue dispon\u00edvel nas unidades de sa\u00fade de Cama\u00e7ari\"}]},{\"@type\":\"WebSite\",\"@id\":\"https:\/\/compartilhabahia.com.br\/#website\",\"url\":\"https:\/\/compartilhabahia.com.br\/\",\"name\":\"Compartilha Bahia\",\"description\":\"\",\"publisher\":{\"@id\":\"https:\/\/compartilhabahia.com.br\/#organization\"},\"potentialAction\":[{\"@type\":\"SearchAction\",\"target\":{\"@type\":\"EntryPoint\",\"urlTemplate\":\"https:\/\/compartilhabahia.com.br\/?s={search_term_string}\"},\"query-input\":\"required name=search_term_string\"}],\"inLanguage\":\"pt-BR\"},{\"@type\":\"Organization\",\"@id\":\"https:\/\/compartilhabahia.com.br\/#organization\",\"name\":\"Compartilha Bahia\",\"url\":\"https:\/\/compartilhabahia.com.br\/\",\"logo\":{\"@type\":\"ImageObject\",\"inLanguage\":\"pt-BR\",\"@id\":\"https:\/\/compartilhabahia.com.br\/#\/schema\/logo\/image\/\",\"url\":\"https:\/\/compartilhabahia.com.br\/wp-content\/uploads\/2023\/12\/cropped-logo.png\",\"contentUrl\":\"https:\/\/compartilhabahia.com.br\/wp-content\/uploads\/2023\/12\/cropped-logo.png\",\"width\":300,\"height\":106,\"caption\":\"Compartilha Bahia\"},\"image\":{\"@id\":\"https:\/\/compartilhabahia.com.br\/#\/schema\/logo\/image\/\"},\"sameAs\":[\"https:\/\/web.facebook.com\/compartilhabahia\",\"https:\/\/www.instagram.com\/compartilhabahia\/\"]},{\"@type\":\"Person\",\"@id\":\"https:\/\/compartilhabahia.com.br\/#\/schema\/person\/9b4f0c3178793b8248d6686732521c04\",\"name\":\"admin\",\"image\":{\"@type\":\"ImageObject\",\"inLanguage\":\"pt-BR\",\"@id\":\"https:\/\/compartilhabahia.com.br\/#\/schema\/person\/image\/\",\"url\":\"https:\/\/secure.gravatar.com\/avatar\/9600df58751c5acbe914c538c03390ef649ea088cb65f84ba09c7ce66988eed6?s=96&d=mm&r=g\",\"contentUrl\":\"https:\/\/secure.gravatar.com\/avatar\/9600df58751c5acbe914c538c03390ef649ea088cb65f84ba09c7ce66988eed6?s=96&d=mm&r=g\",\"caption\":\"admin\"},\"sameAs\":[\"https:\/\/compartilhabahia.com.br\"],\"url\":\"https:\/\/compartilhabahia.com.br\/index.php\/author\/compartilhabahia\/\"}]}<\/script>\n<!-- \/ Yoast SEO plugin. -->","yoast_head_json":{"title":"Vacina contra Covid segue dispon\u00edvel nas unidades de sa\u00fade de Cama\u00e7ari - Compartilha Bahia","robots":{"index":"index","follow":"follow","max-snippet":"max-snippet:-1","max-image-preview":"max-image-preview:large","max-video-preview":"max-video-preview:-1"},"canonical":"https:\/\/compartilhabahia.com.br\/index.php\/2025\/07\/14\/vacina-contra-covid-segue-disponivel-nas-unidades-de-saude-de-camacari\/","og_locale":"pt_BR","og_type":"article","og_title":"Vacina contra Covid segue dispon\u00edvel nas unidades de sa\u00fade de Cama\u00e7ari - Compartilha Bahia","og_description":"A vacina contra a Covid-19 segue dispon\u00edvel em diversas unidades de sa\u00fade do munic\u00edpio, tanto na sede quanto na orla, como forma essencial de prote\u00e7\u00e3o individual e coletiva. A Secretaria de Sa\u00fade de Cama\u00e7ari (Sesau), refor\u00e7a a import\u00e2ncia da imuniza\u00e7\u00e3o e lembra que a mesma \u00e9 segura, gratuita e continua sendo uma das principais aliadas [&hellip;]","og_url":"https:\/\/compartilhabahia.com.br\/index.php\/2025\/07\/14\/vacina-contra-covid-segue-disponivel-nas-unidades-de-saude-de-camacari\/","og_site_name":"Compartilha Bahia","article_publisher":"https:\/\/web.facebook.com\/compartilhabahia","article_published_time":"2025-07-14T17:33:58+00:00","article_modified_time":"2025-07-14T17:34:00+00:00","og_image":[{"width":960,"height":640,"url":"https:\/\/compartilhabahia.com.br\/wp-content\/uploads\/2025\/07\/Sesau_Cobertura-vacinacao-Covid-19_Foto_Juliano-Sarraf-1.jpg","type":"image\/jpeg"}],"author":"admin","twitter_card":"summary_large_image","twitter_misc":{"Escrito por":"admin","Est. tempo de leitura":"3 minutos"},"schema":{"@context":"https:\/\/schema.org","@graph":[{"@type":"Article","@id":"https:\/\/compartilhabahia.com.br\/index.php\/2025\/07\/14\/vacina-contra-covid-segue-disponivel-nas-unidades-de-saude-de-camacari\/#article","isPartOf":{"@id":"https:\/\/compartilhabahia.com.br\/index.php\/2025\/07\/14\/vacina-contra-covid-segue-disponivel-nas-unidades-de-saude-de-camacari\/"},"author":{"name":"admin","@id":"https:\/\/compartilhabahia.com.br\/#\/schema\/person\/9b4f0c3178793b8248d6686732521c04"},"headline":"Vacina contra Covid segue dispon\u00edvel nas unidades de sa\u00fade de Cama\u00e7ari","datePublished":"2025-07-14T17:33:58+00:00","dateModified":"2025-07-14T17:34:00+00:00","mainEntityOfPage":{"@id":"https:\/\/compartilhabahia.com.br\/index.php\/2025\/07\/14\/vacina-contra-covid-segue-disponivel-nas-unidades-de-saude-de-camacari\/"},"wordCount":420,"commentCount":0,"publisher":{"@id":"https:\/\/compartilhabahia.com.br\/#organization"},"articleSection":["Cama\u00e7ari"],"inLanguage":"pt-BR","potentialAction":[{"@type":"CommentAction","name":"Comment","target":["https:\/\/compartilhabahia.com.br\/index.php\/2025\/07\/14\/vacina-contra-covid-segue-disponivel-nas-unidades-de-saude-de-camacari\/#respond"]}]},{"@type":"WebPage","@id":"https:\/\/compartilhabahia.com.br\/index.php\/2025\/07\/14\/vacina-contra-covid-segue-disponivel-nas-unidades-de-saude-de-camacari\/","url":"https:\/\/compartilhabahia.com.br\/index.php\/2025\/07\/14\/vacina-contra-covid-segue-disponivel-nas-unidades-de-saude-de-camacari\/","name":"Vacina contra Covid segue dispon\u00edvel nas unidades de sa\u00fade de Cama\u00e7ari - Compartilha Bahia","isPartOf":{"@id":"https:\/\/compartilhabahia.com.br\/#website"},"datePublished":"2025-07-14T17:33:58+00:00","dateModified":"2025-07-14T17:34:00+00:00","breadcrumb":{"@id":"https:\/\/compartilhabahia.com.br\/index.php\/2025\/07\/14\/vacina-contra-covid-segue-disponivel-nas-unidades-de-saude-de-camacari\/#breadcrumb"},"inLanguage":"pt-BR","potentialAction":[{"@type":"ReadAction","target":["https:\/\/compartilhabahia.com.br\/index.php\/2025\/07\/14\/vacina-contra-covid-segue-disponivel-nas-unidades-de-saude-de-camacari\/"]}]},{"@type":"BreadcrumbList","@id":"https:\/\/compartilhabahia.com.br\/index.php\/2025\/07\/14\/vacina-contra-covid-segue-disponivel-nas-unidades-de-saude-de-camacari\/#breadcrumb","itemListElement":[{"@type":"ListItem","position":1,"name":"In\u00edcio","item":"https:\/\/compartilhabahia.com.br\/"},{"@type":"ListItem","position":2,"name":"Vacina contra Covid segue dispon\u00edvel nas unidades de sa\u00fade de Cama\u00e7ari"}]},{"@type":"WebSite","@id":"https:\/\/compartilhabahia.com.br\/#website","url":"https:\/\/compartilhabahia.com.br\/","name":"Compartilha Bahia","description":"","publisher":{"@id":"https:\/\/compartilhabahia.com.br\/#organization"},"potentialAction":[{"@type":"SearchAction","target":{"@type":"EntryPoint","urlTemplate":"https:\/\/compartilhabahia.com.br\/?s={search_term_string}"},"query-input":"required name=search_term_string"}],"inLanguage":"pt-BR"},{"@type":"Organization","@id":"https:\/\/compartilhabahia.com.br\/#organization","name":"Compartilha Bahia","url":"https:\/\/compartilhabahia.com.br\/","logo":{"@type":"ImageObject","inLanguage":"pt-BR","@id":"https:\/\/compartilhabahia.com.br\/#\/schema\/logo\/image\/","url":"https:\/\/compartilhabahia.com.br\/wp-content\/uploads\/2023\/12\/cropped-logo.png","contentUrl":"https:\/\/compartilhabahia.com.br\/wp-content\/uploads\/2023\/12\/cropped-logo.png","width":300,"height":106,"caption":"Compartilha Bahia"},"image":{"@id":"https:\/\/compartilhabahia.com.br\/#\/schema\/logo\/image\/"},"sameAs":["https:\/\/web.facebook.com\/compartilhabahia","https:\/\/www.instagram.com\/compartilhabahia\/"]},{"@type":"Person","@id":"https:\/\/compartilhabahia.com.br\/#\/schema\/person\/9b4f0c3178793b8248d6686732521c04","name":"admin","image":{"@type":"ImageObject","inLanguage":"pt-BR","@id":"https:\/\/compartilhabahia.com.br\/#\/schema\/person\/image\/","url":"https:\/\/secure.gravatar.com\/avatar\/9600df58751c5acbe914c538c03390ef649ea088cb65f84ba09c7ce66988eed6?s=96&d=mm&r=g","contentUrl":"https:\/\/secure.gravatar.com\/avatar\/9600df58751c5acbe914c538c03390ef649ea088cb65f84ba09c7ce66988eed6?s=96&d=mm&r=g","caption":"admin"},"sameAs":["https:\/\/compartilhabahia.com.br"],"url":"https:\/\/compartilhabahia.com.br\/index.php\/author\/compartilhabahia\/"}]}},"_links":{"self":[{"href":"https:\/\/compartilhabahia.com.br\/index.php\/wp-json\/wp\/v2\/posts\/7227","targetHints":{"allow":["GET"]}}],"collection":[{"href":"https:\/\/compartilhabahia.com.br\/index.php\/wp-json\/wp\/v2\/posts"}],"about":[{"href":"https:\/\/compartilhabahia.com.br\/index.php\/wp-json\/wp\/v2\/types\/post"}],"author":[{"embeddable":true,"href":"https:\/\/compartilhabahia.com.br\/index.php\/wp-json\/wp\/v2\/users\/1"}],"replies":[{"embeddable":true,"href":"https:\/\/compartilhabahia.com.br\/index.php\/wp-json\/wp\/v2\/comments?post=7227"}],"version-history":[{"count":1,"href":"https:\/\/compartilhabahia.com.br\/index.php\/wp-json\/wp\/v2\/posts\/7227\/revisions"}],"predecessor-version":[{"id":7229,"href":"https:\/\/compartilhabahia.com.br\/index.php\/wp-json\/wp\/v2\/posts\/7227\/revisions\/7229"}],"wp:featuredmedia":[{"embeddable":true,"href":"https:\/\/compartilhabahia.com.br\/index.php\/wp-json\/wp\/v2\/media\/7228"}],"wp:attachment":[{"href":"https:\/\/compartilhabahia.com.br\/index.php\/wp-json\/wp\/v2\/media?parent=7227"}],"wp:term":[{"taxonomy":"category","embeddable":true,"href":"https:\/\/compartilhabahia.com.br\/index.php\/wp-json\/wp\/v2\/categories?post=7227"},{"taxonomy":"post_tag","embeddable":true,"href":"https:\/\/compartilhabahia.com.br\/index.php\/wp-json\/wp\/v2\/tags?post=7227"}],"curies":[{"name":"wp","href":"https:\/\/api.w.org\/{rel}","templated":true}]}}