{"id":7224,"date":"2025-07-13T13:26:27","date_gmt":"2025-07-13T16:26:27","guid":{"rendered":"https:\/\/compartilhabahia.com.br\/?p=7224"},"modified":"2025-07-13T13:31:31","modified_gmt":"2025-07-13T16:31:31","slug":"atencao-camacari-e-outras-cidades-na-bahia-estao-sob-alerta-de-chuvas-intensas","status":"publish","type":"post","link":"https:\/\/compartilhabahia.com.br\/index.php\/2025\/07\/13\/atencao-camacari-e-outras-cidades-na-bahia-estao-sob-alerta-de-chuvas-intensas\/","title":{"rendered":"Aten\u00e7\u00e3o: Cama\u00e7ari e outras cidades na Bahia est\u00e3o sob alerta de chuvas intensas"},"content":{"rendered":"\n<p>O Instituto Nacional de Meteorologia (Inmet) emitiu neste domingo (13) um alerta amarelo de acumulado de chuvas para 91 cidades baianas. O aviso significa perigo potencial e \u00e9 v\u00e1lido at\u00e9 segunda-feira (14).\u00a0<\/p>\n\n\n\n<p id=\"paragrafo-kecxi2yi27\">As \u00e1reas afetadas s\u00e3o: Nordeste Baiano, Metropolitana de Salvador, Sul Baiano, Centro Norte Baiano e Centro Sul Baiano. Isso inclui munic\u00edpios como Salvador, Feira de Santana e Cama\u00e7ari (veja lista completa abaixo).&nbsp;<\/p>\n\n\n\n<p id=\"paragrafo-orfnyla9x5\">A previs\u00e3o \u00e9 de chuvas intensas &#8211; entre 20 e 30 mm\/h ou at\u00e9 50 mm\/dia, sendo a m\u00e9dia comum de 18 km\/h. H\u00e1 baixo risco de corte de energia el\u00e9trica, queda de galhos de \u00e1rvores, alagamentos e de descargas el\u00e9tricas.<\/p>\n\n\n\n<p id=\"paragrafo-npic825vbs\">A orienta\u00e7\u00e3o \u00e9 observar altera\u00e7\u00e3o nas encostas e evitar usar aparelhos eletr\u00f4nicos ligados \u00e0 tomada.&nbsp;Em caso de emerg\u00eancia, a popula\u00e7\u00e3o pode acionar a Defesa Civil (telefone 199) e o Corpo de Bombeiros (telefone 193).<\/p>\n\n\n\n<h2 class=\"wp-block-heading\" id=\"intertitulo-zy28gu1jsd\">Confira lista de cidades atingidas:&nbsp;<\/h2>\n\n\n\n<p id=\"paragrafo-hw2voer63f\">Alagoinhas<\/p>\n\n\n\n<p id=\"paragrafo-4txhwn5uyg\">Am\u00e9lia Rodrigues<\/p>\n\n\n\n<p id=\"paragrafo-bv5k8ruc7t\">Ara\u00e7\u00e1s<\/p>\n\n\n\n<p id=\"paragrafo-fq10nufbu3\">Aramari<\/p>\n\n\n\n<p id=\"paragrafo-g0jk8c0qht\">Aratu\u00edpe<\/p>\n\n\n\n<p id=\"paragrafo-1xmz8qfkyd\">Aurelino Leal<\/p>\n\n\n\n<p id=\"paragrafo-rm58f6zdhe\">Barra do Rocha<\/p>\n\n\n\n<p id=\"paragrafo-71zrivye2w\">Barro Preto<\/p>\n\n\n\n<p id=\"paragrafo-vu3peb1uht\">Cachoeira<\/p>\n\n\n\n<p id=\"paragrafo-bhmiyh471o\">Cairu<\/p>\n\n\n\n<p id=\"paragrafo-2sk02ss180\">Cama\u00e7ari<\/p>\n\n\n\n<p id=\"paragrafo-7dmmi4c1sh\">Camamu<\/p>\n\n\n\n<p id=\"paragrafo-1n733gvlcs\">Candeias<\/p>\n\n\n\n<p id=\"paragrafo-39gsdjf2gt\">Cardeal da Silva<\/p>\n\n\n\n<p id=\"paragrafo-kei8aqkbqp\">Castro Alves<\/p>\n\n\n\n<p id=\"paragrafo-s4pk12u5wi\">Catu<\/p>\n\n\n\n<p id=\"paragrafo-qxgbglojvv\">Concei\u00e7\u00e3o da Feira<\/p>\n\n\n\n<p id=\"paragrafo-kw0qigyuau\">Concei\u00e7\u00e3o do Almeida<\/p>\n\n\n\n<p id=\"paragrafo-9p4cno101m\">Concei\u00e7\u00e3o do Jacu\u00edpe<\/p>\n\n\n\n<p id=\"paragrafo-5tbbu5y7ff\">Conde<\/p>\n\n\n\n<p id=\"paragrafo-85ftsii2kj\">Cora\u00e7\u00e3o de Maria<\/p>\n\n\n\n<p id=\"paragrafo-1i5uvojm6u\">Cruz das Almas<\/p>\n\n\n\n<p id=\"paragrafo-ig4lmj0e6d\">Dias d&#8217;\u00c1vila<\/p>\n\n\n\n<p id=\"paragrafo-h34higmyjj\">Dom Macedo Costa<\/p>\n\n\n\n<p id=\"paragrafo-txsqfooyv3\">Entre Rios<\/p>\n\n\n\n<p id=\"paragrafo-u1g0jootl8\">Esplanada<\/p>\n\n\n\n<p id=\"paragrafo-8m0oapexxf\">Feira de Santana<\/p>\n\n\n\n<p id=\"paragrafo-mpra8u30nm\">Gandu<\/p>\n\n\n\n<p id=\"paragrafo-22ywyc7woe\">Gongogi<\/p>\n\n\n\n<p id=\"paragrafo-kpwj1ysp9g\">Governador Mangabeira<\/p>\n\n\n\n<p id=\"paragrafo-os4a66pqz1\">Ibirapitanga<\/p>\n\n\n\n<p id=\"paragrafo-mp3qy4spva\">Ibirataia<\/p>\n\n\n\n<p id=\"paragrafo-30z2fjmgb4\">Igrapi\u00fana<\/p>\n\n\n\n<p id=\"paragrafo-7a068zdzy2\">Ilh\u00e9us<\/p>\n\n\n\n<p id=\"paragrafo-9liuvu8ygf\">Itabuna<\/p>\n\n\n\n<p id=\"paragrafo-18b9s9egsm\">Itacar\u00e9<\/p>\n\n\n\n<p id=\"paragrafo-wqc0k5qmkl\">Itaju\u00edpe<\/p>\n\n\n\n<p id=\"paragrafo-cfu2bycoyq\">Itanagra<\/p>\n\n\n\n<p id=\"paragrafo-lfqpfxwx02\">Itaparica<\/p>\n\n\n\n<p id=\"paragrafo-7dt9xjj8e5\">Itapitanga<\/p>\n\n\n\n<p id=\"paragrafo-ll20nhnt3c\">Ituber\u00e1<\/p>\n\n\n\n<p id=\"paragrafo-rke3md6r5g\">Jaguaripe<\/p>\n\n\n\n<p id=\"paragrafo-lqxjf7tipr\">Janda\u00edra<\/p>\n\n\n\n<p id=\"paragrafo-j08ykojikf\">Laje<\/p>\n\n\n\n<p id=\"paragrafo-5n3hsbjjo6\">Lauro de Freitas<\/p>\n\n\n\n<p id=\"paragrafo-me8f6x7kg4\">Madre de Deus<\/p>\n\n\n\n<p id=\"paragrafo-5nby73xit3\">Maragogipe<\/p>\n\n\n\n<p id=\"paragrafo-1auloj5foh\">Mara\u00fa<\/p>\n\n\n\n<p id=\"paragrafo-882hu9w332\">Mata de S\u00e3o Jo\u00e3o<\/p>\n\n\n\n<p id=\"paragrafo-mvq96lrmbj\">Muniz Ferreira<\/p>\n\n\n\n<p id=\"paragrafo-0oid93ctxj\">Muritiba<\/p>\n\n\n\n<p id=\"paragrafo-moenx4cxar\">Mutu\u00edpe<\/p>\n\n\n\n<p id=\"paragrafo-3ta40i7gfy\">Nazar\u00e9<\/p>\n\n\n\n<p id=\"paragrafo-filg6kirp2\">Nilo Pe\u00e7anha<\/p>\n\n\n\n<p id=\"paragrafo-jdf9cw8o5f\">Nova Ibi\u00e1<\/p>\n\n\n\n<p id=\"paragrafo-awhwjs5err\">Pedr\u00e3o<\/p>\n\n\n\n<p id=\"paragrafo-qn0560rr76\">Pira\u00ed do Norte<\/p>\n\n\n\n<p id=\"paragrafo-zajygs8asu\">Pojuca<\/p>\n\n\n\n<p id=\"paragrafo-64uf27megv\">Presidente Tancredo Neves<\/p>\n\n\n\n<p id=\"paragrafo-46pkvdb8mt\">Rio Real<\/p>\n\n\n\n<p id=\"paragrafo-bk99q8rpnc\">Salinas da Margarida<\/p>\n\n\n\n<p id=\"paragrafo-3i068kiq3z\">Salvador<\/p>\n\n\n\n<p id=\"paragrafo-wb2zsmtugh\">Santo Amaro<\/p>\n\n\n\n<p id=\"paragrafo-zwet9dpq18\">Santo Ant\u00f4nio de Jesus<\/p>\n\n\n\n<p id=\"paragrafo-w8m8v3zr6d\">S\u00e3o Felipe<\/p>\n\n\n\n<p id=\"paragrafo-zin53c94mt\">S\u00e3o F\u00e9lix<\/p>\n\n\n\n<p id=\"paragrafo-uh150nqjst\">S\u00e3o Francisco do Conde<\/p>\n\n\n\n<p id=\"paragrafo-vn9shpm2lg\">S\u00e3o Gon\u00e7alo dos Campos<\/p>\n\n\n\n<p id=\"paragrafo-2ekgws5q2j\">S\u00e3o Miguel das Matas<\/p>\n\n\n\n<p id=\"paragrafo-pdyxeukcqm\">S\u00e3o Sebasti\u00e3o do Pass\u00e9<\/p>\n\n\n\n<p id=\"paragrafo-86tdbb6u5l\">Sapea\u00e7u<\/p>\n\n\n\n<p id=\"paragrafo-eecchpq579\">Saubara<\/p>\n\n\n\n<p id=\"paragrafo-pnf1wnk3vo\">Sim\u00f5es Filho<\/p>\n\n\n\n<p id=\"paragrafo-avamgayeh2\">Tapero\u00e1<\/p>\n\n\n\n<p id=\"paragrafo-nwcmku6tse\">Teodoro Sampaio<\/p>\n\n\n\n<p id=\"paragrafo-m7o2297ivs\">Teol\u00e2ndia<\/p>\n\n\n\n<p id=\"paragrafo-p4z9wrnizs\">Terra Nova<\/p>\n\n\n\n<p id=\"paragrafo-79k5axxljr\">Ubaitaba<\/p>\n\n\n\n<p id=\"paragrafo-abanomt14t\">Ubat\u00e3<\/p>\n\n\n\n<p id=\"paragrafo-u8emdhovjz\">Uru\u00e7uca<\/p>\n\n\n\n<p id=\"paragrafo-uyg2mspnlc\">Valen\u00e7a<\/p>\n\n\n\n<p id=\"paragrafo-9s85otzjqg\">Varzedo<\/p>\n\n\n\n<p id=\"paragrafo-n7ilplo5ke\">Vera Cruz<\/p>\n\n\n\n<p id=\"paragrafo-zfxpyysdvl\">Wenceslau Guimar\u00e3es<\/p>\n","protected":false},"excerpt":{"rendered":"<p>O Instituto Nacional de Meteorologia (Inmet) emitiu neste domingo (13) um alerta amarelo de acumulado de chuvas para 91 cidades baianas. O aviso significa perigo potencial e \u00e9 v\u00e1lido at\u00e9 segunda-feira (14).\u00a0 As \u00e1reas afetadas s\u00e3o: Nordeste Baiano, Metropolitana de Salvador, Sul Baiano, Centro Norte Baiano e Centro Sul Baiano. Isso inclui munic\u00edpios como Salvador, [&hellip;]<\/p>\n","protected":false},"author":1,"featured_media":7225,"comment_status":"open","ping_status":"open","sticky":false,"template":"","format":"standard","meta":{"footnotes":""},"categories":[10],"tags":[],"class_list":["post-7224","post","type-post","status-publish","format-standard","has-post-thumbnail","hentry","category-bahia"],"yoast_head":"<!-- This site is optimized with the Yoast SEO plugin v21.7 - https:\/\/yoast.com\/wordpress\/plugins\/seo\/ -->\n<title>Aten\u00e7\u00e3o: Cama\u00e7ari e outras cidades na Bahia est\u00e3o sob alerta de chuvas intensas - Compartilha Bahia<\/title>\n<meta name=\"robots\" content=\"index, follow, max-snippet:-1, max-image-preview:large, max-video-preview:-1\" \/>\n<link rel=\"canonical\" href=\"https:\/\/compartilhabahia.com.br\/index.php\/2025\/07\/13\/atencao-camacari-e-outras-cidades-na-bahia-estao-sob-alerta-de-chuvas-intensas\/\" \/>\n<meta property=\"og:locale\" content=\"pt_BR\" \/>\n<meta property=\"og:type\" content=\"article\" \/>\n<meta property=\"og:title\" content=\"Aten\u00e7\u00e3o: Cama\u00e7ari e outras cidades na Bahia est\u00e3o sob alerta de chuvas intensas - Compartilha Bahia\" \/>\n<meta property=\"og:description\" content=\"O Instituto Nacional de Meteorologia (Inmet) emitiu neste domingo (13) um alerta amarelo de acumulado de chuvas para 91 cidades baianas. O aviso significa perigo potencial e \u00e9 v\u00e1lido at\u00e9 segunda-feira (14).\u00a0 As \u00e1reas afetadas s\u00e3o: Nordeste Baiano, Metropolitana de Salvador, Sul Baiano, Centro Norte Baiano e Centro Sul Baiano. Isso inclui munic\u00edpios como Salvador, [&hellip;]\" \/>\n<meta property=\"og:url\" content=\"https:\/\/compartilhabahia.com.br\/index.php\/2025\/07\/13\/atencao-camacari-e-outras-cidades-na-bahia-estao-sob-alerta-de-chuvas-intensas\/\" \/>\n<meta property=\"og:site_name\" content=\"Compartilha Bahia\" \/>\n<meta property=\"article:publisher\" content=\"https:\/\/web.facebook.com\/compartilhabahia\" \/>\n<meta property=\"article:published_time\" content=\"2025-07-13T16:26:27+00:00\" \/>\n<meta property=\"article:modified_time\" content=\"2025-07-13T16:31:31+00:00\" \/>\n<meta property=\"og:image\" content=\"https:\/\/compartilhabahia.com.br\/wp-content\/uploads\/2025\/07\/salvador-amanheceu-sob-forte-chuva-nesta-terca-feira-6-2716311-article.webp\" \/>\n\t<meta property=\"og:image:width\" content=\"1200\" \/>\n\t<meta property=\"og:image:height\" content=\"770\" \/>\n\t<meta property=\"og:image:type\" content=\"image\/webp\" \/>\n<meta name=\"author\" content=\"admin\" \/>\n<meta name=\"twitter:card\" content=\"summary_large_image\" \/>\n<meta name=\"twitter:label1\" content=\"Escrito por\" \/>\n\t<meta name=\"twitter:data1\" content=\"admin\" \/>\n\t<meta name=\"twitter:label2\" content=\"Est. tempo de leitura\" \/>\n\t<meta name=\"twitter:data2\" content=\"2 minutos\" \/>\n<script type=\"application\/ld+json\" class=\"yoast-schema-graph\">{\"@context\":\"https:\/\/schema.org\",\"@graph\":[{\"@type\":\"Article\",\"@id\":\"https:\/\/compartilhabahia.com.br\/index.php\/2025\/07\/13\/atencao-camacari-e-outras-cidades-na-bahia-estao-sob-alerta-de-chuvas-intensas\/#article\",\"isPartOf\":{\"@id\":\"https:\/\/compartilhabahia.com.br\/index.php\/2025\/07\/13\/atencao-camacari-e-outras-cidades-na-bahia-estao-sob-alerta-de-chuvas-intensas\/\"},\"author\":{\"name\":\"admin\",\"@id\":\"https:\/\/compartilhabahia.com.br\/#\/schema\/person\/9b4f0c3178793b8248d6686732521c04\"},\"headline\":\"Aten\u00e7\u00e3o: Cama\u00e7ari e outras cidades na Bahia est\u00e3o sob alerta de chuvas intensas\",\"datePublished\":\"2025-07-13T16:26:27+00:00\",\"dateModified\":\"2025-07-13T16:31:31+00:00\",\"mainEntityOfPage\":{\"@id\":\"https:\/\/compartilhabahia.com.br\/index.php\/2025\/07\/13\/atencao-camacari-e-outras-cidades-na-bahia-estao-sob-alerta-de-chuvas-intensas\/\"},\"wordCount\":351,\"commentCount\":0,\"publisher\":{\"@id\":\"https:\/\/compartilhabahia.com.br\/#organization\"},\"articleSection\":[\"Bahia\"],\"inLanguage\":\"pt-BR\",\"potentialAction\":[{\"@type\":\"CommentAction\",\"name\":\"Comment\",\"target\":[\"https:\/\/compartilhabahia.com.br\/index.php\/2025\/07\/13\/atencao-camacari-e-outras-cidades-na-bahia-estao-sob-alerta-de-chuvas-intensas\/#respond\"]}]},{\"@type\":\"WebPage\",\"@id\":\"https:\/\/compartilhabahia.com.br\/index.php\/2025\/07\/13\/atencao-camacari-e-outras-cidades-na-bahia-estao-sob-alerta-de-chuvas-intensas\/\",\"url\":\"https:\/\/compartilhabahia.com.br\/index.php\/2025\/07\/13\/atencao-camacari-e-outras-cidades-na-bahia-estao-sob-alerta-de-chuvas-intensas\/\",\"name\":\"Aten\u00e7\u00e3o: Cama\u00e7ari e outras cidades na Bahia est\u00e3o sob alerta de chuvas intensas - Compartilha Bahia\",\"isPartOf\":{\"@id\":\"https:\/\/compartilhabahia.com.br\/#website\"},\"datePublished\":\"2025-07-13T16:26:27+00:00\",\"dateModified\":\"2025-07-13T16:31:31+00:00\",\"breadcrumb\":{\"@id\":\"https:\/\/compartilhabahia.com.br\/index.php\/2025\/07\/13\/atencao-camacari-e-outras-cidades-na-bahia-estao-sob-alerta-de-chuvas-intensas\/#breadcrumb\"},\"inLanguage\":\"pt-BR\",\"potentialAction\":[{\"@type\":\"ReadAction\",\"target\":[\"https:\/\/compartilhabahia.com.br\/index.php\/2025\/07\/13\/atencao-camacari-e-outras-cidades-na-bahia-estao-sob-alerta-de-chuvas-intensas\/\"]}]},{\"@type\":\"BreadcrumbList\",\"@id\":\"https:\/\/compartilhabahia.com.br\/index.php\/2025\/07\/13\/atencao-camacari-e-outras-cidades-na-bahia-estao-sob-alerta-de-chuvas-intensas\/#breadcrumb\",\"itemListElement\":[{\"@type\":\"ListItem\",\"position\":1,\"name\":\"In\u00edcio\",\"item\":\"https:\/\/compartilhabahia.com.br\/\"},{\"@type\":\"ListItem\",\"position\":2,\"name\":\"Aten\u00e7\u00e3o: Cama\u00e7ari e outras cidades na Bahia est\u00e3o sob alerta de chuvas intensas\"}]},{\"@type\":\"WebSite\",\"@id\":\"https:\/\/compartilhabahia.com.br\/#website\",\"url\":\"https:\/\/compartilhabahia.com.br\/\",\"name\":\"Compartilha Bahia\",\"description\":\"\",\"publisher\":{\"@id\":\"https:\/\/compartilhabahia.com.br\/#organization\"},\"potentialAction\":[{\"@type\":\"SearchAction\",\"target\":{\"@type\":\"EntryPoint\",\"urlTemplate\":\"https:\/\/compartilhabahia.com.br\/?s={search_term_string}\"},\"query-input\":\"required name=search_term_string\"}],\"inLanguage\":\"pt-BR\"},{\"@type\":\"Organization\",\"@id\":\"https:\/\/compartilhabahia.com.br\/#organization\",\"name\":\"Compartilha Bahia\",\"url\":\"https:\/\/compartilhabahia.com.br\/\",\"logo\":{\"@type\":\"ImageObject\",\"inLanguage\":\"pt-BR\",\"@id\":\"https:\/\/compartilhabahia.com.br\/#\/schema\/logo\/image\/\",\"url\":\"https:\/\/compartilhabahia.com.br\/wp-content\/uploads\/2023\/12\/cropped-logo.png\",\"contentUrl\":\"https:\/\/compartilhabahia.com.br\/wp-content\/uploads\/2023\/12\/cropped-logo.png\",\"width\":300,\"height\":106,\"caption\":\"Compartilha Bahia\"},\"image\":{\"@id\":\"https:\/\/compartilhabahia.com.br\/#\/schema\/logo\/image\/\"},\"sameAs\":[\"https:\/\/web.facebook.com\/compartilhabahia\",\"https:\/\/www.instagram.com\/compartilhabahia\/\"]},{\"@type\":\"Person\",\"@id\":\"https:\/\/compartilhabahia.com.br\/#\/schema\/person\/9b4f0c3178793b8248d6686732521c04\",\"name\":\"admin\",\"image\":{\"@type\":\"ImageObject\",\"inLanguage\":\"pt-BR\",\"@id\":\"https:\/\/compartilhabahia.com.br\/#\/schema\/person\/image\/\",\"url\":\"https:\/\/secure.gravatar.com\/avatar\/9600df58751c5acbe914c538c03390ef649ea088cb65f84ba09c7ce66988eed6?s=96&d=mm&r=g\",\"contentUrl\":\"https:\/\/secure.gravatar.com\/avatar\/9600df58751c5acbe914c538c03390ef649ea088cb65f84ba09c7ce66988eed6?s=96&d=mm&r=g\",\"caption\":\"admin\"},\"sameAs\":[\"https:\/\/compartilhabahia.com.br\"],\"url\":\"https:\/\/compartilhabahia.com.br\/index.php\/author\/compartilhabahia\/\"}]}<\/script>\n<!-- \/ Yoast SEO plugin. -->","yoast_head_json":{"title":"Aten\u00e7\u00e3o: Cama\u00e7ari e outras cidades na Bahia est\u00e3o sob alerta de chuvas intensas - Compartilha Bahia","robots":{"index":"index","follow":"follow","max-snippet":"max-snippet:-1","max-image-preview":"max-image-preview:large","max-video-preview":"max-video-preview:-1"},"canonical":"https:\/\/compartilhabahia.com.br\/index.php\/2025\/07\/13\/atencao-camacari-e-outras-cidades-na-bahia-estao-sob-alerta-de-chuvas-intensas\/","og_locale":"pt_BR","og_type":"article","og_title":"Aten\u00e7\u00e3o: Cama\u00e7ari e outras cidades na Bahia est\u00e3o sob alerta de chuvas intensas - Compartilha Bahia","og_description":"O Instituto Nacional de Meteorologia (Inmet) emitiu neste domingo (13) um alerta amarelo de acumulado de chuvas para 91 cidades baianas. O aviso significa perigo potencial e \u00e9 v\u00e1lido at\u00e9 segunda-feira (14).\u00a0 As \u00e1reas afetadas s\u00e3o: Nordeste Baiano, Metropolitana de Salvador, Sul Baiano, Centro Norte Baiano e Centro Sul Baiano. Isso inclui munic\u00edpios como Salvador, [&hellip;]","og_url":"https:\/\/compartilhabahia.com.br\/index.php\/2025\/07\/13\/atencao-camacari-e-outras-cidades-na-bahia-estao-sob-alerta-de-chuvas-intensas\/","og_site_name":"Compartilha Bahia","article_publisher":"https:\/\/web.facebook.com\/compartilhabahia","article_published_time":"2025-07-13T16:26:27+00:00","article_modified_time":"2025-07-13T16:31:31+00:00","og_image":[{"width":1200,"height":770,"url":"https:\/\/compartilhabahia.com.br\/wp-content\/uploads\/2025\/07\/salvador-amanheceu-sob-forte-chuva-nesta-terca-feira-6-2716311-article.webp","type":"image\/webp"}],"author":"admin","twitter_card":"summary_large_image","twitter_misc":{"Escrito por":"admin","Est. tempo de leitura":"2 minutos"},"schema":{"@context":"https:\/\/schema.org","@graph":[{"@type":"Article","@id":"https:\/\/compartilhabahia.com.br\/index.php\/2025\/07\/13\/atencao-camacari-e-outras-cidades-na-bahia-estao-sob-alerta-de-chuvas-intensas\/#article","isPartOf":{"@id":"https:\/\/compartilhabahia.com.br\/index.php\/2025\/07\/13\/atencao-camacari-e-outras-cidades-na-bahia-estao-sob-alerta-de-chuvas-intensas\/"},"author":{"name":"admin","@id":"https:\/\/compartilhabahia.com.br\/#\/schema\/person\/9b4f0c3178793b8248d6686732521c04"},"headline":"Aten\u00e7\u00e3o: Cama\u00e7ari e outras cidades na Bahia est\u00e3o sob alerta de chuvas intensas","datePublished":"2025-07-13T16:26:27+00:00","dateModified":"2025-07-13T16:31:31+00:00","mainEntityOfPage":{"@id":"https:\/\/compartilhabahia.com.br\/index.php\/2025\/07\/13\/atencao-camacari-e-outras-cidades-na-bahia-estao-sob-alerta-de-chuvas-intensas\/"},"wordCount":351,"commentCount":0,"publisher":{"@id":"https:\/\/compartilhabahia.com.br\/#organization"},"articleSection":["Bahia"],"inLanguage":"pt-BR","potentialAction":[{"@type":"CommentAction","name":"Comment","target":["https:\/\/compartilhabahia.com.br\/index.php\/2025\/07\/13\/atencao-camacari-e-outras-cidades-na-bahia-estao-sob-alerta-de-chuvas-intensas\/#respond"]}]},{"@type":"WebPage","@id":"https:\/\/compartilhabahia.com.br\/index.php\/2025\/07\/13\/atencao-camacari-e-outras-cidades-na-bahia-estao-sob-alerta-de-chuvas-intensas\/","url":"https:\/\/compartilhabahia.com.br\/index.php\/2025\/07\/13\/atencao-camacari-e-outras-cidades-na-bahia-estao-sob-alerta-de-chuvas-intensas\/","name":"Aten\u00e7\u00e3o: Cama\u00e7ari e outras cidades na Bahia est\u00e3o sob alerta de chuvas intensas - Compartilha Bahia","isPartOf":{"@id":"https:\/\/compartilhabahia.com.br\/#website"},"datePublished":"2025-07-13T16:26:27+00:00","dateModified":"2025-07-13T16:31:31+00:00","breadcrumb":{"@id":"https:\/\/compartilhabahia.com.br\/index.php\/2025\/07\/13\/atencao-camacari-e-outras-cidades-na-bahia-estao-sob-alerta-de-chuvas-intensas\/#breadcrumb"},"inLanguage":"pt-BR","potentialAction":[{"@type":"ReadAction","target":["https:\/\/compartilhabahia.com.br\/index.php\/2025\/07\/13\/atencao-camacari-e-outras-cidades-na-bahia-estao-sob-alerta-de-chuvas-intensas\/"]}]},{"@type":"BreadcrumbList","@id":"https:\/\/compartilhabahia.com.br\/index.php\/2025\/07\/13\/atencao-camacari-e-outras-cidades-na-bahia-estao-sob-alerta-de-chuvas-intensas\/#breadcrumb","itemListElement":[{"@type":"ListItem","position":1,"name":"In\u00edcio","item":"https:\/\/compartilhabahia.com.br\/"},{"@type":"ListItem","position":2,"name":"Aten\u00e7\u00e3o: Cama\u00e7ari e outras cidades na Bahia est\u00e3o sob alerta de chuvas intensas"}]},{"@type":"WebSite","@id":"https:\/\/compartilhabahia.com.br\/#website","url":"https:\/\/compartilhabahia.com.br\/","name":"Compartilha Bahia","description":"","publisher":{"@id":"https:\/\/compartilhabahia.com.br\/#organization"},"potentialAction":[{"@type":"SearchAction","target":{"@type":"EntryPoint","urlTemplate":"https:\/\/compartilhabahia.com.br\/?s={search_term_string}"},"query-input":"required name=search_term_string"}],"inLanguage":"pt-BR"},{"@type":"Organization","@id":"https:\/\/compartilhabahia.com.br\/#organization","name":"Compartilha Bahia","url":"https:\/\/compartilhabahia.com.br\/","logo":{"@type":"ImageObject","inLanguage":"pt-BR","@id":"https:\/\/compartilhabahia.com.br\/#\/schema\/logo\/image\/","url":"https:\/\/compartilhabahia.com.br\/wp-content\/uploads\/2023\/12\/cropped-logo.png","contentUrl":"https:\/\/compartilhabahia.com.br\/wp-content\/uploads\/2023\/12\/cropped-logo.png","width":300,"height":106,"caption":"Compartilha Bahia"},"image":{"@id":"https:\/\/compartilhabahia.com.br\/#\/schema\/logo\/image\/"},"sameAs":["https:\/\/web.facebook.com\/compartilhabahia","https:\/\/www.instagram.com\/compartilhabahia\/"]},{"@type":"Person","@id":"https:\/\/compartilhabahia.com.br\/#\/schema\/person\/9b4f0c3178793b8248d6686732521c04","name":"admin","image":{"@type":"ImageObject","inLanguage":"pt-BR","@id":"https:\/\/compartilhabahia.com.br\/#\/schema\/person\/image\/","url":"https:\/\/secure.gravatar.com\/avatar\/9600df58751c5acbe914c538c03390ef649ea088cb65f84ba09c7ce66988eed6?s=96&d=mm&r=g","contentUrl":"https:\/\/secure.gravatar.com\/avatar\/9600df58751c5acbe914c538c03390ef649ea088cb65f84ba09c7ce66988eed6?s=96&d=mm&r=g","caption":"admin"},"sameAs":["https:\/\/compartilhabahia.com.br"],"url":"https:\/\/compartilhabahia.com.br\/index.php\/author\/compartilhabahia\/"}]}},"_links":{"self":[{"href":"https:\/\/compartilhabahia.com.br\/index.php\/wp-json\/wp\/v2\/posts\/7224","targetHints":{"allow":["GET"]}}],"collection":[{"href":"https:\/\/compartilhabahia.com.br\/index.php\/wp-json\/wp\/v2\/posts"}],"about":[{"href":"https:\/\/compartilhabahia.com.br\/index.php\/wp-json\/wp\/v2\/types\/post"}],"author":[{"embeddable":true,"href":"https:\/\/compartilhabahia.com.br\/index.php\/wp-json\/wp\/v2\/users\/1"}],"replies":[{"embeddable":true,"href":"https:\/\/compartilhabahia.com.br\/index.php\/wp-json\/wp\/v2\/comments?post=7224"}],"version-history":[{"count":1,"href":"https:\/\/compartilhabahia.com.br\/index.php\/wp-json\/wp\/v2\/posts\/7224\/revisions"}],"predecessor-version":[{"id":7226,"href":"https:\/\/compartilhabahia.com.br\/index.php\/wp-json\/wp\/v2\/posts\/7224\/revisions\/7226"}],"wp:featuredmedia":[{"embeddable":true,"href":"https:\/\/compartilhabahia.com.br\/index.php\/wp-json\/wp\/v2\/media\/7225"}],"wp:attachment":[{"href":"https:\/\/compartilhabahia.com.br\/index.php\/wp-json\/wp\/v2\/media?parent=7224"}],"wp:term":[{"taxonomy":"category","embeddable":true,"href":"https:\/\/compartilhabahia.com.br\/index.php\/wp-json\/wp\/v2\/categories?post=7224"},{"taxonomy":"post_tag","embeddable":true,"href":"https:\/\/compartilhabahia.com.br\/index.php\/wp-json\/wp\/v2\/tags?post=7224"}],"curies":[{"name":"wp","href":"https:\/\/api.w.org\/{rel}","templated":true}]}}