{"id":7217,"date":"2025-07-13T12:20:42","date_gmt":"2025-07-13T15:20:42","guid":{"rendered":"https:\/\/compartilhabahia.com.br\/?p=7217"},"modified":"2025-07-13T12:21:40","modified_gmt":"2025-07-13T15:21:40","slug":"imposicao-tarifaria-dos-eua-podera-afetar-setores-estrategicos-da-industria-da-bahia-alerta-fieb","status":"publish","type":"post","link":"https:\/\/compartilhabahia.com.br\/index.php\/2025\/07\/13\/imposicao-tarifaria-dos-eua-podera-afetar-setores-estrategicos-da-industria-da-bahia-alerta-fieb\/","title":{"rendered":"Imposi\u00e7\u00e3o tarif\u00e1ria dos EUA poder\u00e1 afetar setores estrat\u00e9gicos da ind\u00fastria da Bahia, alerta FIEB"},"content":{"rendered":"\n<p>A Federa\u00e7\u00e3o das Ind\u00fastrias do Estado da Bahia (FIEB) recebeu com preocupa\u00e7\u00e3o o recente an\u00fancio de eleva\u00e7\u00e3o das tarifas incidentes sobre os produtos brasileiros pelos Estados Unidos a partir de 1\u00ba de agosto. Alinhada \u00e0 posi\u00e7\u00e3o manifestada pela Confedera\u00e7\u00e3o Nacional da Ind\u00fastria, a institui\u00e7\u00e3o baiana enfatiza a urg\u00eancia no enfrentamento da quest\u00e3o, refor\u00e7ando a necessidade de intensificar as negocia\u00e7\u00f5es e o di\u00e1logo para superar as diverg\u00eancias e construir solu\u00e7\u00f5es capazes de reverter essa situa\u00e7\u00e3o.<\/p>\n\n\n\n<p>Na ind\u00fastria baiana, a medida pode afetar segmentos como os de celulose e de petroqu\u00edmica, bem como a exporta\u00e7\u00e3o de produtos como manteiga e l\u00edquor de cacau e pneus, dentre outros, que fazem parte da cadeia regional.<\/p>\n\n\n\n<p>Os Estados Unidos s\u00e3o hoje o terceiro destino das exporta\u00e7\u00f5es baianas. No primeiro semestre deste ano, o volume exportado representou 8,3% do total, o que sinaliza uma queda de 1,2% quando comparado com o primeiro semestre de 2024. Trata-se de um montante de US$ 440 milh\u00f5es, de um total de US$ 5,1 bilh\u00f5es exportados pela Bahia, e que representa aproximadamente 1% do PIB da Bahia.<\/p>\n\n\n\n<p>A ind\u00fastria \u00e9 o principal exportador da Bahia para o mercado americano, com cerca de US$ 399 milh\u00f5es, o equivalente a 90,6% dessas vendas e a 12% de todas as exporta\u00e7\u00f5es da ind\u00fastria do estado.<\/p>\n\n\n\n<p>Caso a eleva\u00e7\u00e3o tarif\u00e1ria seja mantida, a celulose tradicional ser\u00e1 um dos principais produtos afetados, respons\u00e1vel por 16,2% das vendas baianas para esse mercado, com US$ 71,4 milh\u00f5es no primeiro semestre, valor equivalente a cerca de 12% das exporta\u00e7\u00f5es do setor.<\/p>\n\n\n\n<p>Manteiga e l\u00edquor de cacau tamb\u00e9m s\u00e3o relevantes, representando 10,7% das vendas do estado para esse mercado e cerca de 24% das exporta\u00e7\u00f5es do segmento. A celulose sol\u00favel, com US$ 46,7 milh\u00f5es, vem logo em seguida e destina 24% de suas exporta\u00e7\u00f5es para os Estados Unidos. Tamb\u00e9m os pneus t\u00eam participa\u00e7\u00e3o relevante, j\u00e1 que 34% de suas exporta\u00e7\u00f5es v\u00e3o para esse destino, num total de US$ 40 milh\u00f5es no primeiro semestre, o que equivale a 9,1% das exporta\u00e7\u00f5es baianas para l\u00e1. Esses setores, por mais que comprimam suas margens, perder\u00e3o competitividade e ser\u00e3o fortemente afetados.<\/p>\n\n\n\n<p>Na petroqu\u00edmica baiana, produtos como benzeno, isopreno e paraxileno s\u00e3o exportados exclusivamente para os Estados Unidos. Outros produtos, como o \u00e1cido acr\u00edlico, t\u00eam mais de 60% de suas exporta\u00e7\u00f5es destinadas a esse mercado. Embora individualmente n\u00e3o esteja entre os cinco principais produtos para l\u00e1 exportados, o setor tem cerca de 25% de suas exporta\u00e7\u00f5es enviadas a essa economia. Ademais, o setor fornece insumos para segmentos que devem experimentar uma retra\u00e7\u00e3o nas vendas para os EUA.<\/p>\n\n\n\n<p>Diante desse cen\u00e1rio, a FIEB defende que a negocia\u00e7\u00e3o e o di\u00e1logo s\u00e3o essenciais para reverter o quadro e preservar a rela\u00e7\u00e3o comercial com os Estados Unidos.<\/p>\n\n\n\n<p>Fonte: www.fieb.org.br<\/p>\n","protected":false},"excerpt":{"rendered":"<p>A Federa\u00e7\u00e3o das Ind\u00fastrias do Estado da Bahia (FIEB) recebeu com preocupa\u00e7\u00e3o o recente an\u00fancio de eleva\u00e7\u00e3o das tarifas incidentes sobre os produtos brasileiros pelos Estados Unidos a partir de 1\u00ba de agosto. Alinhada \u00e0 posi\u00e7\u00e3o manifestada pela Confedera\u00e7\u00e3o Nacional da Ind\u00fastria, a institui\u00e7\u00e3o baiana enfatiza a urg\u00eancia no enfrentamento da quest\u00e3o, refor\u00e7ando a necessidade [&hellip;]<\/p>\n","protected":false},"author":1,"featured_media":7218,"comment_status":"open","ping_status":"open","sticky":false,"template":"","format":"standard","meta":{"footnotes":""},"categories":[10],"tags":[],"class_list":["post-7217","post","type-post","status-publish","format-standard","has-post-thumbnail","hentry","category-bahia"],"yoast_head":"<!-- This site is optimized with the Yoast SEO plugin v21.7 - https:\/\/yoast.com\/wordpress\/plugins\/seo\/ -->\n<title>Imposi\u00e7\u00e3o tarif\u00e1ria dos EUA poder\u00e1 afetar setores estrat\u00e9gicos da ind\u00fastria da Bahia, alerta FIEB - Compartilha Bahia<\/title>\n<meta name=\"robots\" content=\"index, follow, max-snippet:-1, max-image-preview:large, max-video-preview:-1\" \/>\n<link rel=\"canonical\" href=\"https:\/\/compartilhabahia.com.br\/index.php\/2025\/07\/13\/imposicao-tarifaria-dos-eua-podera-afetar-setores-estrategicos-da-industria-da-bahia-alerta-fieb\/\" \/>\n<meta property=\"og:locale\" content=\"pt_BR\" \/>\n<meta property=\"og:type\" content=\"article\" \/>\n<meta property=\"og:title\" content=\"Imposi\u00e7\u00e3o tarif\u00e1ria dos EUA poder\u00e1 afetar setores estrat\u00e9gicos da ind\u00fastria da Bahia, alerta FIEB - Compartilha Bahia\" \/>\n<meta property=\"og:description\" content=\"A Federa\u00e7\u00e3o das Ind\u00fastrias do Estado da Bahia (FIEB) recebeu com preocupa\u00e7\u00e3o o recente an\u00fancio de eleva\u00e7\u00e3o das tarifas incidentes sobre os produtos brasileiros pelos Estados Unidos a partir de 1\u00ba de agosto. Alinhada \u00e0 posi\u00e7\u00e3o manifestada pela Confedera\u00e7\u00e3o Nacional da Ind\u00fastria, a institui\u00e7\u00e3o baiana enfatiza a urg\u00eancia no enfrentamento da quest\u00e3o, refor\u00e7ando a necessidade [&hellip;]\" \/>\n<meta property=\"og:url\" content=\"https:\/\/compartilhabahia.com.br\/index.php\/2025\/07\/13\/imposicao-tarifaria-dos-eua-podera-afetar-setores-estrategicos-da-industria-da-bahia-alerta-fieb\/\" \/>\n<meta property=\"og:site_name\" content=\"Compartilha Bahia\" \/>\n<meta property=\"article:publisher\" content=\"https:\/\/web.facebook.com\/compartilhabahia\" \/>\n<meta property=\"article:published_time\" content=\"2025-07-13T15:20:42+00:00\" \/>\n<meta property=\"article:modified_time\" content=\"2025-07-13T15:21:40+00:00\" \/>\n<meta property=\"og:image\" content=\"https:\/\/compartilhabahia.com.br\/wp-content\/uploads\/2025\/07\/shutterstock_2647268713-1-1024x683-1.jpg\" \/>\n\t<meta property=\"og:image:width\" content=\"1024\" \/>\n\t<meta property=\"og:image:height\" content=\"683\" \/>\n\t<meta property=\"og:image:type\" content=\"image\/jpeg\" \/>\n<meta name=\"author\" content=\"admin\" \/>\n<meta name=\"twitter:card\" content=\"summary_large_image\" \/>\n<meta name=\"twitter:label1\" content=\"Escrito por\" \/>\n\t<meta name=\"twitter:data1\" content=\"admin\" \/>\n\t<meta name=\"twitter:label2\" content=\"Est. tempo de leitura\" \/>\n\t<meta name=\"twitter:data2\" content=\"3 minutos\" \/>\n<script type=\"application\/ld+json\" class=\"yoast-schema-graph\">{\"@context\":\"https:\/\/schema.org\",\"@graph\":[{\"@type\":\"Article\",\"@id\":\"https:\/\/compartilhabahia.com.br\/index.php\/2025\/07\/13\/imposicao-tarifaria-dos-eua-podera-afetar-setores-estrategicos-da-industria-da-bahia-alerta-fieb\/#article\",\"isPartOf\":{\"@id\":\"https:\/\/compartilhabahia.com.br\/index.php\/2025\/07\/13\/imposicao-tarifaria-dos-eua-podera-afetar-setores-estrategicos-da-industria-da-bahia-alerta-fieb\/\"},\"author\":{\"name\":\"admin\",\"@id\":\"https:\/\/compartilhabahia.com.br\/#\/schema\/person\/9b4f0c3178793b8248d6686732521c04\"},\"headline\":\"Imposi\u00e7\u00e3o tarif\u00e1ria dos EUA poder\u00e1 afetar setores estrat\u00e9gicos da ind\u00fastria da Bahia, alerta FIEB\",\"datePublished\":\"2025-07-13T15:20:42+00:00\",\"dateModified\":\"2025-07-13T15:21:40+00:00\",\"mainEntityOfPage\":{\"@id\":\"https:\/\/compartilhabahia.com.br\/index.php\/2025\/07\/13\/imposicao-tarifaria-dos-eua-podera-afetar-setores-estrategicos-da-industria-da-bahia-alerta-fieb\/\"},\"wordCount\":511,\"commentCount\":0,\"publisher\":{\"@id\":\"https:\/\/compartilhabahia.com.br\/#organization\"},\"articleSection\":[\"Bahia\"],\"inLanguage\":\"pt-BR\",\"potentialAction\":[{\"@type\":\"CommentAction\",\"name\":\"Comment\",\"target\":[\"https:\/\/compartilhabahia.com.br\/index.php\/2025\/07\/13\/imposicao-tarifaria-dos-eua-podera-afetar-setores-estrategicos-da-industria-da-bahia-alerta-fieb\/#respond\"]}]},{\"@type\":\"WebPage\",\"@id\":\"https:\/\/compartilhabahia.com.br\/index.php\/2025\/07\/13\/imposicao-tarifaria-dos-eua-podera-afetar-setores-estrategicos-da-industria-da-bahia-alerta-fieb\/\",\"url\":\"https:\/\/compartilhabahia.com.br\/index.php\/2025\/07\/13\/imposicao-tarifaria-dos-eua-podera-afetar-setores-estrategicos-da-industria-da-bahia-alerta-fieb\/\",\"name\":\"Imposi\u00e7\u00e3o tarif\u00e1ria dos EUA poder\u00e1 afetar setores estrat\u00e9gicos da ind\u00fastria da Bahia, alerta FIEB - Compartilha Bahia\",\"isPartOf\":{\"@id\":\"https:\/\/compartilhabahia.com.br\/#website\"},\"datePublished\":\"2025-07-13T15:20:42+00:00\",\"dateModified\":\"2025-07-13T15:21:40+00:00\",\"breadcrumb\":{\"@id\":\"https:\/\/compartilhabahia.com.br\/index.php\/2025\/07\/13\/imposicao-tarifaria-dos-eua-podera-afetar-setores-estrategicos-da-industria-da-bahia-alerta-fieb\/#breadcrumb\"},\"inLanguage\":\"pt-BR\",\"potentialAction\":[{\"@type\":\"ReadAction\",\"target\":[\"https:\/\/compartilhabahia.com.br\/index.php\/2025\/07\/13\/imposicao-tarifaria-dos-eua-podera-afetar-setores-estrategicos-da-industria-da-bahia-alerta-fieb\/\"]}]},{\"@type\":\"BreadcrumbList\",\"@id\":\"https:\/\/compartilhabahia.com.br\/index.php\/2025\/07\/13\/imposicao-tarifaria-dos-eua-podera-afetar-setores-estrategicos-da-industria-da-bahia-alerta-fieb\/#breadcrumb\",\"itemListElement\":[{\"@type\":\"ListItem\",\"position\":1,\"name\":\"In\u00edcio\",\"item\":\"https:\/\/compartilhabahia.com.br\/\"},{\"@type\":\"ListItem\",\"position\":2,\"name\":\"Imposi\u00e7\u00e3o tarif\u00e1ria dos EUA poder\u00e1 afetar setores estrat\u00e9gicos da ind\u00fastria da Bahia, alerta FIEB\"}]},{\"@type\":\"WebSite\",\"@id\":\"https:\/\/compartilhabahia.com.br\/#website\",\"url\":\"https:\/\/compartilhabahia.com.br\/\",\"name\":\"Compartilha Bahia\",\"description\":\"\",\"publisher\":{\"@id\":\"https:\/\/compartilhabahia.com.br\/#organization\"},\"potentialAction\":[{\"@type\":\"SearchAction\",\"target\":{\"@type\":\"EntryPoint\",\"urlTemplate\":\"https:\/\/compartilhabahia.com.br\/?s={search_term_string}\"},\"query-input\":\"required name=search_term_string\"}],\"inLanguage\":\"pt-BR\"},{\"@type\":\"Organization\",\"@id\":\"https:\/\/compartilhabahia.com.br\/#organization\",\"name\":\"Compartilha Bahia\",\"url\":\"https:\/\/compartilhabahia.com.br\/\",\"logo\":{\"@type\":\"ImageObject\",\"inLanguage\":\"pt-BR\",\"@id\":\"https:\/\/compartilhabahia.com.br\/#\/schema\/logo\/image\/\",\"url\":\"https:\/\/compartilhabahia.com.br\/wp-content\/uploads\/2023\/12\/cropped-logo.png\",\"contentUrl\":\"https:\/\/compartilhabahia.com.br\/wp-content\/uploads\/2023\/12\/cropped-logo.png\",\"width\":300,\"height\":106,\"caption\":\"Compartilha Bahia\"},\"image\":{\"@id\":\"https:\/\/compartilhabahia.com.br\/#\/schema\/logo\/image\/\"},\"sameAs\":[\"https:\/\/web.facebook.com\/compartilhabahia\",\"https:\/\/www.instagram.com\/compartilhabahia\/\"]},{\"@type\":\"Person\",\"@id\":\"https:\/\/compartilhabahia.com.br\/#\/schema\/person\/9b4f0c3178793b8248d6686732521c04\",\"name\":\"admin\",\"image\":{\"@type\":\"ImageObject\",\"inLanguage\":\"pt-BR\",\"@id\":\"https:\/\/compartilhabahia.com.br\/#\/schema\/person\/image\/\",\"url\":\"https:\/\/secure.gravatar.com\/avatar\/9600df58751c5acbe914c538c03390ef649ea088cb65f84ba09c7ce66988eed6?s=96&d=mm&r=g\",\"contentUrl\":\"https:\/\/secure.gravatar.com\/avatar\/9600df58751c5acbe914c538c03390ef649ea088cb65f84ba09c7ce66988eed6?s=96&d=mm&r=g\",\"caption\":\"admin\"},\"sameAs\":[\"https:\/\/compartilhabahia.com.br\"],\"url\":\"https:\/\/compartilhabahia.com.br\/index.php\/author\/compartilhabahia\/\"}]}<\/script>\n<!-- \/ Yoast SEO plugin. -->","yoast_head_json":{"title":"Imposi\u00e7\u00e3o tarif\u00e1ria dos EUA poder\u00e1 afetar setores estrat\u00e9gicos da ind\u00fastria da Bahia, alerta FIEB - Compartilha Bahia","robots":{"index":"index","follow":"follow","max-snippet":"max-snippet:-1","max-image-preview":"max-image-preview:large","max-video-preview":"max-video-preview:-1"},"canonical":"https:\/\/compartilhabahia.com.br\/index.php\/2025\/07\/13\/imposicao-tarifaria-dos-eua-podera-afetar-setores-estrategicos-da-industria-da-bahia-alerta-fieb\/","og_locale":"pt_BR","og_type":"article","og_title":"Imposi\u00e7\u00e3o tarif\u00e1ria dos EUA poder\u00e1 afetar setores estrat\u00e9gicos da ind\u00fastria da Bahia, alerta FIEB - Compartilha Bahia","og_description":"A Federa\u00e7\u00e3o das Ind\u00fastrias do Estado da Bahia (FIEB) recebeu com preocupa\u00e7\u00e3o o recente an\u00fancio de eleva\u00e7\u00e3o das tarifas incidentes sobre os produtos brasileiros pelos Estados Unidos a partir de 1\u00ba de agosto. Alinhada \u00e0 posi\u00e7\u00e3o manifestada pela Confedera\u00e7\u00e3o Nacional da Ind\u00fastria, a institui\u00e7\u00e3o baiana enfatiza a urg\u00eancia no enfrentamento da quest\u00e3o, refor\u00e7ando a necessidade [&hellip;]","og_url":"https:\/\/compartilhabahia.com.br\/index.php\/2025\/07\/13\/imposicao-tarifaria-dos-eua-podera-afetar-setores-estrategicos-da-industria-da-bahia-alerta-fieb\/","og_site_name":"Compartilha Bahia","article_publisher":"https:\/\/web.facebook.com\/compartilhabahia","article_published_time":"2025-07-13T15:20:42+00:00","article_modified_time":"2025-07-13T15:21:40+00:00","og_image":[{"width":1024,"height":683,"url":"https:\/\/compartilhabahia.com.br\/wp-content\/uploads\/2025\/07\/shutterstock_2647268713-1-1024x683-1.jpg","type":"image\/jpeg"}],"author":"admin","twitter_card":"summary_large_image","twitter_misc":{"Escrito por":"admin","Est. tempo de leitura":"3 minutos"},"schema":{"@context":"https:\/\/schema.org","@graph":[{"@type":"Article","@id":"https:\/\/compartilhabahia.com.br\/index.php\/2025\/07\/13\/imposicao-tarifaria-dos-eua-podera-afetar-setores-estrategicos-da-industria-da-bahia-alerta-fieb\/#article","isPartOf":{"@id":"https:\/\/compartilhabahia.com.br\/index.php\/2025\/07\/13\/imposicao-tarifaria-dos-eua-podera-afetar-setores-estrategicos-da-industria-da-bahia-alerta-fieb\/"},"author":{"name":"admin","@id":"https:\/\/compartilhabahia.com.br\/#\/schema\/person\/9b4f0c3178793b8248d6686732521c04"},"headline":"Imposi\u00e7\u00e3o tarif\u00e1ria dos EUA poder\u00e1 afetar setores estrat\u00e9gicos da ind\u00fastria da Bahia, alerta FIEB","datePublished":"2025-07-13T15:20:42+00:00","dateModified":"2025-07-13T15:21:40+00:00","mainEntityOfPage":{"@id":"https:\/\/compartilhabahia.com.br\/index.php\/2025\/07\/13\/imposicao-tarifaria-dos-eua-podera-afetar-setores-estrategicos-da-industria-da-bahia-alerta-fieb\/"},"wordCount":511,"commentCount":0,"publisher":{"@id":"https:\/\/compartilhabahia.com.br\/#organization"},"articleSection":["Bahia"],"inLanguage":"pt-BR","potentialAction":[{"@type":"CommentAction","name":"Comment","target":["https:\/\/compartilhabahia.com.br\/index.php\/2025\/07\/13\/imposicao-tarifaria-dos-eua-podera-afetar-setores-estrategicos-da-industria-da-bahia-alerta-fieb\/#respond"]}]},{"@type":"WebPage","@id":"https:\/\/compartilhabahia.com.br\/index.php\/2025\/07\/13\/imposicao-tarifaria-dos-eua-podera-afetar-setores-estrategicos-da-industria-da-bahia-alerta-fieb\/","url":"https:\/\/compartilhabahia.com.br\/index.php\/2025\/07\/13\/imposicao-tarifaria-dos-eua-podera-afetar-setores-estrategicos-da-industria-da-bahia-alerta-fieb\/","name":"Imposi\u00e7\u00e3o tarif\u00e1ria dos EUA poder\u00e1 afetar setores estrat\u00e9gicos da ind\u00fastria da Bahia, alerta FIEB - Compartilha Bahia","isPartOf":{"@id":"https:\/\/compartilhabahia.com.br\/#website"},"datePublished":"2025-07-13T15:20:42+00:00","dateModified":"2025-07-13T15:21:40+00:00","breadcrumb":{"@id":"https:\/\/compartilhabahia.com.br\/index.php\/2025\/07\/13\/imposicao-tarifaria-dos-eua-podera-afetar-setores-estrategicos-da-industria-da-bahia-alerta-fieb\/#breadcrumb"},"inLanguage":"pt-BR","potentialAction":[{"@type":"ReadAction","target":["https:\/\/compartilhabahia.com.br\/index.php\/2025\/07\/13\/imposicao-tarifaria-dos-eua-podera-afetar-setores-estrategicos-da-industria-da-bahia-alerta-fieb\/"]}]},{"@type":"BreadcrumbList","@id":"https:\/\/compartilhabahia.com.br\/index.php\/2025\/07\/13\/imposicao-tarifaria-dos-eua-podera-afetar-setores-estrategicos-da-industria-da-bahia-alerta-fieb\/#breadcrumb","itemListElement":[{"@type":"ListItem","position":1,"name":"In\u00edcio","item":"https:\/\/compartilhabahia.com.br\/"},{"@type":"ListItem","position":2,"name":"Imposi\u00e7\u00e3o tarif\u00e1ria dos EUA poder\u00e1 afetar setores estrat\u00e9gicos da ind\u00fastria da Bahia, alerta FIEB"}]},{"@type":"WebSite","@id":"https:\/\/compartilhabahia.com.br\/#website","url":"https:\/\/compartilhabahia.com.br\/","name":"Compartilha Bahia","description":"","publisher":{"@id":"https:\/\/compartilhabahia.com.br\/#organization"},"potentialAction":[{"@type":"SearchAction","target":{"@type":"EntryPoint","urlTemplate":"https:\/\/compartilhabahia.com.br\/?s={search_term_string}"},"query-input":"required name=search_term_string"}],"inLanguage":"pt-BR"},{"@type":"Organization","@id":"https:\/\/compartilhabahia.com.br\/#organization","name":"Compartilha Bahia","url":"https:\/\/compartilhabahia.com.br\/","logo":{"@type":"ImageObject","inLanguage":"pt-BR","@id":"https:\/\/compartilhabahia.com.br\/#\/schema\/logo\/image\/","url":"https:\/\/compartilhabahia.com.br\/wp-content\/uploads\/2023\/12\/cropped-logo.png","contentUrl":"https:\/\/compartilhabahia.com.br\/wp-content\/uploads\/2023\/12\/cropped-logo.png","width":300,"height":106,"caption":"Compartilha Bahia"},"image":{"@id":"https:\/\/compartilhabahia.com.br\/#\/schema\/logo\/image\/"},"sameAs":["https:\/\/web.facebook.com\/compartilhabahia","https:\/\/www.instagram.com\/compartilhabahia\/"]},{"@type":"Person","@id":"https:\/\/compartilhabahia.com.br\/#\/schema\/person\/9b4f0c3178793b8248d6686732521c04","name":"admin","image":{"@type":"ImageObject","inLanguage":"pt-BR","@id":"https:\/\/compartilhabahia.com.br\/#\/schema\/person\/image\/","url":"https:\/\/secure.gravatar.com\/avatar\/9600df58751c5acbe914c538c03390ef649ea088cb65f84ba09c7ce66988eed6?s=96&d=mm&r=g","contentUrl":"https:\/\/secure.gravatar.com\/avatar\/9600df58751c5acbe914c538c03390ef649ea088cb65f84ba09c7ce66988eed6?s=96&d=mm&r=g","caption":"admin"},"sameAs":["https:\/\/compartilhabahia.com.br"],"url":"https:\/\/compartilhabahia.com.br\/index.php\/author\/compartilhabahia\/"}]}},"_links":{"self":[{"href":"https:\/\/compartilhabahia.com.br\/index.php\/wp-json\/wp\/v2\/posts\/7217","targetHints":{"allow":["GET"]}}],"collection":[{"href":"https:\/\/compartilhabahia.com.br\/index.php\/wp-json\/wp\/v2\/posts"}],"about":[{"href":"https:\/\/compartilhabahia.com.br\/index.php\/wp-json\/wp\/v2\/types\/post"}],"author":[{"embeddable":true,"href":"https:\/\/compartilhabahia.com.br\/index.php\/wp-json\/wp\/v2\/users\/1"}],"replies":[{"embeddable":true,"href":"https:\/\/compartilhabahia.com.br\/index.php\/wp-json\/wp\/v2\/comments?post=7217"}],"version-history":[{"count":1,"href":"https:\/\/compartilhabahia.com.br\/index.php\/wp-json\/wp\/v2\/posts\/7217\/revisions"}],"predecessor-version":[{"id":7219,"href":"https:\/\/compartilhabahia.com.br\/index.php\/wp-json\/wp\/v2\/posts\/7217\/revisions\/7219"}],"wp:featuredmedia":[{"embeddable":true,"href":"https:\/\/compartilhabahia.com.br\/index.php\/wp-json\/wp\/v2\/media\/7218"}],"wp:attachment":[{"href":"https:\/\/compartilhabahia.com.br\/index.php\/wp-json\/wp\/v2\/media?parent=7217"}],"wp:term":[{"taxonomy":"category","embeddable":true,"href":"https:\/\/compartilhabahia.com.br\/index.php\/wp-json\/wp\/v2\/categories?post=7217"},{"taxonomy":"post_tag","embeddable":true,"href":"https:\/\/compartilhabahia.com.br\/index.php\/wp-json\/wp\/v2\/tags?post=7217"}],"curies":[{"name":"wp","href":"https:\/\/api.w.org\/{rel}","templated":true}]}}