{"id":7214,"date":"2025-07-13T00:10:31","date_gmt":"2025-07-13T03:10:31","guid":{"rendered":"https:\/\/compartilhabahia.com.br\/?p=7214"},"modified":"2025-07-13T00:10:36","modified_gmt":"2025-07-13T03:10:36","slug":"acao-de-saude-beneficia-comunidade-de-arembepe-com-exames-de-ultrassonografia","status":"publish","type":"post","link":"https:\/\/compartilhabahia.com.br\/index.php\/2025\/07\/13\/acao-de-saude-beneficia-comunidade-de-arembepe-com-exames-de-ultrassonografia\/","title":{"rendered":"A\u00e7\u00e3o de sa\u00fade beneficia comunidade de Arembepe com exames de ultrassonografia"},"content":{"rendered":"\n<p>Neste s\u00e1bado (12), a Unidade B\u00e1sica de Sa\u00fade (UBS) Arembepe, na orla de Cama\u00e7ari, recebeu uma a\u00e7\u00e3o de promo\u00e7\u00e3o \u00e0 sa\u00fade, com a oferta de exames de ultrassonografia (USG). A iniciativa, realizada pela prestadora Desenvolvida em parceria com a Secretaria de Sa\u00fade (Sesau), beneficiou 122 pacientes previamente agendados.<\/p>\n\n\n\n<p>Durante a atividade, foram feitas USGs mam\u00e1rias, transvaginais, de pr\u00f3stata e da tireoide. Al\u00e9m disso, os participantes puderam assistir a palestras educativas abordando diferentes tem\u00e1ticas, como \u201cC\u00e2ncer de pr\u00f3stata: os cuidados com a sa\u00fade do homem\u201d, \u201c\u00c1lcool e outras drogas\u201d, \u201cC\u00e2ncer de mama e de colo do \u00fatero: os cuidados com a sa\u00fade da mulher\u201d, \u201cViol\u00eancia contra a mulher\u201d, e \u201cNutri\u00e7\u00e3o e alimenta\u00e7\u00e3o saud\u00e1vel\u201d. Pensando no acolhimento do p\u00fablico, foram distribu\u00eddos lanches.<\/p>\n\n\n\n<p>Para Eros Menezes, de 45 anos, a a\u00e7\u00e3o promoveu maior acesso ao servi\u00e7o de sa\u00fade. \u201cPassei pelo m\u00e9dico h\u00e1 cerca de uma semana e hoje j\u00e1 estou realizando meu exame. O atendimento foi bom e o fato de ser um s\u00e1bado, facilita ainda mais para as pessoas\u201d, destacou o salva-vidas.<\/p>\n\n\n\n<p>Edelice Souza, marisqueira de 56 anos, foi uma das pacientes que realizaram a ultrassonografia transvaginal e elogiou a atividade. \u201cO atendimento foi excelente, todo o processo desde a recep\u00e7\u00e3o foi bem tranquilo, e ainda recebemos lanches. Iniciativas como essa s\u00e3o importantes\u201d, avaliou a moradora da localidade.<\/p>\n\n\n\n<p>O prefeito Luiz Caetano acompanhou a a\u00e7\u00e3o e falou sobre o empenho da gest\u00e3o em trabalhar por uma sa\u00fade humanizada, que atenda toda a popula\u00e7\u00e3o. \u201cJ\u00e1 autorizei para que sejam feitas melhorias na unidade de sa\u00fade aqui de Arembepe, no sentindo de que possamos ofertar um atendimento ainda mais qualificado. Ainda na orla, em breve vamos ter assinada a ordem de servi\u00e7o para a constru\u00e7\u00e3o da UPA [Unidade de Pronto Atendimento] de Abrantes e em seguida ser\u00e1 feita a UPA de Monte Gordo. Tamb\u00e9m na sa\u00fade, visitamos ontem as obras da Policl\u00ednica Regional, que est\u00e3o aceleradas e que at\u00e9 o final do ano devemos ter em nossa cidade esse equipamento importante, refer\u00eancia em todo o Brasil\u201d, citou.<\/p>\n\n\n\n<p>A titular da Sesau, Rosangela Almeida, destacou que a iniciativa deste s\u00e1bado integra um calend\u00e1rio de atividades de promo\u00e7\u00e3o \u00e0 sa\u00fade, contemplando diferentes localidades. \u201cA amplia\u00e7\u00e3o do acesso \u00e0 sa\u00fade \u00e9 fundamental, j\u00e1 tivemos em outras comunidades e vamos continuar trabalhando para potencializar os atendimentos \u00e0s pessoas\u201d, pontuou.<\/p>\n\n\n\n<p>Foto: Emile Lira<\/p>\n","protected":false},"excerpt":{"rendered":"<p>Neste s\u00e1bado (12), a Unidade B\u00e1sica de Sa\u00fade (UBS) Arembepe, na orla de Cama\u00e7ari, recebeu uma a\u00e7\u00e3o de promo\u00e7\u00e3o \u00e0 sa\u00fade, com a oferta de exames de ultrassonografia (USG). A iniciativa, realizada pela prestadora Desenvolvida em parceria com a Secretaria de Sa\u00fade (Sesau), beneficiou 122 pacientes previamente agendados. Durante a atividade, foram feitas USGs mam\u00e1rias, [&hellip;]<\/p>\n","protected":false},"author":1,"featured_media":7215,"comment_status":"open","ping_status":"open","sticky":false,"template":"","format":"standard","meta":{"footnotes":""},"categories":[8],"tags":[],"class_list":["post-7214","post","type-post","status-publish","format-standard","has-post-thumbnail","hentry","category-camacari"],"yoast_head":"<!-- This site is optimized with the Yoast SEO plugin v21.7 - https:\/\/yoast.com\/wordpress\/plugins\/seo\/ -->\n<title>A\u00e7\u00e3o de sa\u00fade beneficia comunidade de Arembepe com exames de ultrassonografia - Compartilha Bahia<\/title>\n<meta name=\"robots\" content=\"index, follow, max-snippet:-1, max-image-preview:large, max-video-preview:-1\" \/>\n<link rel=\"canonical\" href=\"https:\/\/compartilhabahia.com.br\/index.php\/2025\/07\/13\/acao-de-saude-beneficia-comunidade-de-arembepe-com-exames-de-ultrassonografia\/\" \/>\n<meta property=\"og:locale\" content=\"pt_BR\" \/>\n<meta property=\"og:type\" content=\"article\" \/>\n<meta property=\"og:title\" content=\"A\u00e7\u00e3o de sa\u00fade beneficia comunidade de Arembepe com exames de ultrassonografia - Compartilha Bahia\" \/>\n<meta property=\"og:description\" content=\"Neste s\u00e1bado (12), a Unidade B\u00e1sica de Sa\u00fade (UBS) Arembepe, na orla de Cama\u00e7ari, recebeu uma a\u00e7\u00e3o de promo\u00e7\u00e3o \u00e0 sa\u00fade, com a oferta de exames de ultrassonografia (USG). A iniciativa, realizada pela prestadora Desenvolvida em parceria com a Secretaria de Sa\u00fade (Sesau), beneficiou 122 pacientes previamente agendados. Durante a atividade, foram feitas USGs mam\u00e1rias, [&hellip;]\" \/>\n<meta property=\"og:url\" content=\"https:\/\/compartilhabahia.com.br\/index.php\/2025\/07\/13\/acao-de-saude-beneficia-comunidade-de-arembepe-com-exames-de-ultrassonografia\/\" \/>\n<meta property=\"og:site_name\" content=\"Compartilha Bahia\" \/>\n<meta property=\"article:publisher\" content=\"https:\/\/web.facebook.com\/compartilhabahia\" \/>\n<meta property=\"article:published_time\" content=\"2025-07-13T03:10:31+00:00\" \/>\n<meta property=\"article:modified_time\" content=\"2025-07-13T03:10:36+00:00\" \/>\n<meta property=\"og:image\" content=\"https:\/\/compartilhabahia.com.br\/wp-content\/uploads\/2025\/07\/muitrao-usg-arembepe_12.jul_.25_Foto_Emile-Lira.2.jpeg\" \/>\n\t<meta property=\"og:image:width\" content=\"960\" \/>\n\t<meta property=\"og:image:height\" content=\"720\" \/>\n\t<meta property=\"og:image:type\" content=\"image\/jpeg\" \/>\n<meta name=\"author\" content=\"admin\" \/>\n<meta name=\"twitter:card\" content=\"summary_large_image\" \/>\n<meta name=\"twitter:label1\" content=\"Escrito por\" \/>\n\t<meta name=\"twitter:data1\" content=\"admin\" \/>\n\t<meta name=\"twitter:label2\" content=\"Est. tempo de leitura\" \/>\n\t<meta name=\"twitter:data2\" content=\"3 minutos\" \/>\n<script type=\"application\/ld+json\" class=\"yoast-schema-graph\">{\"@context\":\"https:\/\/schema.org\",\"@graph\":[{\"@type\":\"Article\",\"@id\":\"https:\/\/compartilhabahia.com.br\/index.php\/2025\/07\/13\/acao-de-saude-beneficia-comunidade-de-arembepe-com-exames-de-ultrassonografia\/#article\",\"isPartOf\":{\"@id\":\"https:\/\/compartilhabahia.com.br\/index.php\/2025\/07\/13\/acao-de-saude-beneficia-comunidade-de-arembepe-com-exames-de-ultrassonografia\/\"},\"author\":{\"name\":\"admin\",\"@id\":\"https:\/\/compartilhabahia.com.br\/#\/schema\/person\/9b4f0c3178793b8248d6686732521c04\"},\"headline\":\"A\u00e7\u00e3o de sa\u00fade beneficia comunidade de Arembepe com exames de ultrassonografia\",\"datePublished\":\"2025-07-13T03:10:31+00:00\",\"dateModified\":\"2025-07-13T03:10:36+00:00\",\"mainEntityOfPage\":{\"@id\":\"https:\/\/compartilhabahia.com.br\/index.php\/2025\/07\/13\/acao-de-saude-beneficia-comunidade-de-arembepe-com-exames-de-ultrassonografia\/\"},\"wordCount\":437,\"commentCount\":0,\"publisher\":{\"@id\":\"https:\/\/compartilhabahia.com.br\/#organization\"},\"articleSection\":[\"Cama\u00e7ari\"],\"inLanguage\":\"pt-BR\",\"potentialAction\":[{\"@type\":\"CommentAction\",\"name\":\"Comment\",\"target\":[\"https:\/\/compartilhabahia.com.br\/index.php\/2025\/07\/13\/acao-de-saude-beneficia-comunidade-de-arembepe-com-exames-de-ultrassonografia\/#respond\"]}]},{\"@type\":\"WebPage\",\"@id\":\"https:\/\/compartilhabahia.com.br\/index.php\/2025\/07\/13\/acao-de-saude-beneficia-comunidade-de-arembepe-com-exames-de-ultrassonografia\/\",\"url\":\"https:\/\/compartilhabahia.com.br\/index.php\/2025\/07\/13\/acao-de-saude-beneficia-comunidade-de-arembepe-com-exames-de-ultrassonografia\/\",\"name\":\"A\u00e7\u00e3o de sa\u00fade beneficia comunidade de Arembepe com exames de ultrassonografia - Compartilha Bahia\",\"isPartOf\":{\"@id\":\"https:\/\/compartilhabahia.com.br\/#website\"},\"datePublished\":\"2025-07-13T03:10:31+00:00\",\"dateModified\":\"2025-07-13T03:10:36+00:00\",\"breadcrumb\":{\"@id\":\"https:\/\/compartilhabahia.com.br\/index.php\/2025\/07\/13\/acao-de-saude-beneficia-comunidade-de-arembepe-com-exames-de-ultrassonografia\/#breadcrumb\"},\"inLanguage\":\"pt-BR\",\"potentialAction\":[{\"@type\":\"ReadAction\",\"target\":[\"https:\/\/compartilhabahia.com.br\/index.php\/2025\/07\/13\/acao-de-saude-beneficia-comunidade-de-arembepe-com-exames-de-ultrassonografia\/\"]}]},{\"@type\":\"BreadcrumbList\",\"@id\":\"https:\/\/compartilhabahia.com.br\/index.php\/2025\/07\/13\/acao-de-saude-beneficia-comunidade-de-arembepe-com-exames-de-ultrassonografia\/#breadcrumb\",\"itemListElement\":[{\"@type\":\"ListItem\",\"position\":1,\"name\":\"In\u00edcio\",\"item\":\"https:\/\/compartilhabahia.com.br\/\"},{\"@type\":\"ListItem\",\"position\":2,\"name\":\"A\u00e7\u00e3o de sa\u00fade beneficia comunidade de Arembepe com exames de ultrassonografia\"}]},{\"@type\":\"WebSite\",\"@id\":\"https:\/\/compartilhabahia.com.br\/#website\",\"url\":\"https:\/\/compartilhabahia.com.br\/\",\"name\":\"Compartilha Bahia\",\"description\":\"\",\"publisher\":{\"@id\":\"https:\/\/compartilhabahia.com.br\/#organization\"},\"potentialAction\":[{\"@type\":\"SearchAction\",\"target\":{\"@type\":\"EntryPoint\",\"urlTemplate\":\"https:\/\/compartilhabahia.com.br\/?s={search_term_string}\"},\"query-input\":\"required name=search_term_string\"}],\"inLanguage\":\"pt-BR\"},{\"@type\":\"Organization\",\"@id\":\"https:\/\/compartilhabahia.com.br\/#organization\",\"name\":\"Compartilha Bahia\",\"url\":\"https:\/\/compartilhabahia.com.br\/\",\"logo\":{\"@type\":\"ImageObject\",\"inLanguage\":\"pt-BR\",\"@id\":\"https:\/\/compartilhabahia.com.br\/#\/schema\/logo\/image\/\",\"url\":\"https:\/\/compartilhabahia.com.br\/wp-content\/uploads\/2023\/12\/cropped-logo.png\",\"contentUrl\":\"https:\/\/compartilhabahia.com.br\/wp-content\/uploads\/2023\/12\/cropped-logo.png\",\"width\":300,\"height\":106,\"caption\":\"Compartilha Bahia\"},\"image\":{\"@id\":\"https:\/\/compartilhabahia.com.br\/#\/schema\/logo\/image\/\"},\"sameAs\":[\"https:\/\/web.facebook.com\/compartilhabahia\",\"https:\/\/www.instagram.com\/compartilhabahia\/\"]},{\"@type\":\"Person\",\"@id\":\"https:\/\/compartilhabahia.com.br\/#\/schema\/person\/9b4f0c3178793b8248d6686732521c04\",\"name\":\"admin\",\"image\":{\"@type\":\"ImageObject\",\"inLanguage\":\"pt-BR\",\"@id\":\"https:\/\/compartilhabahia.com.br\/#\/schema\/person\/image\/\",\"url\":\"https:\/\/secure.gravatar.com\/avatar\/9600df58751c5acbe914c538c03390ef649ea088cb65f84ba09c7ce66988eed6?s=96&d=mm&r=g\",\"contentUrl\":\"https:\/\/secure.gravatar.com\/avatar\/9600df58751c5acbe914c538c03390ef649ea088cb65f84ba09c7ce66988eed6?s=96&d=mm&r=g\",\"caption\":\"admin\"},\"sameAs\":[\"https:\/\/compartilhabahia.com.br\"],\"url\":\"https:\/\/compartilhabahia.com.br\/index.php\/author\/compartilhabahia\/\"}]}<\/script>\n<!-- \/ Yoast SEO plugin. -->","yoast_head_json":{"title":"A\u00e7\u00e3o de sa\u00fade beneficia comunidade de Arembepe com exames de ultrassonografia - Compartilha Bahia","robots":{"index":"index","follow":"follow","max-snippet":"max-snippet:-1","max-image-preview":"max-image-preview:large","max-video-preview":"max-video-preview:-1"},"canonical":"https:\/\/compartilhabahia.com.br\/index.php\/2025\/07\/13\/acao-de-saude-beneficia-comunidade-de-arembepe-com-exames-de-ultrassonografia\/","og_locale":"pt_BR","og_type":"article","og_title":"A\u00e7\u00e3o de sa\u00fade beneficia comunidade de Arembepe com exames de ultrassonografia - Compartilha Bahia","og_description":"Neste s\u00e1bado (12), a Unidade B\u00e1sica de Sa\u00fade (UBS) Arembepe, na orla de Cama\u00e7ari, recebeu uma a\u00e7\u00e3o de promo\u00e7\u00e3o \u00e0 sa\u00fade, com a oferta de exames de ultrassonografia (USG). A iniciativa, realizada pela prestadora Desenvolvida em parceria com a Secretaria de Sa\u00fade (Sesau), beneficiou 122 pacientes previamente agendados. Durante a atividade, foram feitas USGs mam\u00e1rias, [&hellip;]","og_url":"https:\/\/compartilhabahia.com.br\/index.php\/2025\/07\/13\/acao-de-saude-beneficia-comunidade-de-arembepe-com-exames-de-ultrassonografia\/","og_site_name":"Compartilha Bahia","article_publisher":"https:\/\/web.facebook.com\/compartilhabahia","article_published_time":"2025-07-13T03:10:31+00:00","article_modified_time":"2025-07-13T03:10:36+00:00","og_image":[{"width":960,"height":720,"url":"https:\/\/compartilhabahia.com.br\/wp-content\/uploads\/2025\/07\/muitrao-usg-arembepe_12.jul_.25_Foto_Emile-Lira.2.jpeg","type":"image\/jpeg"}],"author":"admin","twitter_card":"summary_large_image","twitter_misc":{"Escrito por":"admin","Est. tempo de leitura":"3 minutos"},"schema":{"@context":"https:\/\/schema.org","@graph":[{"@type":"Article","@id":"https:\/\/compartilhabahia.com.br\/index.php\/2025\/07\/13\/acao-de-saude-beneficia-comunidade-de-arembepe-com-exames-de-ultrassonografia\/#article","isPartOf":{"@id":"https:\/\/compartilhabahia.com.br\/index.php\/2025\/07\/13\/acao-de-saude-beneficia-comunidade-de-arembepe-com-exames-de-ultrassonografia\/"},"author":{"name":"admin","@id":"https:\/\/compartilhabahia.com.br\/#\/schema\/person\/9b4f0c3178793b8248d6686732521c04"},"headline":"A\u00e7\u00e3o de sa\u00fade beneficia comunidade de Arembepe com exames de ultrassonografia","datePublished":"2025-07-13T03:10:31+00:00","dateModified":"2025-07-13T03:10:36+00:00","mainEntityOfPage":{"@id":"https:\/\/compartilhabahia.com.br\/index.php\/2025\/07\/13\/acao-de-saude-beneficia-comunidade-de-arembepe-com-exames-de-ultrassonografia\/"},"wordCount":437,"commentCount":0,"publisher":{"@id":"https:\/\/compartilhabahia.com.br\/#organization"},"articleSection":["Cama\u00e7ari"],"inLanguage":"pt-BR","potentialAction":[{"@type":"CommentAction","name":"Comment","target":["https:\/\/compartilhabahia.com.br\/index.php\/2025\/07\/13\/acao-de-saude-beneficia-comunidade-de-arembepe-com-exames-de-ultrassonografia\/#respond"]}]},{"@type":"WebPage","@id":"https:\/\/compartilhabahia.com.br\/index.php\/2025\/07\/13\/acao-de-saude-beneficia-comunidade-de-arembepe-com-exames-de-ultrassonografia\/","url":"https:\/\/compartilhabahia.com.br\/index.php\/2025\/07\/13\/acao-de-saude-beneficia-comunidade-de-arembepe-com-exames-de-ultrassonografia\/","name":"A\u00e7\u00e3o de sa\u00fade beneficia comunidade de Arembepe com exames de ultrassonografia - Compartilha Bahia","isPartOf":{"@id":"https:\/\/compartilhabahia.com.br\/#website"},"datePublished":"2025-07-13T03:10:31+00:00","dateModified":"2025-07-13T03:10:36+00:00","breadcrumb":{"@id":"https:\/\/compartilhabahia.com.br\/index.php\/2025\/07\/13\/acao-de-saude-beneficia-comunidade-de-arembepe-com-exames-de-ultrassonografia\/#breadcrumb"},"inLanguage":"pt-BR","potentialAction":[{"@type":"ReadAction","target":["https:\/\/compartilhabahia.com.br\/index.php\/2025\/07\/13\/acao-de-saude-beneficia-comunidade-de-arembepe-com-exames-de-ultrassonografia\/"]}]},{"@type":"BreadcrumbList","@id":"https:\/\/compartilhabahia.com.br\/index.php\/2025\/07\/13\/acao-de-saude-beneficia-comunidade-de-arembepe-com-exames-de-ultrassonografia\/#breadcrumb","itemListElement":[{"@type":"ListItem","position":1,"name":"In\u00edcio","item":"https:\/\/compartilhabahia.com.br\/"},{"@type":"ListItem","position":2,"name":"A\u00e7\u00e3o de sa\u00fade beneficia comunidade de Arembepe com exames de ultrassonografia"}]},{"@type":"WebSite","@id":"https:\/\/compartilhabahia.com.br\/#website","url":"https:\/\/compartilhabahia.com.br\/","name":"Compartilha Bahia","description":"","publisher":{"@id":"https:\/\/compartilhabahia.com.br\/#organization"},"potentialAction":[{"@type":"SearchAction","target":{"@type":"EntryPoint","urlTemplate":"https:\/\/compartilhabahia.com.br\/?s={search_term_string}"},"query-input":"required name=search_term_string"}],"inLanguage":"pt-BR"},{"@type":"Organization","@id":"https:\/\/compartilhabahia.com.br\/#organization","name":"Compartilha Bahia","url":"https:\/\/compartilhabahia.com.br\/","logo":{"@type":"ImageObject","inLanguage":"pt-BR","@id":"https:\/\/compartilhabahia.com.br\/#\/schema\/logo\/image\/","url":"https:\/\/compartilhabahia.com.br\/wp-content\/uploads\/2023\/12\/cropped-logo.png","contentUrl":"https:\/\/compartilhabahia.com.br\/wp-content\/uploads\/2023\/12\/cropped-logo.png","width":300,"height":106,"caption":"Compartilha Bahia"},"image":{"@id":"https:\/\/compartilhabahia.com.br\/#\/schema\/logo\/image\/"},"sameAs":["https:\/\/web.facebook.com\/compartilhabahia","https:\/\/www.instagram.com\/compartilhabahia\/"]},{"@type":"Person","@id":"https:\/\/compartilhabahia.com.br\/#\/schema\/person\/9b4f0c3178793b8248d6686732521c04","name":"admin","image":{"@type":"ImageObject","inLanguage":"pt-BR","@id":"https:\/\/compartilhabahia.com.br\/#\/schema\/person\/image\/","url":"https:\/\/secure.gravatar.com\/avatar\/9600df58751c5acbe914c538c03390ef649ea088cb65f84ba09c7ce66988eed6?s=96&d=mm&r=g","contentUrl":"https:\/\/secure.gravatar.com\/avatar\/9600df58751c5acbe914c538c03390ef649ea088cb65f84ba09c7ce66988eed6?s=96&d=mm&r=g","caption":"admin"},"sameAs":["https:\/\/compartilhabahia.com.br"],"url":"https:\/\/compartilhabahia.com.br\/index.php\/author\/compartilhabahia\/"}]}},"_links":{"self":[{"href":"https:\/\/compartilhabahia.com.br\/index.php\/wp-json\/wp\/v2\/posts\/7214","targetHints":{"allow":["GET"]}}],"collection":[{"href":"https:\/\/compartilhabahia.com.br\/index.php\/wp-json\/wp\/v2\/posts"}],"about":[{"href":"https:\/\/compartilhabahia.com.br\/index.php\/wp-json\/wp\/v2\/types\/post"}],"author":[{"embeddable":true,"href":"https:\/\/compartilhabahia.com.br\/index.php\/wp-json\/wp\/v2\/users\/1"}],"replies":[{"embeddable":true,"href":"https:\/\/compartilhabahia.com.br\/index.php\/wp-json\/wp\/v2\/comments?post=7214"}],"version-history":[{"count":1,"href":"https:\/\/compartilhabahia.com.br\/index.php\/wp-json\/wp\/v2\/posts\/7214\/revisions"}],"predecessor-version":[{"id":7216,"href":"https:\/\/compartilhabahia.com.br\/index.php\/wp-json\/wp\/v2\/posts\/7214\/revisions\/7216"}],"wp:featuredmedia":[{"embeddable":true,"href":"https:\/\/compartilhabahia.com.br\/index.php\/wp-json\/wp\/v2\/media\/7215"}],"wp:attachment":[{"href":"https:\/\/compartilhabahia.com.br\/index.php\/wp-json\/wp\/v2\/media?parent=7214"}],"wp:term":[{"taxonomy":"category","embeddable":true,"href":"https:\/\/compartilhabahia.com.br\/index.php\/wp-json\/wp\/v2\/categories?post=7214"},{"taxonomy":"post_tag","embeddable":true,"href":"https:\/\/compartilhabahia.com.br\/index.php\/wp-json\/wp\/v2\/tags?post=7214"}],"curies":[{"name":"wp","href":"https:\/\/api.w.org\/{rel}","templated":true}]}}