{"id":7211,"date":"2025-07-12T23:57:47","date_gmt":"2025-07-13T02:57:47","guid":{"rendered":"https:\/\/compartilhabahia.com.br\/?p=7211"},"modified":"2025-07-12T23:57:50","modified_gmt":"2025-07-13T02:57:50","slug":"conselheiro-nelson-pellegrino-foi-eleito-vice-presidente-do-tribunal-de-contas-dos-municipios-da-bahia","status":"publish","type":"post","link":"https:\/\/compartilhabahia.com.br\/index.php\/2025\/07\/12\/conselheiro-nelson-pellegrino-foi-eleito-vice-presidente-do-tribunal-de-contas-dos-municipios-da-bahia\/","title":{"rendered":"Conselheiro Nelson Pellegrino foi eleito vice-presidente do Tribunal de Contas dos Munic\u00edpios da Bahia"},"content":{"rendered":"\n<p>O conselheiro Nelson Pellegrino foi eleito vice-presidente do Tribunal de Contas dos Munic\u00edpios da Bahia em substitui\u00e7\u00e3o ao conselheiro M\u00e1rio Negromonte, que deixou o tribunal no \u00faltimo dia 6 de julho em raz\u00e3o da aposentadoria compuls\u00f3ria imposta a todos os servidores p\u00fablicos aos 75 anos de idade. O conselheiro Pellegrino foi eleito por unanimidade na sess\u00e3o plen\u00e1ria desta quinta-feira (10\/07) e concluir\u00e1 o mandato que se encerra em mar\u00e7o de 2027.<\/p>\n\n\n\n<p>Ao agradecer o apoio de todos os conselheiros, Pellegrino renovou seu compromisso de trabalhar pelo fortalecimento da Corte de Contas e de torn\u00e1-la ainda mais relevante para a sociedade, no cumprimento de suas responsabilidades constitucionais. Citou os desafios e a necessidade de persistir num cont\u00ednuo processo de qualifica\u00e7\u00e3o e moderniza\u00e7\u00e3o do \u00f3rg\u00e3o para contribuir com o avan\u00e7o da administra\u00e7\u00e3o p\u00fablica, que busca atender as demandas crescentes da sociedade.<\/p>\n\n\n\n<p>Ap\u00f3s a elei\u00e7\u00e3o de Nelson Pellegrino para a vice-presid\u00eancia, os conselheiros decidiram que a dire\u00e7\u00e3o da Escola de Contas do TCM \u2013 que era por ele comandada \u2013 fosse acumulada pelo presidente da Corte, conselheiro Francisco de Souza Andrade Netto at\u00e9 a nomea\u00e7\u00e3o pelo governador Jer\u00f4nimo Rodrigues, do novo membro da Corte, em substitui\u00e7\u00e3o a M\u00e1rio Negromonte \u2013 que ser\u00e1 escolhido entre os integrantes do Minist\u00e9rio P\u00fablico de Contas. O presidente aceitou a miss\u00e3o e sugeriu que todos os conselheiros compartilhem a dire\u00e7\u00e3o da Escola de Contas, destacando a import\u00e2ncia que ela adquiriu nos \u00faltimos anos.<\/p>\n\n\n\n<p>A partir de agora, a Mesa Diretora do TCM passa a ter a seguinte composi\u00e7\u00e3o: Presidente, conselheiro Francisco de Souza Andrade Netto; Vice-presidente, conselheiro Nelson Pellegrino; e Corregedor-geral, conselheiro Pl\u00ednio Carneiro Filho.<\/p>\n\n\n\n<p>O conselheiro Paulo Rangel preside a 1\u00aa C\u00e2mara; o conselheiro Ronaldo Sant\u2019Anna a 2\u00aa C\u00e2mara; e a conselheira Aline Peixoto a Ouvidoria.<\/p>\n","protected":false},"excerpt":{"rendered":"<p>O conselheiro Nelson Pellegrino foi eleito vice-presidente do Tribunal de Contas dos Munic\u00edpios da Bahia em substitui\u00e7\u00e3o ao conselheiro M\u00e1rio Negromonte, que deixou o tribunal no \u00faltimo dia 6 de julho em raz\u00e3o da aposentadoria compuls\u00f3ria imposta a todos os servidores p\u00fablicos aos 75 anos de idade. O conselheiro Pellegrino foi eleito por unanimidade na [&hellip;]<\/p>\n","protected":false},"author":1,"featured_media":7212,"comment_status":"open","ping_status":"open","sticky":false,"template":"","format":"standard","meta":{"footnotes":""},"categories":[10],"tags":[],"class_list":["post-7211","post","type-post","status-publish","format-standard","has-post-thumbnail","hentry","category-bahia"],"yoast_head":"<!-- This site is optimized with the Yoast SEO plugin v21.7 - https:\/\/yoast.com\/wordpress\/plugins\/seo\/ -->\n<title>Conselheiro Nelson Pellegrino foi eleito vice-presidente do Tribunal de Contas dos Munic\u00edpios da Bahia - Compartilha Bahia<\/title>\n<meta name=\"robots\" content=\"index, follow, max-snippet:-1, max-image-preview:large, max-video-preview:-1\" \/>\n<link rel=\"canonical\" href=\"https:\/\/compartilhabahia.com.br\/index.php\/2025\/07\/12\/conselheiro-nelson-pellegrino-foi-eleito-vice-presidente-do-tribunal-de-contas-dos-municipios-da-bahia\/\" \/>\n<meta property=\"og:locale\" content=\"pt_BR\" \/>\n<meta property=\"og:type\" content=\"article\" \/>\n<meta property=\"og:title\" content=\"Conselheiro Nelson Pellegrino foi eleito vice-presidente do Tribunal de Contas dos Munic\u00edpios da Bahia - Compartilha Bahia\" \/>\n<meta property=\"og:description\" content=\"O conselheiro Nelson Pellegrino foi eleito vice-presidente do Tribunal de Contas dos Munic\u00edpios da Bahia em substitui\u00e7\u00e3o ao conselheiro M\u00e1rio Negromonte, que deixou o tribunal no \u00faltimo dia 6 de julho em raz\u00e3o da aposentadoria compuls\u00f3ria imposta a todos os servidores p\u00fablicos aos 75 anos de idade. O conselheiro Pellegrino foi eleito por unanimidade na [&hellip;]\" \/>\n<meta property=\"og:url\" content=\"https:\/\/compartilhabahia.com.br\/index.php\/2025\/07\/12\/conselheiro-nelson-pellegrino-foi-eleito-vice-presidente-do-tribunal-de-contas-dos-municipios-da-bahia\/\" \/>\n<meta property=\"og:site_name\" content=\"Compartilha Bahia\" \/>\n<meta property=\"article:publisher\" content=\"https:\/\/web.facebook.com\/compartilhabahia\" \/>\n<meta property=\"article:published_time\" content=\"2025-07-13T02:57:47+00:00\" \/>\n<meta property=\"article:modified_time\" content=\"2025-07-13T02:57:50+00:00\" \/>\n<meta property=\"og:image\" content=\"https:\/\/compartilhabahia.com.br\/wp-content\/uploads\/2025\/07\/mesadiretora2025.jpg\" \/>\n\t<meta property=\"og:image:width\" content=\"1192\" \/>\n\t<meta property=\"og:image:height\" content=\"902\" \/>\n\t<meta property=\"og:image:type\" content=\"image\/jpeg\" \/>\n<meta name=\"author\" content=\"admin\" \/>\n<meta name=\"twitter:card\" content=\"summary_large_image\" \/>\n<meta name=\"twitter:label1\" content=\"Escrito por\" \/>\n\t<meta name=\"twitter:data1\" content=\"admin\" \/>\n\t<meta name=\"twitter:label2\" content=\"Est. tempo de leitura\" \/>\n\t<meta name=\"twitter:data2\" content=\"2 minutos\" \/>\n<script type=\"application\/ld+json\" class=\"yoast-schema-graph\">{\"@context\":\"https:\/\/schema.org\",\"@graph\":[{\"@type\":\"Article\",\"@id\":\"https:\/\/compartilhabahia.com.br\/index.php\/2025\/07\/12\/conselheiro-nelson-pellegrino-foi-eleito-vice-presidente-do-tribunal-de-contas-dos-municipios-da-bahia\/#article\",\"isPartOf\":{\"@id\":\"https:\/\/compartilhabahia.com.br\/index.php\/2025\/07\/12\/conselheiro-nelson-pellegrino-foi-eleito-vice-presidente-do-tribunal-de-contas-dos-municipios-da-bahia\/\"},\"author\":{\"name\":\"admin\",\"@id\":\"https:\/\/compartilhabahia.com.br\/#\/schema\/person\/9b4f0c3178793b8248d6686732521c04\"},\"headline\":\"Conselheiro Nelson Pellegrino foi eleito vice-presidente do Tribunal de Contas dos Munic\u00edpios da Bahia\",\"datePublished\":\"2025-07-13T02:57:47+00:00\",\"dateModified\":\"2025-07-13T02:57:50+00:00\",\"mainEntityOfPage\":{\"@id\":\"https:\/\/compartilhabahia.com.br\/index.php\/2025\/07\/12\/conselheiro-nelson-pellegrino-foi-eleito-vice-presidente-do-tribunal-de-contas-dos-municipios-da-bahia\/\"},\"wordCount\":330,\"commentCount\":1,\"publisher\":{\"@id\":\"https:\/\/compartilhabahia.com.br\/#organization\"},\"articleSection\":[\"Bahia\"],\"inLanguage\":\"pt-BR\",\"potentialAction\":[{\"@type\":\"CommentAction\",\"name\":\"Comment\",\"target\":[\"https:\/\/compartilhabahia.com.br\/index.php\/2025\/07\/12\/conselheiro-nelson-pellegrino-foi-eleito-vice-presidente-do-tribunal-de-contas-dos-municipios-da-bahia\/#respond\"]}]},{\"@type\":\"WebPage\",\"@id\":\"https:\/\/compartilhabahia.com.br\/index.php\/2025\/07\/12\/conselheiro-nelson-pellegrino-foi-eleito-vice-presidente-do-tribunal-de-contas-dos-municipios-da-bahia\/\",\"url\":\"https:\/\/compartilhabahia.com.br\/index.php\/2025\/07\/12\/conselheiro-nelson-pellegrino-foi-eleito-vice-presidente-do-tribunal-de-contas-dos-municipios-da-bahia\/\",\"name\":\"Conselheiro Nelson Pellegrino foi eleito vice-presidente do Tribunal de Contas dos Munic\u00edpios da Bahia - Compartilha Bahia\",\"isPartOf\":{\"@id\":\"https:\/\/compartilhabahia.com.br\/#website\"},\"datePublished\":\"2025-07-13T02:57:47+00:00\",\"dateModified\":\"2025-07-13T02:57:50+00:00\",\"breadcrumb\":{\"@id\":\"https:\/\/compartilhabahia.com.br\/index.php\/2025\/07\/12\/conselheiro-nelson-pellegrino-foi-eleito-vice-presidente-do-tribunal-de-contas-dos-municipios-da-bahia\/#breadcrumb\"},\"inLanguage\":\"pt-BR\",\"potentialAction\":[{\"@type\":\"ReadAction\",\"target\":[\"https:\/\/compartilhabahia.com.br\/index.php\/2025\/07\/12\/conselheiro-nelson-pellegrino-foi-eleito-vice-presidente-do-tribunal-de-contas-dos-municipios-da-bahia\/\"]}]},{\"@type\":\"BreadcrumbList\",\"@id\":\"https:\/\/compartilhabahia.com.br\/index.php\/2025\/07\/12\/conselheiro-nelson-pellegrino-foi-eleito-vice-presidente-do-tribunal-de-contas-dos-municipios-da-bahia\/#breadcrumb\",\"itemListElement\":[{\"@type\":\"ListItem\",\"position\":1,\"name\":\"In\u00edcio\",\"item\":\"https:\/\/compartilhabahia.com.br\/\"},{\"@type\":\"ListItem\",\"position\":2,\"name\":\"Conselheiro Nelson Pellegrino foi eleito vice-presidente do Tribunal de Contas dos Munic\u00edpios da Bahia\"}]},{\"@type\":\"WebSite\",\"@id\":\"https:\/\/compartilhabahia.com.br\/#website\",\"url\":\"https:\/\/compartilhabahia.com.br\/\",\"name\":\"Compartilha Bahia\",\"description\":\"\",\"publisher\":{\"@id\":\"https:\/\/compartilhabahia.com.br\/#organization\"},\"potentialAction\":[{\"@type\":\"SearchAction\",\"target\":{\"@type\":\"EntryPoint\",\"urlTemplate\":\"https:\/\/compartilhabahia.com.br\/?s={search_term_string}\"},\"query-input\":\"required name=search_term_string\"}],\"inLanguage\":\"pt-BR\"},{\"@type\":\"Organization\",\"@id\":\"https:\/\/compartilhabahia.com.br\/#organization\",\"name\":\"Compartilha Bahia\",\"url\":\"https:\/\/compartilhabahia.com.br\/\",\"logo\":{\"@type\":\"ImageObject\",\"inLanguage\":\"pt-BR\",\"@id\":\"https:\/\/compartilhabahia.com.br\/#\/schema\/logo\/image\/\",\"url\":\"https:\/\/compartilhabahia.com.br\/wp-content\/uploads\/2023\/12\/cropped-logo.png\",\"contentUrl\":\"https:\/\/compartilhabahia.com.br\/wp-content\/uploads\/2023\/12\/cropped-logo.png\",\"width\":300,\"height\":106,\"caption\":\"Compartilha Bahia\"},\"image\":{\"@id\":\"https:\/\/compartilhabahia.com.br\/#\/schema\/logo\/image\/\"},\"sameAs\":[\"https:\/\/web.facebook.com\/compartilhabahia\",\"https:\/\/www.instagram.com\/compartilhabahia\/\"]},{\"@type\":\"Person\",\"@id\":\"https:\/\/compartilhabahia.com.br\/#\/schema\/person\/9b4f0c3178793b8248d6686732521c04\",\"name\":\"admin\",\"image\":{\"@type\":\"ImageObject\",\"inLanguage\":\"pt-BR\",\"@id\":\"https:\/\/compartilhabahia.com.br\/#\/schema\/person\/image\/\",\"url\":\"https:\/\/secure.gravatar.com\/avatar\/9600df58751c5acbe914c538c03390ef649ea088cb65f84ba09c7ce66988eed6?s=96&d=mm&r=g\",\"contentUrl\":\"https:\/\/secure.gravatar.com\/avatar\/9600df58751c5acbe914c538c03390ef649ea088cb65f84ba09c7ce66988eed6?s=96&d=mm&r=g\",\"caption\":\"admin\"},\"sameAs\":[\"https:\/\/compartilhabahia.com.br\"],\"url\":\"https:\/\/compartilhabahia.com.br\/index.php\/author\/compartilhabahia\/\"}]}<\/script>\n<!-- \/ Yoast SEO plugin. -->","yoast_head_json":{"title":"Conselheiro Nelson Pellegrino foi eleito vice-presidente do Tribunal de Contas dos Munic\u00edpios da Bahia - Compartilha Bahia","robots":{"index":"index","follow":"follow","max-snippet":"max-snippet:-1","max-image-preview":"max-image-preview:large","max-video-preview":"max-video-preview:-1"},"canonical":"https:\/\/compartilhabahia.com.br\/index.php\/2025\/07\/12\/conselheiro-nelson-pellegrino-foi-eleito-vice-presidente-do-tribunal-de-contas-dos-municipios-da-bahia\/","og_locale":"pt_BR","og_type":"article","og_title":"Conselheiro Nelson Pellegrino foi eleito vice-presidente do Tribunal de Contas dos Munic\u00edpios da Bahia - Compartilha Bahia","og_description":"O conselheiro Nelson Pellegrino foi eleito vice-presidente do Tribunal de Contas dos Munic\u00edpios da Bahia em substitui\u00e7\u00e3o ao conselheiro M\u00e1rio Negromonte, que deixou o tribunal no \u00faltimo dia 6 de julho em raz\u00e3o da aposentadoria compuls\u00f3ria imposta a todos os servidores p\u00fablicos aos 75 anos de idade. O conselheiro Pellegrino foi eleito por unanimidade na [&hellip;]","og_url":"https:\/\/compartilhabahia.com.br\/index.php\/2025\/07\/12\/conselheiro-nelson-pellegrino-foi-eleito-vice-presidente-do-tribunal-de-contas-dos-municipios-da-bahia\/","og_site_name":"Compartilha Bahia","article_publisher":"https:\/\/web.facebook.com\/compartilhabahia","article_published_time":"2025-07-13T02:57:47+00:00","article_modified_time":"2025-07-13T02:57:50+00:00","og_image":[{"width":1192,"height":902,"url":"https:\/\/compartilhabahia.com.br\/wp-content\/uploads\/2025\/07\/mesadiretora2025.jpg","type":"image\/jpeg"}],"author":"admin","twitter_card":"summary_large_image","twitter_misc":{"Escrito por":"admin","Est. tempo de leitura":"2 minutos"},"schema":{"@context":"https:\/\/schema.org","@graph":[{"@type":"Article","@id":"https:\/\/compartilhabahia.com.br\/index.php\/2025\/07\/12\/conselheiro-nelson-pellegrino-foi-eleito-vice-presidente-do-tribunal-de-contas-dos-municipios-da-bahia\/#article","isPartOf":{"@id":"https:\/\/compartilhabahia.com.br\/index.php\/2025\/07\/12\/conselheiro-nelson-pellegrino-foi-eleito-vice-presidente-do-tribunal-de-contas-dos-municipios-da-bahia\/"},"author":{"name":"admin","@id":"https:\/\/compartilhabahia.com.br\/#\/schema\/person\/9b4f0c3178793b8248d6686732521c04"},"headline":"Conselheiro Nelson Pellegrino foi eleito vice-presidente do Tribunal de Contas dos Munic\u00edpios da Bahia","datePublished":"2025-07-13T02:57:47+00:00","dateModified":"2025-07-13T02:57:50+00:00","mainEntityOfPage":{"@id":"https:\/\/compartilhabahia.com.br\/index.php\/2025\/07\/12\/conselheiro-nelson-pellegrino-foi-eleito-vice-presidente-do-tribunal-de-contas-dos-municipios-da-bahia\/"},"wordCount":330,"commentCount":1,"publisher":{"@id":"https:\/\/compartilhabahia.com.br\/#organization"},"articleSection":["Bahia"],"inLanguage":"pt-BR","potentialAction":[{"@type":"CommentAction","name":"Comment","target":["https:\/\/compartilhabahia.com.br\/index.php\/2025\/07\/12\/conselheiro-nelson-pellegrino-foi-eleito-vice-presidente-do-tribunal-de-contas-dos-municipios-da-bahia\/#respond"]}]},{"@type":"WebPage","@id":"https:\/\/compartilhabahia.com.br\/index.php\/2025\/07\/12\/conselheiro-nelson-pellegrino-foi-eleito-vice-presidente-do-tribunal-de-contas-dos-municipios-da-bahia\/","url":"https:\/\/compartilhabahia.com.br\/index.php\/2025\/07\/12\/conselheiro-nelson-pellegrino-foi-eleito-vice-presidente-do-tribunal-de-contas-dos-municipios-da-bahia\/","name":"Conselheiro Nelson Pellegrino foi eleito vice-presidente do Tribunal de Contas dos Munic\u00edpios da Bahia - Compartilha Bahia","isPartOf":{"@id":"https:\/\/compartilhabahia.com.br\/#website"},"datePublished":"2025-07-13T02:57:47+00:00","dateModified":"2025-07-13T02:57:50+00:00","breadcrumb":{"@id":"https:\/\/compartilhabahia.com.br\/index.php\/2025\/07\/12\/conselheiro-nelson-pellegrino-foi-eleito-vice-presidente-do-tribunal-de-contas-dos-municipios-da-bahia\/#breadcrumb"},"inLanguage":"pt-BR","potentialAction":[{"@type":"ReadAction","target":["https:\/\/compartilhabahia.com.br\/index.php\/2025\/07\/12\/conselheiro-nelson-pellegrino-foi-eleito-vice-presidente-do-tribunal-de-contas-dos-municipios-da-bahia\/"]}]},{"@type":"BreadcrumbList","@id":"https:\/\/compartilhabahia.com.br\/index.php\/2025\/07\/12\/conselheiro-nelson-pellegrino-foi-eleito-vice-presidente-do-tribunal-de-contas-dos-municipios-da-bahia\/#breadcrumb","itemListElement":[{"@type":"ListItem","position":1,"name":"In\u00edcio","item":"https:\/\/compartilhabahia.com.br\/"},{"@type":"ListItem","position":2,"name":"Conselheiro Nelson Pellegrino foi eleito vice-presidente do Tribunal de Contas dos Munic\u00edpios da Bahia"}]},{"@type":"WebSite","@id":"https:\/\/compartilhabahia.com.br\/#website","url":"https:\/\/compartilhabahia.com.br\/","name":"Compartilha Bahia","description":"","publisher":{"@id":"https:\/\/compartilhabahia.com.br\/#organization"},"potentialAction":[{"@type":"SearchAction","target":{"@type":"EntryPoint","urlTemplate":"https:\/\/compartilhabahia.com.br\/?s={search_term_string}"},"query-input":"required name=search_term_string"}],"inLanguage":"pt-BR"},{"@type":"Organization","@id":"https:\/\/compartilhabahia.com.br\/#organization","name":"Compartilha Bahia","url":"https:\/\/compartilhabahia.com.br\/","logo":{"@type":"ImageObject","inLanguage":"pt-BR","@id":"https:\/\/compartilhabahia.com.br\/#\/schema\/logo\/image\/","url":"https:\/\/compartilhabahia.com.br\/wp-content\/uploads\/2023\/12\/cropped-logo.png","contentUrl":"https:\/\/compartilhabahia.com.br\/wp-content\/uploads\/2023\/12\/cropped-logo.png","width":300,"height":106,"caption":"Compartilha Bahia"},"image":{"@id":"https:\/\/compartilhabahia.com.br\/#\/schema\/logo\/image\/"},"sameAs":["https:\/\/web.facebook.com\/compartilhabahia","https:\/\/www.instagram.com\/compartilhabahia\/"]},{"@type":"Person","@id":"https:\/\/compartilhabahia.com.br\/#\/schema\/person\/9b4f0c3178793b8248d6686732521c04","name":"admin","image":{"@type":"ImageObject","inLanguage":"pt-BR","@id":"https:\/\/compartilhabahia.com.br\/#\/schema\/person\/image\/","url":"https:\/\/secure.gravatar.com\/avatar\/9600df58751c5acbe914c538c03390ef649ea088cb65f84ba09c7ce66988eed6?s=96&d=mm&r=g","contentUrl":"https:\/\/secure.gravatar.com\/avatar\/9600df58751c5acbe914c538c03390ef649ea088cb65f84ba09c7ce66988eed6?s=96&d=mm&r=g","caption":"admin"},"sameAs":["https:\/\/compartilhabahia.com.br"],"url":"https:\/\/compartilhabahia.com.br\/index.php\/author\/compartilhabahia\/"}]}},"_links":{"self":[{"href":"https:\/\/compartilhabahia.com.br\/index.php\/wp-json\/wp\/v2\/posts\/7211","targetHints":{"allow":["GET"]}}],"collection":[{"href":"https:\/\/compartilhabahia.com.br\/index.php\/wp-json\/wp\/v2\/posts"}],"about":[{"href":"https:\/\/compartilhabahia.com.br\/index.php\/wp-json\/wp\/v2\/types\/post"}],"author":[{"embeddable":true,"href":"https:\/\/compartilhabahia.com.br\/index.php\/wp-json\/wp\/v2\/users\/1"}],"replies":[{"embeddable":true,"href":"https:\/\/compartilhabahia.com.br\/index.php\/wp-json\/wp\/v2\/comments?post=7211"}],"version-history":[{"count":1,"href":"https:\/\/compartilhabahia.com.br\/index.php\/wp-json\/wp\/v2\/posts\/7211\/revisions"}],"predecessor-version":[{"id":7213,"href":"https:\/\/compartilhabahia.com.br\/index.php\/wp-json\/wp\/v2\/posts\/7211\/revisions\/7213"}],"wp:featuredmedia":[{"embeddable":true,"href":"https:\/\/compartilhabahia.com.br\/index.php\/wp-json\/wp\/v2\/media\/7212"}],"wp:attachment":[{"href":"https:\/\/compartilhabahia.com.br\/index.php\/wp-json\/wp\/v2\/media?parent=7211"}],"wp:term":[{"taxonomy":"category","embeddable":true,"href":"https:\/\/compartilhabahia.com.br\/index.php\/wp-json\/wp\/v2\/categories?post=7211"},{"taxonomy":"post_tag","embeddable":true,"href":"https:\/\/compartilhabahia.com.br\/index.php\/wp-json\/wp\/v2\/tags?post=7211"}],"curies":[{"name":"wp","href":"https:\/\/api.w.org\/{rel}","templated":true}]}}