{"id":7204,"date":"2025-07-11T15:21:18","date_gmt":"2025-07-11T18:21:18","guid":{"rendered":"https:\/\/compartilhabahia.com.br\/?p=7204"},"modified":"2025-07-11T15:21:20","modified_gmt":"2025-07-11T18:21:20","slug":"em-ritmo-avancado-obras-da-policlinica-regional-de-camacari-passam-por-vistoria","status":"publish","type":"post","link":"https:\/\/compartilhabahia.com.br\/index.php\/2025\/07\/11\/em-ritmo-avancado-obras-da-policlinica-regional-de-camacari-passam-por-vistoria\/","title":{"rendered":"Em ritmo avan\u00e7ado, obras da Policl\u00ednica Regional de Cama\u00e7ari passam por vistoria"},"content":{"rendered":"\n<p>Em fase avan\u00e7ada de constru\u00e7\u00e3o, as obras da nova Policl\u00ednica Regional de Sa\u00fade receberam visita t\u00e9cnica nesta sexta-feira (11), importante passo para a consolida\u00e7\u00e3o de um grande investimento em sa\u00fade p\u00fablica na regi\u00e3o metropolitana. O equipamento est\u00e1 sendo erguido na Avenida Conc\u00eantrica, no bairro Cama\u00e7ari de Dentro.<\/p>\n\n\n\n<p>A unidade \u00e9 a primeira do Brasil a ser constru\u00edda dentro do Novo Programa de Acelera\u00e7\u00e3o do Crescimento (PAC), destacando Cama\u00e7ari como refer\u00eancia nacional em infraestrutura de sa\u00fade. Com mais de R$ 24,4 milh\u00f5es investidos, a nova Policl\u00ednica representa um salto significativo na amplia\u00e7\u00e3o e qualifica\u00e7\u00e3o da rede de aten\u00e7\u00e3o especializada na cidade.<\/p>\n\n\n\n<p>A nova unidade de sa\u00fade deve ser entregue at\u00e9 dezembro. Foi o que destacou o prefeito Luiz Caetano, ao refor\u00e7ar a import\u00e2ncia da uni\u00e3o entre as esferas federal, estadual e municipal para promover melhorias concretas na vida da popula\u00e7\u00e3o. \u201cEstou muito emocionado e feliz. Agrade\u00e7o ao governador Jer\u00f4nimo Rodrigues e ao presidente Lula por essa parceria que est\u00e1 tornando poss\u00edvel a constru\u00e7\u00e3o de um equipamento t\u00e3o importante para o nosso povo\u201d, declarou.<\/p>\n\n\n\n<p>A estrutura vai contar com 25 consult\u00f3rios para atendimentos em especialidades, como otorrinolaringologia e oftalmologia, al\u00e9m de quatro salas de ultrassonografia. A unidade incluir\u00e1 \u00e1reas para exames oftalmol\u00f3gicos e servi\u00e7os ortop\u00e9dicos, um ambulat\u00f3rio de estomias, uma sala para tratamento de feridas complexas, um n\u00facleo de atendimento a v\u00edtimas de viol\u00eancia contra a mulher, \u00e1rea de fisioterapia e dois consult\u00f3rios dedicados \u00e0 sa\u00fade infantil, com uma sala de estimula\u00e7\u00e3o precoce.<\/p>\n\n\n\n<p>A secret\u00e1ria de Sa\u00fade de Cama\u00e7ari, Ros\u00e2ngela Almeida, ressaltou o compromisso da nova unidade com um atendimento de excel\u00eancia. \u201cTeremos diversas especialidades m\u00e9dicas, exames de imagem, resson\u00e2ncia magn\u00e9tica, ecocardiograma, dentre outros. Tamb\u00e9m teremos uma Sala Lil\u00e1s para acolhimento de mulheres v\u00edtimas de viol\u00eancia e um n\u00facleo especializado para o atendimento de pessoas neurot\u00edpicas, garantindo inclus\u00e3o e cuidado integral\u201d, pontuou.<\/p>\n\n\n\n<p>A unidade tamb\u00e9m contar\u00e1 com um centro de cirurgia ambulatorial, com salas para pequenas cirurgias, al\u00e9m de um servi\u00e7o de endoscopia com \u00e1rea de recupera\u00e7\u00e3o exclusiva. Os servi\u00e7os de imagem, como raio-x, resson\u00e2ncia magn\u00e9tica e tomografia, ter\u00e3o \u00e1reas de preparo e recupera\u00e7\u00e3o, garantindo maior seguran\u00e7a e efici\u00eancia nos exames.<\/p>\n\n\n\n<p>Tamb\u00e9m participaram da visita o secret\u00e1rio de Infraestrutura, Jos\u00e9 M\u00e1rio Lima, e a equipe t\u00e9cnica da Secretaria da Sa\u00fade do Estado da Bahia (Sesab).<\/p>\n","protected":false},"excerpt":{"rendered":"<p>Em fase avan\u00e7ada de constru\u00e7\u00e3o, as obras da nova Policl\u00ednica Regional de Sa\u00fade receberam visita t\u00e9cnica nesta sexta-feira (11), importante passo para a consolida\u00e7\u00e3o de um grande investimento em sa\u00fade p\u00fablica na regi\u00e3o metropolitana. O equipamento est\u00e1 sendo erguido na Avenida Conc\u00eantrica, no bairro Cama\u00e7ari de Dentro. A unidade \u00e9 a primeira do Brasil a [&hellip;]<\/p>\n","protected":false},"author":1,"featured_media":7205,"comment_status":"open","ping_status":"open","sticky":false,"template":"","format":"standard","meta":{"footnotes":""},"categories":[8],"tags":[],"class_list":["post-7204","post","type-post","status-publish","format-standard","has-post-thumbnail","hentry","category-camacari"],"yoast_head":"<!-- This site is optimized with the Yoast SEO plugin v21.7 - https:\/\/yoast.com\/wordpress\/plugins\/seo\/ -->\n<title>Em ritmo avan\u00e7ado, obras da Policl\u00ednica Regional de Cama\u00e7ari passam por vistoria - Compartilha Bahia<\/title>\n<meta name=\"robots\" content=\"index, follow, max-snippet:-1, max-image-preview:large, max-video-preview:-1\" \/>\n<link rel=\"canonical\" href=\"https:\/\/compartilhabahia.com.br\/index.php\/2025\/07\/11\/em-ritmo-avancado-obras-da-policlinica-regional-de-camacari-passam-por-vistoria\/\" \/>\n<meta property=\"og:locale\" content=\"pt_BR\" \/>\n<meta property=\"og:type\" content=\"article\" \/>\n<meta property=\"og:title\" content=\"Em ritmo avan\u00e7ado, obras da Policl\u00ednica Regional de Cama\u00e7ari passam por vistoria - Compartilha Bahia\" \/>\n<meta property=\"og:description\" content=\"Em fase avan\u00e7ada de constru\u00e7\u00e3o, as obras da nova Policl\u00ednica Regional de Sa\u00fade receberam visita t\u00e9cnica nesta sexta-feira (11), importante passo para a consolida\u00e7\u00e3o de um grande investimento em sa\u00fade p\u00fablica na regi\u00e3o metropolitana. O equipamento est\u00e1 sendo erguido na Avenida Conc\u00eantrica, no bairro Cama\u00e7ari de Dentro. A unidade \u00e9 a primeira do Brasil a [&hellip;]\" \/>\n<meta property=\"og:url\" content=\"https:\/\/compartilhabahia.com.br\/index.php\/2025\/07\/11\/em-ritmo-avancado-obras-da-policlinica-regional-de-camacari-passam-por-vistoria\/\" \/>\n<meta property=\"og:site_name\" content=\"Compartilha Bahia\" \/>\n<meta property=\"article:publisher\" content=\"https:\/\/web.facebook.com\/compartilhabahia\" \/>\n<meta property=\"article:published_time\" content=\"2025-07-11T18:21:18+00:00\" \/>\n<meta property=\"article:modified_time\" content=\"2025-07-11T18:21:20+00:00\" \/>\n<meta property=\"og:image\" content=\"https:\/\/compartilhabahia.com.br\/wp-content\/uploads\/2025\/07\/visitaobraspoliclinica.jpg\" \/>\n\t<meta property=\"og:image:width\" content=\"768\" \/>\n\t<meta property=\"og:image:height\" content=\"512\" \/>\n\t<meta property=\"og:image:type\" content=\"image\/jpeg\" \/>\n<meta name=\"author\" content=\"admin\" \/>\n<meta name=\"twitter:card\" content=\"summary_large_image\" \/>\n<meta name=\"twitter:label1\" content=\"Escrito por\" \/>\n\t<meta name=\"twitter:data1\" content=\"admin\" \/>\n\t<meta name=\"twitter:label2\" content=\"Est. tempo de leitura\" \/>\n\t<meta name=\"twitter:data2\" content=\"3 minutos\" \/>\n<script type=\"application\/ld+json\" class=\"yoast-schema-graph\">{\"@context\":\"https:\/\/schema.org\",\"@graph\":[{\"@type\":\"Article\",\"@id\":\"https:\/\/compartilhabahia.com.br\/index.php\/2025\/07\/11\/em-ritmo-avancado-obras-da-policlinica-regional-de-camacari-passam-por-vistoria\/#article\",\"isPartOf\":{\"@id\":\"https:\/\/compartilhabahia.com.br\/index.php\/2025\/07\/11\/em-ritmo-avancado-obras-da-policlinica-regional-de-camacari-passam-por-vistoria\/\"},\"author\":{\"name\":\"admin\",\"@id\":\"https:\/\/compartilhabahia.com.br\/#\/schema\/person\/9b4f0c3178793b8248d6686732521c04\"},\"headline\":\"Em ritmo avan\u00e7ado, obras da Policl\u00ednica Regional de Cama\u00e7ari passam por vistoria\",\"datePublished\":\"2025-07-11T18:21:18+00:00\",\"dateModified\":\"2025-07-11T18:21:20+00:00\",\"mainEntityOfPage\":{\"@id\":\"https:\/\/compartilhabahia.com.br\/index.php\/2025\/07\/11\/em-ritmo-avancado-obras-da-policlinica-regional-de-camacari-passam-por-vistoria\/\"},\"wordCount\":457,\"commentCount\":0,\"publisher\":{\"@id\":\"https:\/\/compartilhabahia.com.br\/#organization\"},\"articleSection\":[\"Cama\u00e7ari\"],\"inLanguage\":\"pt-BR\",\"potentialAction\":[{\"@type\":\"CommentAction\",\"name\":\"Comment\",\"target\":[\"https:\/\/compartilhabahia.com.br\/index.php\/2025\/07\/11\/em-ritmo-avancado-obras-da-policlinica-regional-de-camacari-passam-por-vistoria\/#respond\"]}]},{\"@type\":\"WebPage\",\"@id\":\"https:\/\/compartilhabahia.com.br\/index.php\/2025\/07\/11\/em-ritmo-avancado-obras-da-policlinica-regional-de-camacari-passam-por-vistoria\/\",\"url\":\"https:\/\/compartilhabahia.com.br\/index.php\/2025\/07\/11\/em-ritmo-avancado-obras-da-policlinica-regional-de-camacari-passam-por-vistoria\/\",\"name\":\"Em ritmo avan\u00e7ado, obras da Policl\u00ednica Regional de Cama\u00e7ari passam por vistoria - Compartilha Bahia\",\"isPartOf\":{\"@id\":\"https:\/\/compartilhabahia.com.br\/#website\"},\"datePublished\":\"2025-07-11T18:21:18+00:00\",\"dateModified\":\"2025-07-11T18:21:20+00:00\",\"breadcrumb\":{\"@id\":\"https:\/\/compartilhabahia.com.br\/index.php\/2025\/07\/11\/em-ritmo-avancado-obras-da-policlinica-regional-de-camacari-passam-por-vistoria\/#breadcrumb\"},\"inLanguage\":\"pt-BR\",\"potentialAction\":[{\"@type\":\"ReadAction\",\"target\":[\"https:\/\/compartilhabahia.com.br\/index.php\/2025\/07\/11\/em-ritmo-avancado-obras-da-policlinica-regional-de-camacari-passam-por-vistoria\/\"]}]},{\"@type\":\"BreadcrumbList\",\"@id\":\"https:\/\/compartilhabahia.com.br\/index.php\/2025\/07\/11\/em-ritmo-avancado-obras-da-policlinica-regional-de-camacari-passam-por-vistoria\/#breadcrumb\",\"itemListElement\":[{\"@type\":\"ListItem\",\"position\":1,\"name\":\"In\u00edcio\",\"item\":\"https:\/\/compartilhabahia.com.br\/\"},{\"@type\":\"ListItem\",\"position\":2,\"name\":\"Em ritmo avan\u00e7ado, obras da Policl\u00ednica Regional de Cama\u00e7ari passam por vistoria\"}]},{\"@type\":\"WebSite\",\"@id\":\"https:\/\/compartilhabahia.com.br\/#website\",\"url\":\"https:\/\/compartilhabahia.com.br\/\",\"name\":\"Compartilha Bahia\",\"description\":\"\",\"publisher\":{\"@id\":\"https:\/\/compartilhabahia.com.br\/#organization\"},\"potentialAction\":[{\"@type\":\"SearchAction\",\"target\":{\"@type\":\"EntryPoint\",\"urlTemplate\":\"https:\/\/compartilhabahia.com.br\/?s={search_term_string}\"},\"query-input\":\"required name=search_term_string\"}],\"inLanguage\":\"pt-BR\"},{\"@type\":\"Organization\",\"@id\":\"https:\/\/compartilhabahia.com.br\/#organization\",\"name\":\"Compartilha Bahia\",\"url\":\"https:\/\/compartilhabahia.com.br\/\",\"logo\":{\"@type\":\"ImageObject\",\"inLanguage\":\"pt-BR\",\"@id\":\"https:\/\/compartilhabahia.com.br\/#\/schema\/logo\/image\/\",\"url\":\"https:\/\/compartilhabahia.com.br\/wp-content\/uploads\/2023\/12\/cropped-logo.png\",\"contentUrl\":\"https:\/\/compartilhabahia.com.br\/wp-content\/uploads\/2023\/12\/cropped-logo.png\",\"width\":300,\"height\":106,\"caption\":\"Compartilha Bahia\"},\"image\":{\"@id\":\"https:\/\/compartilhabahia.com.br\/#\/schema\/logo\/image\/\"},\"sameAs\":[\"https:\/\/web.facebook.com\/compartilhabahia\",\"https:\/\/www.instagram.com\/compartilhabahia\/\"]},{\"@type\":\"Person\",\"@id\":\"https:\/\/compartilhabahia.com.br\/#\/schema\/person\/9b4f0c3178793b8248d6686732521c04\",\"name\":\"admin\",\"image\":{\"@type\":\"ImageObject\",\"inLanguage\":\"pt-BR\",\"@id\":\"https:\/\/compartilhabahia.com.br\/#\/schema\/person\/image\/\",\"url\":\"https:\/\/secure.gravatar.com\/avatar\/9600df58751c5acbe914c538c03390ef649ea088cb65f84ba09c7ce66988eed6?s=96&d=mm&r=g\",\"contentUrl\":\"https:\/\/secure.gravatar.com\/avatar\/9600df58751c5acbe914c538c03390ef649ea088cb65f84ba09c7ce66988eed6?s=96&d=mm&r=g\",\"caption\":\"admin\"},\"sameAs\":[\"https:\/\/compartilhabahia.com.br\"],\"url\":\"https:\/\/compartilhabahia.com.br\/index.php\/author\/compartilhabahia\/\"}]}<\/script>\n<!-- \/ Yoast SEO plugin. -->","yoast_head_json":{"title":"Em ritmo avan\u00e7ado, obras da Policl\u00ednica Regional de Cama\u00e7ari passam por vistoria - Compartilha Bahia","robots":{"index":"index","follow":"follow","max-snippet":"max-snippet:-1","max-image-preview":"max-image-preview:large","max-video-preview":"max-video-preview:-1"},"canonical":"https:\/\/compartilhabahia.com.br\/index.php\/2025\/07\/11\/em-ritmo-avancado-obras-da-policlinica-regional-de-camacari-passam-por-vistoria\/","og_locale":"pt_BR","og_type":"article","og_title":"Em ritmo avan\u00e7ado, obras da Policl\u00ednica Regional de Cama\u00e7ari passam por vistoria - Compartilha Bahia","og_description":"Em fase avan\u00e7ada de constru\u00e7\u00e3o, as obras da nova Policl\u00ednica Regional de Sa\u00fade receberam visita t\u00e9cnica nesta sexta-feira (11), importante passo para a consolida\u00e7\u00e3o de um grande investimento em sa\u00fade p\u00fablica na regi\u00e3o metropolitana. O equipamento est\u00e1 sendo erguido na Avenida Conc\u00eantrica, no bairro Cama\u00e7ari de Dentro. A unidade \u00e9 a primeira do Brasil a [&hellip;]","og_url":"https:\/\/compartilhabahia.com.br\/index.php\/2025\/07\/11\/em-ritmo-avancado-obras-da-policlinica-regional-de-camacari-passam-por-vistoria\/","og_site_name":"Compartilha Bahia","article_publisher":"https:\/\/web.facebook.com\/compartilhabahia","article_published_time":"2025-07-11T18:21:18+00:00","article_modified_time":"2025-07-11T18:21:20+00:00","og_image":[{"width":768,"height":512,"url":"https:\/\/compartilhabahia.com.br\/wp-content\/uploads\/2025\/07\/visitaobraspoliclinica.jpg","type":"image\/jpeg"}],"author":"admin","twitter_card":"summary_large_image","twitter_misc":{"Escrito por":"admin","Est. tempo de leitura":"3 minutos"},"schema":{"@context":"https:\/\/schema.org","@graph":[{"@type":"Article","@id":"https:\/\/compartilhabahia.com.br\/index.php\/2025\/07\/11\/em-ritmo-avancado-obras-da-policlinica-regional-de-camacari-passam-por-vistoria\/#article","isPartOf":{"@id":"https:\/\/compartilhabahia.com.br\/index.php\/2025\/07\/11\/em-ritmo-avancado-obras-da-policlinica-regional-de-camacari-passam-por-vistoria\/"},"author":{"name":"admin","@id":"https:\/\/compartilhabahia.com.br\/#\/schema\/person\/9b4f0c3178793b8248d6686732521c04"},"headline":"Em ritmo avan\u00e7ado, obras da Policl\u00ednica Regional de Cama\u00e7ari passam por vistoria","datePublished":"2025-07-11T18:21:18+00:00","dateModified":"2025-07-11T18:21:20+00:00","mainEntityOfPage":{"@id":"https:\/\/compartilhabahia.com.br\/index.php\/2025\/07\/11\/em-ritmo-avancado-obras-da-policlinica-regional-de-camacari-passam-por-vistoria\/"},"wordCount":457,"commentCount":0,"publisher":{"@id":"https:\/\/compartilhabahia.com.br\/#organization"},"articleSection":["Cama\u00e7ari"],"inLanguage":"pt-BR","potentialAction":[{"@type":"CommentAction","name":"Comment","target":["https:\/\/compartilhabahia.com.br\/index.php\/2025\/07\/11\/em-ritmo-avancado-obras-da-policlinica-regional-de-camacari-passam-por-vistoria\/#respond"]}]},{"@type":"WebPage","@id":"https:\/\/compartilhabahia.com.br\/index.php\/2025\/07\/11\/em-ritmo-avancado-obras-da-policlinica-regional-de-camacari-passam-por-vistoria\/","url":"https:\/\/compartilhabahia.com.br\/index.php\/2025\/07\/11\/em-ritmo-avancado-obras-da-policlinica-regional-de-camacari-passam-por-vistoria\/","name":"Em ritmo avan\u00e7ado, obras da Policl\u00ednica Regional de Cama\u00e7ari passam por vistoria - Compartilha Bahia","isPartOf":{"@id":"https:\/\/compartilhabahia.com.br\/#website"},"datePublished":"2025-07-11T18:21:18+00:00","dateModified":"2025-07-11T18:21:20+00:00","breadcrumb":{"@id":"https:\/\/compartilhabahia.com.br\/index.php\/2025\/07\/11\/em-ritmo-avancado-obras-da-policlinica-regional-de-camacari-passam-por-vistoria\/#breadcrumb"},"inLanguage":"pt-BR","potentialAction":[{"@type":"ReadAction","target":["https:\/\/compartilhabahia.com.br\/index.php\/2025\/07\/11\/em-ritmo-avancado-obras-da-policlinica-regional-de-camacari-passam-por-vistoria\/"]}]},{"@type":"BreadcrumbList","@id":"https:\/\/compartilhabahia.com.br\/index.php\/2025\/07\/11\/em-ritmo-avancado-obras-da-policlinica-regional-de-camacari-passam-por-vistoria\/#breadcrumb","itemListElement":[{"@type":"ListItem","position":1,"name":"In\u00edcio","item":"https:\/\/compartilhabahia.com.br\/"},{"@type":"ListItem","position":2,"name":"Em ritmo avan\u00e7ado, obras da Policl\u00ednica Regional de Cama\u00e7ari passam por vistoria"}]},{"@type":"WebSite","@id":"https:\/\/compartilhabahia.com.br\/#website","url":"https:\/\/compartilhabahia.com.br\/","name":"Compartilha Bahia","description":"","publisher":{"@id":"https:\/\/compartilhabahia.com.br\/#organization"},"potentialAction":[{"@type":"SearchAction","target":{"@type":"EntryPoint","urlTemplate":"https:\/\/compartilhabahia.com.br\/?s={search_term_string}"},"query-input":"required name=search_term_string"}],"inLanguage":"pt-BR"},{"@type":"Organization","@id":"https:\/\/compartilhabahia.com.br\/#organization","name":"Compartilha Bahia","url":"https:\/\/compartilhabahia.com.br\/","logo":{"@type":"ImageObject","inLanguage":"pt-BR","@id":"https:\/\/compartilhabahia.com.br\/#\/schema\/logo\/image\/","url":"https:\/\/compartilhabahia.com.br\/wp-content\/uploads\/2023\/12\/cropped-logo.png","contentUrl":"https:\/\/compartilhabahia.com.br\/wp-content\/uploads\/2023\/12\/cropped-logo.png","width":300,"height":106,"caption":"Compartilha Bahia"},"image":{"@id":"https:\/\/compartilhabahia.com.br\/#\/schema\/logo\/image\/"},"sameAs":["https:\/\/web.facebook.com\/compartilhabahia","https:\/\/www.instagram.com\/compartilhabahia\/"]},{"@type":"Person","@id":"https:\/\/compartilhabahia.com.br\/#\/schema\/person\/9b4f0c3178793b8248d6686732521c04","name":"admin","image":{"@type":"ImageObject","inLanguage":"pt-BR","@id":"https:\/\/compartilhabahia.com.br\/#\/schema\/person\/image\/","url":"https:\/\/secure.gravatar.com\/avatar\/9600df58751c5acbe914c538c03390ef649ea088cb65f84ba09c7ce66988eed6?s=96&d=mm&r=g","contentUrl":"https:\/\/secure.gravatar.com\/avatar\/9600df58751c5acbe914c538c03390ef649ea088cb65f84ba09c7ce66988eed6?s=96&d=mm&r=g","caption":"admin"},"sameAs":["https:\/\/compartilhabahia.com.br"],"url":"https:\/\/compartilhabahia.com.br\/index.php\/author\/compartilhabahia\/"}]}},"_links":{"self":[{"href":"https:\/\/compartilhabahia.com.br\/index.php\/wp-json\/wp\/v2\/posts\/7204","targetHints":{"allow":["GET"]}}],"collection":[{"href":"https:\/\/compartilhabahia.com.br\/index.php\/wp-json\/wp\/v2\/posts"}],"about":[{"href":"https:\/\/compartilhabahia.com.br\/index.php\/wp-json\/wp\/v2\/types\/post"}],"author":[{"embeddable":true,"href":"https:\/\/compartilhabahia.com.br\/index.php\/wp-json\/wp\/v2\/users\/1"}],"replies":[{"embeddable":true,"href":"https:\/\/compartilhabahia.com.br\/index.php\/wp-json\/wp\/v2\/comments?post=7204"}],"version-history":[{"count":1,"href":"https:\/\/compartilhabahia.com.br\/index.php\/wp-json\/wp\/v2\/posts\/7204\/revisions"}],"predecessor-version":[{"id":7206,"href":"https:\/\/compartilhabahia.com.br\/index.php\/wp-json\/wp\/v2\/posts\/7204\/revisions\/7206"}],"wp:featuredmedia":[{"embeddable":true,"href":"https:\/\/compartilhabahia.com.br\/index.php\/wp-json\/wp\/v2\/media\/7205"}],"wp:attachment":[{"href":"https:\/\/compartilhabahia.com.br\/index.php\/wp-json\/wp\/v2\/media?parent=7204"}],"wp:term":[{"taxonomy":"category","embeddable":true,"href":"https:\/\/compartilhabahia.com.br\/index.php\/wp-json\/wp\/v2\/categories?post=7204"},{"taxonomy":"post_tag","embeddable":true,"href":"https:\/\/compartilhabahia.com.br\/index.php\/wp-json\/wp\/v2\/tags?post=7204"}],"curies":[{"name":"wp","href":"https:\/\/api.w.org\/{rel}","templated":true}]}}