{"id":7200,"date":"2025-07-11T15:11:44","date_gmt":"2025-07-11T18:11:44","guid":{"rendered":"https:\/\/compartilhabahia.com.br\/?p=7200"},"modified":"2025-07-11T15:11:47","modified_gmt":"2025-07-11T18:11:47","slug":"prefeitura-de-camacari-vistoria-obras-do-minha-casa-minha-vida","status":"publish","type":"post","link":"https:\/\/compartilhabahia.com.br\/index.php\/2025\/07\/11\/prefeitura-de-camacari-vistoria-obras-do-minha-casa-minha-vida\/","title":{"rendered":"Prefeitura de Cama\u00e7ari vistoria obras do Minha Casa Minha Vida"},"content":{"rendered":"\n<p><strong>Governo vistoria empreendimentos do Minha Casa Minha Vida<\/strong><\/p>\n\n\n\n<p>A Secretaria de Habita\u00e7\u00e3o de Cama\u00e7ari (Sehab) deu continuidade nesta quinta-feira (10) a uma s\u00e9rie de visitas t\u00e9cnicas, em conjunto com outras secretarias, aos empreendimentos do programa federal Minha Casa Minha Vida. O objetivo das vistorias \u00e9 garantir a qualidade das resid\u00eancias para os futuros moradores contemplados.<\/p>\n\n\n\n<p>O empreendimento vistoriado hoje foi o Verdes Horizonte I e II, localizado no bairro do Ponto Certo. Por l\u00e1, ao todo, ser\u00e3o 384 unidades residenciais constru\u00eddas.<\/p>\n\n\n\n<p>De acordo com o secret\u00e1rio de Habita\u00e7\u00e3o, Luiz Roberto Sobral, o intuito \u00e9 fiscalizar com um maior lastro as unidades. \u201c\u00c9 muito importante que esse grupo tenha esse olhar, tenha essa vis\u00e3o, observe, d\u00ea sugest\u00f5es, para que o melhor poss\u00edvel seja entregue \u00e0s pessoas que v\u00e3o ser selecionadas pela Caixa Econ\u00f4mica\u201d, ressaltou.<\/p>\n\n\n\n<p>Representando a Secretaria de Desenvolvimento Urbano (Sedur), o diretor de Urbanismo, Yoshio Sakaki, falou sobre a import\u00e2ncia da presen\u00e7a da pasta na visita. \u201cA Sedur entra nessa parte dos licenciamentos ambientais e urban\u00edsticos, de todos esses par\u00e2metros que precisam ter, que todo o empreendimento precisa passar para ser aprovado. Ent\u00e3o, \u00e9 importante essa parceria entre as secretarias, para que o trabalho seja, de fato, efetivo e de qualidade\u201d, falou.<\/p>\n\n\n\n<p>A Secretaria de Sa\u00fade (Sesau) tamb\u00e9m esteve representada durante a vistoria. A assessora t\u00e9cnica, Leda Duarte, falou da primeira impress\u00e3o. \u201cA gente percebe na constru\u00e7\u00e3o um cuidado com prote\u00e7\u00e3o dos moradores. Eu acho que o respeito, o cuidado n\u00e3o \u00e9 s\u00f3 entregar o equipamento, mas entregar o equipamento de forma que j\u00e1 viabilize uma seguran\u00e7a para eles tamb\u00e9m. E a Sesau j\u00e1 est\u00e1 trabalhando na sa\u00fade com os equipamentos para essa regi\u00e3o\u201d, disse.<\/p>\n\n\n\n<p>O secret\u00e1rio de Habita\u00e7\u00e3o refor\u00e7ou, ainda, que haver\u00e1 outras visitas t\u00e9cnicas em outros empreendimentos. \u201cMontenegro \u00e9 o segundo empreendimento que n\u00f3s vamos fazer a visita, depois temos o empreendimento no Parque Real Serra Verde e temos tamb\u00e9m l\u00e1 no Jardim Limoeiro, pr\u00f3ximo \u00e0 nascente do Rio Capivara. S\u00e3o visitas programadas, a gente tem um calend\u00e1rio at\u00e9 o m\u00eas de outubro. E, ao final dessas visitas, \u00e0 medida que forem sendo entregues, n\u00f3s vamos fazer tamb\u00e9m o p\u00f3s-entrega, que \u00e9 o acompanhamento j\u00e1 com os moradores, ocupando suas unidades, e n\u00f3s vamos dialogar permanentemente atrav\u00e9s do trabalho social, que \u00e9 indispens\u00e1vel que seja feito para adaptar melhor o conv\u00edvio dessas fam\u00edlias com a nova moradia\u201d, finalizou Sobral.<\/p>\n\n\n\n<p>Tamb\u00e9m estavam presentes na vistoria o subsecret\u00e1rio de Habita\u00e7\u00e3o, Binho do 2 de Julho, t\u00e9cnicos da Sedur, Sesau e Sehab.<\/p>\n\n\n\n<figure class=\"wp-block-image size-large\"><img loading=\"lazy\" decoding=\"async\" width=\"1024\" height=\"683\" src=\"https:\/\/compartilhabahia.com.br\/wp-content\/uploads\/2025\/07\/cibie-1024x683.jpg\" alt=\"\" class=\"wp-image-7202\" srcset=\"https:\/\/compartilhabahia.com.br\/wp-content\/uploads\/2025\/07\/cibie-1024x683.jpg 1024w, https:\/\/compartilhabahia.com.br\/wp-content\/uploads\/2025\/07\/cibie-300x200.jpg 300w, https:\/\/compartilhabahia.com.br\/wp-content\/uploads\/2025\/07\/cibie-768x512.jpg 768w, https:\/\/compartilhabahia.com.br\/wp-content\/uploads\/2025\/07\/cibie.jpg 1120w\" sizes=\"auto, (max-width: 1024px) 100vw, 1024px\" \/><\/figure>\n\n\n\n<p>Foto: secret\u00e1rio de Habita\u00e7\u00e3o, Luiz Roberto Sobral<\/p>\n","protected":false},"excerpt":{"rendered":"<p>Governo vistoria empreendimentos do Minha Casa Minha Vida A Secretaria de Habita\u00e7\u00e3o de Cama\u00e7ari (Sehab) deu continuidade nesta quinta-feira (10) a uma s\u00e9rie de visitas t\u00e9cnicas, em conjunto com outras secretarias, aos empreendimentos do programa federal Minha Casa Minha Vida. O objetivo das vistorias \u00e9 garantir a qualidade das resid\u00eancias para os futuros moradores contemplados. [&hellip;]<\/p>\n","protected":false},"author":1,"featured_media":7201,"comment_status":"open","ping_status":"open","sticky":false,"template":"","format":"standard","meta":{"footnotes":""},"categories":[8],"tags":[],"class_list":["post-7200","post","type-post","status-publish","format-standard","has-post-thumbnail","hentry","category-camacari"],"yoast_head":"<!-- This site is optimized with the Yoast SEO plugin v21.7 - https:\/\/yoast.com\/wordpress\/plugins\/seo\/ -->\n<title>Prefeitura de Cama\u00e7ari vistoria obras do Minha Casa Minha Vida - Compartilha Bahia<\/title>\n<meta name=\"robots\" content=\"index, follow, max-snippet:-1, max-image-preview:large, max-video-preview:-1\" \/>\n<link rel=\"canonical\" href=\"https:\/\/compartilhabahia.com.br\/index.php\/2025\/07\/11\/prefeitura-de-camacari-vistoria-obras-do-minha-casa-minha-vida\/\" \/>\n<meta property=\"og:locale\" content=\"pt_BR\" \/>\n<meta property=\"og:type\" content=\"article\" \/>\n<meta property=\"og:title\" content=\"Prefeitura de Cama\u00e7ari vistoria obras do Minha Casa Minha Vida - Compartilha Bahia\" \/>\n<meta property=\"og:description\" content=\"Governo vistoria empreendimentos do Minha Casa Minha Vida A Secretaria de Habita\u00e7\u00e3o de Cama\u00e7ari (Sehab) deu continuidade nesta quinta-feira (10) a uma s\u00e9rie de visitas t\u00e9cnicas, em conjunto com outras secretarias, aos empreendimentos do programa federal Minha Casa Minha Vida. O objetivo das vistorias \u00e9 garantir a qualidade das resid\u00eancias para os futuros moradores contemplados. [&hellip;]\" \/>\n<meta property=\"og:url\" content=\"https:\/\/compartilhabahia.com.br\/index.php\/2025\/07\/11\/prefeitura-de-camacari-vistoria-obras-do-minha-casa-minha-vida\/\" \/>\n<meta property=\"og:site_name\" content=\"Compartilha Bahia\" \/>\n<meta property=\"article:publisher\" content=\"https:\/\/web.facebook.com\/compartilhabahia\" \/>\n<meta property=\"article:published_time\" content=\"2025-07-11T18:11:44+00:00\" \/>\n<meta property=\"article:modified_time\" content=\"2025-07-11T18:11:47+00:00\" \/>\n<meta property=\"og:image\" content=\"https:\/\/compartilhabahia.com.br\/wp-content\/uploads\/2025\/07\/obrasminhacasa.jpg\" \/>\n\t<meta property=\"og:image:width\" content=\"800\" \/>\n\t<meta property=\"og:image:height\" content=\"533\" \/>\n\t<meta property=\"og:image:type\" content=\"image\/jpeg\" \/>\n<meta name=\"author\" content=\"admin\" \/>\n<meta name=\"twitter:card\" content=\"summary_large_image\" \/>\n<meta name=\"twitter:label1\" content=\"Escrito por\" \/>\n\t<meta name=\"twitter:data1\" content=\"admin\" \/>\n\t<meta name=\"twitter:label2\" content=\"Est. tempo de leitura\" \/>\n\t<meta name=\"twitter:data2\" content=\"3 minutos\" \/>\n<script type=\"application\/ld+json\" class=\"yoast-schema-graph\">{\"@context\":\"https:\/\/schema.org\",\"@graph\":[{\"@type\":\"Article\",\"@id\":\"https:\/\/compartilhabahia.com.br\/index.php\/2025\/07\/11\/prefeitura-de-camacari-vistoria-obras-do-minha-casa-minha-vida\/#article\",\"isPartOf\":{\"@id\":\"https:\/\/compartilhabahia.com.br\/index.php\/2025\/07\/11\/prefeitura-de-camacari-vistoria-obras-do-minha-casa-minha-vida\/\"},\"author\":{\"name\":\"admin\",\"@id\":\"https:\/\/compartilhabahia.com.br\/#\/schema\/person\/9b4f0c3178793b8248d6686732521c04\"},\"headline\":\"Prefeitura de Cama\u00e7ari vistoria obras do Minha Casa Minha Vida\",\"datePublished\":\"2025-07-11T18:11:44+00:00\",\"dateModified\":\"2025-07-11T18:11:47+00:00\",\"mainEntityOfPage\":{\"@id\":\"https:\/\/compartilhabahia.com.br\/index.php\/2025\/07\/11\/prefeitura-de-camacari-vistoria-obras-do-minha-casa-minha-vida\/\"},\"wordCount\":470,\"commentCount\":0,\"publisher\":{\"@id\":\"https:\/\/compartilhabahia.com.br\/#organization\"},\"articleSection\":[\"Cama\u00e7ari\"],\"inLanguage\":\"pt-BR\",\"potentialAction\":[{\"@type\":\"CommentAction\",\"name\":\"Comment\",\"target\":[\"https:\/\/compartilhabahia.com.br\/index.php\/2025\/07\/11\/prefeitura-de-camacari-vistoria-obras-do-minha-casa-minha-vida\/#respond\"]}]},{\"@type\":\"WebPage\",\"@id\":\"https:\/\/compartilhabahia.com.br\/index.php\/2025\/07\/11\/prefeitura-de-camacari-vistoria-obras-do-minha-casa-minha-vida\/\",\"url\":\"https:\/\/compartilhabahia.com.br\/index.php\/2025\/07\/11\/prefeitura-de-camacari-vistoria-obras-do-minha-casa-minha-vida\/\",\"name\":\"Prefeitura de Cama\u00e7ari vistoria obras do Minha Casa Minha Vida - Compartilha Bahia\",\"isPartOf\":{\"@id\":\"https:\/\/compartilhabahia.com.br\/#website\"},\"datePublished\":\"2025-07-11T18:11:44+00:00\",\"dateModified\":\"2025-07-11T18:11:47+00:00\",\"breadcrumb\":{\"@id\":\"https:\/\/compartilhabahia.com.br\/index.php\/2025\/07\/11\/prefeitura-de-camacari-vistoria-obras-do-minha-casa-minha-vida\/#breadcrumb\"},\"inLanguage\":\"pt-BR\",\"potentialAction\":[{\"@type\":\"ReadAction\",\"target\":[\"https:\/\/compartilhabahia.com.br\/index.php\/2025\/07\/11\/prefeitura-de-camacari-vistoria-obras-do-minha-casa-minha-vida\/\"]}]},{\"@type\":\"BreadcrumbList\",\"@id\":\"https:\/\/compartilhabahia.com.br\/index.php\/2025\/07\/11\/prefeitura-de-camacari-vistoria-obras-do-minha-casa-minha-vida\/#breadcrumb\",\"itemListElement\":[{\"@type\":\"ListItem\",\"position\":1,\"name\":\"In\u00edcio\",\"item\":\"https:\/\/compartilhabahia.com.br\/\"},{\"@type\":\"ListItem\",\"position\":2,\"name\":\"Prefeitura de Cama\u00e7ari vistoria obras do Minha Casa Minha Vida\"}]},{\"@type\":\"WebSite\",\"@id\":\"https:\/\/compartilhabahia.com.br\/#website\",\"url\":\"https:\/\/compartilhabahia.com.br\/\",\"name\":\"Compartilha Bahia\",\"description\":\"\",\"publisher\":{\"@id\":\"https:\/\/compartilhabahia.com.br\/#organization\"},\"potentialAction\":[{\"@type\":\"SearchAction\",\"target\":{\"@type\":\"EntryPoint\",\"urlTemplate\":\"https:\/\/compartilhabahia.com.br\/?s={search_term_string}\"},\"query-input\":\"required name=search_term_string\"}],\"inLanguage\":\"pt-BR\"},{\"@type\":\"Organization\",\"@id\":\"https:\/\/compartilhabahia.com.br\/#organization\",\"name\":\"Compartilha Bahia\",\"url\":\"https:\/\/compartilhabahia.com.br\/\",\"logo\":{\"@type\":\"ImageObject\",\"inLanguage\":\"pt-BR\",\"@id\":\"https:\/\/compartilhabahia.com.br\/#\/schema\/logo\/image\/\",\"url\":\"https:\/\/compartilhabahia.com.br\/wp-content\/uploads\/2023\/12\/cropped-logo.png\",\"contentUrl\":\"https:\/\/compartilhabahia.com.br\/wp-content\/uploads\/2023\/12\/cropped-logo.png\",\"width\":300,\"height\":106,\"caption\":\"Compartilha Bahia\"},\"image\":{\"@id\":\"https:\/\/compartilhabahia.com.br\/#\/schema\/logo\/image\/\"},\"sameAs\":[\"https:\/\/web.facebook.com\/compartilhabahia\",\"https:\/\/www.instagram.com\/compartilhabahia\/\"]},{\"@type\":\"Person\",\"@id\":\"https:\/\/compartilhabahia.com.br\/#\/schema\/person\/9b4f0c3178793b8248d6686732521c04\",\"name\":\"admin\",\"image\":{\"@type\":\"ImageObject\",\"inLanguage\":\"pt-BR\",\"@id\":\"https:\/\/compartilhabahia.com.br\/#\/schema\/person\/image\/\",\"url\":\"https:\/\/secure.gravatar.com\/avatar\/9600df58751c5acbe914c538c03390ef649ea088cb65f84ba09c7ce66988eed6?s=96&d=mm&r=g\",\"contentUrl\":\"https:\/\/secure.gravatar.com\/avatar\/9600df58751c5acbe914c538c03390ef649ea088cb65f84ba09c7ce66988eed6?s=96&d=mm&r=g\",\"caption\":\"admin\"},\"sameAs\":[\"https:\/\/compartilhabahia.com.br\"],\"url\":\"https:\/\/compartilhabahia.com.br\/index.php\/author\/compartilhabahia\/\"}]}<\/script>\n<!-- \/ Yoast SEO plugin. -->","yoast_head_json":{"title":"Prefeitura de Cama\u00e7ari vistoria obras do Minha Casa Minha Vida - Compartilha Bahia","robots":{"index":"index","follow":"follow","max-snippet":"max-snippet:-1","max-image-preview":"max-image-preview:large","max-video-preview":"max-video-preview:-1"},"canonical":"https:\/\/compartilhabahia.com.br\/index.php\/2025\/07\/11\/prefeitura-de-camacari-vistoria-obras-do-minha-casa-minha-vida\/","og_locale":"pt_BR","og_type":"article","og_title":"Prefeitura de Cama\u00e7ari vistoria obras do Minha Casa Minha Vida - Compartilha Bahia","og_description":"Governo vistoria empreendimentos do Minha Casa Minha Vida A Secretaria de Habita\u00e7\u00e3o de Cama\u00e7ari (Sehab) deu continuidade nesta quinta-feira (10) a uma s\u00e9rie de visitas t\u00e9cnicas, em conjunto com outras secretarias, aos empreendimentos do programa federal Minha Casa Minha Vida. O objetivo das vistorias \u00e9 garantir a qualidade das resid\u00eancias para os futuros moradores contemplados. [&hellip;]","og_url":"https:\/\/compartilhabahia.com.br\/index.php\/2025\/07\/11\/prefeitura-de-camacari-vistoria-obras-do-minha-casa-minha-vida\/","og_site_name":"Compartilha Bahia","article_publisher":"https:\/\/web.facebook.com\/compartilhabahia","article_published_time":"2025-07-11T18:11:44+00:00","article_modified_time":"2025-07-11T18:11:47+00:00","og_image":[{"width":800,"height":533,"url":"https:\/\/compartilhabahia.com.br\/wp-content\/uploads\/2025\/07\/obrasminhacasa.jpg","type":"image\/jpeg"}],"author":"admin","twitter_card":"summary_large_image","twitter_misc":{"Escrito por":"admin","Est. tempo de leitura":"3 minutos"},"schema":{"@context":"https:\/\/schema.org","@graph":[{"@type":"Article","@id":"https:\/\/compartilhabahia.com.br\/index.php\/2025\/07\/11\/prefeitura-de-camacari-vistoria-obras-do-minha-casa-minha-vida\/#article","isPartOf":{"@id":"https:\/\/compartilhabahia.com.br\/index.php\/2025\/07\/11\/prefeitura-de-camacari-vistoria-obras-do-minha-casa-minha-vida\/"},"author":{"name":"admin","@id":"https:\/\/compartilhabahia.com.br\/#\/schema\/person\/9b4f0c3178793b8248d6686732521c04"},"headline":"Prefeitura de Cama\u00e7ari vistoria obras do Minha Casa Minha Vida","datePublished":"2025-07-11T18:11:44+00:00","dateModified":"2025-07-11T18:11:47+00:00","mainEntityOfPage":{"@id":"https:\/\/compartilhabahia.com.br\/index.php\/2025\/07\/11\/prefeitura-de-camacari-vistoria-obras-do-minha-casa-minha-vida\/"},"wordCount":470,"commentCount":0,"publisher":{"@id":"https:\/\/compartilhabahia.com.br\/#organization"},"articleSection":["Cama\u00e7ari"],"inLanguage":"pt-BR","potentialAction":[{"@type":"CommentAction","name":"Comment","target":["https:\/\/compartilhabahia.com.br\/index.php\/2025\/07\/11\/prefeitura-de-camacari-vistoria-obras-do-minha-casa-minha-vida\/#respond"]}]},{"@type":"WebPage","@id":"https:\/\/compartilhabahia.com.br\/index.php\/2025\/07\/11\/prefeitura-de-camacari-vistoria-obras-do-minha-casa-minha-vida\/","url":"https:\/\/compartilhabahia.com.br\/index.php\/2025\/07\/11\/prefeitura-de-camacari-vistoria-obras-do-minha-casa-minha-vida\/","name":"Prefeitura de Cama\u00e7ari vistoria obras do Minha Casa Minha Vida - Compartilha Bahia","isPartOf":{"@id":"https:\/\/compartilhabahia.com.br\/#website"},"datePublished":"2025-07-11T18:11:44+00:00","dateModified":"2025-07-11T18:11:47+00:00","breadcrumb":{"@id":"https:\/\/compartilhabahia.com.br\/index.php\/2025\/07\/11\/prefeitura-de-camacari-vistoria-obras-do-minha-casa-minha-vida\/#breadcrumb"},"inLanguage":"pt-BR","potentialAction":[{"@type":"ReadAction","target":["https:\/\/compartilhabahia.com.br\/index.php\/2025\/07\/11\/prefeitura-de-camacari-vistoria-obras-do-minha-casa-minha-vida\/"]}]},{"@type":"BreadcrumbList","@id":"https:\/\/compartilhabahia.com.br\/index.php\/2025\/07\/11\/prefeitura-de-camacari-vistoria-obras-do-minha-casa-minha-vida\/#breadcrumb","itemListElement":[{"@type":"ListItem","position":1,"name":"In\u00edcio","item":"https:\/\/compartilhabahia.com.br\/"},{"@type":"ListItem","position":2,"name":"Prefeitura de Cama\u00e7ari vistoria obras do Minha Casa Minha Vida"}]},{"@type":"WebSite","@id":"https:\/\/compartilhabahia.com.br\/#website","url":"https:\/\/compartilhabahia.com.br\/","name":"Compartilha Bahia","description":"","publisher":{"@id":"https:\/\/compartilhabahia.com.br\/#organization"},"potentialAction":[{"@type":"SearchAction","target":{"@type":"EntryPoint","urlTemplate":"https:\/\/compartilhabahia.com.br\/?s={search_term_string}"},"query-input":"required name=search_term_string"}],"inLanguage":"pt-BR"},{"@type":"Organization","@id":"https:\/\/compartilhabahia.com.br\/#organization","name":"Compartilha Bahia","url":"https:\/\/compartilhabahia.com.br\/","logo":{"@type":"ImageObject","inLanguage":"pt-BR","@id":"https:\/\/compartilhabahia.com.br\/#\/schema\/logo\/image\/","url":"https:\/\/compartilhabahia.com.br\/wp-content\/uploads\/2023\/12\/cropped-logo.png","contentUrl":"https:\/\/compartilhabahia.com.br\/wp-content\/uploads\/2023\/12\/cropped-logo.png","width":300,"height":106,"caption":"Compartilha Bahia"},"image":{"@id":"https:\/\/compartilhabahia.com.br\/#\/schema\/logo\/image\/"},"sameAs":["https:\/\/web.facebook.com\/compartilhabahia","https:\/\/www.instagram.com\/compartilhabahia\/"]},{"@type":"Person","@id":"https:\/\/compartilhabahia.com.br\/#\/schema\/person\/9b4f0c3178793b8248d6686732521c04","name":"admin","image":{"@type":"ImageObject","inLanguage":"pt-BR","@id":"https:\/\/compartilhabahia.com.br\/#\/schema\/person\/image\/","url":"https:\/\/secure.gravatar.com\/avatar\/9600df58751c5acbe914c538c03390ef649ea088cb65f84ba09c7ce66988eed6?s=96&d=mm&r=g","contentUrl":"https:\/\/secure.gravatar.com\/avatar\/9600df58751c5acbe914c538c03390ef649ea088cb65f84ba09c7ce66988eed6?s=96&d=mm&r=g","caption":"admin"},"sameAs":["https:\/\/compartilhabahia.com.br"],"url":"https:\/\/compartilhabahia.com.br\/index.php\/author\/compartilhabahia\/"}]}},"_links":{"self":[{"href":"https:\/\/compartilhabahia.com.br\/index.php\/wp-json\/wp\/v2\/posts\/7200","targetHints":{"allow":["GET"]}}],"collection":[{"href":"https:\/\/compartilhabahia.com.br\/index.php\/wp-json\/wp\/v2\/posts"}],"about":[{"href":"https:\/\/compartilhabahia.com.br\/index.php\/wp-json\/wp\/v2\/types\/post"}],"author":[{"embeddable":true,"href":"https:\/\/compartilhabahia.com.br\/index.php\/wp-json\/wp\/v2\/users\/1"}],"replies":[{"embeddable":true,"href":"https:\/\/compartilhabahia.com.br\/index.php\/wp-json\/wp\/v2\/comments?post=7200"}],"version-history":[{"count":1,"href":"https:\/\/compartilhabahia.com.br\/index.php\/wp-json\/wp\/v2\/posts\/7200\/revisions"}],"predecessor-version":[{"id":7203,"href":"https:\/\/compartilhabahia.com.br\/index.php\/wp-json\/wp\/v2\/posts\/7200\/revisions\/7203"}],"wp:featuredmedia":[{"embeddable":true,"href":"https:\/\/compartilhabahia.com.br\/index.php\/wp-json\/wp\/v2\/media\/7201"}],"wp:attachment":[{"href":"https:\/\/compartilhabahia.com.br\/index.php\/wp-json\/wp\/v2\/media?parent=7200"}],"wp:term":[{"taxonomy":"category","embeddable":true,"href":"https:\/\/compartilhabahia.com.br\/index.php\/wp-json\/wp\/v2\/categories?post=7200"},{"taxonomy":"post_tag","embeddable":true,"href":"https:\/\/compartilhabahia.com.br\/index.php\/wp-json\/wp\/v2\/tags?post=7200"}],"curies":[{"name":"wp","href":"https:\/\/api.w.org\/{rel}","templated":true}]}}