{"id":7192,"date":"2025-07-10T13:51:19","date_gmt":"2025-07-10T16:51:19","guid":{"rendered":"https:\/\/compartilhabahia.com.br\/?p=7192"},"modified":"2025-07-10T13:51:23","modified_gmt":"2025-07-10T16:51:23","slug":"cuidadores-educacionais-tomam-posse-e-reforcam-compromisso-com-educacao-mais-inclusiva","status":"publish","type":"post","link":"https:\/\/compartilhabahia.com.br\/index.php\/2025\/07\/10\/cuidadores-educacionais-tomam-posse-e-reforcam-compromisso-com-educacao-mais-inclusiva\/","title":{"rendered":"Cuidadores educacionais tomam posse e refor\u00e7am compromisso com educa\u00e7\u00e3o mais inclusiva"},"content":{"rendered":"\n<p>Esta quinta-feira (10) foi marcada por celebra\u00e7\u00e3o no audit\u00f3rio do Col\u00e9gio Estadual de Tempo Integral Gon\u00e7alo Muniz, onde 64 cuidadores educacionais tomaram posse para atuar na Rede P\u00fablica Municipal de Ensino de Cama\u00e7ari. A nomea\u00e7\u00e3o foi oficializada por meio do decreto publicado no Di\u00e1rio Oficial do Munic\u00edpio (DOM) edi\u00e7\u00e3o n.\u00ba 2.660\/2025, de 8 de julho (ter\u00e7a-feira), referente ao Concurso P\u00fablico n.\u00ba 001\/2023.<\/p>\n\n\n\n<p>Com a presen\u00e7a de autoridades municipais, o momento foi tamb\u00e9m um gesto de reafirma\u00e7\u00e3o do compromisso da gest\u00e3o com uma educa\u00e7\u00e3o mais inclusiva e acolhedora. Os novos servidores passam agora a integrar o quadro efetivo do munic\u00edpio e ter\u00e3o papel fundamental no cuidado e acompanhamento de estudantes com defici\u00eancia nas unidades escolares.<\/p>\n\n\n\n<p>Durante a cerim\u00f4nia, o prefeito Luiz Caetano pediu uma salva de palmas aos empossados e deu as boas-vindas com entusiasmo. \u201cVoc\u00eas passam a ser servidores p\u00fablicos que ir\u00e3o promover a inclus\u00e3o e exercer\u00e3o um trabalho de extrema import\u00e2ncia nas nossas escolas. Nosso munic\u00edpio est\u00e1 entrando em um novo ciclo\u201d, destacou.<\/p>\n\n\n\n<p>A titular da Secretaria de Administra\u00e7\u00e3o (Secad), Fabiana Montenegro, tamb\u00e9m compartilhou palavras de incentivo. \u201c\u00c9 uma alegria enorme dividir este momento com voc\u00eas. Sinto-me honrada por tamb\u00e9m ser servidora efetiva do munic\u00edpio. Quero que se sintam bem acolhidos e parabenizo cada um\u201d, disse.<\/p>\n\n\n\n<p>J\u00e1 o gestor da Secretaria de Educa\u00e7\u00e3o (Seduc), M\u00e1rcio Neves, refor\u00e7ou o impacto da chegada dos cuidadores educacionais na rede de ensino. \u201cA vinda desses profissionais traz uma felicidade muito grande, pois vai enriquecer nossa rede para melhor acolher nossos estudantes. Al\u00e9m da carga de conhecimento que cada um traz, que a inclus\u00e3o tamb\u00e9m seja vivida no processo pedag\u00f3gico. Nossa secretaria est\u00e1 em di\u00e1logo permanente para construir, junto com a sociedade e os servidores, uma educa\u00e7\u00e3o p\u00fablica de mais qualidade\u201d, afirmou.<\/p>\n\n\n\n<p>Entre os novos servidores, o sentimento era de realiza\u00e7\u00e3o. Silvana Fran\u00e7a expressou a emo\u00e7\u00e3o com o momento. \u201cHoje \u00e9 um dia de realiza\u00e7\u00e3o de um grande sonho. Agora posso contribuir de forma efetiva para a sociedade na minha atua\u00e7\u00e3o\u201d, declarou a moradora do bairro Burissatuba.<\/p>\n\n\n\n<p>A cuidadora Daiane Alves participou da cerim\u00f4nia ao lado de familiares e tamb\u00e9m celebrou a conquista. \u201c\u00c9 uma satisfa\u00e7\u00e3o imensa. Sou cuidadora h\u00e1 dez anos e entendo o papel importante que exercemos. J\u00e1 atuei em outros munic\u00edpios e agora, ser servidora p\u00fablica da cidade em que vivo, \u00e9 muito especial. As fam\u00edlias depositam confian\u00e7a em nosso trabalho, no nosso carinho e afeto. A palavra cuidador carrega exatamente esse significado: o de cuidar\u201d, pontuou ela, que reside no bairro Gleba C.<\/p>\n\n\n\n<p>Os empossados passar\u00e3o por um processo de acolhimento e forma\u00e7\u00e3o inicial, como prepara\u00e7\u00e3o para o in\u00edcio das atividades nas escolas p\u00fablicas da rede municipal.<\/p>\n\n\n\n<figure class=\"wp-block-image size-large\"><img loading=\"lazy\" decoding=\"async\" width=\"1024\" height=\"682\" src=\"https:\/\/compartilhabahia.com.br\/wp-content\/uploads\/2025\/07\/Segov_Secad_Seduc_Cobertura-posse-cuidadores-educacionais_Foto_Everaldo-Paixao_10.7-6-1024x682.jpeg\" alt=\"\" class=\"wp-image-7194\" srcset=\"https:\/\/compartilhabahia.com.br\/wp-content\/uploads\/2025\/07\/Segov_Secad_Seduc_Cobertura-posse-cuidadores-educacionais_Foto_Everaldo-Paixao_10.7-6-1024x682.jpeg 1024w, https:\/\/compartilhabahia.com.br\/wp-content\/uploads\/2025\/07\/Segov_Secad_Seduc_Cobertura-posse-cuidadores-educacionais_Foto_Everaldo-Paixao_10.7-6-300x200.jpeg 300w, https:\/\/compartilhabahia.com.br\/wp-content\/uploads\/2025\/07\/Segov_Secad_Seduc_Cobertura-posse-cuidadores-educacionais_Foto_Everaldo-Paixao_10.7-6-768x512.jpeg 768w, https:\/\/compartilhabahia.com.br\/wp-content\/uploads\/2025\/07\/Segov_Secad_Seduc_Cobertura-posse-cuidadores-educacionais_Foto_Everaldo-Paixao_10.7-6-1536x1023.jpeg 1536w, https:\/\/compartilhabahia.com.br\/wp-content\/uploads\/2025\/07\/Segov_Secad_Seduc_Cobertura-posse-cuidadores-educacionais_Foto_Everaldo-Paixao_10.7-6-1200x800.jpeg 1200w, https:\/\/compartilhabahia.com.br\/wp-content\/uploads\/2025\/07\/Segov_Secad_Seduc_Cobertura-posse-cuidadores-educacionais_Foto_Everaldo-Paixao_10.7-6.jpeg 1600w\" sizes=\"auto, (max-width: 1024px) 100vw, 1024px\" \/><\/figure>\n","protected":false},"excerpt":{"rendered":"<p>Esta quinta-feira (10) foi marcada por celebra\u00e7\u00e3o no audit\u00f3rio do Col\u00e9gio Estadual de Tempo Integral Gon\u00e7alo Muniz, onde 64 cuidadores educacionais tomaram posse para atuar na Rede P\u00fablica Municipal de Ensino de Cama\u00e7ari. A nomea\u00e7\u00e3o foi oficializada por meio do decreto publicado no Di\u00e1rio Oficial do Munic\u00edpio (DOM) edi\u00e7\u00e3o n.\u00ba 2.660\/2025, de 8 de julho [&hellip;]<\/p>\n","protected":false},"author":1,"featured_media":7193,"comment_status":"open","ping_status":"open","sticky":false,"template":"","format":"standard","meta":{"footnotes":""},"categories":[8],"tags":[],"class_list":["post-7192","post","type-post","status-publish","format-standard","has-post-thumbnail","hentry","category-camacari"],"yoast_head":"<!-- This site is optimized with the Yoast SEO plugin v21.7 - https:\/\/yoast.com\/wordpress\/plugins\/seo\/ -->\n<title>Cuidadores educacionais tomam posse e refor\u00e7am compromisso com educa\u00e7\u00e3o mais inclusiva - Compartilha Bahia<\/title>\n<meta name=\"robots\" content=\"index, follow, max-snippet:-1, max-image-preview:large, max-video-preview:-1\" \/>\n<link rel=\"canonical\" href=\"https:\/\/compartilhabahia.com.br\/index.php\/2025\/07\/10\/cuidadores-educacionais-tomam-posse-e-reforcam-compromisso-com-educacao-mais-inclusiva\/\" \/>\n<meta property=\"og:locale\" content=\"pt_BR\" \/>\n<meta property=\"og:type\" content=\"article\" \/>\n<meta property=\"og:title\" content=\"Cuidadores educacionais tomam posse e refor\u00e7am compromisso com educa\u00e7\u00e3o mais inclusiva - Compartilha Bahia\" \/>\n<meta property=\"og:description\" content=\"Esta quinta-feira (10) foi marcada por celebra\u00e7\u00e3o no audit\u00f3rio do Col\u00e9gio Estadual de Tempo Integral Gon\u00e7alo Muniz, onde 64 cuidadores educacionais tomaram posse para atuar na Rede P\u00fablica Municipal de Ensino de Cama\u00e7ari. A nomea\u00e7\u00e3o foi oficializada por meio do decreto publicado no Di\u00e1rio Oficial do Munic\u00edpio (DOM) edi\u00e7\u00e3o n.\u00ba 2.660\/2025, de 8 de julho [&hellip;]\" \/>\n<meta property=\"og:url\" content=\"https:\/\/compartilhabahia.com.br\/index.php\/2025\/07\/10\/cuidadores-educacionais-tomam-posse-e-reforcam-compromisso-com-educacao-mais-inclusiva\/\" \/>\n<meta property=\"og:site_name\" content=\"Compartilha Bahia\" \/>\n<meta property=\"article:publisher\" content=\"https:\/\/web.facebook.com\/compartilhabahia\" \/>\n<meta property=\"article:published_time\" content=\"2025-07-10T16:51:19+00:00\" \/>\n<meta property=\"article:modified_time\" content=\"2025-07-10T16:51:23+00:00\" \/>\n<meta property=\"og:image\" content=\"https:\/\/compartilhabahia.com.br\/wp-content\/uploads\/2025\/07\/Segov_Secad_Seduc_Cobertura-posse-cuidadores-educacionais_Daiane-Alves_Foto_Everaldo-Paixao_10.7-12.jpeg\" \/>\n\t<meta property=\"og:image:width\" content=\"810\" \/>\n\t<meta property=\"og:image:height\" content=\"540\" \/>\n\t<meta property=\"og:image:type\" content=\"image\/jpeg\" \/>\n<meta name=\"author\" content=\"admin\" \/>\n<meta name=\"twitter:card\" content=\"summary_large_image\" \/>\n<meta name=\"twitter:label1\" content=\"Escrito por\" \/>\n\t<meta name=\"twitter:data1\" content=\"admin\" \/>\n\t<meta name=\"twitter:label2\" content=\"Est. tempo de leitura\" \/>\n\t<meta name=\"twitter:data2\" content=\"3 minutos\" \/>\n<script type=\"application\/ld+json\" class=\"yoast-schema-graph\">{\"@context\":\"https:\/\/schema.org\",\"@graph\":[{\"@type\":\"Article\",\"@id\":\"https:\/\/compartilhabahia.com.br\/index.php\/2025\/07\/10\/cuidadores-educacionais-tomam-posse-e-reforcam-compromisso-com-educacao-mais-inclusiva\/#article\",\"isPartOf\":{\"@id\":\"https:\/\/compartilhabahia.com.br\/index.php\/2025\/07\/10\/cuidadores-educacionais-tomam-posse-e-reforcam-compromisso-com-educacao-mais-inclusiva\/\"},\"author\":{\"name\":\"admin\",\"@id\":\"https:\/\/compartilhabahia.com.br\/#\/schema\/person\/9b4f0c3178793b8248d6686732521c04\"},\"headline\":\"Cuidadores educacionais tomam posse e refor\u00e7am compromisso com educa\u00e7\u00e3o mais inclusiva\",\"datePublished\":\"2025-07-10T16:51:19+00:00\",\"dateModified\":\"2025-07-10T16:51:23+00:00\",\"mainEntityOfPage\":{\"@id\":\"https:\/\/compartilhabahia.com.br\/index.php\/2025\/07\/10\/cuidadores-educacionais-tomam-posse-e-reforcam-compromisso-com-educacao-mais-inclusiva\/\"},\"wordCount\":501,\"commentCount\":0,\"publisher\":{\"@id\":\"https:\/\/compartilhabahia.com.br\/#organization\"},\"articleSection\":[\"Cama\u00e7ari\"],\"inLanguage\":\"pt-BR\",\"potentialAction\":[{\"@type\":\"CommentAction\",\"name\":\"Comment\",\"target\":[\"https:\/\/compartilhabahia.com.br\/index.php\/2025\/07\/10\/cuidadores-educacionais-tomam-posse-e-reforcam-compromisso-com-educacao-mais-inclusiva\/#respond\"]}]},{\"@type\":\"WebPage\",\"@id\":\"https:\/\/compartilhabahia.com.br\/index.php\/2025\/07\/10\/cuidadores-educacionais-tomam-posse-e-reforcam-compromisso-com-educacao-mais-inclusiva\/\",\"url\":\"https:\/\/compartilhabahia.com.br\/index.php\/2025\/07\/10\/cuidadores-educacionais-tomam-posse-e-reforcam-compromisso-com-educacao-mais-inclusiva\/\",\"name\":\"Cuidadores educacionais tomam posse e refor\u00e7am compromisso com educa\u00e7\u00e3o mais inclusiva - Compartilha Bahia\",\"isPartOf\":{\"@id\":\"https:\/\/compartilhabahia.com.br\/#website\"},\"datePublished\":\"2025-07-10T16:51:19+00:00\",\"dateModified\":\"2025-07-10T16:51:23+00:00\",\"breadcrumb\":{\"@id\":\"https:\/\/compartilhabahia.com.br\/index.php\/2025\/07\/10\/cuidadores-educacionais-tomam-posse-e-reforcam-compromisso-com-educacao-mais-inclusiva\/#breadcrumb\"},\"inLanguage\":\"pt-BR\",\"potentialAction\":[{\"@type\":\"ReadAction\",\"target\":[\"https:\/\/compartilhabahia.com.br\/index.php\/2025\/07\/10\/cuidadores-educacionais-tomam-posse-e-reforcam-compromisso-com-educacao-mais-inclusiva\/\"]}]},{\"@type\":\"BreadcrumbList\",\"@id\":\"https:\/\/compartilhabahia.com.br\/index.php\/2025\/07\/10\/cuidadores-educacionais-tomam-posse-e-reforcam-compromisso-com-educacao-mais-inclusiva\/#breadcrumb\",\"itemListElement\":[{\"@type\":\"ListItem\",\"position\":1,\"name\":\"In\u00edcio\",\"item\":\"https:\/\/compartilhabahia.com.br\/\"},{\"@type\":\"ListItem\",\"position\":2,\"name\":\"Cuidadores educacionais tomam posse e refor\u00e7am compromisso com educa\u00e7\u00e3o mais inclusiva\"}]},{\"@type\":\"WebSite\",\"@id\":\"https:\/\/compartilhabahia.com.br\/#website\",\"url\":\"https:\/\/compartilhabahia.com.br\/\",\"name\":\"Compartilha Bahia\",\"description\":\"\",\"publisher\":{\"@id\":\"https:\/\/compartilhabahia.com.br\/#organization\"},\"potentialAction\":[{\"@type\":\"SearchAction\",\"target\":{\"@type\":\"EntryPoint\",\"urlTemplate\":\"https:\/\/compartilhabahia.com.br\/?s={search_term_string}\"},\"query-input\":\"required name=search_term_string\"}],\"inLanguage\":\"pt-BR\"},{\"@type\":\"Organization\",\"@id\":\"https:\/\/compartilhabahia.com.br\/#organization\",\"name\":\"Compartilha Bahia\",\"url\":\"https:\/\/compartilhabahia.com.br\/\",\"logo\":{\"@type\":\"ImageObject\",\"inLanguage\":\"pt-BR\",\"@id\":\"https:\/\/compartilhabahia.com.br\/#\/schema\/logo\/image\/\",\"url\":\"https:\/\/compartilhabahia.com.br\/wp-content\/uploads\/2023\/12\/cropped-logo.png\",\"contentUrl\":\"https:\/\/compartilhabahia.com.br\/wp-content\/uploads\/2023\/12\/cropped-logo.png\",\"width\":300,\"height\":106,\"caption\":\"Compartilha Bahia\"},\"image\":{\"@id\":\"https:\/\/compartilhabahia.com.br\/#\/schema\/logo\/image\/\"},\"sameAs\":[\"https:\/\/web.facebook.com\/compartilhabahia\",\"https:\/\/www.instagram.com\/compartilhabahia\/\"]},{\"@type\":\"Person\",\"@id\":\"https:\/\/compartilhabahia.com.br\/#\/schema\/person\/9b4f0c3178793b8248d6686732521c04\",\"name\":\"admin\",\"image\":{\"@type\":\"ImageObject\",\"inLanguage\":\"pt-BR\",\"@id\":\"https:\/\/compartilhabahia.com.br\/#\/schema\/person\/image\/\",\"url\":\"https:\/\/secure.gravatar.com\/avatar\/9600df58751c5acbe914c538c03390ef649ea088cb65f84ba09c7ce66988eed6?s=96&d=mm&r=g\",\"contentUrl\":\"https:\/\/secure.gravatar.com\/avatar\/9600df58751c5acbe914c538c03390ef649ea088cb65f84ba09c7ce66988eed6?s=96&d=mm&r=g\",\"caption\":\"admin\"},\"sameAs\":[\"https:\/\/compartilhabahia.com.br\"],\"url\":\"https:\/\/compartilhabahia.com.br\/index.php\/author\/compartilhabahia\/\"}]}<\/script>\n<!-- \/ Yoast SEO plugin. -->","yoast_head_json":{"title":"Cuidadores educacionais tomam posse e refor\u00e7am compromisso com educa\u00e7\u00e3o mais inclusiva - Compartilha Bahia","robots":{"index":"index","follow":"follow","max-snippet":"max-snippet:-1","max-image-preview":"max-image-preview:large","max-video-preview":"max-video-preview:-1"},"canonical":"https:\/\/compartilhabahia.com.br\/index.php\/2025\/07\/10\/cuidadores-educacionais-tomam-posse-e-reforcam-compromisso-com-educacao-mais-inclusiva\/","og_locale":"pt_BR","og_type":"article","og_title":"Cuidadores educacionais tomam posse e refor\u00e7am compromisso com educa\u00e7\u00e3o mais inclusiva - Compartilha Bahia","og_description":"Esta quinta-feira (10) foi marcada por celebra\u00e7\u00e3o no audit\u00f3rio do Col\u00e9gio Estadual de Tempo Integral Gon\u00e7alo Muniz, onde 64 cuidadores educacionais tomaram posse para atuar na Rede P\u00fablica Municipal de Ensino de Cama\u00e7ari. A nomea\u00e7\u00e3o foi oficializada por meio do decreto publicado no Di\u00e1rio Oficial do Munic\u00edpio (DOM) edi\u00e7\u00e3o n.\u00ba 2.660\/2025, de 8 de julho [&hellip;]","og_url":"https:\/\/compartilhabahia.com.br\/index.php\/2025\/07\/10\/cuidadores-educacionais-tomam-posse-e-reforcam-compromisso-com-educacao-mais-inclusiva\/","og_site_name":"Compartilha Bahia","article_publisher":"https:\/\/web.facebook.com\/compartilhabahia","article_published_time":"2025-07-10T16:51:19+00:00","article_modified_time":"2025-07-10T16:51:23+00:00","og_image":[{"width":810,"height":540,"url":"https:\/\/compartilhabahia.com.br\/wp-content\/uploads\/2025\/07\/Segov_Secad_Seduc_Cobertura-posse-cuidadores-educacionais_Daiane-Alves_Foto_Everaldo-Paixao_10.7-12.jpeg","type":"image\/jpeg"}],"author":"admin","twitter_card":"summary_large_image","twitter_misc":{"Escrito por":"admin","Est. tempo de leitura":"3 minutos"},"schema":{"@context":"https:\/\/schema.org","@graph":[{"@type":"Article","@id":"https:\/\/compartilhabahia.com.br\/index.php\/2025\/07\/10\/cuidadores-educacionais-tomam-posse-e-reforcam-compromisso-com-educacao-mais-inclusiva\/#article","isPartOf":{"@id":"https:\/\/compartilhabahia.com.br\/index.php\/2025\/07\/10\/cuidadores-educacionais-tomam-posse-e-reforcam-compromisso-com-educacao-mais-inclusiva\/"},"author":{"name":"admin","@id":"https:\/\/compartilhabahia.com.br\/#\/schema\/person\/9b4f0c3178793b8248d6686732521c04"},"headline":"Cuidadores educacionais tomam posse e refor\u00e7am compromisso com educa\u00e7\u00e3o mais inclusiva","datePublished":"2025-07-10T16:51:19+00:00","dateModified":"2025-07-10T16:51:23+00:00","mainEntityOfPage":{"@id":"https:\/\/compartilhabahia.com.br\/index.php\/2025\/07\/10\/cuidadores-educacionais-tomam-posse-e-reforcam-compromisso-com-educacao-mais-inclusiva\/"},"wordCount":501,"commentCount":0,"publisher":{"@id":"https:\/\/compartilhabahia.com.br\/#organization"},"articleSection":["Cama\u00e7ari"],"inLanguage":"pt-BR","potentialAction":[{"@type":"CommentAction","name":"Comment","target":["https:\/\/compartilhabahia.com.br\/index.php\/2025\/07\/10\/cuidadores-educacionais-tomam-posse-e-reforcam-compromisso-com-educacao-mais-inclusiva\/#respond"]}]},{"@type":"WebPage","@id":"https:\/\/compartilhabahia.com.br\/index.php\/2025\/07\/10\/cuidadores-educacionais-tomam-posse-e-reforcam-compromisso-com-educacao-mais-inclusiva\/","url":"https:\/\/compartilhabahia.com.br\/index.php\/2025\/07\/10\/cuidadores-educacionais-tomam-posse-e-reforcam-compromisso-com-educacao-mais-inclusiva\/","name":"Cuidadores educacionais tomam posse e refor\u00e7am compromisso com educa\u00e7\u00e3o mais inclusiva - Compartilha Bahia","isPartOf":{"@id":"https:\/\/compartilhabahia.com.br\/#website"},"datePublished":"2025-07-10T16:51:19+00:00","dateModified":"2025-07-10T16:51:23+00:00","breadcrumb":{"@id":"https:\/\/compartilhabahia.com.br\/index.php\/2025\/07\/10\/cuidadores-educacionais-tomam-posse-e-reforcam-compromisso-com-educacao-mais-inclusiva\/#breadcrumb"},"inLanguage":"pt-BR","potentialAction":[{"@type":"ReadAction","target":["https:\/\/compartilhabahia.com.br\/index.php\/2025\/07\/10\/cuidadores-educacionais-tomam-posse-e-reforcam-compromisso-com-educacao-mais-inclusiva\/"]}]},{"@type":"BreadcrumbList","@id":"https:\/\/compartilhabahia.com.br\/index.php\/2025\/07\/10\/cuidadores-educacionais-tomam-posse-e-reforcam-compromisso-com-educacao-mais-inclusiva\/#breadcrumb","itemListElement":[{"@type":"ListItem","position":1,"name":"In\u00edcio","item":"https:\/\/compartilhabahia.com.br\/"},{"@type":"ListItem","position":2,"name":"Cuidadores educacionais tomam posse e refor\u00e7am compromisso com educa\u00e7\u00e3o mais inclusiva"}]},{"@type":"WebSite","@id":"https:\/\/compartilhabahia.com.br\/#website","url":"https:\/\/compartilhabahia.com.br\/","name":"Compartilha Bahia","description":"","publisher":{"@id":"https:\/\/compartilhabahia.com.br\/#organization"},"potentialAction":[{"@type":"SearchAction","target":{"@type":"EntryPoint","urlTemplate":"https:\/\/compartilhabahia.com.br\/?s={search_term_string}"},"query-input":"required name=search_term_string"}],"inLanguage":"pt-BR"},{"@type":"Organization","@id":"https:\/\/compartilhabahia.com.br\/#organization","name":"Compartilha Bahia","url":"https:\/\/compartilhabahia.com.br\/","logo":{"@type":"ImageObject","inLanguage":"pt-BR","@id":"https:\/\/compartilhabahia.com.br\/#\/schema\/logo\/image\/","url":"https:\/\/compartilhabahia.com.br\/wp-content\/uploads\/2023\/12\/cropped-logo.png","contentUrl":"https:\/\/compartilhabahia.com.br\/wp-content\/uploads\/2023\/12\/cropped-logo.png","width":300,"height":106,"caption":"Compartilha Bahia"},"image":{"@id":"https:\/\/compartilhabahia.com.br\/#\/schema\/logo\/image\/"},"sameAs":["https:\/\/web.facebook.com\/compartilhabahia","https:\/\/www.instagram.com\/compartilhabahia\/"]},{"@type":"Person","@id":"https:\/\/compartilhabahia.com.br\/#\/schema\/person\/9b4f0c3178793b8248d6686732521c04","name":"admin","image":{"@type":"ImageObject","inLanguage":"pt-BR","@id":"https:\/\/compartilhabahia.com.br\/#\/schema\/person\/image\/","url":"https:\/\/secure.gravatar.com\/avatar\/9600df58751c5acbe914c538c03390ef649ea088cb65f84ba09c7ce66988eed6?s=96&d=mm&r=g","contentUrl":"https:\/\/secure.gravatar.com\/avatar\/9600df58751c5acbe914c538c03390ef649ea088cb65f84ba09c7ce66988eed6?s=96&d=mm&r=g","caption":"admin"},"sameAs":["https:\/\/compartilhabahia.com.br"],"url":"https:\/\/compartilhabahia.com.br\/index.php\/author\/compartilhabahia\/"}]}},"_links":{"self":[{"href":"https:\/\/compartilhabahia.com.br\/index.php\/wp-json\/wp\/v2\/posts\/7192","targetHints":{"allow":["GET"]}}],"collection":[{"href":"https:\/\/compartilhabahia.com.br\/index.php\/wp-json\/wp\/v2\/posts"}],"about":[{"href":"https:\/\/compartilhabahia.com.br\/index.php\/wp-json\/wp\/v2\/types\/post"}],"author":[{"embeddable":true,"href":"https:\/\/compartilhabahia.com.br\/index.php\/wp-json\/wp\/v2\/users\/1"}],"replies":[{"embeddable":true,"href":"https:\/\/compartilhabahia.com.br\/index.php\/wp-json\/wp\/v2\/comments?post=7192"}],"version-history":[{"count":1,"href":"https:\/\/compartilhabahia.com.br\/index.php\/wp-json\/wp\/v2\/posts\/7192\/revisions"}],"predecessor-version":[{"id":7195,"href":"https:\/\/compartilhabahia.com.br\/index.php\/wp-json\/wp\/v2\/posts\/7192\/revisions\/7195"}],"wp:featuredmedia":[{"embeddable":true,"href":"https:\/\/compartilhabahia.com.br\/index.php\/wp-json\/wp\/v2\/media\/7193"}],"wp:attachment":[{"href":"https:\/\/compartilhabahia.com.br\/index.php\/wp-json\/wp\/v2\/media?parent=7192"}],"wp:term":[{"taxonomy":"category","embeddable":true,"href":"https:\/\/compartilhabahia.com.br\/index.php\/wp-json\/wp\/v2\/categories?post=7192"},{"taxonomy":"post_tag","embeddable":true,"href":"https:\/\/compartilhabahia.com.br\/index.php\/wp-json\/wp\/v2\/tags?post=7192"}],"curies":[{"name":"wp","href":"https:\/\/api.w.org\/{rel}","templated":true}]}}