{"id":7189,"date":"2025-07-10T09:34:03","date_gmt":"2025-07-10T12:34:03","guid":{"rendered":"https:\/\/compartilhabahia.com.br\/?p=7189"},"modified":"2025-07-10T09:34:05","modified_gmt":"2025-07-10T12:34:05","slug":"cetrel-na-onu-compartilha-expertise-em-gestao-de-dados-ambientais-e-inovacao-no-evento-do-pacto-global","status":"publish","type":"post","link":"https:\/\/compartilhabahia.com.br\/index.php\/2025\/07\/10\/cetrel-na-onu-compartilha-expertise-em-gestao-de-dados-ambientais-e-inovacao-no-evento-do-pacto-global\/","title":{"rendered":"Cetrel na ONU compartilha expertise em gest\u00e3o de dados ambientais e inova\u00e7\u00e3o no evento do Pacto Global"},"content":{"rendered":"\n<p>A Cetrel, refer\u00eancia nacional em solu\u00e7\u00f5es ambientais, participou da 2\u00aa Reuni\u00e3o Trimestral de 2025 da Plataforma de A\u00e7\u00e3o pelo Clima do Pacto Global da ONU \u2013 Rede Brasil. O evento, que ocorreu no formato h\u00edbrido no escrit\u00f3rio do C6 Bank em S\u00e3o Paulo, dia 13 de junho, teve como tema central &#8220;Conectando tecnologias e neg\u00f3cios em prol da agenda clim\u00e1tica&#8221; e reuniu empresas e especialistas para discutir o papel da tecnologia no combate \u00e0 crise clim\u00e1tica e na integra\u00e7\u00e3o da Agenda Clim\u00e1tica nas estrat\u00e9gias organizacionais. O foco da reuni\u00e3o foi nos Objetivos de Desenvolvimento Sustent\u00e1vel (ODS) 13 &#8211; A\u00e7\u00e3o Contra a Mudan\u00e7a Global do Clima; e 7 &#8211; Energia limpa e acess\u00edvel, com o objetivo de mobilizar as empresas para a\u00e7\u00f5es mais efetivas e ambiciosas em rela\u00e7\u00e3o \u00e0 crise clim\u00e1tica. A participa\u00e7\u00e3o da Cetrel sublinha seu compromisso com a inova\u00e7\u00e3o e a sustentabilidade, trazendo uma perspectiva pr\u00e1tica sobre a aplica\u00e7\u00e3o de tecnologias na gest\u00e3o ambiental.<\/p>\n\n\n\n<p>Inova\u00e7\u00e3o em gest\u00e3o de dados ambientais<\/p>\n\n\n\n<p>Calvin Stefan Iost, gerente do Setor de Solu\u00e7\u00f5es em Tecnologia e Inova\u00e7\u00e3o da Cetrel, detalhou a relev\u00e2ncia da participa\u00e7\u00e3o da empresa no evento. \u201cO convite reflete o reconhecimento \u00e0 trajet\u00f3ria da Cetrel em inova\u00e7\u00e3o, gest\u00e3o de dados e intelig\u00eancia artificial para meio ambiente. Esta iniciativa do Pacto Global da ONU \u2013 Rede Brasil, re\u00fane empresas e especialistas para discutir como tecnologias e neg\u00f3cios podem impulsionar a agenda clim\u00e1tica. Em meio a esse cen\u00e1rio, a Cetrel foi convidada a compartilhar sua vis\u00e3o sobre os impactos da intelig\u00eancia artificial no meio ambiente, destacando pr\u00f3s e contras sob a \u00f3tica dos usu\u00e1rios finais\u201d, informa.<\/p>\n\n\n\n<p>Segundo ele, a abordagem da Cetrel foi pautada na perspectiva de quem aplica tecnologias no dia a dia da gest\u00e3o ambiental, destacando o papel cr\u00edtico dos usu\u00e1rios finais na defini\u00e7\u00e3o de rumos \u00e9ticos e sustent\u00e1veis para a inova\u00e7\u00e3o. \u201cAo integrar transforma\u00e7\u00e3o digital, gest\u00e3o de dados e intelig\u00eancia artificial em seus processos, a Cetrel tem promovido efici\u00eancia, rastreabilidade e decis\u00f5es mais assertivas na \u00e1rea ambiental. Portanto, a participa\u00e7\u00e3o no evento refor\u00e7a o compromisso da Cetrel com o uso respons\u00e1vel da tecnologia, mostrando que mercados formados por usu\u00e1rios conscientes s\u00e3o fundamentais para orientar solu\u00e7\u00f5es que conciliem inova\u00e7\u00e3o e sustentabilidade\u201d, explica Iost.<\/p>\n\n\n\n<p>De acordo com ele, a participa\u00e7\u00e3o da Cetrel contribui ao trazer a vis\u00e3o pr\u00e1tica de uma empresa que aplica tecnologias para execu\u00e7\u00e3o de servi\u00e7os ambientais de ponta em cases ambientais reais, em escala industrial. Ao compartilhar experi\u00eancias concretas com dados, intelig\u00eancia artificial e inova\u00e7\u00e3o sustent\u00e1vel, a Cetrel ajuda a traduzir conceitos em a\u00e7\u00f5es vi\u00e1veis, replic\u00e1veis e mensur\u00e1veis. \u201cNo contexto da Plataforma de A\u00e7\u00e3o pelo Clima, essa contribui\u00e7\u00e3o fortalece a conex\u00e3o entre compromissos clim\u00e1ticos e solu\u00e7\u00f5es t\u00e9cnicas, promovendo uma agenda mais eficaz, orientada por evid\u00eancias e alinhada \u00e0 realidade dos setores produtivos brasileiros\u201d, observa Iost.<\/p>\n\n\n\n<p>Pr\u00e1ticas ESG<\/p>\n\n\n\n<p>No que tange \u00e0 crescente demanda por pr\u00e1ticas ESG, Iost enfatiza que a Cetrel v\u00ea as parcerias como fundamentais para enfrentar os desafios complexos da agenda clim\u00e1tica. \u201cA colabora\u00e7\u00e3o com empresas, startups e institui\u00e7\u00f5es de pesquisa potencializa a cria\u00e7\u00e3o de solu\u00e7\u00f5es inovadoras, ao unir expertise t\u00e9cnica, agilidade e capacidade de escala. No contexto ESG, essas alian\u00e7as ampliam o impacto das a\u00e7\u00f5es, aceleram a ado\u00e7\u00e3o de tecnologias sustent\u00e1veis e promovem aprendizado m\u00fatuo\u201d, avalia. Ele completa que na concep\u00e7\u00e3o da Cetrel, inova\u00e7\u00e3o com prop\u00f3sito se constr\u00f3i em rede \u2013 conectando conhecimento, dados e valores em prol de uma transi\u00e7\u00e3o ambiental justa e efetiva.<\/p>\n\n\n\n<p>Olhando para o futuro, Calvin Iost destaca que a Cetrel continuar\u00e1 investindo em tecnologias que ampliem a efici\u00eancia e a intelig\u00eancia da gest\u00e3o ambiental. Um destaque atual \u00e9 o projeto APRimorAI, em desenvolvimento na Diretoria Administrativa e Financeira, que integra automa\u00e7\u00e3o de processos robotiz\u00e1veis com intelig\u00eancia artificial para otimizar fluxos internos. A iniciativa visa n\u00e3o apenas ganhos de efici\u00eancia, mas tamb\u00e9m maior rastreabilidade, transpar\u00eancia e agilidade \u2013 atributos essenciais para fortalecer compromissos ESG.<\/p>\n\n\n\n<p>Para Iost, projetos como esse refletem a vis\u00e3o da Cetrel de que inova\u00e7\u00e3o tecnol\u00f3gica \u00e9 um vetor decisivo para uma transi\u00e7\u00e3o ambiental efetiva e mensur\u00e1vel. Al\u00e9m disso, a companhia tem direcionado esfor\u00e7os para fortalecer a resili\u00eancia h\u00eddrica como estrat\u00e9gia de adapta\u00e7\u00e3o \u00e0s mudan\u00e7as clim\u00e1ticas. Por meio de solu\u00e7\u00f5es de gest\u00e3o integrada de recursos h\u00eddricos e tecnologias de re\u00faso industrial, a empresa apoia seus clientes na redu\u00e7\u00e3o de riscos relacionados \u00e0 escassez, \u00e0 variabilidade clim\u00e1tica e \u00e0 seguran\u00e7a h\u00eddrica. \u201cEssa atua\u00e7\u00e3o refor\u00e7a o papel da Cetrel como agente ativo na constru\u00e7\u00e3o de uma infraestrutura ambiental mais robusta e adapt\u00e1vel \u00e0s novas condi\u00e7\u00f5es clim\u00e1ticas do pa\u00eds\u201d, conclui.<\/p>\n\n\n\n<p>Sobre a Cetrel<\/p>\n\n\n\n<p>A Cetrel iniciou suas opera\u00e7\u00f5es em 1978, junto ao Polo Industrial de Cama\u00e7ari (PIC), na Bahia. Atualmente, atua em diversos estados brasileiros, oferecendo solu\u00e7\u00f5es ambientais em \u00e1gua e efluentes, incluindo re\u00faso e solu\u00e7\u00f5es off-site e on-site, incinera\u00e7\u00e3o de res\u00edduos perigosos e consultoria ambiental, destacando-se gerenciamento e remedia\u00e7\u00e3o de \u00e1reas contaminadas, monitoramento ambiental e gest\u00e3o de dados ambientais.<\/p>\n\n\n\n<p>Com um trabalho permanente para inovar e superar as expectativas dos clientes, a Cetrel est\u00e1 apta a atender demandas ambientais de diversas complexidades de empresas da ind\u00fastria farmac\u00eautica e de cosm\u00e9ticos, qu\u00edmica e petroqu\u00edmica, \u00f3leo e g\u00e1s, alimentos e bebidas, papel e celulose, minera\u00e7\u00e3o e siderurgia, automotiva, dentre outras. Al\u00e9m disso, as solu\u00e7\u00f5es de tratamento de \u00e1gua e efluentes on-site s\u00e3o ideais tamb\u00e9m para estabelecimentos com grande potencial de re\u00faso de \u00e1gua, como ind\u00fastrias, shoppings, institui\u00e7\u00f5es de ensino, hospitais, edif\u00edcios comerciais e aeroportos. Conhe\u00e7a mais em: https:\/\/www.cetrel.com.br.<\/p>\n","protected":false},"excerpt":{"rendered":"<p>A Cetrel, refer\u00eancia nacional em solu\u00e7\u00f5es ambientais, participou da 2\u00aa Reuni\u00e3o Trimestral de 2025 da Plataforma de A\u00e7\u00e3o pelo Clima do Pacto Global da ONU \u2013 Rede Brasil. O evento, que ocorreu no formato h\u00edbrido no escrit\u00f3rio do C6 Bank em S\u00e3o Paulo, dia 13 de junho, teve como tema central &#8220;Conectando tecnologias e neg\u00f3cios [&hellip;]<\/p>\n","protected":false},"author":1,"featured_media":7190,"comment_status":"open","ping_status":"open","sticky":false,"template":"","format":"standard","meta":{"footnotes":""},"categories":[10,8],"tags":[],"class_list":["post-7189","post","type-post","status-publish","format-standard","has-post-thumbnail","hentry","category-bahia","category-camacari"],"yoast_head":"<!-- This site is optimized with the Yoast SEO plugin v21.7 - https:\/\/yoast.com\/wordpress\/plugins\/seo\/ -->\n<title>Cetrel na ONU compartilha expertise em gest\u00e3o de dados ambientais e inova\u00e7\u00e3o no evento do Pacto Global - Compartilha Bahia<\/title>\n<meta name=\"robots\" content=\"index, follow, max-snippet:-1, max-image-preview:large, max-video-preview:-1\" \/>\n<link rel=\"canonical\" href=\"https:\/\/compartilhabahia.com.br\/index.php\/2025\/07\/10\/cetrel-na-onu-compartilha-expertise-em-gestao-de-dados-ambientais-e-inovacao-no-evento-do-pacto-global\/\" \/>\n<meta property=\"og:locale\" content=\"pt_BR\" \/>\n<meta property=\"og:type\" content=\"article\" \/>\n<meta property=\"og:title\" content=\"Cetrel na ONU compartilha expertise em gest\u00e3o de dados ambientais e inova\u00e7\u00e3o no evento do Pacto Global - Compartilha Bahia\" \/>\n<meta property=\"og:description\" content=\"A Cetrel, refer\u00eancia nacional em solu\u00e7\u00f5es ambientais, participou da 2\u00aa Reuni\u00e3o Trimestral de 2025 da Plataforma de A\u00e7\u00e3o pelo Clima do Pacto Global da ONU \u2013 Rede Brasil. O evento, que ocorreu no formato h\u00edbrido no escrit\u00f3rio do C6 Bank em S\u00e3o Paulo, dia 13 de junho, teve como tema central &#8220;Conectando tecnologias e neg\u00f3cios [&hellip;]\" \/>\n<meta property=\"og:url\" content=\"https:\/\/compartilhabahia.com.br\/index.php\/2025\/07\/10\/cetrel-na-onu-compartilha-expertise-em-gestao-de-dados-ambientais-e-inovacao-no-evento-do-pacto-global\/\" \/>\n<meta property=\"og:site_name\" content=\"Compartilha Bahia\" \/>\n<meta property=\"article:publisher\" content=\"https:\/\/web.facebook.com\/compartilhabahia\" \/>\n<meta property=\"article:published_time\" content=\"2025-07-10T12:34:03+00:00\" \/>\n<meta property=\"article:modified_time\" content=\"2025-07-10T12:34:05+00:00\" \/>\n<meta property=\"og:image\" content=\"https:\/\/compartilhabahia.com.br\/wp-content\/uploads\/2025\/07\/cetrelonu.jpg\" \/>\n\t<meta property=\"og:image:width\" content=\"587\" \/>\n\t<meta property=\"og:image:height\" content=\"377\" \/>\n\t<meta property=\"og:image:type\" content=\"image\/jpeg\" \/>\n<meta name=\"author\" content=\"admin\" \/>\n<meta name=\"twitter:card\" content=\"summary_large_image\" \/>\n<meta name=\"twitter:label1\" content=\"Escrito por\" \/>\n\t<meta name=\"twitter:data1\" content=\"admin\" \/>\n\t<meta name=\"twitter:label2\" content=\"Est. tempo de leitura\" \/>\n\t<meta name=\"twitter:data2\" content=\"6 minutos\" \/>\n<script type=\"application\/ld+json\" class=\"yoast-schema-graph\">{\"@context\":\"https:\/\/schema.org\",\"@graph\":[{\"@type\":\"Article\",\"@id\":\"https:\/\/compartilhabahia.com.br\/index.php\/2025\/07\/10\/cetrel-na-onu-compartilha-expertise-em-gestao-de-dados-ambientais-e-inovacao-no-evento-do-pacto-global\/#article\",\"isPartOf\":{\"@id\":\"https:\/\/compartilhabahia.com.br\/index.php\/2025\/07\/10\/cetrel-na-onu-compartilha-expertise-em-gestao-de-dados-ambientais-e-inovacao-no-evento-do-pacto-global\/\"},\"author\":{\"name\":\"admin\",\"@id\":\"https:\/\/compartilhabahia.com.br\/#\/schema\/person\/9b4f0c3178793b8248d6686732521c04\"},\"headline\":\"Cetrel na ONU compartilha expertise em gest\u00e3o de dados ambientais e inova\u00e7\u00e3o no evento do Pacto Global\",\"datePublished\":\"2025-07-10T12:34:03+00:00\",\"dateModified\":\"2025-07-10T12:34:05+00:00\",\"mainEntityOfPage\":{\"@id\":\"https:\/\/compartilhabahia.com.br\/index.php\/2025\/07\/10\/cetrel-na-onu-compartilha-expertise-em-gestao-de-dados-ambientais-e-inovacao-no-evento-do-pacto-global\/\"},\"wordCount\":1049,\"commentCount\":0,\"publisher\":{\"@id\":\"https:\/\/compartilhabahia.com.br\/#organization\"},\"articleSection\":[\"Bahia\",\"Cama\u00e7ari\"],\"inLanguage\":\"pt-BR\",\"potentialAction\":[{\"@type\":\"CommentAction\",\"name\":\"Comment\",\"target\":[\"https:\/\/compartilhabahia.com.br\/index.php\/2025\/07\/10\/cetrel-na-onu-compartilha-expertise-em-gestao-de-dados-ambientais-e-inovacao-no-evento-do-pacto-global\/#respond\"]}]},{\"@type\":\"WebPage\",\"@id\":\"https:\/\/compartilhabahia.com.br\/index.php\/2025\/07\/10\/cetrel-na-onu-compartilha-expertise-em-gestao-de-dados-ambientais-e-inovacao-no-evento-do-pacto-global\/\",\"url\":\"https:\/\/compartilhabahia.com.br\/index.php\/2025\/07\/10\/cetrel-na-onu-compartilha-expertise-em-gestao-de-dados-ambientais-e-inovacao-no-evento-do-pacto-global\/\",\"name\":\"Cetrel na ONU compartilha expertise em gest\u00e3o de dados ambientais e inova\u00e7\u00e3o no evento do Pacto Global - Compartilha Bahia\",\"isPartOf\":{\"@id\":\"https:\/\/compartilhabahia.com.br\/#website\"},\"datePublished\":\"2025-07-10T12:34:03+00:00\",\"dateModified\":\"2025-07-10T12:34:05+00:00\",\"breadcrumb\":{\"@id\":\"https:\/\/compartilhabahia.com.br\/index.php\/2025\/07\/10\/cetrel-na-onu-compartilha-expertise-em-gestao-de-dados-ambientais-e-inovacao-no-evento-do-pacto-global\/#breadcrumb\"},\"inLanguage\":\"pt-BR\",\"potentialAction\":[{\"@type\":\"ReadAction\",\"target\":[\"https:\/\/compartilhabahia.com.br\/index.php\/2025\/07\/10\/cetrel-na-onu-compartilha-expertise-em-gestao-de-dados-ambientais-e-inovacao-no-evento-do-pacto-global\/\"]}]},{\"@type\":\"BreadcrumbList\",\"@id\":\"https:\/\/compartilhabahia.com.br\/index.php\/2025\/07\/10\/cetrel-na-onu-compartilha-expertise-em-gestao-de-dados-ambientais-e-inovacao-no-evento-do-pacto-global\/#breadcrumb\",\"itemListElement\":[{\"@type\":\"ListItem\",\"position\":1,\"name\":\"In\u00edcio\",\"item\":\"https:\/\/compartilhabahia.com.br\/\"},{\"@type\":\"ListItem\",\"position\":2,\"name\":\"Cetrel na ONU compartilha expertise em gest\u00e3o de dados ambientais e inova\u00e7\u00e3o no evento do Pacto Global\"}]},{\"@type\":\"WebSite\",\"@id\":\"https:\/\/compartilhabahia.com.br\/#website\",\"url\":\"https:\/\/compartilhabahia.com.br\/\",\"name\":\"Compartilha Bahia\",\"description\":\"\",\"publisher\":{\"@id\":\"https:\/\/compartilhabahia.com.br\/#organization\"},\"potentialAction\":[{\"@type\":\"SearchAction\",\"target\":{\"@type\":\"EntryPoint\",\"urlTemplate\":\"https:\/\/compartilhabahia.com.br\/?s={search_term_string}\"},\"query-input\":\"required name=search_term_string\"}],\"inLanguage\":\"pt-BR\"},{\"@type\":\"Organization\",\"@id\":\"https:\/\/compartilhabahia.com.br\/#organization\",\"name\":\"Compartilha Bahia\",\"url\":\"https:\/\/compartilhabahia.com.br\/\",\"logo\":{\"@type\":\"ImageObject\",\"inLanguage\":\"pt-BR\",\"@id\":\"https:\/\/compartilhabahia.com.br\/#\/schema\/logo\/image\/\",\"url\":\"https:\/\/compartilhabahia.com.br\/wp-content\/uploads\/2023\/12\/cropped-logo.png\",\"contentUrl\":\"https:\/\/compartilhabahia.com.br\/wp-content\/uploads\/2023\/12\/cropped-logo.png\",\"width\":300,\"height\":106,\"caption\":\"Compartilha Bahia\"},\"image\":{\"@id\":\"https:\/\/compartilhabahia.com.br\/#\/schema\/logo\/image\/\"},\"sameAs\":[\"https:\/\/web.facebook.com\/compartilhabahia\",\"https:\/\/www.instagram.com\/compartilhabahia\/\"]},{\"@type\":\"Person\",\"@id\":\"https:\/\/compartilhabahia.com.br\/#\/schema\/person\/9b4f0c3178793b8248d6686732521c04\",\"name\":\"admin\",\"image\":{\"@type\":\"ImageObject\",\"inLanguage\":\"pt-BR\",\"@id\":\"https:\/\/compartilhabahia.com.br\/#\/schema\/person\/image\/\",\"url\":\"https:\/\/secure.gravatar.com\/avatar\/9600df58751c5acbe914c538c03390ef649ea088cb65f84ba09c7ce66988eed6?s=96&d=mm&r=g\",\"contentUrl\":\"https:\/\/secure.gravatar.com\/avatar\/9600df58751c5acbe914c538c03390ef649ea088cb65f84ba09c7ce66988eed6?s=96&d=mm&r=g\",\"caption\":\"admin\"},\"sameAs\":[\"https:\/\/compartilhabahia.com.br\"],\"url\":\"https:\/\/compartilhabahia.com.br\/index.php\/author\/compartilhabahia\/\"}]}<\/script>\n<!-- \/ Yoast SEO plugin. -->","yoast_head_json":{"title":"Cetrel na ONU compartilha expertise em gest\u00e3o de dados ambientais e inova\u00e7\u00e3o no evento do Pacto Global - Compartilha Bahia","robots":{"index":"index","follow":"follow","max-snippet":"max-snippet:-1","max-image-preview":"max-image-preview:large","max-video-preview":"max-video-preview:-1"},"canonical":"https:\/\/compartilhabahia.com.br\/index.php\/2025\/07\/10\/cetrel-na-onu-compartilha-expertise-em-gestao-de-dados-ambientais-e-inovacao-no-evento-do-pacto-global\/","og_locale":"pt_BR","og_type":"article","og_title":"Cetrel na ONU compartilha expertise em gest\u00e3o de dados ambientais e inova\u00e7\u00e3o no evento do Pacto Global - Compartilha Bahia","og_description":"A Cetrel, refer\u00eancia nacional em solu\u00e7\u00f5es ambientais, participou da 2\u00aa Reuni\u00e3o Trimestral de 2025 da Plataforma de A\u00e7\u00e3o pelo Clima do Pacto Global da ONU \u2013 Rede Brasil. O evento, que ocorreu no formato h\u00edbrido no escrit\u00f3rio do C6 Bank em S\u00e3o Paulo, dia 13 de junho, teve como tema central &#8220;Conectando tecnologias e neg\u00f3cios [&hellip;]","og_url":"https:\/\/compartilhabahia.com.br\/index.php\/2025\/07\/10\/cetrel-na-onu-compartilha-expertise-em-gestao-de-dados-ambientais-e-inovacao-no-evento-do-pacto-global\/","og_site_name":"Compartilha Bahia","article_publisher":"https:\/\/web.facebook.com\/compartilhabahia","article_published_time":"2025-07-10T12:34:03+00:00","article_modified_time":"2025-07-10T12:34:05+00:00","og_image":[{"width":587,"height":377,"url":"https:\/\/compartilhabahia.com.br\/wp-content\/uploads\/2025\/07\/cetrelonu.jpg","type":"image\/jpeg"}],"author":"admin","twitter_card":"summary_large_image","twitter_misc":{"Escrito por":"admin","Est. tempo de leitura":"6 minutos"},"schema":{"@context":"https:\/\/schema.org","@graph":[{"@type":"Article","@id":"https:\/\/compartilhabahia.com.br\/index.php\/2025\/07\/10\/cetrel-na-onu-compartilha-expertise-em-gestao-de-dados-ambientais-e-inovacao-no-evento-do-pacto-global\/#article","isPartOf":{"@id":"https:\/\/compartilhabahia.com.br\/index.php\/2025\/07\/10\/cetrel-na-onu-compartilha-expertise-em-gestao-de-dados-ambientais-e-inovacao-no-evento-do-pacto-global\/"},"author":{"name":"admin","@id":"https:\/\/compartilhabahia.com.br\/#\/schema\/person\/9b4f0c3178793b8248d6686732521c04"},"headline":"Cetrel na ONU compartilha expertise em gest\u00e3o de dados ambientais e inova\u00e7\u00e3o no evento do Pacto Global","datePublished":"2025-07-10T12:34:03+00:00","dateModified":"2025-07-10T12:34:05+00:00","mainEntityOfPage":{"@id":"https:\/\/compartilhabahia.com.br\/index.php\/2025\/07\/10\/cetrel-na-onu-compartilha-expertise-em-gestao-de-dados-ambientais-e-inovacao-no-evento-do-pacto-global\/"},"wordCount":1049,"commentCount":0,"publisher":{"@id":"https:\/\/compartilhabahia.com.br\/#organization"},"articleSection":["Bahia","Cama\u00e7ari"],"inLanguage":"pt-BR","potentialAction":[{"@type":"CommentAction","name":"Comment","target":["https:\/\/compartilhabahia.com.br\/index.php\/2025\/07\/10\/cetrel-na-onu-compartilha-expertise-em-gestao-de-dados-ambientais-e-inovacao-no-evento-do-pacto-global\/#respond"]}]},{"@type":"WebPage","@id":"https:\/\/compartilhabahia.com.br\/index.php\/2025\/07\/10\/cetrel-na-onu-compartilha-expertise-em-gestao-de-dados-ambientais-e-inovacao-no-evento-do-pacto-global\/","url":"https:\/\/compartilhabahia.com.br\/index.php\/2025\/07\/10\/cetrel-na-onu-compartilha-expertise-em-gestao-de-dados-ambientais-e-inovacao-no-evento-do-pacto-global\/","name":"Cetrel na ONU compartilha expertise em gest\u00e3o de dados ambientais e inova\u00e7\u00e3o no evento do Pacto Global - Compartilha Bahia","isPartOf":{"@id":"https:\/\/compartilhabahia.com.br\/#website"},"datePublished":"2025-07-10T12:34:03+00:00","dateModified":"2025-07-10T12:34:05+00:00","breadcrumb":{"@id":"https:\/\/compartilhabahia.com.br\/index.php\/2025\/07\/10\/cetrel-na-onu-compartilha-expertise-em-gestao-de-dados-ambientais-e-inovacao-no-evento-do-pacto-global\/#breadcrumb"},"inLanguage":"pt-BR","potentialAction":[{"@type":"ReadAction","target":["https:\/\/compartilhabahia.com.br\/index.php\/2025\/07\/10\/cetrel-na-onu-compartilha-expertise-em-gestao-de-dados-ambientais-e-inovacao-no-evento-do-pacto-global\/"]}]},{"@type":"BreadcrumbList","@id":"https:\/\/compartilhabahia.com.br\/index.php\/2025\/07\/10\/cetrel-na-onu-compartilha-expertise-em-gestao-de-dados-ambientais-e-inovacao-no-evento-do-pacto-global\/#breadcrumb","itemListElement":[{"@type":"ListItem","position":1,"name":"In\u00edcio","item":"https:\/\/compartilhabahia.com.br\/"},{"@type":"ListItem","position":2,"name":"Cetrel na ONU compartilha expertise em gest\u00e3o de dados ambientais e inova\u00e7\u00e3o no evento do Pacto Global"}]},{"@type":"WebSite","@id":"https:\/\/compartilhabahia.com.br\/#website","url":"https:\/\/compartilhabahia.com.br\/","name":"Compartilha Bahia","description":"","publisher":{"@id":"https:\/\/compartilhabahia.com.br\/#organization"},"potentialAction":[{"@type":"SearchAction","target":{"@type":"EntryPoint","urlTemplate":"https:\/\/compartilhabahia.com.br\/?s={search_term_string}"},"query-input":"required name=search_term_string"}],"inLanguage":"pt-BR"},{"@type":"Organization","@id":"https:\/\/compartilhabahia.com.br\/#organization","name":"Compartilha Bahia","url":"https:\/\/compartilhabahia.com.br\/","logo":{"@type":"ImageObject","inLanguage":"pt-BR","@id":"https:\/\/compartilhabahia.com.br\/#\/schema\/logo\/image\/","url":"https:\/\/compartilhabahia.com.br\/wp-content\/uploads\/2023\/12\/cropped-logo.png","contentUrl":"https:\/\/compartilhabahia.com.br\/wp-content\/uploads\/2023\/12\/cropped-logo.png","width":300,"height":106,"caption":"Compartilha Bahia"},"image":{"@id":"https:\/\/compartilhabahia.com.br\/#\/schema\/logo\/image\/"},"sameAs":["https:\/\/web.facebook.com\/compartilhabahia","https:\/\/www.instagram.com\/compartilhabahia\/"]},{"@type":"Person","@id":"https:\/\/compartilhabahia.com.br\/#\/schema\/person\/9b4f0c3178793b8248d6686732521c04","name":"admin","image":{"@type":"ImageObject","inLanguage":"pt-BR","@id":"https:\/\/compartilhabahia.com.br\/#\/schema\/person\/image\/","url":"https:\/\/secure.gravatar.com\/avatar\/9600df58751c5acbe914c538c03390ef649ea088cb65f84ba09c7ce66988eed6?s=96&d=mm&r=g","contentUrl":"https:\/\/secure.gravatar.com\/avatar\/9600df58751c5acbe914c538c03390ef649ea088cb65f84ba09c7ce66988eed6?s=96&d=mm&r=g","caption":"admin"},"sameAs":["https:\/\/compartilhabahia.com.br"],"url":"https:\/\/compartilhabahia.com.br\/index.php\/author\/compartilhabahia\/"}]}},"_links":{"self":[{"href":"https:\/\/compartilhabahia.com.br\/index.php\/wp-json\/wp\/v2\/posts\/7189","targetHints":{"allow":["GET"]}}],"collection":[{"href":"https:\/\/compartilhabahia.com.br\/index.php\/wp-json\/wp\/v2\/posts"}],"about":[{"href":"https:\/\/compartilhabahia.com.br\/index.php\/wp-json\/wp\/v2\/types\/post"}],"author":[{"embeddable":true,"href":"https:\/\/compartilhabahia.com.br\/index.php\/wp-json\/wp\/v2\/users\/1"}],"replies":[{"embeddable":true,"href":"https:\/\/compartilhabahia.com.br\/index.php\/wp-json\/wp\/v2\/comments?post=7189"}],"version-history":[{"count":1,"href":"https:\/\/compartilhabahia.com.br\/index.php\/wp-json\/wp\/v2\/posts\/7189\/revisions"}],"predecessor-version":[{"id":7191,"href":"https:\/\/compartilhabahia.com.br\/index.php\/wp-json\/wp\/v2\/posts\/7189\/revisions\/7191"}],"wp:featuredmedia":[{"embeddable":true,"href":"https:\/\/compartilhabahia.com.br\/index.php\/wp-json\/wp\/v2\/media\/7190"}],"wp:attachment":[{"href":"https:\/\/compartilhabahia.com.br\/index.php\/wp-json\/wp\/v2\/media?parent=7189"}],"wp:term":[{"taxonomy":"category","embeddable":true,"href":"https:\/\/compartilhabahia.com.br\/index.php\/wp-json\/wp\/v2\/categories?post=7189"},{"taxonomy":"post_tag","embeddable":true,"href":"https:\/\/compartilhabahia.com.br\/index.php\/wp-json\/wp\/v2\/tags?post=7189"}],"curies":[{"name":"wp","href":"https:\/\/api.w.org\/{rel}","templated":true}]}}