{"id":7164,"date":"2025-07-09T21:56:36","date_gmt":"2025-07-10T00:56:36","guid":{"rendered":"https:\/\/compartilhabahia.com.br\/?p=7164"},"modified":"2025-07-09T21:56:39","modified_gmt":"2025-07-10T00:56:39","slug":"12a-conferencia-municipal-de-assistencia-social-de-camacari-tem-dois-dias-de-debate","status":"publish","type":"post","link":"https:\/\/compartilhabahia.com.br\/index.php\/2025\/07\/09\/12a-conferencia-municipal-de-assistencia-social-de-camacari-tem-dois-dias-de-debate\/","title":{"rendered":"12\u00aa Confer\u00eancia Municipal de Assist\u00eancia Social de Cama\u00e7ari t\u00eam dois dias de debate"},"content":{"rendered":"\n<p><br>Na manh\u00e3 dessa quarta-feira (9), teve in\u00edcio a 12\u00aa Confer\u00eancia Municipal de Assist\u00eancia Social de Cama\u00e7ari, com o tema \u201c20 anos de SUAS: Constru\u00e7\u00e3o, Prote\u00e7\u00e3o Social e Resist\u00eancia\u201d. O evento objetiva avaliar, debater e propor pol\u00edticas para o aprimoramento do Sistema \u00danico de Assist\u00eancia Social (SUAS), a partir de contribui\u00e7\u00f5es da rede local, formada por agentes p\u00fablicos e representantes da sociedade civil organizada.<\/p>\n\n\n\n<p>Com apoio da Prefeitura de Cama\u00e7ari, o evento bianual tem promo\u00e7\u00e3o do Conselho Municipal de Assist\u00eancia Social (CMAS). At\u00e9 quinta-feira (10), os participantes estar\u00e3o reunidos em torno de cinco eixos: Universaliza\u00e7\u00e3o do SUAS; Integra\u00e7\u00e3o de Benef\u00edcios e Servi\u00e7os Socioassistenciais; Gest\u00e3o Democr\u00e1tica, Informa\u00e7\u00e3o no SUAS e Comunica\u00e7\u00e3o Transparente; Sustentabilidade Financeira e Equidade no Cofinanciamento do SUAS; e Aperfei\u00e7oamento Cont\u00ednuo do SUAS.<\/p>\n\n\n\n<p>Durante a abertura, a vice-prefeita, Pastora D\u00e9a Santos, destacou a import\u00e2ncia do SUAS para a prote\u00e7\u00e3o dos direitos sociais do cidad\u00e3o. \u201cCelebramos juntos 20 anos do sistema \u00fanico da assist\u00eancia social, que \u00e9 o SUAS, um marco na pol\u00edtica p\u00fablica nacional que trouxe dignidade, estrutura e prote\u00e7\u00e3o social para milhares de brasileiros\u201d, afirmou, refor\u00e7ando o empenho do governo municipal para fortalecer pol\u00edticas p\u00fablicas que deem suporte aos que mais necessitam.<\/p>\n\n\n\n<p>Fabya Reis, secret\u00e1ria de Assist\u00eancia e Desenvolvimento Social do Estado, ressaltou o compromisso do governo estadual em garantir condi\u00e7\u00f5es para que a municipalidade possa se planejar, a fim de viabilizar a presta\u00e7\u00e3o dos servi\u00e7os sociais e se tornar refer\u00eancia em toda Bahia.<\/p>\n\n\n\n<p>\u201cEsse \u00e9 um espa\u00e7o de valoriza\u00e7\u00e3o e fortalecimento da democracia. Ouvir a sociedade civil para que a gente promova e fortale\u00e7a o Sistema \u00danico de Assist\u00eancia Social. Cama\u00e7ari agora retomando a sua posi\u00e7\u00e3o de um munic\u00edpio de refer\u00eancia para a assist\u00eancia social, a prote\u00e7\u00e3o social\u201d, contextualizou a gestora.<\/p>\n\n\n\n<p>Reconhecendo o SUAS como fruto da luta social e da organiza\u00e7\u00e3o de trabalhadores, de usu\u00e1rios e gestores comprometidos com a dignidade humana, Jeane Gleyde, secret\u00e1ria de Desenvolvimento Social e Cidadania de Cama\u00e7ari, enfatizou o papel das pessoas no processo de constru\u00e7\u00e3o e desenvolvimento do sistema. \u201cA participa\u00e7\u00e3o popular \u00e9 a alma da assist\u00eancia social, por isso \u00e9 essencial destacar o papel dos usu\u00e1rios e usu\u00e1rias que s\u00e3o sujeitos de direitos, protagonistas das pol\u00edticas p\u00fablicas e agentes de transforma\u00e7\u00e3o\u201d, declarou.<\/p>\n\n\n\n<p>Marcondes Souza, presidente do CMAS, frisou o lugar que Cama\u00e7ari ocupa junto ao SUAS. \u201cDentro da confer\u00eancia saem sugest\u00f5es e s\u00e3o essas propostas que seguem para o evento de abrang\u00eancia estadual. Inclusive, a proposta que Cama\u00e7ari levou para o estadual passou para o nacional na \u00faltima confer\u00eancia, ent\u00e3o isso \u00e9 muito importante. A representatividade do munic\u00edpio de Cama\u00e7ari no cen\u00e1rio estadual e no cen\u00e1rio nacional \u00e9 grande\u201d, ressalvou.<\/p>\n\n\n\n<p>Tamb\u00e9m participaram da mesa de abertura os representantes de usu\u00e1rios e de trabalhadores do SUAS, Patr\u00edcia Maria de Jesus e Claudio Caires, respectivamente. Pelas entidades de assist\u00eancia social, Eliete Faustina, e pelo Conselho Estadual de Assist\u00eancia Social, Lucas Neves.&nbsp; Pela C\u00e2mara Municipal de Cama\u00e7ari, a senhora Maria C\u00e9lia Bispo, representando a presid\u00eancia da Casa Legislativa, e o vereador Jo\u00e3o D\u00e3o, presidente da Comiss\u00e3o de Educa\u00e7\u00e3o e Assist\u00eancia Social.<\/p>\n\n\n\n<p>Conclu\u00eddo o ato de abertura, os presentes foram brindados com uma apresenta\u00e7\u00e3o cultural do Boi Mimoso, integrado por crian\u00e7as organizadas pela Associa\u00e7\u00e3o Comunit\u00e1ria de Desenvolvimento de Parafuso.<\/p>\n\n\n\n<p>As propostas consolidadas durante os dois dias da 12\u00aa Confer\u00eancia Municipal de Assist\u00eancia Social seguir\u00e3o para as confer\u00eancias estadual e nacional, que acontecer\u00e3o nos meses de setembro e dezembro.<\/p>\n\n\n\n<p>Em Cama\u00e7ari, a confer\u00eancia de assist\u00eancia social acontece em Busca Vida, no Hotel Bahia Plaza.<\/p>\n\n\n\n<p>Foto: Juliano Sarraf<\/p>\n\n\n\n<figure class=\"wp-block-image size-large\"><img loading=\"lazy\" decoding=\"async\" width=\"1024\" height=\"682\" src=\"https:\/\/compartilhabahia.com.br\/wp-content\/uploads\/2025\/07\/12-conferencia-assistencia-social-Camacari-2025_Foto_Juliano-Sarraf.7-1-1024x682.jpeg\" alt=\"\" class=\"wp-image-7167\" srcset=\"https:\/\/compartilhabahia.com.br\/wp-content\/uploads\/2025\/07\/12-conferencia-assistencia-social-Camacari-2025_Foto_Juliano-Sarraf.7-1-1024x682.jpeg 1024w, https:\/\/compartilhabahia.com.br\/wp-content\/uploads\/2025\/07\/12-conferencia-assistencia-social-Camacari-2025_Foto_Juliano-Sarraf.7-1-300x200.jpeg 300w, https:\/\/compartilhabahia.com.br\/wp-content\/uploads\/2025\/07\/12-conferencia-assistencia-social-Camacari-2025_Foto_Juliano-Sarraf.7-1-768x512.jpeg 768w, https:\/\/compartilhabahia.com.br\/wp-content\/uploads\/2025\/07\/12-conferencia-assistencia-social-Camacari-2025_Foto_Juliano-Sarraf.7-1-1536x1023.jpeg 1536w, https:\/\/compartilhabahia.com.br\/wp-content\/uploads\/2025\/07\/12-conferencia-assistencia-social-Camacari-2025_Foto_Juliano-Sarraf.7-1-1200x800.jpeg 1200w, https:\/\/compartilhabahia.com.br\/wp-content\/uploads\/2025\/07\/12-conferencia-assistencia-social-Camacari-2025_Foto_Juliano-Sarraf.7-1.jpeg 1600w\" sizes=\"auto, (max-width: 1024px) 100vw, 1024px\" \/><\/figure>\n","protected":false},"excerpt":{"rendered":"<p>Na manh\u00e3 dessa quarta-feira (9), teve in\u00edcio a 12\u00aa Confer\u00eancia Municipal de Assist\u00eancia Social de Cama\u00e7ari, com o tema \u201c20 anos de SUAS: Constru\u00e7\u00e3o, Prote\u00e7\u00e3o Social e Resist\u00eancia\u201d. O evento objetiva avaliar, debater e propor pol\u00edticas para o aprimoramento do Sistema \u00danico de Assist\u00eancia Social (SUAS), a partir de contribui\u00e7\u00f5es da rede local, formada por [&hellip;]<\/p>\n","protected":false},"author":1,"featured_media":7165,"comment_status":"open","ping_status":"open","sticky":false,"template":"","format":"standard","meta":{"footnotes":""},"categories":[8],"tags":[],"class_list":["post-7164","post","type-post","status-publish","format-standard","has-post-thumbnail","hentry","category-camacari"],"yoast_head":"<!-- This site is optimized with the Yoast SEO plugin v21.7 - https:\/\/yoast.com\/wordpress\/plugins\/seo\/ -->\n<title>12\u00aa Confer\u00eancia Municipal de Assist\u00eancia Social de Cama\u00e7ari t\u00eam dois dias de debate - Compartilha Bahia<\/title>\n<meta name=\"robots\" content=\"index, follow, max-snippet:-1, max-image-preview:large, max-video-preview:-1\" \/>\n<link rel=\"canonical\" href=\"https:\/\/compartilhabahia.com.br\/index.php\/2025\/07\/09\/12a-conferencia-municipal-de-assistencia-social-de-camacari-tem-dois-dias-de-debate\/\" \/>\n<meta property=\"og:locale\" content=\"pt_BR\" \/>\n<meta property=\"og:type\" content=\"article\" \/>\n<meta property=\"og:title\" content=\"12\u00aa Confer\u00eancia Municipal de Assist\u00eancia Social de Cama\u00e7ari t\u00eam dois dias de debate - Compartilha Bahia\" \/>\n<meta property=\"og:description\" content=\"Na manh\u00e3 dessa quarta-feira (9), teve in\u00edcio a 12\u00aa Confer\u00eancia Municipal de Assist\u00eancia Social de Cama\u00e7ari, com o tema \u201c20 anos de SUAS: Constru\u00e7\u00e3o, Prote\u00e7\u00e3o Social e Resist\u00eancia\u201d. O evento objetiva avaliar, debater e propor pol\u00edticas para o aprimoramento do Sistema \u00danico de Assist\u00eancia Social (SUAS), a partir de contribui\u00e7\u00f5es da rede local, formada por [&hellip;]\" \/>\n<meta property=\"og:url\" content=\"https:\/\/compartilhabahia.com.br\/index.php\/2025\/07\/09\/12a-conferencia-municipal-de-assistencia-social-de-camacari-tem-dois-dias-de-debate\/\" \/>\n<meta property=\"og:site_name\" content=\"Compartilha Bahia\" \/>\n<meta property=\"article:publisher\" content=\"https:\/\/web.facebook.com\/compartilhabahia\" \/>\n<meta property=\"article:published_time\" content=\"2025-07-10T00:56:36+00:00\" \/>\n<meta property=\"article:modified_time\" content=\"2025-07-10T00:56:39+00:00\" \/>\n<meta property=\"og:image\" content=\"https:\/\/compartilhabahia.com.br\/wp-content\/uploads\/2025\/07\/12-conferencia-assistencia-social-Camacari-2025_Jeane-Gleyde-Foto_Juliano-Sarraf.jpg\" \/>\n\t<meta property=\"og:image:width\" content=\"960\" \/>\n\t<meta property=\"og:image:height\" content=\"640\" \/>\n\t<meta property=\"og:image:type\" content=\"image\/jpeg\" \/>\n<meta name=\"author\" content=\"admin\" \/>\n<meta name=\"twitter:card\" content=\"summary_large_image\" \/>\n<meta name=\"twitter:label1\" content=\"Escrito por\" \/>\n\t<meta name=\"twitter:data1\" content=\"admin\" \/>\n\t<meta name=\"twitter:label2\" content=\"Est. tempo de leitura\" \/>\n\t<meta name=\"twitter:data2\" content=\"4 minutos\" \/>\n<script type=\"application\/ld+json\" class=\"yoast-schema-graph\">{\"@context\":\"https:\/\/schema.org\",\"@graph\":[{\"@type\":\"Article\",\"@id\":\"https:\/\/compartilhabahia.com.br\/index.php\/2025\/07\/09\/12a-conferencia-municipal-de-assistencia-social-de-camacari-tem-dois-dias-de-debate\/#article\",\"isPartOf\":{\"@id\":\"https:\/\/compartilhabahia.com.br\/index.php\/2025\/07\/09\/12a-conferencia-municipal-de-assistencia-social-de-camacari-tem-dois-dias-de-debate\/\"},\"author\":{\"name\":\"admin\",\"@id\":\"https:\/\/compartilhabahia.com.br\/#\/schema\/person\/9b4f0c3178793b8248d6686732521c04\"},\"headline\":\"12\u00aa Confer\u00eancia Municipal de Assist\u00eancia Social de Cama\u00e7ari t\u00eam dois dias de debate\",\"datePublished\":\"2025-07-10T00:56:36+00:00\",\"dateModified\":\"2025-07-10T00:56:39+00:00\",\"mainEntityOfPage\":{\"@id\":\"https:\/\/compartilhabahia.com.br\/index.php\/2025\/07\/09\/12a-conferencia-municipal-de-assistencia-social-de-camacari-tem-dois-dias-de-debate\/\"},\"wordCount\":681,\"commentCount\":0,\"publisher\":{\"@id\":\"https:\/\/compartilhabahia.com.br\/#organization\"},\"articleSection\":[\"Cama\u00e7ari\"],\"inLanguage\":\"pt-BR\",\"potentialAction\":[{\"@type\":\"CommentAction\",\"name\":\"Comment\",\"target\":[\"https:\/\/compartilhabahia.com.br\/index.php\/2025\/07\/09\/12a-conferencia-municipal-de-assistencia-social-de-camacari-tem-dois-dias-de-debate\/#respond\"]}]},{\"@type\":\"WebPage\",\"@id\":\"https:\/\/compartilhabahia.com.br\/index.php\/2025\/07\/09\/12a-conferencia-municipal-de-assistencia-social-de-camacari-tem-dois-dias-de-debate\/\",\"url\":\"https:\/\/compartilhabahia.com.br\/index.php\/2025\/07\/09\/12a-conferencia-municipal-de-assistencia-social-de-camacari-tem-dois-dias-de-debate\/\",\"name\":\"12\u00aa Confer\u00eancia Municipal de Assist\u00eancia Social de Cama\u00e7ari t\u00eam dois dias de debate - Compartilha Bahia\",\"isPartOf\":{\"@id\":\"https:\/\/compartilhabahia.com.br\/#website\"},\"datePublished\":\"2025-07-10T00:56:36+00:00\",\"dateModified\":\"2025-07-10T00:56:39+00:00\",\"breadcrumb\":{\"@id\":\"https:\/\/compartilhabahia.com.br\/index.php\/2025\/07\/09\/12a-conferencia-municipal-de-assistencia-social-de-camacari-tem-dois-dias-de-debate\/#breadcrumb\"},\"inLanguage\":\"pt-BR\",\"potentialAction\":[{\"@type\":\"ReadAction\",\"target\":[\"https:\/\/compartilhabahia.com.br\/index.php\/2025\/07\/09\/12a-conferencia-municipal-de-assistencia-social-de-camacari-tem-dois-dias-de-debate\/\"]}]},{\"@type\":\"BreadcrumbList\",\"@id\":\"https:\/\/compartilhabahia.com.br\/index.php\/2025\/07\/09\/12a-conferencia-municipal-de-assistencia-social-de-camacari-tem-dois-dias-de-debate\/#breadcrumb\",\"itemListElement\":[{\"@type\":\"ListItem\",\"position\":1,\"name\":\"In\u00edcio\",\"item\":\"https:\/\/compartilhabahia.com.br\/\"},{\"@type\":\"ListItem\",\"position\":2,\"name\":\"12\u00aa Confer\u00eancia Municipal de Assist\u00eancia Social de Cama\u00e7ari t\u00eam dois dias de debate\"}]},{\"@type\":\"WebSite\",\"@id\":\"https:\/\/compartilhabahia.com.br\/#website\",\"url\":\"https:\/\/compartilhabahia.com.br\/\",\"name\":\"Compartilha Bahia\",\"description\":\"\",\"publisher\":{\"@id\":\"https:\/\/compartilhabahia.com.br\/#organization\"},\"potentialAction\":[{\"@type\":\"SearchAction\",\"target\":{\"@type\":\"EntryPoint\",\"urlTemplate\":\"https:\/\/compartilhabahia.com.br\/?s={search_term_string}\"},\"query-input\":\"required name=search_term_string\"}],\"inLanguage\":\"pt-BR\"},{\"@type\":\"Organization\",\"@id\":\"https:\/\/compartilhabahia.com.br\/#organization\",\"name\":\"Compartilha Bahia\",\"url\":\"https:\/\/compartilhabahia.com.br\/\",\"logo\":{\"@type\":\"ImageObject\",\"inLanguage\":\"pt-BR\",\"@id\":\"https:\/\/compartilhabahia.com.br\/#\/schema\/logo\/image\/\",\"url\":\"https:\/\/compartilhabahia.com.br\/wp-content\/uploads\/2023\/12\/cropped-logo.png\",\"contentUrl\":\"https:\/\/compartilhabahia.com.br\/wp-content\/uploads\/2023\/12\/cropped-logo.png\",\"width\":300,\"height\":106,\"caption\":\"Compartilha Bahia\"},\"image\":{\"@id\":\"https:\/\/compartilhabahia.com.br\/#\/schema\/logo\/image\/\"},\"sameAs\":[\"https:\/\/web.facebook.com\/compartilhabahia\",\"https:\/\/www.instagram.com\/compartilhabahia\/\"]},{\"@type\":\"Person\",\"@id\":\"https:\/\/compartilhabahia.com.br\/#\/schema\/person\/9b4f0c3178793b8248d6686732521c04\",\"name\":\"admin\",\"image\":{\"@type\":\"ImageObject\",\"inLanguage\":\"pt-BR\",\"@id\":\"https:\/\/compartilhabahia.com.br\/#\/schema\/person\/image\/\",\"url\":\"https:\/\/secure.gravatar.com\/avatar\/9600df58751c5acbe914c538c03390ef649ea088cb65f84ba09c7ce66988eed6?s=96&d=mm&r=g\",\"contentUrl\":\"https:\/\/secure.gravatar.com\/avatar\/9600df58751c5acbe914c538c03390ef649ea088cb65f84ba09c7ce66988eed6?s=96&d=mm&r=g\",\"caption\":\"admin\"},\"sameAs\":[\"https:\/\/compartilhabahia.com.br\"],\"url\":\"https:\/\/compartilhabahia.com.br\/index.php\/author\/compartilhabahia\/\"}]}<\/script>\n<!-- \/ Yoast SEO plugin. -->","yoast_head_json":{"title":"12\u00aa Confer\u00eancia Municipal de Assist\u00eancia Social de Cama\u00e7ari t\u00eam dois dias de debate - Compartilha Bahia","robots":{"index":"index","follow":"follow","max-snippet":"max-snippet:-1","max-image-preview":"max-image-preview:large","max-video-preview":"max-video-preview:-1"},"canonical":"https:\/\/compartilhabahia.com.br\/index.php\/2025\/07\/09\/12a-conferencia-municipal-de-assistencia-social-de-camacari-tem-dois-dias-de-debate\/","og_locale":"pt_BR","og_type":"article","og_title":"12\u00aa Confer\u00eancia Municipal de Assist\u00eancia Social de Cama\u00e7ari t\u00eam dois dias de debate - Compartilha Bahia","og_description":"Na manh\u00e3 dessa quarta-feira (9), teve in\u00edcio a 12\u00aa Confer\u00eancia Municipal de Assist\u00eancia Social de Cama\u00e7ari, com o tema \u201c20 anos de SUAS: Constru\u00e7\u00e3o, Prote\u00e7\u00e3o Social e Resist\u00eancia\u201d. O evento objetiva avaliar, debater e propor pol\u00edticas para o aprimoramento do Sistema \u00danico de Assist\u00eancia Social (SUAS), a partir de contribui\u00e7\u00f5es da rede local, formada por [&hellip;]","og_url":"https:\/\/compartilhabahia.com.br\/index.php\/2025\/07\/09\/12a-conferencia-municipal-de-assistencia-social-de-camacari-tem-dois-dias-de-debate\/","og_site_name":"Compartilha Bahia","article_publisher":"https:\/\/web.facebook.com\/compartilhabahia","article_published_time":"2025-07-10T00:56:36+00:00","article_modified_time":"2025-07-10T00:56:39+00:00","og_image":[{"width":960,"height":640,"url":"https:\/\/compartilhabahia.com.br\/wp-content\/uploads\/2025\/07\/12-conferencia-assistencia-social-Camacari-2025_Jeane-Gleyde-Foto_Juliano-Sarraf.jpg","type":"image\/jpeg"}],"author":"admin","twitter_card":"summary_large_image","twitter_misc":{"Escrito por":"admin","Est. tempo de leitura":"4 minutos"},"schema":{"@context":"https:\/\/schema.org","@graph":[{"@type":"Article","@id":"https:\/\/compartilhabahia.com.br\/index.php\/2025\/07\/09\/12a-conferencia-municipal-de-assistencia-social-de-camacari-tem-dois-dias-de-debate\/#article","isPartOf":{"@id":"https:\/\/compartilhabahia.com.br\/index.php\/2025\/07\/09\/12a-conferencia-municipal-de-assistencia-social-de-camacari-tem-dois-dias-de-debate\/"},"author":{"name":"admin","@id":"https:\/\/compartilhabahia.com.br\/#\/schema\/person\/9b4f0c3178793b8248d6686732521c04"},"headline":"12\u00aa Confer\u00eancia Municipal de Assist\u00eancia Social de Cama\u00e7ari t\u00eam dois dias de debate","datePublished":"2025-07-10T00:56:36+00:00","dateModified":"2025-07-10T00:56:39+00:00","mainEntityOfPage":{"@id":"https:\/\/compartilhabahia.com.br\/index.php\/2025\/07\/09\/12a-conferencia-municipal-de-assistencia-social-de-camacari-tem-dois-dias-de-debate\/"},"wordCount":681,"commentCount":0,"publisher":{"@id":"https:\/\/compartilhabahia.com.br\/#organization"},"articleSection":["Cama\u00e7ari"],"inLanguage":"pt-BR","potentialAction":[{"@type":"CommentAction","name":"Comment","target":["https:\/\/compartilhabahia.com.br\/index.php\/2025\/07\/09\/12a-conferencia-municipal-de-assistencia-social-de-camacari-tem-dois-dias-de-debate\/#respond"]}]},{"@type":"WebPage","@id":"https:\/\/compartilhabahia.com.br\/index.php\/2025\/07\/09\/12a-conferencia-municipal-de-assistencia-social-de-camacari-tem-dois-dias-de-debate\/","url":"https:\/\/compartilhabahia.com.br\/index.php\/2025\/07\/09\/12a-conferencia-municipal-de-assistencia-social-de-camacari-tem-dois-dias-de-debate\/","name":"12\u00aa Confer\u00eancia Municipal de Assist\u00eancia Social de Cama\u00e7ari t\u00eam dois dias de debate - Compartilha Bahia","isPartOf":{"@id":"https:\/\/compartilhabahia.com.br\/#website"},"datePublished":"2025-07-10T00:56:36+00:00","dateModified":"2025-07-10T00:56:39+00:00","breadcrumb":{"@id":"https:\/\/compartilhabahia.com.br\/index.php\/2025\/07\/09\/12a-conferencia-municipal-de-assistencia-social-de-camacari-tem-dois-dias-de-debate\/#breadcrumb"},"inLanguage":"pt-BR","potentialAction":[{"@type":"ReadAction","target":["https:\/\/compartilhabahia.com.br\/index.php\/2025\/07\/09\/12a-conferencia-municipal-de-assistencia-social-de-camacari-tem-dois-dias-de-debate\/"]}]},{"@type":"BreadcrumbList","@id":"https:\/\/compartilhabahia.com.br\/index.php\/2025\/07\/09\/12a-conferencia-municipal-de-assistencia-social-de-camacari-tem-dois-dias-de-debate\/#breadcrumb","itemListElement":[{"@type":"ListItem","position":1,"name":"In\u00edcio","item":"https:\/\/compartilhabahia.com.br\/"},{"@type":"ListItem","position":2,"name":"12\u00aa Confer\u00eancia Municipal de Assist\u00eancia Social de Cama\u00e7ari t\u00eam dois dias de debate"}]},{"@type":"WebSite","@id":"https:\/\/compartilhabahia.com.br\/#website","url":"https:\/\/compartilhabahia.com.br\/","name":"Compartilha Bahia","description":"","publisher":{"@id":"https:\/\/compartilhabahia.com.br\/#organization"},"potentialAction":[{"@type":"SearchAction","target":{"@type":"EntryPoint","urlTemplate":"https:\/\/compartilhabahia.com.br\/?s={search_term_string}"},"query-input":"required name=search_term_string"}],"inLanguage":"pt-BR"},{"@type":"Organization","@id":"https:\/\/compartilhabahia.com.br\/#organization","name":"Compartilha Bahia","url":"https:\/\/compartilhabahia.com.br\/","logo":{"@type":"ImageObject","inLanguage":"pt-BR","@id":"https:\/\/compartilhabahia.com.br\/#\/schema\/logo\/image\/","url":"https:\/\/compartilhabahia.com.br\/wp-content\/uploads\/2023\/12\/cropped-logo.png","contentUrl":"https:\/\/compartilhabahia.com.br\/wp-content\/uploads\/2023\/12\/cropped-logo.png","width":300,"height":106,"caption":"Compartilha Bahia"},"image":{"@id":"https:\/\/compartilhabahia.com.br\/#\/schema\/logo\/image\/"},"sameAs":["https:\/\/web.facebook.com\/compartilhabahia","https:\/\/www.instagram.com\/compartilhabahia\/"]},{"@type":"Person","@id":"https:\/\/compartilhabahia.com.br\/#\/schema\/person\/9b4f0c3178793b8248d6686732521c04","name":"admin","image":{"@type":"ImageObject","inLanguage":"pt-BR","@id":"https:\/\/compartilhabahia.com.br\/#\/schema\/person\/image\/","url":"https:\/\/secure.gravatar.com\/avatar\/9600df58751c5acbe914c538c03390ef649ea088cb65f84ba09c7ce66988eed6?s=96&d=mm&r=g","contentUrl":"https:\/\/secure.gravatar.com\/avatar\/9600df58751c5acbe914c538c03390ef649ea088cb65f84ba09c7ce66988eed6?s=96&d=mm&r=g","caption":"admin"},"sameAs":["https:\/\/compartilhabahia.com.br"],"url":"https:\/\/compartilhabahia.com.br\/index.php\/author\/compartilhabahia\/"}]}},"_links":{"self":[{"href":"https:\/\/compartilhabahia.com.br\/index.php\/wp-json\/wp\/v2\/posts\/7164","targetHints":{"allow":["GET"]}}],"collection":[{"href":"https:\/\/compartilhabahia.com.br\/index.php\/wp-json\/wp\/v2\/posts"}],"about":[{"href":"https:\/\/compartilhabahia.com.br\/index.php\/wp-json\/wp\/v2\/types\/post"}],"author":[{"embeddable":true,"href":"https:\/\/compartilhabahia.com.br\/index.php\/wp-json\/wp\/v2\/users\/1"}],"replies":[{"embeddable":true,"href":"https:\/\/compartilhabahia.com.br\/index.php\/wp-json\/wp\/v2\/comments?post=7164"}],"version-history":[{"count":1,"href":"https:\/\/compartilhabahia.com.br\/index.php\/wp-json\/wp\/v2\/posts\/7164\/revisions"}],"predecessor-version":[{"id":7168,"href":"https:\/\/compartilhabahia.com.br\/index.php\/wp-json\/wp\/v2\/posts\/7164\/revisions\/7168"}],"wp:featuredmedia":[{"embeddable":true,"href":"https:\/\/compartilhabahia.com.br\/index.php\/wp-json\/wp\/v2\/media\/7165"}],"wp:attachment":[{"href":"https:\/\/compartilhabahia.com.br\/index.php\/wp-json\/wp\/v2\/media?parent=7164"}],"wp:term":[{"taxonomy":"category","embeddable":true,"href":"https:\/\/compartilhabahia.com.br\/index.php\/wp-json\/wp\/v2\/categories?post=7164"},{"taxonomy":"post_tag","embeddable":true,"href":"https:\/\/compartilhabahia.com.br\/index.php\/wp-json\/wp\/v2\/tags?post=7164"}],"curies":[{"name":"wp","href":"https:\/\/api.w.org\/{rel}","templated":true}]}}