{"id":7157,"date":"2025-07-09T15:46:54","date_gmt":"2025-07-09T18:46:54","guid":{"rendered":"https:\/\/compartilhabahia.com.br\/?p=7157"},"modified":"2025-07-09T16:09:09","modified_gmt":"2025-07-09T19:09:09","slug":"sala-da-ggim-foi-bastante-visitada-para-cumprimentar-gilberto-derrico-pela-posse","status":"publish","type":"post","link":"https:\/\/compartilhabahia.com.br\/index.php\/2025\/07\/09\/sala-da-ggim-foi-bastante-visitada-para-cumprimentar-gilberto-derrico-pela-posse\/","title":{"rendered":"Sala da GGIM foi bastante visitada para cumprimentar Gilberto D\u2019Errico pela posse"},"content":{"rendered":"\n<p>Fazem tr\u00eas dias, nesta quarta-feira (9\/7) que a sala do Gabinete de Gest\u00e3o Integrada Municipal (GGIM) esta bastante movimentada, principalmente de cidad\u00e3os, que se dirigem at\u00e9 a prefeitura para cumprimentar Gilberto D\u2019Errico pela posse no cargo de secret\u00e1rio executivo do novo gabinete, que foi institu\u00eddo na segunda-feira (7\/7), durante ato na sala de reuni\u00e3o da Secretaria de Governo (Segov), onde foi assinado pelo prefeito Luiz Carlos Caetano o decreto n.\u00ba 8223\/2025, que criou essa importante ferramenta de estrat\u00e9gia voltada ao fortalecimento da seguran\u00e7a p\u00fablica na cidade.<\/p>\n\n\n\n<p>Gilberto D&#8217;Rico tem um vasto curr\u00edculo como servidor p\u00fablico, tendo sido oficial da Pol\u00edcia Militar, vice-prefeito de Cama\u00e7ari e secret\u00e1rio de esporte, considerado por muitos como um dos pol\u00edticos mais bem avaliados da recente hist\u00f3ria municipal. <\/p>\n\n\n\n<p>Uma das metas do novo gabinete \u00e9 implementar a\u00e7\u00f5es do Plano Municipal de Seguran\u00e7a P\u00fablica, que foi elaborado pela sociedade organizada, pelo Minist\u00e9rio P\u00fablico, pela OAB, pela Pol\u00edcia Militar, Pol\u00edcia Civil, C\u00e2mara Municipal, Prefeitura Municipal, entre outros \u00f3rg\u00e3os.<\/p>\n\n\n\n<p><\/p>\n\n\n\n<p><\/p>\n","protected":false},"excerpt":{"rendered":"<p>Fazem tr\u00eas dias, nesta quarta-feira (9\/7) que a sala do Gabinete de Gest\u00e3o Integrada Municipal (GGIM) esta bastante movimentada, principalmente de cidad\u00e3os, que se dirigem at\u00e9 a prefeitura para cumprimentar Gilberto D\u2019Errico pela posse no cargo de secret\u00e1rio executivo do novo gabinete, que foi institu\u00eddo na segunda-feira (7\/7), durante ato na sala de reuni\u00e3o da [&hellip;]<\/p>\n","protected":false},"author":1,"featured_media":7158,"comment_status":"open","ping_status":"open","sticky":false,"template":"","format":"standard","meta":{"footnotes":""},"categories":[8],"tags":[],"class_list":["post-7157","post","type-post","status-publish","format-standard","has-post-thumbnail","hentry","category-camacari"],"yoast_head":"<!-- This site is optimized with the Yoast SEO plugin v21.7 - https:\/\/yoast.com\/wordpress\/plugins\/seo\/ -->\n<title>Sala da GGIM foi bastante visitada para cumprimentar Gilberto D\u2019Errico pela posse - Compartilha Bahia<\/title>\n<meta name=\"robots\" content=\"index, follow, max-snippet:-1, max-image-preview:large, max-video-preview:-1\" \/>\n<link rel=\"canonical\" href=\"https:\/\/compartilhabahia.com.br\/index.php\/2025\/07\/09\/sala-da-ggim-foi-bastante-visitada-para-cumprimentar-gilberto-derrico-pela-posse\/\" \/>\n<meta property=\"og:locale\" content=\"pt_BR\" \/>\n<meta property=\"og:type\" content=\"article\" \/>\n<meta property=\"og:title\" content=\"Sala da GGIM foi bastante visitada para cumprimentar Gilberto D\u2019Errico pela posse - Compartilha Bahia\" \/>\n<meta property=\"og:description\" content=\"Fazem tr\u00eas dias, nesta quarta-feira (9\/7) que a sala do Gabinete de Gest\u00e3o Integrada Municipal (GGIM) esta bastante movimentada, principalmente de cidad\u00e3os, que se dirigem at\u00e9 a prefeitura para cumprimentar Gilberto D\u2019Errico pela posse no cargo de secret\u00e1rio executivo do novo gabinete, que foi institu\u00eddo na segunda-feira (7\/7), durante ato na sala de reuni\u00e3o da [&hellip;]\" \/>\n<meta property=\"og:url\" content=\"https:\/\/compartilhabahia.com.br\/index.php\/2025\/07\/09\/sala-da-ggim-foi-bastante-visitada-para-cumprimentar-gilberto-derrico-pela-posse\/\" \/>\n<meta property=\"og:site_name\" content=\"Compartilha Bahia\" \/>\n<meta property=\"article:publisher\" content=\"https:\/\/web.facebook.com\/compartilhabahia\" \/>\n<meta property=\"article:published_time\" content=\"2025-07-09T18:46:54+00:00\" \/>\n<meta property=\"article:modified_time\" content=\"2025-07-09T19:09:09+00:00\" \/>\n<meta property=\"og:image\" content=\"https:\/\/compartilhabahia.com.br\/wp-content\/uploads\/2025\/07\/gilbertoderrico.jpg\" \/>\n\t<meta property=\"og:image:width\" content=\"800\" \/>\n\t<meta property=\"og:image:height\" content=\"533\" \/>\n\t<meta property=\"og:image:type\" content=\"image\/jpeg\" \/>\n<meta name=\"author\" content=\"admin\" \/>\n<meta name=\"twitter:card\" content=\"summary_large_image\" \/>\n<meta name=\"twitter:label1\" content=\"Escrito por\" \/>\n\t<meta name=\"twitter:data1\" content=\"admin\" \/>\n\t<meta name=\"twitter:label2\" content=\"Est. tempo de leitura\" \/>\n\t<meta name=\"twitter:data2\" content=\"2 minutos\" \/>\n<script type=\"application\/ld+json\" class=\"yoast-schema-graph\">{\"@context\":\"https:\/\/schema.org\",\"@graph\":[{\"@type\":\"Article\",\"@id\":\"https:\/\/compartilhabahia.com.br\/index.php\/2025\/07\/09\/sala-da-ggim-foi-bastante-visitada-para-cumprimentar-gilberto-derrico-pela-posse\/#article\",\"isPartOf\":{\"@id\":\"https:\/\/compartilhabahia.com.br\/index.php\/2025\/07\/09\/sala-da-ggim-foi-bastante-visitada-para-cumprimentar-gilberto-derrico-pela-posse\/\"},\"author\":{\"name\":\"admin\",\"@id\":\"https:\/\/compartilhabahia.com.br\/#\/schema\/person\/9b4f0c3178793b8248d6686732521c04\"},\"headline\":\"Sala da GGIM foi bastante visitada para cumprimentar Gilberto D\u2019Errico pela posse\",\"datePublished\":\"2025-07-09T18:46:54+00:00\",\"dateModified\":\"2025-07-09T19:09:09+00:00\",\"mainEntityOfPage\":{\"@id\":\"https:\/\/compartilhabahia.com.br\/index.php\/2025\/07\/09\/sala-da-ggim-foi-bastante-visitada-para-cumprimentar-gilberto-derrico-pela-posse\/\"},\"wordCount\":195,\"commentCount\":0,\"publisher\":{\"@id\":\"https:\/\/compartilhabahia.com.br\/#organization\"},\"articleSection\":[\"Cama\u00e7ari\"],\"inLanguage\":\"pt-BR\",\"potentialAction\":[{\"@type\":\"CommentAction\",\"name\":\"Comment\",\"target\":[\"https:\/\/compartilhabahia.com.br\/index.php\/2025\/07\/09\/sala-da-ggim-foi-bastante-visitada-para-cumprimentar-gilberto-derrico-pela-posse\/#respond\"]}]},{\"@type\":\"WebPage\",\"@id\":\"https:\/\/compartilhabahia.com.br\/index.php\/2025\/07\/09\/sala-da-ggim-foi-bastante-visitada-para-cumprimentar-gilberto-derrico-pela-posse\/\",\"url\":\"https:\/\/compartilhabahia.com.br\/index.php\/2025\/07\/09\/sala-da-ggim-foi-bastante-visitada-para-cumprimentar-gilberto-derrico-pela-posse\/\",\"name\":\"Sala da GGIM foi bastante visitada para cumprimentar Gilberto D\u2019Errico pela posse - Compartilha Bahia\",\"isPartOf\":{\"@id\":\"https:\/\/compartilhabahia.com.br\/#website\"},\"datePublished\":\"2025-07-09T18:46:54+00:00\",\"dateModified\":\"2025-07-09T19:09:09+00:00\",\"breadcrumb\":{\"@id\":\"https:\/\/compartilhabahia.com.br\/index.php\/2025\/07\/09\/sala-da-ggim-foi-bastante-visitada-para-cumprimentar-gilberto-derrico-pela-posse\/#breadcrumb\"},\"inLanguage\":\"pt-BR\",\"potentialAction\":[{\"@type\":\"ReadAction\",\"target\":[\"https:\/\/compartilhabahia.com.br\/index.php\/2025\/07\/09\/sala-da-ggim-foi-bastante-visitada-para-cumprimentar-gilberto-derrico-pela-posse\/\"]}]},{\"@type\":\"BreadcrumbList\",\"@id\":\"https:\/\/compartilhabahia.com.br\/index.php\/2025\/07\/09\/sala-da-ggim-foi-bastante-visitada-para-cumprimentar-gilberto-derrico-pela-posse\/#breadcrumb\",\"itemListElement\":[{\"@type\":\"ListItem\",\"position\":1,\"name\":\"In\u00edcio\",\"item\":\"https:\/\/compartilhabahia.com.br\/\"},{\"@type\":\"ListItem\",\"position\":2,\"name\":\"Sala da GGIM foi bastante visitada para cumprimentar Gilberto D\u2019Errico pela posse\"}]},{\"@type\":\"WebSite\",\"@id\":\"https:\/\/compartilhabahia.com.br\/#website\",\"url\":\"https:\/\/compartilhabahia.com.br\/\",\"name\":\"Compartilha Bahia\",\"description\":\"\",\"publisher\":{\"@id\":\"https:\/\/compartilhabahia.com.br\/#organization\"},\"potentialAction\":[{\"@type\":\"SearchAction\",\"target\":{\"@type\":\"EntryPoint\",\"urlTemplate\":\"https:\/\/compartilhabahia.com.br\/?s={search_term_string}\"},\"query-input\":\"required name=search_term_string\"}],\"inLanguage\":\"pt-BR\"},{\"@type\":\"Organization\",\"@id\":\"https:\/\/compartilhabahia.com.br\/#organization\",\"name\":\"Compartilha Bahia\",\"url\":\"https:\/\/compartilhabahia.com.br\/\",\"logo\":{\"@type\":\"ImageObject\",\"inLanguage\":\"pt-BR\",\"@id\":\"https:\/\/compartilhabahia.com.br\/#\/schema\/logo\/image\/\",\"url\":\"https:\/\/compartilhabahia.com.br\/wp-content\/uploads\/2023\/12\/cropped-logo.png\",\"contentUrl\":\"https:\/\/compartilhabahia.com.br\/wp-content\/uploads\/2023\/12\/cropped-logo.png\",\"width\":300,\"height\":106,\"caption\":\"Compartilha Bahia\"},\"image\":{\"@id\":\"https:\/\/compartilhabahia.com.br\/#\/schema\/logo\/image\/\"},\"sameAs\":[\"https:\/\/web.facebook.com\/compartilhabahia\",\"https:\/\/www.instagram.com\/compartilhabahia\/\"]},{\"@type\":\"Person\",\"@id\":\"https:\/\/compartilhabahia.com.br\/#\/schema\/person\/9b4f0c3178793b8248d6686732521c04\",\"name\":\"admin\",\"image\":{\"@type\":\"ImageObject\",\"inLanguage\":\"pt-BR\",\"@id\":\"https:\/\/compartilhabahia.com.br\/#\/schema\/person\/image\/\",\"url\":\"https:\/\/secure.gravatar.com\/avatar\/9600df58751c5acbe914c538c03390ef649ea088cb65f84ba09c7ce66988eed6?s=96&d=mm&r=g\",\"contentUrl\":\"https:\/\/secure.gravatar.com\/avatar\/9600df58751c5acbe914c538c03390ef649ea088cb65f84ba09c7ce66988eed6?s=96&d=mm&r=g\",\"caption\":\"admin\"},\"sameAs\":[\"https:\/\/compartilhabahia.com.br\"],\"url\":\"https:\/\/compartilhabahia.com.br\/index.php\/author\/compartilhabahia\/\"}]}<\/script>\n<!-- \/ Yoast SEO plugin. -->","yoast_head_json":{"title":"Sala da GGIM foi bastante visitada para cumprimentar Gilberto D\u2019Errico pela posse - Compartilha Bahia","robots":{"index":"index","follow":"follow","max-snippet":"max-snippet:-1","max-image-preview":"max-image-preview:large","max-video-preview":"max-video-preview:-1"},"canonical":"https:\/\/compartilhabahia.com.br\/index.php\/2025\/07\/09\/sala-da-ggim-foi-bastante-visitada-para-cumprimentar-gilberto-derrico-pela-posse\/","og_locale":"pt_BR","og_type":"article","og_title":"Sala da GGIM foi bastante visitada para cumprimentar Gilberto D\u2019Errico pela posse - Compartilha Bahia","og_description":"Fazem tr\u00eas dias, nesta quarta-feira (9\/7) que a sala do Gabinete de Gest\u00e3o Integrada Municipal (GGIM) esta bastante movimentada, principalmente de cidad\u00e3os, que se dirigem at\u00e9 a prefeitura para cumprimentar Gilberto D\u2019Errico pela posse no cargo de secret\u00e1rio executivo do novo gabinete, que foi institu\u00eddo na segunda-feira (7\/7), durante ato na sala de reuni\u00e3o da [&hellip;]","og_url":"https:\/\/compartilhabahia.com.br\/index.php\/2025\/07\/09\/sala-da-ggim-foi-bastante-visitada-para-cumprimentar-gilberto-derrico-pela-posse\/","og_site_name":"Compartilha Bahia","article_publisher":"https:\/\/web.facebook.com\/compartilhabahia","article_published_time":"2025-07-09T18:46:54+00:00","article_modified_time":"2025-07-09T19:09:09+00:00","og_image":[{"width":800,"height":533,"url":"https:\/\/compartilhabahia.com.br\/wp-content\/uploads\/2025\/07\/gilbertoderrico.jpg","type":"image\/jpeg"}],"author":"admin","twitter_card":"summary_large_image","twitter_misc":{"Escrito por":"admin","Est. tempo de leitura":"2 minutos"},"schema":{"@context":"https:\/\/schema.org","@graph":[{"@type":"Article","@id":"https:\/\/compartilhabahia.com.br\/index.php\/2025\/07\/09\/sala-da-ggim-foi-bastante-visitada-para-cumprimentar-gilberto-derrico-pela-posse\/#article","isPartOf":{"@id":"https:\/\/compartilhabahia.com.br\/index.php\/2025\/07\/09\/sala-da-ggim-foi-bastante-visitada-para-cumprimentar-gilberto-derrico-pela-posse\/"},"author":{"name":"admin","@id":"https:\/\/compartilhabahia.com.br\/#\/schema\/person\/9b4f0c3178793b8248d6686732521c04"},"headline":"Sala da GGIM foi bastante visitada para cumprimentar Gilberto D\u2019Errico pela posse","datePublished":"2025-07-09T18:46:54+00:00","dateModified":"2025-07-09T19:09:09+00:00","mainEntityOfPage":{"@id":"https:\/\/compartilhabahia.com.br\/index.php\/2025\/07\/09\/sala-da-ggim-foi-bastante-visitada-para-cumprimentar-gilberto-derrico-pela-posse\/"},"wordCount":195,"commentCount":0,"publisher":{"@id":"https:\/\/compartilhabahia.com.br\/#organization"},"articleSection":["Cama\u00e7ari"],"inLanguage":"pt-BR","potentialAction":[{"@type":"CommentAction","name":"Comment","target":["https:\/\/compartilhabahia.com.br\/index.php\/2025\/07\/09\/sala-da-ggim-foi-bastante-visitada-para-cumprimentar-gilberto-derrico-pela-posse\/#respond"]}]},{"@type":"WebPage","@id":"https:\/\/compartilhabahia.com.br\/index.php\/2025\/07\/09\/sala-da-ggim-foi-bastante-visitada-para-cumprimentar-gilberto-derrico-pela-posse\/","url":"https:\/\/compartilhabahia.com.br\/index.php\/2025\/07\/09\/sala-da-ggim-foi-bastante-visitada-para-cumprimentar-gilberto-derrico-pela-posse\/","name":"Sala da GGIM foi bastante visitada para cumprimentar Gilberto D\u2019Errico pela posse - Compartilha Bahia","isPartOf":{"@id":"https:\/\/compartilhabahia.com.br\/#website"},"datePublished":"2025-07-09T18:46:54+00:00","dateModified":"2025-07-09T19:09:09+00:00","breadcrumb":{"@id":"https:\/\/compartilhabahia.com.br\/index.php\/2025\/07\/09\/sala-da-ggim-foi-bastante-visitada-para-cumprimentar-gilberto-derrico-pela-posse\/#breadcrumb"},"inLanguage":"pt-BR","potentialAction":[{"@type":"ReadAction","target":["https:\/\/compartilhabahia.com.br\/index.php\/2025\/07\/09\/sala-da-ggim-foi-bastante-visitada-para-cumprimentar-gilberto-derrico-pela-posse\/"]}]},{"@type":"BreadcrumbList","@id":"https:\/\/compartilhabahia.com.br\/index.php\/2025\/07\/09\/sala-da-ggim-foi-bastante-visitada-para-cumprimentar-gilberto-derrico-pela-posse\/#breadcrumb","itemListElement":[{"@type":"ListItem","position":1,"name":"In\u00edcio","item":"https:\/\/compartilhabahia.com.br\/"},{"@type":"ListItem","position":2,"name":"Sala da GGIM foi bastante visitada para cumprimentar Gilberto D\u2019Errico pela posse"}]},{"@type":"WebSite","@id":"https:\/\/compartilhabahia.com.br\/#website","url":"https:\/\/compartilhabahia.com.br\/","name":"Compartilha Bahia","description":"","publisher":{"@id":"https:\/\/compartilhabahia.com.br\/#organization"},"potentialAction":[{"@type":"SearchAction","target":{"@type":"EntryPoint","urlTemplate":"https:\/\/compartilhabahia.com.br\/?s={search_term_string}"},"query-input":"required name=search_term_string"}],"inLanguage":"pt-BR"},{"@type":"Organization","@id":"https:\/\/compartilhabahia.com.br\/#organization","name":"Compartilha Bahia","url":"https:\/\/compartilhabahia.com.br\/","logo":{"@type":"ImageObject","inLanguage":"pt-BR","@id":"https:\/\/compartilhabahia.com.br\/#\/schema\/logo\/image\/","url":"https:\/\/compartilhabahia.com.br\/wp-content\/uploads\/2023\/12\/cropped-logo.png","contentUrl":"https:\/\/compartilhabahia.com.br\/wp-content\/uploads\/2023\/12\/cropped-logo.png","width":300,"height":106,"caption":"Compartilha Bahia"},"image":{"@id":"https:\/\/compartilhabahia.com.br\/#\/schema\/logo\/image\/"},"sameAs":["https:\/\/web.facebook.com\/compartilhabahia","https:\/\/www.instagram.com\/compartilhabahia\/"]},{"@type":"Person","@id":"https:\/\/compartilhabahia.com.br\/#\/schema\/person\/9b4f0c3178793b8248d6686732521c04","name":"admin","image":{"@type":"ImageObject","inLanguage":"pt-BR","@id":"https:\/\/compartilhabahia.com.br\/#\/schema\/person\/image\/","url":"https:\/\/secure.gravatar.com\/avatar\/9600df58751c5acbe914c538c03390ef649ea088cb65f84ba09c7ce66988eed6?s=96&d=mm&r=g","contentUrl":"https:\/\/secure.gravatar.com\/avatar\/9600df58751c5acbe914c538c03390ef649ea088cb65f84ba09c7ce66988eed6?s=96&d=mm&r=g","caption":"admin"},"sameAs":["https:\/\/compartilhabahia.com.br"],"url":"https:\/\/compartilhabahia.com.br\/index.php\/author\/compartilhabahia\/"}]}},"_links":{"self":[{"href":"https:\/\/compartilhabahia.com.br\/index.php\/wp-json\/wp\/v2\/posts\/7157","targetHints":{"allow":["GET"]}}],"collection":[{"href":"https:\/\/compartilhabahia.com.br\/index.php\/wp-json\/wp\/v2\/posts"}],"about":[{"href":"https:\/\/compartilhabahia.com.br\/index.php\/wp-json\/wp\/v2\/types\/post"}],"author":[{"embeddable":true,"href":"https:\/\/compartilhabahia.com.br\/index.php\/wp-json\/wp\/v2\/users\/1"}],"replies":[{"embeddable":true,"href":"https:\/\/compartilhabahia.com.br\/index.php\/wp-json\/wp\/v2\/comments?post=7157"}],"version-history":[{"count":4,"href":"https:\/\/compartilhabahia.com.br\/index.php\/wp-json\/wp\/v2\/posts\/7157\/revisions"}],"predecessor-version":[{"id":7163,"href":"https:\/\/compartilhabahia.com.br\/index.php\/wp-json\/wp\/v2\/posts\/7157\/revisions\/7163"}],"wp:featuredmedia":[{"embeddable":true,"href":"https:\/\/compartilhabahia.com.br\/index.php\/wp-json\/wp\/v2\/media\/7158"}],"wp:attachment":[{"href":"https:\/\/compartilhabahia.com.br\/index.php\/wp-json\/wp\/v2\/media?parent=7157"}],"wp:term":[{"taxonomy":"category","embeddable":true,"href":"https:\/\/compartilhabahia.com.br\/index.php\/wp-json\/wp\/v2\/categories?post=7157"},{"taxonomy":"post_tag","embeddable":true,"href":"https:\/\/compartilhabahia.com.br\/index.php\/wp-json\/wp\/v2\/tags?post=7157"}],"curies":[{"name":"wp","href":"https:\/\/api.w.org\/{rel}","templated":true}]}}