{"id":7154,"date":"2025-07-08T16:07:56","date_gmt":"2025-07-08T19:07:56","guid":{"rendered":"https:\/\/compartilhabahia.com.br\/?p=7154"},"modified":"2025-07-08T16:08:00","modified_gmt":"2025-07-08T19:08:00","slug":"mar-engana-com-aparencia-calma-no-inverno-e-aumenta-risco-de-afogamentos-em-busca-vida","status":"publish","type":"post","link":"https:\/\/compartilhabahia.com.br\/index.php\/2025\/07\/08\/mar-engana-com-aparencia-calma-no-inverno-e-aumenta-risco-de-afogamentos-em-busca-vida\/","title":{"rendered":"Mar engana com apar\u00eancia calma no inverno e aumenta risco de afogamentos em Busca Vida"},"content":{"rendered":"\n<p>A beleza natural da Praia de Busca Vida, no litoral de Cama\u00e7ari (BA), costuma encantar quem a visita. Mas, por tr\u00e1s do cen\u00e1rio paradis\u00edaco, esconde-se um perigo silencioso que ganha for\u00e7a com a chegada do inverno: o aumento das correntes marinhas e da for\u00e7a das ondas. Com a intensifica\u00e7\u00e3o dos ventos e o avan\u00e7o das frentes frias t\u00edpicas da esta\u00e7\u00e3o, a movimenta\u00e7\u00e3o do mar pode surpreender banhistas desavisados e provocar afogamentos, mesmo em \u00e1reas aparentemente rasas.<\/p>\n\n\n\n<p>O alerta foi refor\u00e7ado pelo s\u00edndico e administrador do Condom\u00ednio Busca Vida, Marcelo Dourado, que chama aten\u00e7\u00e3o para o risco real presente em alguns trechos da praia. \u201cH\u00e1 pontos espec\u00edficos em que o fundo do mar sofre mudan\u00e7as constantes por conta das correntes, que formam uma esp\u00e9cie de curva e arrastam o banhista em dire\u00e7\u00e3o ao mar aberto. Isso acontece mesmo em \u00e1reas que, em condi\u00e7\u00f5es normais, d\u00e3o p\u00e9&#8221;, explica.<\/p>\n\n\n\n<p>A preocupa\u00e7\u00e3o aumenta nesta \u00e9poca do ano, quando o mar costuma ficar mais agitado. Por isso, quem visita a regi\u00e3o deve redobrar os cuidados e h\u00e1 sinaliza\u00e7\u00f5es de perigo posicionadas em locais estrat\u00e9gicos, especialmente nas entradas da praia pr\u00f3ximas \u00e0s glebas 29 e 42. &#8220;Uma boa alternativa para os dias de mar mais&nbsp;revolto&nbsp;\u00e9 optar por trechos onde h\u00e1 presen\u00e7a de salva-vidas, a exemplo da \u00e1rea 29, que conta com a atua\u00e7\u00e3o de profissionais da Prefeitura de Cama\u00e7ari. A orienta\u00e7\u00e3o \u00e9 que todos \u2014 moradores ou turistas \u2014 fiquem atentos \u00e0s placas e \u00e0s recomenda\u00e7\u00f5es de seguran\u00e7a\u201d, refor\u00e7a Dourado.<\/p>\n\n\n\n<p>Com o objetivo de ampliar a conscientiza\u00e7\u00e3o sobre os riscos, o Condom\u00ednio Busca Vida segue promovendo campanhas informativas. \u201cQueremos garantir que mais pessoas tenham acesso a essas orienta\u00e7\u00f5es e possam curtir a praia com seguran\u00e7a. O mar merece respeito, especialmente em per\u00edodos como este\u201d, finaliza Marcelo Dourado.<\/p>\n\n\n\n<p><strong>Preven\u00e7\u00e3o salva vidas<\/strong><\/p>\n\n\n\n<p>Para evitar trag\u00e9dias, \u00e9 essencial seguir orienta\u00e7\u00f5es b\u00e1sicas, recomendadas por especialistas em salvamento aqu\u00e1tico:<\/p>\n\n\n\n<ul class=\"wp-block-list\">\n<li>Nunca nade sozinho, especialmente em \u00e1reas sem vigil\u00e2ncia.<\/li>\n\n\n\n<li>Crian\u00e7as e idosos devem estar sempre sob supervis\u00e3o.<\/li>\n\n\n\n<li>Evite entrar no mar ap\u00f3s consumir bebidas alco\u00f3licas ou logo ap\u00f3s as refei\u00e7\u00f5es.<\/li>\n\n\n\n<li>Boias n\u00e3o substituem habilidades de nata\u00e7\u00e3o \u2014 elas podem estourar ou se soltar.<\/li>\n\n\n\n<li>Mantenha dist\u00e2ncia da arrebenta\u00e7\u00e3o e de locais com pedras ou embarca\u00e7\u00f5es.<\/li>\n\n\n\n<li>Em caso de pr\u00e1tica de esportes aqu\u00e1ticos, use equipamentos de prote\u00e7\u00e3o.<\/li>\n<\/ul>\n\n\n\n<p><\/p>\n","protected":false},"excerpt":{"rendered":"<p>A beleza natural da Praia de Busca Vida, no litoral de Cama\u00e7ari (BA), costuma encantar quem a visita. Mas, por tr\u00e1s do cen\u00e1rio paradis\u00edaco, esconde-se um perigo silencioso que ganha for\u00e7a com a chegada do inverno: o aumento das correntes marinhas e da for\u00e7a das ondas. Com a intensifica\u00e7\u00e3o dos ventos e o avan\u00e7o das [&hellip;]<\/p>\n","protected":false},"author":1,"featured_media":7155,"comment_status":"open","ping_status":"open","sticky":false,"template":"","format":"standard","meta":{"footnotes":""},"categories":[8],"tags":[],"class_list":["post-7154","post","type-post","status-publish","format-standard","has-post-thumbnail","hentry","category-camacari"],"yoast_head":"<!-- This site is optimized with the Yoast SEO plugin v21.7 - https:\/\/yoast.com\/wordpress\/plugins\/seo\/ -->\n<title>Mar engana com apar\u00eancia calma no inverno e aumenta risco de afogamentos em Busca Vida - Compartilha Bahia<\/title>\n<meta name=\"robots\" content=\"index, follow, max-snippet:-1, max-image-preview:large, max-video-preview:-1\" \/>\n<link rel=\"canonical\" href=\"https:\/\/compartilhabahia.com.br\/index.php\/2025\/07\/08\/mar-engana-com-aparencia-calma-no-inverno-e-aumenta-risco-de-afogamentos-em-busca-vida\/\" \/>\n<meta property=\"og:locale\" content=\"pt_BR\" \/>\n<meta property=\"og:type\" content=\"article\" \/>\n<meta property=\"og:title\" content=\"Mar engana com apar\u00eancia calma no inverno e aumenta risco de afogamentos em Busca Vida - Compartilha Bahia\" \/>\n<meta property=\"og:description\" content=\"A beleza natural da Praia de Busca Vida, no litoral de Cama\u00e7ari (BA), costuma encantar quem a visita. Mas, por tr\u00e1s do cen\u00e1rio paradis\u00edaco, esconde-se um perigo silencioso que ganha for\u00e7a com a chegada do inverno: o aumento das correntes marinhas e da for\u00e7a das ondas. Com a intensifica\u00e7\u00e3o dos ventos e o avan\u00e7o das [&hellip;]\" \/>\n<meta property=\"og:url\" content=\"https:\/\/compartilhabahia.com.br\/index.php\/2025\/07\/08\/mar-engana-com-aparencia-calma-no-inverno-e-aumenta-risco-de-afogamentos-em-busca-vida\/\" \/>\n<meta property=\"og:site_name\" content=\"Compartilha Bahia\" \/>\n<meta property=\"article:publisher\" content=\"https:\/\/web.facebook.com\/compartilhabahia\" \/>\n<meta property=\"article:published_time\" content=\"2025-07-08T19:07:56+00:00\" \/>\n<meta property=\"article:modified_time\" content=\"2025-07-08T19:08:00+00:00\" \/>\n<meta property=\"og:image\" content=\"https:\/\/compartilhabahia.com.br\/wp-content\/uploads\/2025\/07\/mardeinverno.jpg\" \/>\n\t<meta property=\"og:image:width\" content=\"960\" \/>\n\t<meta property=\"og:image:height\" content=\"540\" \/>\n\t<meta property=\"og:image:type\" content=\"image\/jpeg\" \/>\n<meta name=\"author\" content=\"admin\" \/>\n<meta name=\"twitter:card\" content=\"summary_large_image\" \/>\n<meta name=\"twitter:label1\" content=\"Escrito por\" \/>\n\t<meta name=\"twitter:data1\" content=\"admin\" \/>\n\t<meta name=\"twitter:label2\" content=\"Est. tempo de leitura\" \/>\n\t<meta name=\"twitter:data2\" content=\"3 minutos\" \/>\n<script type=\"application\/ld+json\" class=\"yoast-schema-graph\">{\"@context\":\"https:\/\/schema.org\",\"@graph\":[{\"@type\":\"Article\",\"@id\":\"https:\/\/compartilhabahia.com.br\/index.php\/2025\/07\/08\/mar-engana-com-aparencia-calma-no-inverno-e-aumenta-risco-de-afogamentos-em-busca-vida\/#article\",\"isPartOf\":{\"@id\":\"https:\/\/compartilhabahia.com.br\/index.php\/2025\/07\/08\/mar-engana-com-aparencia-calma-no-inverno-e-aumenta-risco-de-afogamentos-em-busca-vida\/\"},\"author\":{\"name\":\"admin\",\"@id\":\"https:\/\/compartilhabahia.com.br\/#\/schema\/person\/9b4f0c3178793b8248d6686732521c04\"},\"headline\":\"Mar engana com apar\u00eancia calma no inverno e aumenta risco de afogamentos em Busca Vida\",\"datePublished\":\"2025-07-08T19:07:56+00:00\",\"dateModified\":\"2025-07-08T19:08:00+00:00\",\"mainEntityOfPage\":{\"@id\":\"https:\/\/compartilhabahia.com.br\/index.php\/2025\/07\/08\/mar-engana-com-aparencia-calma-no-inverno-e-aumenta-risco-de-afogamentos-em-busca-vida\/\"},\"wordCount\":441,\"commentCount\":0,\"publisher\":{\"@id\":\"https:\/\/compartilhabahia.com.br\/#organization\"},\"articleSection\":[\"Cama\u00e7ari\"],\"inLanguage\":\"pt-BR\",\"potentialAction\":[{\"@type\":\"CommentAction\",\"name\":\"Comment\",\"target\":[\"https:\/\/compartilhabahia.com.br\/index.php\/2025\/07\/08\/mar-engana-com-aparencia-calma-no-inverno-e-aumenta-risco-de-afogamentos-em-busca-vida\/#respond\"]}]},{\"@type\":\"WebPage\",\"@id\":\"https:\/\/compartilhabahia.com.br\/index.php\/2025\/07\/08\/mar-engana-com-aparencia-calma-no-inverno-e-aumenta-risco-de-afogamentos-em-busca-vida\/\",\"url\":\"https:\/\/compartilhabahia.com.br\/index.php\/2025\/07\/08\/mar-engana-com-aparencia-calma-no-inverno-e-aumenta-risco-de-afogamentos-em-busca-vida\/\",\"name\":\"Mar engana com apar\u00eancia calma no inverno e aumenta risco de afogamentos em Busca Vida - Compartilha Bahia\",\"isPartOf\":{\"@id\":\"https:\/\/compartilhabahia.com.br\/#website\"},\"datePublished\":\"2025-07-08T19:07:56+00:00\",\"dateModified\":\"2025-07-08T19:08:00+00:00\",\"breadcrumb\":{\"@id\":\"https:\/\/compartilhabahia.com.br\/index.php\/2025\/07\/08\/mar-engana-com-aparencia-calma-no-inverno-e-aumenta-risco-de-afogamentos-em-busca-vida\/#breadcrumb\"},\"inLanguage\":\"pt-BR\",\"potentialAction\":[{\"@type\":\"ReadAction\",\"target\":[\"https:\/\/compartilhabahia.com.br\/index.php\/2025\/07\/08\/mar-engana-com-aparencia-calma-no-inverno-e-aumenta-risco-de-afogamentos-em-busca-vida\/\"]}]},{\"@type\":\"BreadcrumbList\",\"@id\":\"https:\/\/compartilhabahia.com.br\/index.php\/2025\/07\/08\/mar-engana-com-aparencia-calma-no-inverno-e-aumenta-risco-de-afogamentos-em-busca-vida\/#breadcrumb\",\"itemListElement\":[{\"@type\":\"ListItem\",\"position\":1,\"name\":\"In\u00edcio\",\"item\":\"https:\/\/compartilhabahia.com.br\/\"},{\"@type\":\"ListItem\",\"position\":2,\"name\":\"Mar engana com apar\u00eancia calma no inverno e aumenta risco de afogamentos em Busca Vida\"}]},{\"@type\":\"WebSite\",\"@id\":\"https:\/\/compartilhabahia.com.br\/#website\",\"url\":\"https:\/\/compartilhabahia.com.br\/\",\"name\":\"Compartilha Bahia\",\"description\":\"\",\"publisher\":{\"@id\":\"https:\/\/compartilhabahia.com.br\/#organization\"},\"potentialAction\":[{\"@type\":\"SearchAction\",\"target\":{\"@type\":\"EntryPoint\",\"urlTemplate\":\"https:\/\/compartilhabahia.com.br\/?s={search_term_string}\"},\"query-input\":\"required name=search_term_string\"}],\"inLanguage\":\"pt-BR\"},{\"@type\":\"Organization\",\"@id\":\"https:\/\/compartilhabahia.com.br\/#organization\",\"name\":\"Compartilha Bahia\",\"url\":\"https:\/\/compartilhabahia.com.br\/\",\"logo\":{\"@type\":\"ImageObject\",\"inLanguage\":\"pt-BR\",\"@id\":\"https:\/\/compartilhabahia.com.br\/#\/schema\/logo\/image\/\",\"url\":\"https:\/\/compartilhabahia.com.br\/wp-content\/uploads\/2023\/12\/cropped-logo.png\",\"contentUrl\":\"https:\/\/compartilhabahia.com.br\/wp-content\/uploads\/2023\/12\/cropped-logo.png\",\"width\":300,\"height\":106,\"caption\":\"Compartilha Bahia\"},\"image\":{\"@id\":\"https:\/\/compartilhabahia.com.br\/#\/schema\/logo\/image\/\"},\"sameAs\":[\"https:\/\/web.facebook.com\/compartilhabahia\",\"https:\/\/www.instagram.com\/compartilhabahia\/\"]},{\"@type\":\"Person\",\"@id\":\"https:\/\/compartilhabahia.com.br\/#\/schema\/person\/9b4f0c3178793b8248d6686732521c04\",\"name\":\"admin\",\"image\":{\"@type\":\"ImageObject\",\"inLanguage\":\"pt-BR\",\"@id\":\"https:\/\/compartilhabahia.com.br\/#\/schema\/person\/image\/\",\"url\":\"https:\/\/secure.gravatar.com\/avatar\/9600df58751c5acbe914c538c03390ef649ea088cb65f84ba09c7ce66988eed6?s=96&d=mm&r=g\",\"contentUrl\":\"https:\/\/secure.gravatar.com\/avatar\/9600df58751c5acbe914c538c03390ef649ea088cb65f84ba09c7ce66988eed6?s=96&d=mm&r=g\",\"caption\":\"admin\"},\"sameAs\":[\"https:\/\/compartilhabahia.com.br\"],\"url\":\"https:\/\/compartilhabahia.com.br\/index.php\/author\/compartilhabahia\/\"}]}<\/script>\n<!-- \/ Yoast SEO plugin. -->","yoast_head_json":{"title":"Mar engana com apar\u00eancia calma no inverno e aumenta risco de afogamentos em Busca Vida - Compartilha Bahia","robots":{"index":"index","follow":"follow","max-snippet":"max-snippet:-1","max-image-preview":"max-image-preview:large","max-video-preview":"max-video-preview:-1"},"canonical":"https:\/\/compartilhabahia.com.br\/index.php\/2025\/07\/08\/mar-engana-com-aparencia-calma-no-inverno-e-aumenta-risco-de-afogamentos-em-busca-vida\/","og_locale":"pt_BR","og_type":"article","og_title":"Mar engana com apar\u00eancia calma no inverno e aumenta risco de afogamentos em Busca Vida - Compartilha Bahia","og_description":"A beleza natural da Praia de Busca Vida, no litoral de Cama\u00e7ari (BA), costuma encantar quem a visita. Mas, por tr\u00e1s do cen\u00e1rio paradis\u00edaco, esconde-se um perigo silencioso que ganha for\u00e7a com a chegada do inverno: o aumento das correntes marinhas e da for\u00e7a das ondas. Com a intensifica\u00e7\u00e3o dos ventos e o avan\u00e7o das [&hellip;]","og_url":"https:\/\/compartilhabahia.com.br\/index.php\/2025\/07\/08\/mar-engana-com-aparencia-calma-no-inverno-e-aumenta-risco-de-afogamentos-em-busca-vida\/","og_site_name":"Compartilha Bahia","article_publisher":"https:\/\/web.facebook.com\/compartilhabahia","article_published_time":"2025-07-08T19:07:56+00:00","article_modified_time":"2025-07-08T19:08:00+00:00","og_image":[{"width":960,"height":540,"url":"https:\/\/compartilhabahia.com.br\/wp-content\/uploads\/2025\/07\/mardeinverno.jpg","type":"image\/jpeg"}],"author":"admin","twitter_card":"summary_large_image","twitter_misc":{"Escrito por":"admin","Est. tempo de leitura":"3 minutos"},"schema":{"@context":"https:\/\/schema.org","@graph":[{"@type":"Article","@id":"https:\/\/compartilhabahia.com.br\/index.php\/2025\/07\/08\/mar-engana-com-aparencia-calma-no-inverno-e-aumenta-risco-de-afogamentos-em-busca-vida\/#article","isPartOf":{"@id":"https:\/\/compartilhabahia.com.br\/index.php\/2025\/07\/08\/mar-engana-com-aparencia-calma-no-inverno-e-aumenta-risco-de-afogamentos-em-busca-vida\/"},"author":{"name":"admin","@id":"https:\/\/compartilhabahia.com.br\/#\/schema\/person\/9b4f0c3178793b8248d6686732521c04"},"headline":"Mar engana com apar\u00eancia calma no inverno e aumenta risco de afogamentos em Busca Vida","datePublished":"2025-07-08T19:07:56+00:00","dateModified":"2025-07-08T19:08:00+00:00","mainEntityOfPage":{"@id":"https:\/\/compartilhabahia.com.br\/index.php\/2025\/07\/08\/mar-engana-com-aparencia-calma-no-inverno-e-aumenta-risco-de-afogamentos-em-busca-vida\/"},"wordCount":441,"commentCount":0,"publisher":{"@id":"https:\/\/compartilhabahia.com.br\/#organization"},"articleSection":["Cama\u00e7ari"],"inLanguage":"pt-BR","potentialAction":[{"@type":"CommentAction","name":"Comment","target":["https:\/\/compartilhabahia.com.br\/index.php\/2025\/07\/08\/mar-engana-com-aparencia-calma-no-inverno-e-aumenta-risco-de-afogamentos-em-busca-vida\/#respond"]}]},{"@type":"WebPage","@id":"https:\/\/compartilhabahia.com.br\/index.php\/2025\/07\/08\/mar-engana-com-aparencia-calma-no-inverno-e-aumenta-risco-de-afogamentos-em-busca-vida\/","url":"https:\/\/compartilhabahia.com.br\/index.php\/2025\/07\/08\/mar-engana-com-aparencia-calma-no-inverno-e-aumenta-risco-de-afogamentos-em-busca-vida\/","name":"Mar engana com apar\u00eancia calma no inverno e aumenta risco de afogamentos em Busca Vida - Compartilha Bahia","isPartOf":{"@id":"https:\/\/compartilhabahia.com.br\/#website"},"datePublished":"2025-07-08T19:07:56+00:00","dateModified":"2025-07-08T19:08:00+00:00","breadcrumb":{"@id":"https:\/\/compartilhabahia.com.br\/index.php\/2025\/07\/08\/mar-engana-com-aparencia-calma-no-inverno-e-aumenta-risco-de-afogamentos-em-busca-vida\/#breadcrumb"},"inLanguage":"pt-BR","potentialAction":[{"@type":"ReadAction","target":["https:\/\/compartilhabahia.com.br\/index.php\/2025\/07\/08\/mar-engana-com-aparencia-calma-no-inverno-e-aumenta-risco-de-afogamentos-em-busca-vida\/"]}]},{"@type":"BreadcrumbList","@id":"https:\/\/compartilhabahia.com.br\/index.php\/2025\/07\/08\/mar-engana-com-aparencia-calma-no-inverno-e-aumenta-risco-de-afogamentos-em-busca-vida\/#breadcrumb","itemListElement":[{"@type":"ListItem","position":1,"name":"In\u00edcio","item":"https:\/\/compartilhabahia.com.br\/"},{"@type":"ListItem","position":2,"name":"Mar engana com apar\u00eancia calma no inverno e aumenta risco de afogamentos em Busca Vida"}]},{"@type":"WebSite","@id":"https:\/\/compartilhabahia.com.br\/#website","url":"https:\/\/compartilhabahia.com.br\/","name":"Compartilha Bahia","description":"","publisher":{"@id":"https:\/\/compartilhabahia.com.br\/#organization"},"potentialAction":[{"@type":"SearchAction","target":{"@type":"EntryPoint","urlTemplate":"https:\/\/compartilhabahia.com.br\/?s={search_term_string}"},"query-input":"required name=search_term_string"}],"inLanguage":"pt-BR"},{"@type":"Organization","@id":"https:\/\/compartilhabahia.com.br\/#organization","name":"Compartilha Bahia","url":"https:\/\/compartilhabahia.com.br\/","logo":{"@type":"ImageObject","inLanguage":"pt-BR","@id":"https:\/\/compartilhabahia.com.br\/#\/schema\/logo\/image\/","url":"https:\/\/compartilhabahia.com.br\/wp-content\/uploads\/2023\/12\/cropped-logo.png","contentUrl":"https:\/\/compartilhabahia.com.br\/wp-content\/uploads\/2023\/12\/cropped-logo.png","width":300,"height":106,"caption":"Compartilha Bahia"},"image":{"@id":"https:\/\/compartilhabahia.com.br\/#\/schema\/logo\/image\/"},"sameAs":["https:\/\/web.facebook.com\/compartilhabahia","https:\/\/www.instagram.com\/compartilhabahia\/"]},{"@type":"Person","@id":"https:\/\/compartilhabahia.com.br\/#\/schema\/person\/9b4f0c3178793b8248d6686732521c04","name":"admin","image":{"@type":"ImageObject","inLanguage":"pt-BR","@id":"https:\/\/compartilhabahia.com.br\/#\/schema\/person\/image\/","url":"https:\/\/secure.gravatar.com\/avatar\/9600df58751c5acbe914c538c03390ef649ea088cb65f84ba09c7ce66988eed6?s=96&d=mm&r=g","contentUrl":"https:\/\/secure.gravatar.com\/avatar\/9600df58751c5acbe914c538c03390ef649ea088cb65f84ba09c7ce66988eed6?s=96&d=mm&r=g","caption":"admin"},"sameAs":["https:\/\/compartilhabahia.com.br"],"url":"https:\/\/compartilhabahia.com.br\/index.php\/author\/compartilhabahia\/"}]}},"_links":{"self":[{"href":"https:\/\/compartilhabahia.com.br\/index.php\/wp-json\/wp\/v2\/posts\/7154","targetHints":{"allow":["GET"]}}],"collection":[{"href":"https:\/\/compartilhabahia.com.br\/index.php\/wp-json\/wp\/v2\/posts"}],"about":[{"href":"https:\/\/compartilhabahia.com.br\/index.php\/wp-json\/wp\/v2\/types\/post"}],"author":[{"embeddable":true,"href":"https:\/\/compartilhabahia.com.br\/index.php\/wp-json\/wp\/v2\/users\/1"}],"replies":[{"embeddable":true,"href":"https:\/\/compartilhabahia.com.br\/index.php\/wp-json\/wp\/v2\/comments?post=7154"}],"version-history":[{"count":1,"href":"https:\/\/compartilhabahia.com.br\/index.php\/wp-json\/wp\/v2\/posts\/7154\/revisions"}],"predecessor-version":[{"id":7156,"href":"https:\/\/compartilhabahia.com.br\/index.php\/wp-json\/wp\/v2\/posts\/7154\/revisions\/7156"}],"wp:featuredmedia":[{"embeddable":true,"href":"https:\/\/compartilhabahia.com.br\/index.php\/wp-json\/wp\/v2\/media\/7155"}],"wp:attachment":[{"href":"https:\/\/compartilhabahia.com.br\/index.php\/wp-json\/wp\/v2\/media?parent=7154"}],"wp:term":[{"taxonomy":"category","embeddable":true,"href":"https:\/\/compartilhabahia.com.br\/index.php\/wp-json\/wp\/v2\/categories?post=7154"},{"taxonomy":"post_tag","embeddable":true,"href":"https:\/\/compartilhabahia.com.br\/index.php\/wp-json\/wp\/v2\/tags?post=7154"}],"curies":[{"name":"wp","href":"https:\/\/api.w.org\/{rel}","templated":true}]}}