{"id":7120,"date":"2025-07-06T20:18:48","date_gmt":"2025-07-06T23:18:48","guid":{"rendered":"https:\/\/compartilhabahia.com.br\/?p=7120"},"modified":"2025-07-06T20:27:20","modified_gmt":"2025-07-06T23:27:20","slug":"com-grande-presenca-comunitaria-catedral-realiza-quermesse-paroquial","status":"publish","type":"post","link":"https:\/\/compartilhabahia.com.br\/index.php\/2025\/07\/06\/com-grande-presenca-comunitaria-catedral-realiza-quermesse-paroquial\/","title":{"rendered":"Com grande presen\u00e7a comunit\u00e1ria Catedral realiza quermesse paroquial"},"content":{"rendered":"\n<p>Sucesso de p\u00fablico no s\u00e1bado (5) e no domingo (6), a primeira quermesse paroquial da Catedral S\u00e3o Thomas de Cantu\u00e1ria, na Pra\u00e7a Desembargador Monte Negro, no centro de Cama\u00e7ari (BA), foi realizada com objetivo de arrecadar fundos para a reforma da Igreja.<\/p>\n\n\n\n<p>Climatiza\u00e7\u00e3o, telhado, forro e fachada, est\u00e3o entre os itens a serem requalificados. Quem n\u00e3o p\u00f4de participar da quermesse, ainda pode contribuir, bastando procurar a secretaria da Igreja ou o padre Milton Santos Pereira.<\/p>\n\n\n\n<p>Durante a quermesse forma vendidos bolos, doces, salgados, comida baiana e feijoada. Um festival de pr\u00eamios e leil\u00e3o de prendas foram realizados ao som do tradicional forr\u00f3 p\u00e9 de serra. N\u00e3o faltou quadrilha e nem o casamento caipira. Foram dois dias de muita alegria, colabora\u00e7\u00e3o e comunh\u00e3o.<\/p>\n\n\n\n<p><\/p>\n\n\n\n<p><\/p>\n","protected":false},"excerpt":{"rendered":"<p>Sucesso de p\u00fablico no s\u00e1bado (5) e no domingo (6), a primeira quermesse paroquial da Catedral S\u00e3o Thomas de Cantu\u00e1ria, na Pra\u00e7a Desembargador Monte Negro, no centro de Cama\u00e7ari (BA), foi realizada com objetivo de arrecadar fundos para a reforma da Igreja. Climatiza\u00e7\u00e3o, telhado, forro e fachada, est\u00e3o entre os itens a serem requalificados. Quem [&hellip;]<\/p>\n","protected":false},"author":1,"featured_media":7121,"comment_status":"open","ping_status":"open","sticky":false,"template":"","format":"standard","meta":{"footnotes":""},"categories":[8],"tags":[],"class_list":["post-7120","post","type-post","status-publish","format-standard","has-post-thumbnail","hentry","category-camacari"],"yoast_head":"<!-- This site is optimized with the Yoast SEO plugin v21.7 - https:\/\/yoast.com\/wordpress\/plugins\/seo\/ -->\n<title>Com grande presen\u00e7a comunit\u00e1ria Catedral realiza quermesse paroquial - Compartilha Bahia<\/title>\n<meta name=\"robots\" content=\"index, follow, max-snippet:-1, max-image-preview:large, max-video-preview:-1\" \/>\n<link rel=\"canonical\" href=\"https:\/\/compartilhabahia.com.br\/index.php\/2025\/07\/06\/com-grande-presenca-comunitaria-catedral-realiza-quermesse-paroquial\/\" \/>\n<meta property=\"og:locale\" content=\"pt_BR\" \/>\n<meta property=\"og:type\" content=\"article\" \/>\n<meta property=\"og:title\" content=\"Com grande presen\u00e7a comunit\u00e1ria Catedral realiza quermesse paroquial - Compartilha Bahia\" \/>\n<meta property=\"og:description\" content=\"Sucesso de p\u00fablico no s\u00e1bado (5) e no domingo (6), a primeira quermesse paroquial da Catedral S\u00e3o Thomas de Cantu\u00e1ria, na Pra\u00e7a Desembargador Monte Negro, no centro de Cama\u00e7ari (BA), foi realizada com objetivo de arrecadar fundos para a reforma da Igreja. Climatiza\u00e7\u00e3o, telhado, forro e fachada, est\u00e3o entre os itens a serem requalificados. Quem [&hellip;]\" \/>\n<meta property=\"og:url\" content=\"https:\/\/compartilhabahia.com.br\/index.php\/2025\/07\/06\/com-grande-presenca-comunitaria-catedral-realiza-quermesse-paroquial\/\" \/>\n<meta property=\"og:site_name\" content=\"Compartilha Bahia\" \/>\n<meta property=\"article:publisher\" content=\"https:\/\/web.facebook.com\/compartilhabahia\" \/>\n<meta property=\"article:published_time\" content=\"2025-07-06T23:18:48+00:00\" \/>\n<meta property=\"article:modified_time\" content=\"2025-07-06T23:27:20+00:00\" \/>\n<meta property=\"og:image\" content=\"https:\/\/compartilhabahia.com.br\/wp-content\/uploads\/2025\/07\/quermesse.jpg\" \/>\n\t<meta property=\"og:image:width\" content=\"957\" \/>\n\t<meta property=\"og:image:height\" content=\"541\" \/>\n\t<meta property=\"og:image:type\" content=\"image\/jpeg\" \/>\n<meta name=\"author\" content=\"admin\" \/>\n<meta name=\"twitter:card\" content=\"summary_large_image\" \/>\n<meta name=\"twitter:label1\" content=\"Escrito por\" \/>\n\t<meta name=\"twitter:data1\" content=\"admin\" \/>\n\t<meta name=\"twitter:label2\" content=\"Est. tempo de leitura\" \/>\n\t<meta name=\"twitter:data2\" content=\"1 minuto\" \/>\n<script type=\"application\/ld+json\" class=\"yoast-schema-graph\">{\"@context\":\"https:\/\/schema.org\",\"@graph\":[{\"@type\":\"Article\",\"@id\":\"https:\/\/compartilhabahia.com.br\/index.php\/2025\/07\/06\/com-grande-presenca-comunitaria-catedral-realiza-quermesse-paroquial\/#article\",\"isPartOf\":{\"@id\":\"https:\/\/compartilhabahia.com.br\/index.php\/2025\/07\/06\/com-grande-presenca-comunitaria-catedral-realiza-quermesse-paroquial\/\"},\"author\":{\"name\":\"admin\",\"@id\":\"https:\/\/compartilhabahia.com.br\/#\/schema\/person\/9b4f0c3178793b8248d6686732521c04\"},\"headline\":\"Com grande presen\u00e7a comunit\u00e1ria Catedral realiza quermesse paroquial\",\"datePublished\":\"2025-07-06T23:18:48+00:00\",\"dateModified\":\"2025-07-06T23:27:20+00:00\",\"mainEntityOfPage\":{\"@id\":\"https:\/\/compartilhabahia.com.br\/index.php\/2025\/07\/06\/com-grande-presenca-comunitaria-catedral-realiza-quermesse-paroquial\/\"},\"wordCount\":145,\"commentCount\":0,\"publisher\":{\"@id\":\"https:\/\/compartilhabahia.com.br\/#organization\"},\"articleSection\":[\"Cama\u00e7ari\"],\"inLanguage\":\"pt-BR\",\"potentialAction\":[{\"@type\":\"CommentAction\",\"name\":\"Comment\",\"target\":[\"https:\/\/compartilhabahia.com.br\/index.php\/2025\/07\/06\/com-grande-presenca-comunitaria-catedral-realiza-quermesse-paroquial\/#respond\"]}]},{\"@type\":\"WebPage\",\"@id\":\"https:\/\/compartilhabahia.com.br\/index.php\/2025\/07\/06\/com-grande-presenca-comunitaria-catedral-realiza-quermesse-paroquial\/\",\"url\":\"https:\/\/compartilhabahia.com.br\/index.php\/2025\/07\/06\/com-grande-presenca-comunitaria-catedral-realiza-quermesse-paroquial\/\",\"name\":\"Com grande presen\u00e7a comunit\u00e1ria Catedral realiza quermesse paroquial - Compartilha Bahia\",\"isPartOf\":{\"@id\":\"https:\/\/compartilhabahia.com.br\/#website\"},\"datePublished\":\"2025-07-06T23:18:48+00:00\",\"dateModified\":\"2025-07-06T23:27:20+00:00\",\"breadcrumb\":{\"@id\":\"https:\/\/compartilhabahia.com.br\/index.php\/2025\/07\/06\/com-grande-presenca-comunitaria-catedral-realiza-quermesse-paroquial\/#breadcrumb\"},\"inLanguage\":\"pt-BR\",\"potentialAction\":[{\"@type\":\"ReadAction\",\"target\":[\"https:\/\/compartilhabahia.com.br\/index.php\/2025\/07\/06\/com-grande-presenca-comunitaria-catedral-realiza-quermesse-paroquial\/\"]}]},{\"@type\":\"BreadcrumbList\",\"@id\":\"https:\/\/compartilhabahia.com.br\/index.php\/2025\/07\/06\/com-grande-presenca-comunitaria-catedral-realiza-quermesse-paroquial\/#breadcrumb\",\"itemListElement\":[{\"@type\":\"ListItem\",\"position\":1,\"name\":\"In\u00edcio\",\"item\":\"https:\/\/compartilhabahia.com.br\/\"},{\"@type\":\"ListItem\",\"position\":2,\"name\":\"Com grande presen\u00e7a comunit\u00e1ria Catedral realiza quermesse paroquial\"}]},{\"@type\":\"WebSite\",\"@id\":\"https:\/\/compartilhabahia.com.br\/#website\",\"url\":\"https:\/\/compartilhabahia.com.br\/\",\"name\":\"Compartilha Bahia\",\"description\":\"\",\"publisher\":{\"@id\":\"https:\/\/compartilhabahia.com.br\/#organization\"},\"potentialAction\":[{\"@type\":\"SearchAction\",\"target\":{\"@type\":\"EntryPoint\",\"urlTemplate\":\"https:\/\/compartilhabahia.com.br\/?s={search_term_string}\"},\"query-input\":\"required name=search_term_string\"}],\"inLanguage\":\"pt-BR\"},{\"@type\":\"Organization\",\"@id\":\"https:\/\/compartilhabahia.com.br\/#organization\",\"name\":\"Compartilha Bahia\",\"url\":\"https:\/\/compartilhabahia.com.br\/\",\"logo\":{\"@type\":\"ImageObject\",\"inLanguage\":\"pt-BR\",\"@id\":\"https:\/\/compartilhabahia.com.br\/#\/schema\/logo\/image\/\",\"url\":\"https:\/\/compartilhabahia.com.br\/wp-content\/uploads\/2023\/12\/cropped-logo.png\",\"contentUrl\":\"https:\/\/compartilhabahia.com.br\/wp-content\/uploads\/2023\/12\/cropped-logo.png\",\"width\":300,\"height\":106,\"caption\":\"Compartilha Bahia\"},\"image\":{\"@id\":\"https:\/\/compartilhabahia.com.br\/#\/schema\/logo\/image\/\"},\"sameAs\":[\"https:\/\/web.facebook.com\/compartilhabahia\",\"https:\/\/www.instagram.com\/compartilhabahia\/\"]},{\"@type\":\"Person\",\"@id\":\"https:\/\/compartilhabahia.com.br\/#\/schema\/person\/9b4f0c3178793b8248d6686732521c04\",\"name\":\"admin\",\"image\":{\"@type\":\"ImageObject\",\"inLanguage\":\"pt-BR\",\"@id\":\"https:\/\/compartilhabahia.com.br\/#\/schema\/person\/image\/\",\"url\":\"https:\/\/secure.gravatar.com\/avatar\/9600df58751c5acbe914c538c03390ef649ea088cb65f84ba09c7ce66988eed6?s=96&d=mm&r=g\",\"contentUrl\":\"https:\/\/secure.gravatar.com\/avatar\/9600df58751c5acbe914c538c03390ef649ea088cb65f84ba09c7ce66988eed6?s=96&d=mm&r=g\",\"caption\":\"admin\"},\"sameAs\":[\"https:\/\/compartilhabahia.com.br\"],\"url\":\"https:\/\/compartilhabahia.com.br\/index.php\/author\/compartilhabahia\/\"}]}<\/script>\n<!-- \/ Yoast SEO plugin. -->","yoast_head_json":{"title":"Com grande presen\u00e7a comunit\u00e1ria Catedral realiza quermesse paroquial - Compartilha Bahia","robots":{"index":"index","follow":"follow","max-snippet":"max-snippet:-1","max-image-preview":"max-image-preview:large","max-video-preview":"max-video-preview:-1"},"canonical":"https:\/\/compartilhabahia.com.br\/index.php\/2025\/07\/06\/com-grande-presenca-comunitaria-catedral-realiza-quermesse-paroquial\/","og_locale":"pt_BR","og_type":"article","og_title":"Com grande presen\u00e7a comunit\u00e1ria Catedral realiza quermesse paroquial - Compartilha Bahia","og_description":"Sucesso de p\u00fablico no s\u00e1bado (5) e no domingo (6), a primeira quermesse paroquial da Catedral S\u00e3o Thomas de Cantu\u00e1ria, na Pra\u00e7a Desembargador Monte Negro, no centro de Cama\u00e7ari (BA), foi realizada com objetivo de arrecadar fundos para a reforma da Igreja. Climatiza\u00e7\u00e3o, telhado, forro e fachada, est\u00e3o entre os itens a serem requalificados. Quem [&hellip;]","og_url":"https:\/\/compartilhabahia.com.br\/index.php\/2025\/07\/06\/com-grande-presenca-comunitaria-catedral-realiza-quermesse-paroquial\/","og_site_name":"Compartilha Bahia","article_publisher":"https:\/\/web.facebook.com\/compartilhabahia","article_published_time":"2025-07-06T23:18:48+00:00","article_modified_time":"2025-07-06T23:27:20+00:00","og_image":[{"width":957,"height":541,"url":"https:\/\/compartilhabahia.com.br\/wp-content\/uploads\/2025\/07\/quermesse.jpg","type":"image\/jpeg"}],"author":"admin","twitter_card":"summary_large_image","twitter_misc":{"Escrito por":"admin","Est. tempo de leitura":"1 minuto"},"schema":{"@context":"https:\/\/schema.org","@graph":[{"@type":"Article","@id":"https:\/\/compartilhabahia.com.br\/index.php\/2025\/07\/06\/com-grande-presenca-comunitaria-catedral-realiza-quermesse-paroquial\/#article","isPartOf":{"@id":"https:\/\/compartilhabahia.com.br\/index.php\/2025\/07\/06\/com-grande-presenca-comunitaria-catedral-realiza-quermesse-paroquial\/"},"author":{"name":"admin","@id":"https:\/\/compartilhabahia.com.br\/#\/schema\/person\/9b4f0c3178793b8248d6686732521c04"},"headline":"Com grande presen\u00e7a comunit\u00e1ria Catedral realiza quermesse paroquial","datePublished":"2025-07-06T23:18:48+00:00","dateModified":"2025-07-06T23:27:20+00:00","mainEntityOfPage":{"@id":"https:\/\/compartilhabahia.com.br\/index.php\/2025\/07\/06\/com-grande-presenca-comunitaria-catedral-realiza-quermesse-paroquial\/"},"wordCount":145,"commentCount":0,"publisher":{"@id":"https:\/\/compartilhabahia.com.br\/#organization"},"articleSection":["Cama\u00e7ari"],"inLanguage":"pt-BR","potentialAction":[{"@type":"CommentAction","name":"Comment","target":["https:\/\/compartilhabahia.com.br\/index.php\/2025\/07\/06\/com-grande-presenca-comunitaria-catedral-realiza-quermesse-paroquial\/#respond"]}]},{"@type":"WebPage","@id":"https:\/\/compartilhabahia.com.br\/index.php\/2025\/07\/06\/com-grande-presenca-comunitaria-catedral-realiza-quermesse-paroquial\/","url":"https:\/\/compartilhabahia.com.br\/index.php\/2025\/07\/06\/com-grande-presenca-comunitaria-catedral-realiza-quermesse-paroquial\/","name":"Com grande presen\u00e7a comunit\u00e1ria Catedral realiza quermesse paroquial - Compartilha Bahia","isPartOf":{"@id":"https:\/\/compartilhabahia.com.br\/#website"},"datePublished":"2025-07-06T23:18:48+00:00","dateModified":"2025-07-06T23:27:20+00:00","breadcrumb":{"@id":"https:\/\/compartilhabahia.com.br\/index.php\/2025\/07\/06\/com-grande-presenca-comunitaria-catedral-realiza-quermesse-paroquial\/#breadcrumb"},"inLanguage":"pt-BR","potentialAction":[{"@type":"ReadAction","target":["https:\/\/compartilhabahia.com.br\/index.php\/2025\/07\/06\/com-grande-presenca-comunitaria-catedral-realiza-quermesse-paroquial\/"]}]},{"@type":"BreadcrumbList","@id":"https:\/\/compartilhabahia.com.br\/index.php\/2025\/07\/06\/com-grande-presenca-comunitaria-catedral-realiza-quermesse-paroquial\/#breadcrumb","itemListElement":[{"@type":"ListItem","position":1,"name":"In\u00edcio","item":"https:\/\/compartilhabahia.com.br\/"},{"@type":"ListItem","position":2,"name":"Com grande presen\u00e7a comunit\u00e1ria Catedral realiza quermesse paroquial"}]},{"@type":"WebSite","@id":"https:\/\/compartilhabahia.com.br\/#website","url":"https:\/\/compartilhabahia.com.br\/","name":"Compartilha Bahia","description":"","publisher":{"@id":"https:\/\/compartilhabahia.com.br\/#organization"},"potentialAction":[{"@type":"SearchAction","target":{"@type":"EntryPoint","urlTemplate":"https:\/\/compartilhabahia.com.br\/?s={search_term_string}"},"query-input":"required name=search_term_string"}],"inLanguage":"pt-BR"},{"@type":"Organization","@id":"https:\/\/compartilhabahia.com.br\/#organization","name":"Compartilha Bahia","url":"https:\/\/compartilhabahia.com.br\/","logo":{"@type":"ImageObject","inLanguage":"pt-BR","@id":"https:\/\/compartilhabahia.com.br\/#\/schema\/logo\/image\/","url":"https:\/\/compartilhabahia.com.br\/wp-content\/uploads\/2023\/12\/cropped-logo.png","contentUrl":"https:\/\/compartilhabahia.com.br\/wp-content\/uploads\/2023\/12\/cropped-logo.png","width":300,"height":106,"caption":"Compartilha Bahia"},"image":{"@id":"https:\/\/compartilhabahia.com.br\/#\/schema\/logo\/image\/"},"sameAs":["https:\/\/web.facebook.com\/compartilhabahia","https:\/\/www.instagram.com\/compartilhabahia\/"]},{"@type":"Person","@id":"https:\/\/compartilhabahia.com.br\/#\/schema\/person\/9b4f0c3178793b8248d6686732521c04","name":"admin","image":{"@type":"ImageObject","inLanguage":"pt-BR","@id":"https:\/\/compartilhabahia.com.br\/#\/schema\/person\/image\/","url":"https:\/\/secure.gravatar.com\/avatar\/9600df58751c5acbe914c538c03390ef649ea088cb65f84ba09c7ce66988eed6?s=96&d=mm&r=g","contentUrl":"https:\/\/secure.gravatar.com\/avatar\/9600df58751c5acbe914c538c03390ef649ea088cb65f84ba09c7ce66988eed6?s=96&d=mm&r=g","caption":"admin"},"sameAs":["https:\/\/compartilhabahia.com.br"],"url":"https:\/\/compartilhabahia.com.br\/index.php\/author\/compartilhabahia\/"}]}},"_links":{"self":[{"href":"https:\/\/compartilhabahia.com.br\/index.php\/wp-json\/wp\/v2\/posts\/7120","targetHints":{"allow":["GET"]}}],"collection":[{"href":"https:\/\/compartilhabahia.com.br\/index.php\/wp-json\/wp\/v2\/posts"}],"about":[{"href":"https:\/\/compartilhabahia.com.br\/index.php\/wp-json\/wp\/v2\/types\/post"}],"author":[{"embeddable":true,"href":"https:\/\/compartilhabahia.com.br\/index.php\/wp-json\/wp\/v2\/users\/1"}],"replies":[{"embeddable":true,"href":"https:\/\/compartilhabahia.com.br\/index.php\/wp-json\/wp\/v2\/comments?post=7120"}],"version-history":[{"count":2,"href":"https:\/\/compartilhabahia.com.br\/index.php\/wp-json\/wp\/v2\/posts\/7120\/revisions"}],"predecessor-version":[{"id":7123,"href":"https:\/\/compartilhabahia.com.br\/index.php\/wp-json\/wp\/v2\/posts\/7120\/revisions\/7123"}],"wp:featuredmedia":[{"embeddable":true,"href":"https:\/\/compartilhabahia.com.br\/index.php\/wp-json\/wp\/v2\/media\/7121"}],"wp:attachment":[{"href":"https:\/\/compartilhabahia.com.br\/index.php\/wp-json\/wp\/v2\/media?parent=7120"}],"wp:term":[{"taxonomy":"category","embeddable":true,"href":"https:\/\/compartilhabahia.com.br\/index.php\/wp-json\/wp\/v2\/categories?post=7120"},{"taxonomy":"post_tag","embeddable":true,"href":"https:\/\/compartilhabahia.com.br\/index.php\/wp-json\/wp\/v2\/tags?post=7120"}],"curies":[{"name":"wp","href":"https:\/\/api.w.org\/{rel}","templated":true}]}}