{"id":7117,"date":"2025-07-06T20:02:15","date_gmt":"2025-07-06T23:02:15","guid":{"rendered":"https:\/\/compartilhabahia.com.br\/?p=7117"},"modified":"2025-07-06T20:02:18","modified_gmt":"2025-07-06T23:02:18","slug":"pascom-promove-encontro-formativo-com-foco-em-marketing","status":"publish","type":"post","link":"https:\/\/compartilhabahia.com.br\/index.php\/2025\/07\/06\/pascom-promove-encontro-formativo-com-foco-em-marketing\/","title":{"rendered":"Pascom promove encontro formativo com foco em marketing"},"content":{"rendered":"\n<p>A Pastoral da Comunica\u00e7\u00e3o realiza no dia 10 de julho, \u00e0s 21h, mais uma edi\u00e7\u00e3o do Pascomunh\u00e3o, um encontro formativo online destinado aos agentes da Pascom da Diocese de Cama\u00e7ari. Nesta edi\u00e7\u00e3o, o tema abordado ser\u00e1 &#8220;Marketing Digital &#8220;, com a participa\u00e7\u00e3o da Administradora e Mercad\u00f3loga, professora L\u00e9a Medeiros.<\/p>\n\n\n\n<p>A forma\u00e7\u00e3o tem como objetivo ampliar os conhecimentos dos comunicadores que atuam nas par\u00f3quias e comunidades, promovendo o uso consciente, eficaz e pastoral das ferramentas digitais para a evangeliza\u00e7\u00e3o.<\/p>\n\n\n\n<p>O Pascomunh\u00e3o \u00e9 um espa\u00e7o de forma\u00e7\u00e3o cont\u00ednua que busca integrar, capacitar e fortalecer os agentes da Pascom, valorizando a miss\u00e3o de comunicar com autenticidade e criatividade a mensagem de Cristo.<\/p>\n\n\n\n<p>O encontro \u00e9 totalmente gratuito e para participar o agente deve fazer a inscri\u00e7\u00e3o pelo site clicando aqui [ PASCOMUNH\u00c3O &#8211; Marketing Digital &#8211; online &#8211; Sympla ] e no dia do evento receber\u00e1 o link do google meet diretamente no e-mail cadastrado.<\/p>\n","protected":false},"excerpt":{"rendered":"<p>A Pastoral da Comunica\u00e7\u00e3o realiza no dia 10 de julho, \u00e0s 21h, mais uma edi\u00e7\u00e3o do Pascomunh\u00e3o, um encontro formativo online destinado aos agentes da Pascom da Diocese de Cama\u00e7ari. Nesta edi\u00e7\u00e3o, o tema abordado ser\u00e1 &#8220;Marketing Digital &#8220;, com a participa\u00e7\u00e3o da Administradora e Mercad\u00f3loga, professora L\u00e9a Medeiros. A forma\u00e7\u00e3o tem como objetivo ampliar [&hellip;]<\/p>\n","protected":false},"author":1,"featured_media":7118,"comment_status":"open","ping_status":"open","sticky":false,"template":"","format":"standard","meta":{"footnotes":""},"categories":[8],"tags":[],"class_list":["post-7117","post","type-post","status-publish","format-standard","has-post-thumbnail","hentry","category-camacari"],"yoast_head":"<!-- This site is optimized with the Yoast SEO plugin v21.7 - https:\/\/yoast.com\/wordpress\/plugins\/seo\/ -->\n<title>Pascom promove encontro formativo com foco em marketing - Compartilha Bahia<\/title>\n<meta name=\"robots\" content=\"index, follow, max-snippet:-1, max-image-preview:large, max-video-preview:-1\" \/>\n<link rel=\"canonical\" href=\"https:\/\/compartilhabahia.com.br\/index.php\/2025\/07\/06\/pascom-promove-encontro-formativo-com-foco-em-marketing\/\" \/>\n<meta property=\"og:locale\" content=\"pt_BR\" \/>\n<meta property=\"og:type\" content=\"article\" \/>\n<meta property=\"og:title\" content=\"Pascom promove encontro formativo com foco em marketing - Compartilha Bahia\" \/>\n<meta property=\"og:description\" content=\"A Pastoral da Comunica\u00e7\u00e3o realiza no dia 10 de julho, \u00e0s 21h, mais uma edi\u00e7\u00e3o do Pascomunh\u00e3o, um encontro formativo online destinado aos agentes da Pascom da Diocese de Cama\u00e7ari. Nesta edi\u00e7\u00e3o, o tema abordado ser\u00e1 &#8220;Marketing Digital &#8220;, com a participa\u00e7\u00e3o da Administradora e Mercad\u00f3loga, professora L\u00e9a Medeiros. A forma\u00e7\u00e3o tem como objetivo ampliar [&hellip;]\" \/>\n<meta property=\"og:url\" content=\"https:\/\/compartilhabahia.com.br\/index.php\/2025\/07\/06\/pascom-promove-encontro-formativo-com-foco-em-marketing\/\" \/>\n<meta property=\"og:site_name\" content=\"Compartilha Bahia\" \/>\n<meta property=\"article:publisher\" content=\"https:\/\/web.facebook.com\/compartilhabahia\" \/>\n<meta property=\"article:published_time\" content=\"2025-07-06T23:02:15+00:00\" \/>\n<meta property=\"article:modified_time\" content=\"2025-07-06T23:02:18+00:00\" \/>\n<meta property=\"og:image\" content=\"https:\/\/compartilhabahia.com.br\/wp-content\/uploads\/2025\/07\/pascom.jpg\" \/>\n\t<meta property=\"og:image:width\" content=\"864\" \/>\n\t<meta property=\"og:image:height\" content=\"1080\" \/>\n\t<meta property=\"og:image:type\" content=\"image\/jpeg\" \/>\n<meta name=\"author\" content=\"admin\" \/>\n<meta name=\"twitter:card\" content=\"summary_large_image\" \/>\n<meta name=\"twitter:label1\" content=\"Escrito por\" \/>\n\t<meta name=\"twitter:data1\" content=\"admin\" \/>\n\t<meta name=\"twitter:label2\" content=\"Est. tempo de leitura\" \/>\n\t<meta name=\"twitter:data2\" content=\"2 minutos\" \/>\n<script type=\"application\/ld+json\" class=\"yoast-schema-graph\">{\"@context\":\"https:\/\/schema.org\",\"@graph\":[{\"@type\":\"Article\",\"@id\":\"https:\/\/compartilhabahia.com.br\/index.php\/2025\/07\/06\/pascom-promove-encontro-formativo-com-foco-em-marketing\/#article\",\"isPartOf\":{\"@id\":\"https:\/\/compartilhabahia.com.br\/index.php\/2025\/07\/06\/pascom-promove-encontro-formativo-com-foco-em-marketing\/\"},\"author\":{\"name\":\"admin\",\"@id\":\"https:\/\/compartilhabahia.com.br\/#\/schema\/person\/9b4f0c3178793b8248d6686732521c04\"},\"headline\":\"Pascom promove encontro formativo com foco em marketing\",\"datePublished\":\"2025-07-06T23:02:15+00:00\",\"dateModified\":\"2025-07-06T23:02:18+00:00\",\"mainEntityOfPage\":{\"@id\":\"https:\/\/compartilhabahia.com.br\/index.php\/2025\/07\/06\/pascom-promove-encontro-formativo-com-foco-em-marketing\/\"},\"wordCount\":172,\"commentCount\":0,\"publisher\":{\"@id\":\"https:\/\/compartilhabahia.com.br\/#organization\"},\"articleSection\":[\"Cama\u00e7ari\"],\"inLanguage\":\"pt-BR\",\"potentialAction\":[{\"@type\":\"CommentAction\",\"name\":\"Comment\",\"target\":[\"https:\/\/compartilhabahia.com.br\/index.php\/2025\/07\/06\/pascom-promove-encontro-formativo-com-foco-em-marketing\/#respond\"]}]},{\"@type\":\"WebPage\",\"@id\":\"https:\/\/compartilhabahia.com.br\/index.php\/2025\/07\/06\/pascom-promove-encontro-formativo-com-foco-em-marketing\/\",\"url\":\"https:\/\/compartilhabahia.com.br\/index.php\/2025\/07\/06\/pascom-promove-encontro-formativo-com-foco-em-marketing\/\",\"name\":\"Pascom promove encontro formativo com foco em marketing - Compartilha Bahia\",\"isPartOf\":{\"@id\":\"https:\/\/compartilhabahia.com.br\/#website\"},\"datePublished\":\"2025-07-06T23:02:15+00:00\",\"dateModified\":\"2025-07-06T23:02:18+00:00\",\"breadcrumb\":{\"@id\":\"https:\/\/compartilhabahia.com.br\/index.php\/2025\/07\/06\/pascom-promove-encontro-formativo-com-foco-em-marketing\/#breadcrumb\"},\"inLanguage\":\"pt-BR\",\"potentialAction\":[{\"@type\":\"ReadAction\",\"target\":[\"https:\/\/compartilhabahia.com.br\/index.php\/2025\/07\/06\/pascom-promove-encontro-formativo-com-foco-em-marketing\/\"]}]},{\"@type\":\"BreadcrumbList\",\"@id\":\"https:\/\/compartilhabahia.com.br\/index.php\/2025\/07\/06\/pascom-promove-encontro-formativo-com-foco-em-marketing\/#breadcrumb\",\"itemListElement\":[{\"@type\":\"ListItem\",\"position\":1,\"name\":\"In\u00edcio\",\"item\":\"https:\/\/compartilhabahia.com.br\/\"},{\"@type\":\"ListItem\",\"position\":2,\"name\":\"Pascom promove encontro formativo com foco em marketing\"}]},{\"@type\":\"WebSite\",\"@id\":\"https:\/\/compartilhabahia.com.br\/#website\",\"url\":\"https:\/\/compartilhabahia.com.br\/\",\"name\":\"Compartilha Bahia\",\"description\":\"\",\"publisher\":{\"@id\":\"https:\/\/compartilhabahia.com.br\/#organization\"},\"potentialAction\":[{\"@type\":\"SearchAction\",\"target\":{\"@type\":\"EntryPoint\",\"urlTemplate\":\"https:\/\/compartilhabahia.com.br\/?s={search_term_string}\"},\"query-input\":\"required name=search_term_string\"}],\"inLanguage\":\"pt-BR\"},{\"@type\":\"Organization\",\"@id\":\"https:\/\/compartilhabahia.com.br\/#organization\",\"name\":\"Compartilha Bahia\",\"url\":\"https:\/\/compartilhabahia.com.br\/\",\"logo\":{\"@type\":\"ImageObject\",\"inLanguage\":\"pt-BR\",\"@id\":\"https:\/\/compartilhabahia.com.br\/#\/schema\/logo\/image\/\",\"url\":\"https:\/\/compartilhabahia.com.br\/wp-content\/uploads\/2023\/12\/cropped-logo.png\",\"contentUrl\":\"https:\/\/compartilhabahia.com.br\/wp-content\/uploads\/2023\/12\/cropped-logo.png\",\"width\":300,\"height\":106,\"caption\":\"Compartilha Bahia\"},\"image\":{\"@id\":\"https:\/\/compartilhabahia.com.br\/#\/schema\/logo\/image\/\"},\"sameAs\":[\"https:\/\/web.facebook.com\/compartilhabahia\",\"https:\/\/www.instagram.com\/compartilhabahia\/\"]},{\"@type\":\"Person\",\"@id\":\"https:\/\/compartilhabahia.com.br\/#\/schema\/person\/9b4f0c3178793b8248d6686732521c04\",\"name\":\"admin\",\"image\":{\"@type\":\"ImageObject\",\"inLanguage\":\"pt-BR\",\"@id\":\"https:\/\/compartilhabahia.com.br\/#\/schema\/person\/image\/\",\"url\":\"https:\/\/secure.gravatar.com\/avatar\/9600df58751c5acbe914c538c03390ef649ea088cb65f84ba09c7ce66988eed6?s=96&d=mm&r=g\",\"contentUrl\":\"https:\/\/secure.gravatar.com\/avatar\/9600df58751c5acbe914c538c03390ef649ea088cb65f84ba09c7ce66988eed6?s=96&d=mm&r=g\",\"caption\":\"admin\"},\"sameAs\":[\"https:\/\/compartilhabahia.com.br\"],\"url\":\"https:\/\/compartilhabahia.com.br\/index.php\/author\/compartilhabahia\/\"}]}<\/script>\n<!-- \/ Yoast SEO plugin. -->","yoast_head_json":{"title":"Pascom promove encontro formativo com foco em marketing - Compartilha Bahia","robots":{"index":"index","follow":"follow","max-snippet":"max-snippet:-1","max-image-preview":"max-image-preview:large","max-video-preview":"max-video-preview:-1"},"canonical":"https:\/\/compartilhabahia.com.br\/index.php\/2025\/07\/06\/pascom-promove-encontro-formativo-com-foco-em-marketing\/","og_locale":"pt_BR","og_type":"article","og_title":"Pascom promove encontro formativo com foco em marketing - Compartilha Bahia","og_description":"A Pastoral da Comunica\u00e7\u00e3o realiza no dia 10 de julho, \u00e0s 21h, mais uma edi\u00e7\u00e3o do Pascomunh\u00e3o, um encontro formativo online destinado aos agentes da Pascom da Diocese de Cama\u00e7ari. Nesta edi\u00e7\u00e3o, o tema abordado ser\u00e1 &#8220;Marketing Digital &#8220;, com a participa\u00e7\u00e3o da Administradora e Mercad\u00f3loga, professora L\u00e9a Medeiros. A forma\u00e7\u00e3o tem como objetivo ampliar [&hellip;]","og_url":"https:\/\/compartilhabahia.com.br\/index.php\/2025\/07\/06\/pascom-promove-encontro-formativo-com-foco-em-marketing\/","og_site_name":"Compartilha Bahia","article_publisher":"https:\/\/web.facebook.com\/compartilhabahia","article_published_time":"2025-07-06T23:02:15+00:00","article_modified_time":"2025-07-06T23:02:18+00:00","og_image":[{"width":864,"height":1080,"url":"https:\/\/compartilhabahia.com.br\/wp-content\/uploads\/2025\/07\/pascom.jpg","type":"image\/jpeg"}],"author":"admin","twitter_card":"summary_large_image","twitter_misc":{"Escrito por":"admin","Est. tempo de leitura":"2 minutos"},"schema":{"@context":"https:\/\/schema.org","@graph":[{"@type":"Article","@id":"https:\/\/compartilhabahia.com.br\/index.php\/2025\/07\/06\/pascom-promove-encontro-formativo-com-foco-em-marketing\/#article","isPartOf":{"@id":"https:\/\/compartilhabahia.com.br\/index.php\/2025\/07\/06\/pascom-promove-encontro-formativo-com-foco-em-marketing\/"},"author":{"name":"admin","@id":"https:\/\/compartilhabahia.com.br\/#\/schema\/person\/9b4f0c3178793b8248d6686732521c04"},"headline":"Pascom promove encontro formativo com foco em marketing","datePublished":"2025-07-06T23:02:15+00:00","dateModified":"2025-07-06T23:02:18+00:00","mainEntityOfPage":{"@id":"https:\/\/compartilhabahia.com.br\/index.php\/2025\/07\/06\/pascom-promove-encontro-formativo-com-foco-em-marketing\/"},"wordCount":172,"commentCount":0,"publisher":{"@id":"https:\/\/compartilhabahia.com.br\/#organization"},"articleSection":["Cama\u00e7ari"],"inLanguage":"pt-BR","potentialAction":[{"@type":"CommentAction","name":"Comment","target":["https:\/\/compartilhabahia.com.br\/index.php\/2025\/07\/06\/pascom-promove-encontro-formativo-com-foco-em-marketing\/#respond"]}]},{"@type":"WebPage","@id":"https:\/\/compartilhabahia.com.br\/index.php\/2025\/07\/06\/pascom-promove-encontro-formativo-com-foco-em-marketing\/","url":"https:\/\/compartilhabahia.com.br\/index.php\/2025\/07\/06\/pascom-promove-encontro-formativo-com-foco-em-marketing\/","name":"Pascom promove encontro formativo com foco em marketing - Compartilha Bahia","isPartOf":{"@id":"https:\/\/compartilhabahia.com.br\/#website"},"datePublished":"2025-07-06T23:02:15+00:00","dateModified":"2025-07-06T23:02:18+00:00","breadcrumb":{"@id":"https:\/\/compartilhabahia.com.br\/index.php\/2025\/07\/06\/pascom-promove-encontro-formativo-com-foco-em-marketing\/#breadcrumb"},"inLanguage":"pt-BR","potentialAction":[{"@type":"ReadAction","target":["https:\/\/compartilhabahia.com.br\/index.php\/2025\/07\/06\/pascom-promove-encontro-formativo-com-foco-em-marketing\/"]}]},{"@type":"BreadcrumbList","@id":"https:\/\/compartilhabahia.com.br\/index.php\/2025\/07\/06\/pascom-promove-encontro-formativo-com-foco-em-marketing\/#breadcrumb","itemListElement":[{"@type":"ListItem","position":1,"name":"In\u00edcio","item":"https:\/\/compartilhabahia.com.br\/"},{"@type":"ListItem","position":2,"name":"Pascom promove encontro formativo com foco em marketing"}]},{"@type":"WebSite","@id":"https:\/\/compartilhabahia.com.br\/#website","url":"https:\/\/compartilhabahia.com.br\/","name":"Compartilha Bahia","description":"","publisher":{"@id":"https:\/\/compartilhabahia.com.br\/#organization"},"potentialAction":[{"@type":"SearchAction","target":{"@type":"EntryPoint","urlTemplate":"https:\/\/compartilhabahia.com.br\/?s={search_term_string}"},"query-input":"required name=search_term_string"}],"inLanguage":"pt-BR"},{"@type":"Organization","@id":"https:\/\/compartilhabahia.com.br\/#organization","name":"Compartilha Bahia","url":"https:\/\/compartilhabahia.com.br\/","logo":{"@type":"ImageObject","inLanguage":"pt-BR","@id":"https:\/\/compartilhabahia.com.br\/#\/schema\/logo\/image\/","url":"https:\/\/compartilhabahia.com.br\/wp-content\/uploads\/2023\/12\/cropped-logo.png","contentUrl":"https:\/\/compartilhabahia.com.br\/wp-content\/uploads\/2023\/12\/cropped-logo.png","width":300,"height":106,"caption":"Compartilha Bahia"},"image":{"@id":"https:\/\/compartilhabahia.com.br\/#\/schema\/logo\/image\/"},"sameAs":["https:\/\/web.facebook.com\/compartilhabahia","https:\/\/www.instagram.com\/compartilhabahia\/"]},{"@type":"Person","@id":"https:\/\/compartilhabahia.com.br\/#\/schema\/person\/9b4f0c3178793b8248d6686732521c04","name":"admin","image":{"@type":"ImageObject","inLanguage":"pt-BR","@id":"https:\/\/compartilhabahia.com.br\/#\/schema\/person\/image\/","url":"https:\/\/secure.gravatar.com\/avatar\/9600df58751c5acbe914c538c03390ef649ea088cb65f84ba09c7ce66988eed6?s=96&d=mm&r=g","contentUrl":"https:\/\/secure.gravatar.com\/avatar\/9600df58751c5acbe914c538c03390ef649ea088cb65f84ba09c7ce66988eed6?s=96&d=mm&r=g","caption":"admin"},"sameAs":["https:\/\/compartilhabahia.com.br"],"url":"https:\/\/compartilhabahia.com.br\/index.php\/author\/compartilhabahia\/"}]}},"_links":{"self":[{"href":"https:\/\/compartilhabahia.com.br\/index.php\/wp-json\/wp\/v2\/posts\/7117","targetHints":{"allow":["GET"]}}],"collection":[{"href":"https:\/\/compartilhabahia.com.br\/index.php\/wp-json\/wp\/v2\/posts"}],"about":[{"href":"https:\/\/compartilhabahia.com.br\/index.php\/wp-json\/wp\/v2\/types\/post"}],"author":[{"embeddable":true,"href":"https:\/\/compartilhabahia.com.br\/index.php\/wp-json\/wp\/v2\/users\/1"}],"replies":[{"embeddable":true,"href":"https:\/\/compartilhabahia.com.br\/index.php\/wp-json\/wp\/v2\/comments?post=7117"}],"version-history":[{"count":1,"href":"https:\/\/compartilhabahia.com.br\/index.php\/wp-json\/wp\/v2\/posts\/7117\/revisions"}],"predecessor-version":[{"id":7119,"href":"https:\/\/compartilhabahia.com.br\/index.php\/wp-json\/wp\/v2\/posts\/7117\/revisions\/7119"}],"wp:featuredmedia":[{"embeddable":true,"href":"https:\/\/compartilhabahia.com.br\/index.php\/wp-json\/wp\/v2\/media\/7118"}],"wp:attachment":[{"href":"https:\/\/compartilhabahia.com.br\/index.php\/wp-json\/wp\/v2\/media?parent=7117"}],"wp:term":[{"taxonomy":"category","embeddable":true,"href":"https:\/\/compartilhabahia.com.br\/index.php\/wp-json\/wp\/v2\/categories?post=7117"},{"taxonomy":"post_tag","embeddable":true,"href":"https:\/\/compartilhabahia.com.br\/index.php\/wp-json\/wp\/v2\/tags?post=7117"}],"curies":[{"name":"wp","href":"https:\/\/api.w.org\/{rel}","templated":true}]}}