{"id":7105,"date":"2025-07-04T22:27:07","date_gmt":"2025-07-05T01:27:07","guid":{"rendered":"https:\/\/compartilhabahia.com.br\/?p=7105"},"modified":"2025-07-04T22:27:10","modified_gmt":"2025-07-05T01:27:10","slug":"pista-de-gelo-do-shopping-barra-esta-de-volta-e-promete-encantar-nas-ferias","status":"publish","type":"post","link":"https:\/\/compartilhabahia.com.br\/index.php\/2025\/07\/04\/pista-de-gelo-do-shopping-barra-esta-de-volta-e-promete-encantar-nas-ferias\/","title":{"rendered":"Pista de Gelo do Shopping Barra est\u00e1 de volta e promete encantar nas f\u00e9rias"},"content":{"rendered":"\n<p><em><strong>Pista de Patina\u00e7\u00e3o no Gelo &#8211;&nbsp;<\/strong><strong>Foto: Divulga\u00e7\u00e3o Shopping Barra<\/strong><\/em><\/p>\n\n\n\n<p>Julho chega com um toque de magia no ar e um convite irresist\u00edvel ao encantamento: a cl\u00e1ssica e apaixonante\u00a0<strong>Pista de Gelo<\/strong>\u00a0retorna ao\u00a0<strong>Shopping Barra<\/strong>\u00a0desde o feriado de 2 de julho, e promete transformar as f\u00e9rias em verdadeiro conto de inverno, sem sair do cora\u00e7\u00e3o de Salvador. Al\u00e9m disso, os pequenos poder\u00e3o embarcar no Expresso do Barra, um trenzinho el\u00e9trico que circular\u00e1 pelo shopping, proporcionando um passeio alegre e emocionante.<\/p>\n\n\n\n<p>Instalada na charmosa Pra\u00e7a Central Euvaldo Luz, a atra\u00e7\u00e3o que j\u00e1 virou tradi\u00e7\u00e3o no calend\u00e1rio de f\u00e9rias do shopping, oferece uma experi\u00eancia l\u00fadica e deslumbrante para toda a fam\u00edlia. Com ilumina\u00e7\u00e3o c\u00eanica e atmosfera envolvente, a pista convida crian\u00e7as e adultos a deslizarem sobre o gelo em momentos que ficar\u00e3o guardados na mem\u00f3ria.<\/p>\n\n\n\n<p>Para os pequenos de 2 a 5 anos, a magia tamb\u00e9m est\u00e1 garantida: o passeio no carrinho no gelo \u00e9 puro encantamento, pensado com carinho para que ningu\u00e9m fique de fora da divers\u00e3o.<\/p>\n\n\n\n<p>\u201cA pista de patina\u00e7\u00e3o no gelo do Barra \u00e9 um verdadeiro cl\u00e1ssico do nosso inverno. \u00c9 uma atra\u00e7\u00e3o que desperta emo\u00e7\u00e3o, cria mem\u00f3rias afetivas e traz aquele brilho no olhar das crian\u00e7as e das fam\u00edlias que vivem momentos especiais aqui. Fazemos quest\u00e3o de aprimorar essa experi\u00eancia a cada edi\u00e7\u00e3o, com seguran\u00e7a, beleza e muita magia\u201d, destaca a gerente de marketing do Shopping Barra, Karina Brito.<\/p>\n\n\n\n<p>A atra\u00e7\u00e3o funcionar\u00e1 durante todo o per\u00edodo de f\u00e9rias escolares, de segunda a s\u00e1bado, das 9h \u00e0s 22h e aos domingos das 12h \u00e1s 20h.<\/p>\n\n\n\n<p><strong><u>Servi\u00e7o:<\/u><\/strong><\/p>\n\n\n\n<p><strong>O Qu\u00ea?<\/strong>&nbsp;Pista no Gelo no Shopping Barra<\/p>\n\n\n\n<p><strong>Quando?<\/strong>&nbsp;A partir de 2 de julho, no hor\u00e1rio de funcionamento do shopping<\/p>\n\n\n\n<p><strong>Onde?&nbsp;<\/strong>Pra\u00e7a Central Euvaldo Luz<\/p>\n\n\n\n<p><strong>Quanto?<\/strong>&nbsp;R$ 60,00 &#8211; meia hora pagamento no dinheiro;<\/p>\n\n\n\n<p>R$ 65,00 &#8211; meia hora pagamento no cart\u00e3o de d\u00e9bito e\/ou cr\u00e9dito;<\/p>\n\n\n\n<p>R$ 75,00 &#8211; uma hora pagamento no dinheiro;<\/p>\n\n\n\n<p>R$ 80,00 \u2013 uma hora pagamento no cart\u00e3o de d\u00e9bito e\/ou cr\u00e9dito;<\/p>\n\n\n\n<p>R$ 40,00 Carrinho &#8211; 18 voltas pagamento no dinheiro;<\/p>\n\n\n\n<p>R$ 45,00 Carrinho &#8211; 18 voltas pagamento no cart\u00e3o d\u00e9bito e\/ou cr\u00e9dito;<\/p>\n\n\n\n<p><br>R$ 25,00 &nbsp;&#8211; 10 minutos no Expresso do Barra &#8211; pagamento dinheiro, cart\u00e3o d\u00e9bito e\/ou cr\u00e9dito<\/p>\n","protected":false},"excerpt":{"rendered":"<p>Pista de Patina\u00e7\u00e3o no Gelo &#8211;&nbsp;Foto: Divulga\u00e7\u00e3o Shopping Barra Julho chega com um toque de magia no ar e um convite irresist\u00edvel ao encantamento: a cl\u00e1ssica e apaixonante\u00a0Pista de Gelo\u00a0retorna ao\u00a0Shopping Barra\u00a0desde o feriado de 2 de julho, e promete transformar as f\u00e9rias em verdadeiro conto de inverno, sem sair do cora\u00e7\u00e3o de Salvador. Al\u00e9m [&hellip;]<\/p>\n","protected":false},"author":1,"featured_media":7106,"comment_status":"open","ping_status":"open","sticky":false,"template":"","format":"standard","meta":{"footnotes":""},"categories":[10],"tags":[],"class_list":["post-7105","post","type-post","status-publish","format-standard","has-post-thumbnail","hentry","category-bahia"],"yoast_head":"<!-- This site is optimized with the Yoast SEO plugin v21.7 - https:\/\/yoast.com\/wordpress\/plugins\/seo\/ -->\n<title>Pista de Gelo do Shopping Barra est\u00e1 de volta e promete encantar nas f\u00e9rias - Compartilha Bahia<\/title>\n<meta name=\"robots\" content=\"index, follow, max-snippet:-1, max-image-preview:large, max-video-preview:-1\" \/>\n<link rel=\"canonical\" href=\"https:\/\/compartilhabahia.com.br\/index.php\/2025\/07\/04\/pista-de-gelo-do-shopping-barra-esta-de-volta-e-promete-encantar-nas-ferias\/\" \/>\n<meta property=\"og:locale\" content=\"pt_BR\" \/>\n<meta property=\"og:type\" content=\"article\" \/>\n<meta property=\"og:title\" content=\"Pista de Gelo do Shopping Barra est\u00e1 de volta e promete encantar nas f\u00e9rias - Compartilha Bahia\" \/>\n<meta property=\"og:description\" content=\"Pista de Patina\u00e7\u00e3o no Gelo &#8211;&nbsp;Foto: Divulga\u00e7\u00e3o Shopping Barra Julho chega com um toque de magia no ar e um convite irresist\u00edvel ao encantamento: a cl\u00e1ssica e apaixonante\u00a0Pista de Gelo\u00a0retorna ao\u00a0Shopping Barra\u00a0desde o feriado de 2 de julho, e promete transformar as f\u00e9rias em verdadeiro conto de inverno, sem sair do cora\u00e7\u00e3o de Salvador. Al\u00e9m [&hellip;]\" \/>\n<meta property=\"og:url\" content=\"https:\/\/compartilhabahia.com.br\/index.php\/2025\/07\/04\/pista-de-gelo-do-shopping-barra-esta-de-volta-e-promete-encantar-nas-ferias\/\" \/>\n<meta property=\"og:site_name\" content=\"Compartilha Bahia\" \/>\n<meta property=\"article:publisher\" content=\"https:\/\/web.facebook.com\/compartilhabahia\" \/>\n<meta property=\"article:published_time\" content=\"2025-07-05T01:27:07+00:00\" \/>\n<meta property=\"article:modified_time\" content=\"2025-07-05T01:27:10+00:00\" \/>\n<meta property=\"og:image\" content=\"https:\/\/compartilhabahia.com.br\/wp-content\/uploads\/2025\/07\/pistagelo.jpg\" \/>\n\t<meta property=\"og:image:width\" content=\"820\" \/>\n\t<meta property=\"og:image:height\" content=\"546\" \/>\n\t<meta property=\"og:image:type\" content=\"image\/jpeg\" \/>\n<meta name=\"author\" content=\"admin\" \/>\n<meta name=\"twitter:card\" content=\"summary_large_image\" \/>\n<meta name=\"twitter:label1\" content=\"Escrito por\" \/>\n\t<meta name=\"twitter:data1\" content=\"admin\" \/>\n\t<meta name=\"twitter:label2\" content=\"Est. tempo de leitura\" \/>\n\t<meta name=\"twitter:data2\" content=\"3 minutos\" \/>\n<script type=\"application\/ld+json\" class=\"yoast-schema-graph\">{\"@context\":\"https:\/\/schema.org\",\"@graph\":[{\"@type\":\"Article\",\"@id\":\"https:\/\/compartilhabahia.com.br\/index.php\/2025\/07\/04\/pista-de-gelo-do-shopping-barra-esta-de-volta-e-promete-encantar-nas-ferias\/#article\",\"isPartOf\":{\"@id\":\"https:\/\/compartilhabahia.com.br\/index.php\/2025\/07\/04\/pista-de-gelo-do-shopping-barra-esta-de-volta-e-promete-encantar-nas-ferias\/\"},\"author\":{\"name\":\"admin\",\"@id\":\"https:\/\/compartilhabahia.com.br\/#\/schema\/person\/9b4f0c3178793b8248d6686732521c04\"},\"headline\":\"Pista de Gelo do Shopping Barra est\u00e1 de volta e promete encantar nas f\u00e9rias\",\"datePublished\":\"2025-07-05T01:27:07+00:00\",\"dateModified\":\"2025-07-05T01:27:10+00:00\",\"mainEntityOfPage\":{\"@id\":\"https:\/\/compartilhabahia.com.br\/index.php\/2025\/07\/04\/pista-de-gelo-do-shopping-barra-esta-de-volta-e-promete-encantar-nas-ferias\/\"},\"wordCount\":425,\"commentCount\":0,\"publisher\":{\"@id\":\"https:\/\/compartilhabahia.com.br\/#organization\"},\"articleSection\":[\"Bahia\"],\"inLanguage\":\"pt-BR\",\"potentialAction\":[{\"@type\":\"CommentAction\",\"name\":\"Comment\",\"target\":[\"https:\/\/compartilhabahia.com.br\/index.php\/2025\/07\/04\/pista-de-gelo-do-shopping-barra-esta-de-volta-e-promete-encantar-nas-ferias\/#respond\"]}]},{\"@type\":\"WebPage\",\"@id\":\"https:\/\/compartilhabahia.com.br\/index.php\/2025\/07\/04\/pista-de-gelo-do-shopping-barra-esta-de-volta-e-promete-encantar-nas-ferias\/\",\"url\":\"https:\/\/compartilhabahia.com.br\/index.php\/2025\/07\/04\/pista-de-gelo-do-shopping-barra-esta-de-volta-e-promete-encantar-nas-ferias\/\",\"name\":\"Pista de Gelo do Shopping Barra est\u00e1 de volta e promete encantar nas f\u00e9rias - Compartilha Bahia\",\"isPartOf\":{\"@id\":\"https:\/\/compartilhabahia.com.br\/#website\"},\"datePublished\":\"2025-07-05T01:27:07+00:00\",\"dateModified\":\"2025-07-05T01:27:10+00:00\",\"breadcrumb\":{\"@id\":\"https:\/\/compartilhabahia.com.br\/index.php\/2025\/07\/04\/pista-de-gelo-do-shopping-barra-esta-de-volta-e-promete-encantar-nas-ferias\/#breadcrumb\"},\"inLanguage\":\"pt-BR\",\"potentialAction\":[{\"@type\":\"ReadAction\",\"target\":[\"https:\/\/compartilhabahia.com.br\/index.php\/2025\/07\/04\/pista-de-gelo-do-shopping-barra-esta-de-volta-e-promete-encantar-nas-ferias\/\"]}]},{\"@type\":\"BreadcrumbList\",\"@id\":\"https:\/\/compartilhabahia.com.br\/index.php\/2025\/07\/04\/pista-de-gelo-do-shopping-barra-esta-de-volta-e-promete-encantar-nas-ferias\/#breadcrumb\",\"itemListElement\":[{\"@type\":\"ListItem\",\"position\":1,\"name\":\"In\u00edcio\",\"item\":\"https:\/\/compartilhabahia.com.br\/\"},{\"@type\":\"ListItem\",\"position\":2,\"name\":\"Pista de Gelo do Shopping Barra est\u00e1 de volta e promete encantar nas f\u00e9rias\"}]},{\"@type\":\"WebSite\",\"@id\":\"https:\/\/compartilhabahia.com.br\/#website\",\"url\":\"https:\/\/compartilhabahia.com.br\/\",\"name\":\"Compartilha Bahia\",\"description\":\"\",\"publisher\":{\"@id\":\"https:\/\/compartilhabahia.com.br\/#organization\"},\"potentialAction\":[{\"@type\":\"SearchAction\",\"target\":{\"@type\":\"EntryPoint\",\"urlTemplate\":\"https:\/\/compartilhabahia.com.br\/?s={search_term_string}\"},\"query-input\":\"required name=search_term_string\"}],\"inLanguage\":\"pt-BR\"},{\"@type\":\"Organization\",\"@id\":\"https:\/\/compartilhabahia.com.br\/#organization\",\"name\":\"Compartilha Bahia\",\"url\":\"https:\/\/compartilhabahia.com.br\/\",\"logo\":{\"@type\":\"ImageObject\",\"inLanguage\":\"pt-BR\",\"@id\":\"https:\/\/compartilhabahia.com.br\/#\/schema\/logo\/image\/\",\"url\":\"https:\/\/compartilhabahia.com.br\/wp-content\/uploads\/2023\/12\/cropped-logo.png\",\"contentUrl\":\"https:\/\/compartilhabahia.com.br\/wp-content\/uploads\/2023\/12\/cropped-logo.png\",\"width\":300,\"height\":106,\"caption\":\"Compartilha Bahia\"},\"image\":{\"@id\":\"https:\/\/compartilhabahia.com.br\/#\/schema\/logo\/image\/\"},\"sameAs\":[\"https:\/\/web.facebook.com\/compartilhabahia\",\"https:\/\/www.instagram.com\/compartilhabahia\/\"]},{\"@type\":\"Person\",\"@id\":\"https:\/\/compartilhabahia.com.br\/#\/schema\/person\/9b4f0c3178793b8248d6686732521c04\",\"name\":\"admin\",\"image\":{\"@type\":\"ImageObject\",\"inLanguage\":\"pt-BR\",\"@id\":\"https:\/\/compartilhabahia.com.br\/#\/schema\/person\/image\/\",\"url\":\"https:\/\/secure.gravatar.com\/avatar\/9600df58751c5acbe914c538c03390ef649ea088cb65f84ba09c7ce66988eed6?s=96&d=mm&r=g\",\"contentUrl\":\"https:\/\/secure.gravatar.com\/avatar\/9600df58751c5acbe914c538c03390ef649ea088cb65f84ba09c7ce66988eed6?s=96&d=mm&r=g\",\"caption\":\"admin\"},\"sameAs\":[\"https:\/\/compartilhabahia.com.br\"],\"url\":\"https:\/\/compartilhabahia.com.br\/index.php\/author\/compartilhabahia\/\"}]}<\/script>\n<!-- \/ Yoast SEO plugin. -->","yoast_head_json":{"title":"Pista de Gelo do Shopping Barra est\u00e1 de volta e promete encantar nas f\u00e9rias - Compartilha Bahia","robots":{"index":"index","follow":"follow","max-snippet":"max-snippet:-1","max-image-preview":"max-image-preview:large","max-video-preview":"max-video-preview:-1"},"canonical":"https:\/\/compartilhabahia.com.br\/index.php\/2025\/07\/04\/pista-de-gelo-do-shopping-barra-esta-de-volta-e-promete-encantar-nas-ferias\/","og_locale":"pt_BR","og_type":"article","og_title":"Pista de Gelo do Shopping Barra est\u00e1 de volta e promete encantar nas f\u00e9rias - Compartilha Bahia","og_description":"Pista de Patina\u00e7\u00e3o no Gelo &#8211;&nbsp;Foto: Divulga\u00e7\u00e3o Shopping Barra Julho chega com um toque de magia no ar e um convite irresist\u00edvel ao encantamento: a cl\u00e1ssica e apaixonante\u00a0Pista de Gelo\u00a0retorna ao\u00a0Shopping Barra\u00a0desde o feriado de 2 de julho, e promete transformar as f\u00e9rias em verdadeiro conto de inverno, sem sair do cora\u00e7\u00e3o de Salvador. Al\u00e9m [&hellip;]","og_url":"https:\/\/compartilhabahia.com.br\/index.php\/2025\/07\/04\/pista-de-gelo-do-shopping-barra-esta-de-volta-e-promete-encantar-nas-ferias\/","og_site_name":"Compartilha Bahia","article_publisher":"https:\/\/web.facebook.com\/compartilhabahia","article_published_time":"2025-07-05T01:27:07+00:00","article_modified_time":"2025-07-05T01:27:10+00:00","og_image":[{"width":820,"height":546,"url":"https:\/\/compartilhabahia.com.br\/wp-content\/uploads\/2025\/07\/pistagelo.jpg","type":"image\/jpeg"}],"author":"admin","twitter_card":"summary_large_image","twitter_misc":{"Escrito por":"admin","Est. tempo de leitura":"3 minutos"},"schema":{"@context":"https:\/\/schema.org","@graph":[{"@type":"Article","@id":"https:\/\/compartilhabahia.com.br\/index.php\/2025\/07\/04\/pista-de-gelo-do-shopping-barra-esta-de-volta-e-promete-encantar-nas-ferias\/#article","isPartOf":{"@id":"https:\/\/compartilhabahia.com.br\/index.php\/2025\/07\/04\/pista-de-gelo-do-shopping-barra-esta-de-volta-e-promete-encantar-nas-ferias\/"},"author":{"name":"admin","@id":"https:\/\/compartilhabahia.com.br\/#\/schema\/person\/9b4f0c3178793b8248d6686732521c04"},"headline":"Pista de Gelo do Shopping Barra est\u00e1 de volta e promete encantar nas f\u00e9rias","datePublished":"2025-07-05T01:27:07+00:00","dateModified":"2025-07-05T01:27:10+00:00","mainEntityOfPage":{"@id":"https:\/\/compartilhabahia.com.br\/index.php\/2025\/07\/04\/pista-de-gelo-do-shopping-barra-esta-de-volta-e-promete-encantar-nas-ferias\/"},"wordCount":425,"commentCount":0,"publisher":{"@id":"https:\/\/compartilhabahia.com.br\/#organization"},"articleSection":["Bahia"],"inLanguage":"pt-BR","potentialAction":[{"@type":"CommentAction","name":"Comment","target":["https:\/\/compartilhabahia.com.br\/index.php\/2025\/07\/04\/pista-de-gelo-do-shopping-barra-esta-de-volta-e-promete-encantar-nas-ferias\/#respond"]}]},{"@type":"WebPage","@id":"https:\/\/compartilhabahia.com.br\/index.php\/2025\/07\/04\/pista-de-gelo-do-shopping-barra-esta-de-volta-e-promete-encantar-nas-ferias\/","url":"https:\/\/compartilhabahia.com.br\/index.php\/2025\/07\/04\/pista-de-gelo-do-shopping-barra-esta-de-volta-e-promete-encantar-nas-ferias\/","name":"Pista de Gelo do Shopping Barra est\u00e1 de volta e promete encantar nas f\u00e9rias - Compartilha Bahia","isPartOf":{"@id":"https:\/\/compartilhabahia.com.br\/#website"},"datePublished":"2025-07-05T01:27:07+00:00","dateModified":"2025-07-05T01:27:10+00:00","breadcrumb":{"@id":"https:\/\/compartilhabahia.com.br\/index.php\/2025\/07\/04\/pista-de-gelo-do-shopping-barra-esta-de-volta-e-promete-encantar-nas-ferias\/#breadcrumb"},"inLanguage":"pt-BR","potentialAction":[{"@type":"ReadAction","target":["https:\/\/compartilhabahia.com.br\/index.php\/2025\/07\/04\/pista-de-gelo-do-shopping-barra-esta-de-volta-e-promete-encantar-nas-ferias\/"]}]},{"@type":"BreadcrumbList","@id":"https:\/\/compartilhabahia.com.br\/index.php\/2025\/07\/04\/pista-de-gelo-do-shopping-barra-esta-de-volta-e-promete-encantar-nas-ferias\/#breadcrumb","itemListElement":[{"@type":"ListItem","position":1,"name":"In\u00edcio","item":"https:\/\/compartilhabahia.com.br\/"},{"@type":"ListItem","position":2,"name":"Pista de Gelo do Shopping Barra est\u00e1 de volta e promete encantar nas f\u00e9rias"}]},{"@type":"WebSite","@id":"https:\/\/compartilhabahia.com.br\/#website","url":"https:\/\/compartilhabahia.com.br\/","name":"Compartilha Bahia","description":"","publisher":{"@id":"https:\/\/compartilhabahia.com.br\/#organization"},"potentialAction":[{"@type":"SearchAction","target":{"@type":"EntryPoint","urlTemplate":"https:\/\/compartilhabahia.com.br\/?s={search_term_string}"},"query-input":"required name=search_term_string"}],"inLanguage":"pt-BR"},{"@type":"Organization","@id":"https:\/\/compartilhabahia.com.br\/#organization","name":"Compartilha Bahia","url":"https:\/\/compartilhabahia.com.br\/","logo":{"@type":"ImageObject","inLanguage":"pt-BR","@id":"https:\/\/compartilhabahia.com.br\/#\/schema\/logo\/image\/","url":"https:\/\/compartilhabahia.com.br\/wp-content\/uploads\/2023\/12\/cropped-logo.png","contentUrl":"https:\/\/compartilhabahia.com.br\/wp-content\/uploads\/2023\/12\/cropped-logo.png","width":300,"height":106,"caption":"Compartilha Bahia"},"image":{"@id":"https:\/\/compartilhabahia.com.br\/#\/schema\/logo\/image\/"},"sameAs":["https:\/\/web.facebook.com\/compartilhabahia","https:\/\/www.instagram.com\/compartilhabahia\/"]},{"@type":"Person","@id":"https:\/\/compartilhabahia.com.br\/#\/schema\/person\/9b4f0c3178793b8248d6686732521c04","name":"admin","image":{"@type":"ImageObject","inLanguage":"pt-BR","@id":"https:\/\/compartilhabahia.com.br\/#\/schema\/person\/image\/","url":"https:\/\/secure.gravatar.com\/avatar\/9600df58751c5acbe914c538c03390ef649ea088cb65f84ba09c7ce66988eed6?s=96&d=mm&r=g","contentUrl":"https:\/\/secure.gravatar.com\/avatar\/9600df58751c5acbe914c538c03390ef649ea088cb65f84ba09c7ce66988eed6?s=96&d=mm&r=g","caption":"admin"},"sameAs":["https:\/\/compartilhabahia.com.br"],"url":"https:\/\/compartilhabahia.com.br\/index.php\/author\/compartilhabahia\/"}]}},"_links":{"self":[{"href":"https:\/\/compartilhabahia.com.br\/index.php\/wp-json\/wp\/v2\/posts\/7105","targetHints":{"allow":["GET"]}}],"collection":[{"href":"https:\/\/compartilhabahia.com.br\/index.php\/wp-json\/wp\/v2\/posts"}],"about":[{"href":"https:\/\/compartilhabahia.com.br\/index.php\/wp-json\/wp\/v2\/types\/post"}],"author":[{"embeddable":true,"href":"https:\/\/compartilhabahia.com.br\/index.php\/wp-json\/wp\/v2\/users\/1"}],"replies":[{"embeddable":true,"href":"https:\/\/compartilhabahia.com.br\/index.php\/wp-json\/wp\/v2\/comments?post=7105"}],"version-history":[{"count":1,"href":"https:\/\/compartilhabahia.com.br\/index.php\/wp-json\/wp\/v2\/posts\/7105\/revisions"}],"predecessor-version":[{"id":7107,"href":"https:\/\/compartilhabahia.com.br\/index.php\/wp-json\/wp\/v2\/posts\/7105\/revisions\/7107"}],"wp:featuredmedia":[{"embeddable":true,"href":"https:\/\/compartilhabahia.com.br\/index.php\/wp-json\/wp\/v2\/media\/7106"}],"wp:attachment":[{"href":"https:\/\/compartilhabahia.com.br\/index.php\/wp-json\/wp\/v2\/media?parent=7105"}],"wp:term":[{"taxonomy":"category","embeddable":true,"href":"https:\/\/compartilhabahia.com.br\/index.php\/wp-json\/wp\/v2\/categories?post=7105"},{"taxonomy":"post_tag","embeddable":true,"href":"https:\/\/compartilhabahia.com.br\/index.php\/wp-json\/wp\/v2\/tags?post=7105"}],"curies":[{"name":"wp","href":"https:\/\/api.w.org\/{rel}","templated":true}]}}