{"id":7102,"date":"2025-07-04T22:03:26","date_gmt":"2025-07-05T01:03:26","guid":{"rendered":"https:\/\/compartilhabahia.com.br\/?p=7102"},"modified":"2025-07-04T22:03:29","modified_gmt":"2025-07-05T01:03:29","slug":"horto-recebe-nova-edicao-da-hamburgada-do-bem-neste-sabado","status":"publish","type":"post","link":"https:\/\/compartilhabahia.com.br\/index.php\/2025\/07\/04\/horto-recebe-nova-edicao-da-hamburgada-do-bem-neste-sabado\/","title":{"rendered":"Horto recebe nova edi\u00e7\u00e3o da Hamburgada do Bem neste s\u00e1bado"},"content":{"rendered":"\n<p>O Horto de Cama\u00e7ari Linaldo da Silva ser\u00e1 novamente o cen\u00e1rio de um dia especial para dezenas de crian\u00e7as. \u00c9 que neste s\u00e1bado (5), a partir das 10h30, acontece mais uma edi\u00e7\u00e3o da Hamburgada do Bem, projeto social realizado em parceria com o Grupo Botic\u00e1rio e apoio da Secretaria de Desenvolvimento Urbano e Meio Ambiente (Sedur).<\/p>\n\n\n\n<p>Voltado para crian\u00e7as com idades entre 4 e 11 anos, o evento oferece uma programa\u00e7\u00e3o repleta de atividades l\u00fadicas e educativas. Entre as atra\u00e7\u00f5es, est\u00e3o oficinas criativas, brinquedos infl\u00e1veis, diversas brincadeiras e, claro, a distribui\u00e7\u00e3o gratuita de hamb\u00fargueres, batatas fritas, doces e sobremesas. Tudo para garantir um dia inesquec\u00edvel de alegria.<\/p>\n\n\n\n<p>Al\u00e9m da recrea\u00e7\u00e3o infantil, a a\u00e7\u00e3o tamb\u00e9m contempla os adultos. Na oportunidade, cerca de 30 mulheres v\u00e3o poder participar de um curso de capacita\u00e7\u00e3o na \u00e1rea de est\u00e9tica, promovido pelo Grupo Botic\u00e1rio. A forma\u00e7\u00e3o \u00e9 uma oportunidade de empoderamento feminino, gera\u00e7\u00e3o de renda e incentivo ao empreendedorismo local, agregando valor \u00e0 comunidade como um todo.<\/p>\n\n\n\n<p>Para Thalisson Leite, um dos organizadores da organiza\u00e7\u00e3o n\u00e3o governamental (ONG) Hamburgada do Bem, a expectativa \u00e9 repetir o sucesso das edi\u00e7\u00f5es anteriores. \u201cEstamos preparando tudo com muito carinho, dedica\u00e7\u00e3o e alegria. O projeto tem um carinho enorme por Cama\u00e7ari, e queremos ver o horto cheio de crian\u00e7as se divertindo e criando boas mem\u00f3rias. \u00c9 um dia feito para elas, com muito amor\u201d, destacou.<\/p>\n\n\n\n<p>O titular da Sedur, Rodrigo Nogueira, tamb\u00e9m celebrou a parceria e ressaltou a import\u00e2ncia de a\u00e7\u00f5es como essa para o munic\u00edpio. \u201cA Hamburgada do Bem \u00e9 uma iniciativa que vai muito al\u00e9m da divers\u00e3o. \u00c9 inclus\u00e3o, capacita\u00e7\u00e3o e desenvolvimento local. A Prefeitura de Cama\u00e7ari tem grande satisfa\u00e7\u00e3o em apoiar iniciativas que unem responsabilidade social e cuidado com as pessoas. Nosso objetivo \u00e9 transformar espa\u00e7os p\u00fablicos em ambientes vivos e acolhedores para toda a comunidade\u201d, afirmou.<\/p>\n\n\n\n<p>Nos \u00faltimos anos, a Hamburgada do Bem j\u00e1 acolheu crian\u00e7as de diversas escolas da rede municipal de ensino de Cama\u00e7ari, fortalecendo o v\u00ednculo com a comunidade local. E mais do que oferecer lazer e inclus\u00e3o social, o projeto tamb\u00e9m movimenta a economia local. Uma vez que, a organiza\u00e7\u00e3o tem um compromisso com os empreendedores de cada cidade que recebe o evento e faz quest\u00e3o de adquirir todos os insumos no munic\u00edpio que sediar\u00e1 a edi\u00e7\u00e3o do projeto, fomentando o com\u00e9rcio e apoiando pequenos e m\u00e9dios fornecedores.<\/p>\n\n\n\n<p>&nbsp;\u201cFazemos quest\u00e3o de investir na cidade e n\u00e3o trazemos nada de fora. Compramos refrigerantes, sucos, carnes, p\u00e3es e todos os demais insumos no com\u00e9rcio local. Essa \u00e9 uma forma de incentivar a economia solid\u00e1ria, fortalecer os neg\u00f3cios da regi\u00e3o e contribuir para o crescimento sustent\u00e1vel da comunidade\u201d, explicou Thalisson Leite.<\/p>\n\n\n\n<p>Com vagas limitadas, para garantir a participa\u00e7\u00e3o das crian\u00e7as, os respons\u00e1veis devem retirar os convites at\u00e9 esta sexta-feira (4), das 10h \u00e0s 17h, diretamente no Horto de Cama\u00e7ari, localizado na Avenida Cama\u00e7ari, Rua Bela Vista, no bairro Gleba B.&nbsp;<\/p>\n","protected":false},"excerpt":{"rendered":"<p>O Horto de Cama\u00e7ari Linaldo da Silva ser\u00e1 novamente o cen\u00e1rio de um dia especial para dezenas de crian\u00e7as. \u00c9 que neste s\u00e1bado (5), a partir das 10h30, acontece mais uma edi\u00e7\u00e3o da Hamburgada do Bem, projeto social realizado em parceria com o Grupo Botic\u00e1rio e apoio da Secretaria de Desenvolvimento Urbano e Meio Ambiente [&hellip;]<\/p>\n","protected":false},"author":1,"featured_media":7103,"comment_status":"open","ping_status":"open","sticky":false,"template":"","format":"standard","meta":{"footnotes":""},"categories":[8],"tags":[],"class_list":["post-7102","post","type-post","status-publish","format-standard","has-post-thumbnail","hentry","category-camacari"],"yoast_head":"<!-- This site is optimized with the Yoast SEO plugin v21.7 - https:\/\/yoast.com\/wordpress\/plugins\/seo\/ -->\n<title>Horto recebe nova edi\u00e7\u00e3o da Hamburgada do Bem neste s\u00e1bado - Compartilha Bahia<\/title>\n<meta name=\"robots\" content=\"index, follow, max-snippet:-1, max-image-preview:large, max-video-preview:-1\" \/>\n<link rel=\"canonical\" href=\"https:\/\/compartilhabahia.com.br\/index.php\/2025\/07\/04\/horto-recebe-nova-edicao-da-hamburgada-do-bem-neste-sabado\/\" \/>\n<meta property=\"og:locale\" content=\"pt_BR\" \/>\n<meta property=\"og:type\" content=\"article\" \/>\n<meta property=\"og:title\" content=\"Horto recebe nova edi\u00e7\u00e3o da Hamburgada do Bem neste s\u00e1bado - Compartilha Bahia\" \/>\n<meta property=\"og:description\" content=\"O Horto de Cama\u00e7ari Linaldo da Silva ser\u00e1 novamente o cen\u00e1rio de um dia especial para dezenas de crian\u00e7as. \u00c9 que neste s\u00e1bado (5), a partir das 10h30, acontece mais uma edi\u00e7\u00e3o da Hamburgada do Bem, projeto social realizado em parceria com o Grupo Botic\u00e1rio e apoio da Secretaria de Desenvolvimento Urbano e Meio Ambiente [&hellip;]\" \/>\n<meta property=\"og:url\" content=\"https:\/\/compartilhabahia.com.br\/index.php\/2025\/07\/04\/horto-recebe-nova-edicao-da-hamburgada-do-bem-neste-sabado\/\" \/>\n<meta property=\"og:site_name\" content=\"Compartilha Bahia\" \/>\n<meta property=\"article:publisher\" content=\"https:\/\/web.facebook.com\/compartilhabahia\" \/>\n<meta property=\"article:published_time\" content=\"2025-07-05T01:03:26+00:00\" \/>\n<meta property=\"article:modified_time\" content=\"2025-07-05T01:03:29+00:00\" \/>\n<meta property=\"og:image\" content=\"https:\/\/compartilhabahia.com.br\/wp-content\/uploads\/2025\/07\/IMAGEM_NOTICIA_1.jpg\" \/>\n\t<meta property=\"og:image:width\" content=\"860\" \/>\n\t<meta property=\"og:image:height\" content=\"550\" \/>\n\t<meta property=\"og:image:type\" content=\"image\/jpeg\" \/>\n<meta name=\"author\" content=\"admin\" \/>\n<meta name=\"twitter:card\" content=\"summary_large_image\" \/>\n<meta name=\"twitter:label1\" content=\"Escrito por\" \/>\n\t<meta name=\"twitter:data1\" content=\"admin\" \/>\n\t<meta name=\"twitter:label2\" content=\"Est. tempo de leitura\" \/>\n\t<meta name=\"twitter:data2\" content=\"3 minutos\" \/>\n<script type=\"application\/ld+json\" class=\"yoast-schema-graph\">{\"@context\":\"https:\/\/schema.org\",\"@graph\":[{\"@type\":\"Article\",\"@id\":\"https:\/\/compartilhabahia.com.br\/index.php\/2025\/07\/04\/horto-recebe-nova-edicao-da-hamburgada-do-bem-neste-sabado\/#article\",\"isPartOf\":{\"@id\":\"https:\/\/compartilhabahia.com.br\/index.php\/2025\/07\/04\/horto-recebe-nova-edicao-da-hamburgada-do-bem-neste-sabado\/\"},\"author\":{\"name\":\"admin\",\"@id\":\"https:\/\/compartilhabahia.com.br\/#\/schema\/person\/9b4f0c3178793b8248d6686732521c04\"},\"headline\":\"Horto recebe nova edi\u00e7\u00e3o da Hamburgada do Bem neste s\u00e1bado\",\"datePublished\":\"2025-07-05T01:03:26+00:00\",\"dateModified\":\"2025-07-05T01:03:29+00:00\",\"mainEntityOfPage\":{\"@id\":\"https:\/\/compartilhabahia.com.br\/index.php\/2025\/07\/04\/horto-recebe-nova-edicao-da-hamburgada-do-bem-neste-sabado\/\"},\"wordCount\":544,\"commentCount\":0,\"publisher\":{\"@id\":\"https:\/\/compartilhabahia.com.br\/#organization\"},\"articleSection\":[\"Cama\u00e7ari\"],\"inLanguage\":\"pt-BR\",\"potentialAction\":[{\"@type\":\"CommentAction\",\"name\":\"Comment\",\"target\":[\"https:\/\/compartilhabahia.com.br\/index.php\/2025\/07\/04\/horto-recebe-nova-edicao-da-hamburgada-do-bem-neste-sabado\/#respond\"]}]},{\"@type\":\"WebPage\",\"@id\":\"https:\/\/compartilhabahia.com.br\/index.php\/2025\/07\/04\/horto-recebe-nova-edicao-da-hamburgada-do-bem-neste-sabado\/\",\"url\":\"https:\/\/compartilhabahia.com.br\/index.php\/2025\/07\/04\/horto-recebe-nova-edicao-da-hamburgada-do-bem-neste-sabado\/\",\"name\":\"Horto recebe nova edi\u00e7\u00e3o da Hamburgada do Bem neste s\u00e1bado - Compartilha Bahia\",\"isPartOf\":{\"@id\":\"https:\/\/compartilhabahia.com.br\/#website\"},\"datePublished\":\"2025-07-05T01:03:26+00:00\",\"dateModified\":\"2025-07-05T01:03:29+00:00\",\"breadcrumb\":{\"@id\":\"https:\/\/compartilhabahia.com.br\/index.php\/2025\/07\/04\/horto-recebe-nova-edicao-da-hamburgada-do-bem-neste-sabado\/#breadcrumb\"},\"inLanguage\":\"pt-BR\",\"potentialAction\":[{\"@type\":\"ReadAction\",\"target\":[\"https:\/\/compartilhabahia.com.br\/index.php\/2025\/07\/04\/horto-recebe-nova-edicao-da-hamburgada-do-bem-neste-sabado\/\"]}]},{\"@type\":\"BreadcrumbList\",\"@id\":\"https:\/\/compartilhabahia.com.br\/index.php\/2025\/07\/04\/horto-recebe-nova-edicao-da-hamburgada-do-bem-neste-sabado\/#breadcrumb\",\"itemListElement\":[{\"@type\":\"ListItem\",\"position\":1,\"name\":\"In\u00edcio\",\"item\":\"https:\/\/compartilhabahia.com.br\/\"},{\"@type\":\"ListItem\",\"position\":2,\"name\":\"Horto recebe nova edi\u00e7\u00e3o da Hamburgada do Bem neste s\u00e1bado\"}]},{\"@type\":\"WebSite\",\"@id\":\"https:\/\/compartilhabahia.com.br\/#website\",\"url\":\"https:\/\/compartilhabahia.com.br\/\",\"name\":\"Compartilha Bahia\",\"description\":\"\",\"publisher\":{\"@id\":\"https:\/\/compartilhabahia.com.br\/#organization\"},\"potentialAction\":[{\"@type\":\"SearchAction\",\"target\":{\"@type\":\"EntryPoint\",\"urlTemplate\":\"https:\/\/compartilhabahia.com.br\/?s={search_term_string}\"},\"query-input\":\"required name=search_term_string\"}],\"inLanguage\":\"pt-BR\"},{\"@type\":\"Organization\",\"@id\":\"https:\/\/compartilhabahia.com.br\/#organization\",\"name\":\"Compartilha Bahia\",\"url\":\"https:\/\/compartilhabahia.com.br\/\",\"logo\":{\"@type\":\"ImageObject\",\"inLanguage\":\"pt-BR\",\"@id\":\"https:\/\/compartilhabahia.com.br\/#\/schema\/logo\/image\/\",\"url\":\"https:\/\/compartilhabahia.com.br\/wp-content\/uploads\/2023\/12\/cropped-logo.png\",\"contentUrl\":\"https:\/\/compartilhabahia.com.br\/wp-content\/uploads\/2023\/12\/cropped-logo.png\",\"width\":300,\"height\":106,\"caption\":\"Compartilha Bahia\"},\"image\":{\"@id\":\"https:\/\/compartilhabahia.com.br\/#\/schema\/logo\/image\/\"},\"sameAs\":[\"https:\/\/web.facebook.com\/compartilhabahia\",\"https:\/\/www.instagram.com\/compartilhabahia\/\"]},{\"@type\":\"Person\",\"@id\":\"https:\/\/compartilhabahia.com.br\/#\/schema\/person\/9b4f0c3178793b8248d6686732521c04\",\"name\":\"admin\",\"image\":{\"@type\":\"ImageObject\",\"inLanguage\":\"pt-BR\",\"@id\":\"https:\/\/compartilhabahia.com.br\/#\/schema\/person\/image\/\",\"url\":\"https:\/\/secure.gravatar.com\/avatar\/9600df58751c5acbe914c538c03390ef649ea088cb65f84ba09c7ce66988eed6?s=96&d=mm&r=g\",\"contentUrl\":\"https:\/\/secure.gravatar.com\/avatar\/9600df58751c5acbe914c538c03390ef649ea088cb65f84ba09c7ce66988eed6?s=96&d=mm&r=g\",\"caption\":\"admin\"},\"sameAs\":[\"https:\/\/compartilhabahia.com.br\"],\"url\":\"https:\/\/compartilhabahia.com.br\/index.php\/author\/compartilhabahia\/\"}]}<\/script>\n<!-- \/ Yoast SEO plugin. -->","yoast_head_json":{"title":"Horto recebe nova edi\u00e7\u00e3o da Hamburgada do Bem neste s\u00e1bado - Compartilha Bahia","robots":{"index":"index","follow":"follow","max-snippet":"max-snippet:-1","max-image-preview":"max-image-preview:large","max-video-preview":"max-video-preview:-1"},"canonical":"https:\/\/compartilhabahia.com.br\/index.php\/2025\/07\/04\/horto-recebe-nova-edicao-da-hamburgada-do-bem-neste-sabado\/","og_locale":"pt_BR","og_type":"article","og_title":"Horto recebe nova edi\u00e7\u00e3o da Hamburgada do Bem neste s\u00e1bado - Compartilha Bahia","og_description":"O Horto de Cama\u00e7ari Linaldo da Silva ser\u00e1 novamente o cen\u00e1rio de um dia especial para dezenas de crian\u00e7as. \u00c9 que neste s\u00e1bado (5), a partir das 10h30, acontece mais uma edi\u00e7\u00e3o da Hamburgada do Bem, projeto social realizado em parceria com o Grupo Botic\u00e1rio e apoio da Secretaria de Desenvolvimento Urbano e Meio Ambiente [&hellip;]","og_url":"https:\/\/compartilhabahia.com.br\/index.php\/2025\/07\/04\/horto-recebe-nova-edicao-da-hamburgada-do-bem-neste-sabado\/","og_site_name":"Compartilha Bahia","article_publisher":"https:\/\/web.facebook.com\/compartilhabahia","article_published_time":"2025-07-05T01:03:26+00:00","article_modified_time":"2025-07-05T01:03:29+00:00","og_image":[{"width":860,"height":550,"url":"https:\/\/compartilhabahia.com.br\/wp-content\/uploads\/2025\/07\/IMAGEM_NOTICIA_1.jpg","type":"image\/jpeg"}],"author":"admin","twitter_card":"summary_large_image","twitter_misc":{"Escrito por":"admin","Est. tempo de leitura":"3 minutos"},"schema":{"@context":"https:\/\/schema.org","@graph":[{"@type":"Article","@id":"https:\/\/compartilhabahia.com.br\/index.php\/2025\/07\/04\/horto-recebe-nova-edicao-da-hamburgada-do-bem-neste-sabado\/#article","isPartOf":{"@id":"https:\/\/compartilhabahia.com.br\/index.php\/2025\/07\/04\/horto-recebe-nova-edicao-da-hamburgada-do-bem-neste-sabado\/"},"author":{"name":"admin","@id":"https:\/\/compartilhabahia.com.br\/#\/schema\/person\/9b4f0c3178793b8248d6686732521c04"},"headline":"Horto recebe nova edi\u00e7\u00e3o da Hamburgada do Bem neste s\u00e1bado","datePublished":"2025-07-05T01:03:26+00:00","dateModified":"2025-07-05T01:03:29+00:00","mainEntityOfPage":{"@id":"https:\/\/compartilhabahia.com.br\/index.php\/2025\/07\/04\/horto-recebe-nova-edicao-da-hamburgada-do-bem-neste-sabado\/"},"wordCount":544,"commentCount":0,"publisher":{"@id":"https:\/\/compartilhabahia.com.br\/#organization"},"articleSection":["Cama\u00e7ari"],"inLanguage":"pt-BR","potentialAction":[{"@type":"CommentAction","name":"Comment","target":["https:\/\/compartilhabahia.com.br\/index.php\/2025\/07\/04\/horto-recebe-nova-edicao-da-hamburgada-do-bem-neste-sabado\/#respond"]}]},{"@type":"WebPage","@id":"https:\/\/compartilhabahia.com.br\/index.php\/2025\/07\/04\/horto-recebe-nova-edicao-da-hamburgada-do-bem-neste-sabado\/","url":"https:\/\/compartilhabahia.com.br\/index.php\/2025\/07\/04\/horto-recebe-nova-edicao-da-hamburgada-do-bem-neste-sabado\/","name":"Horto recebe nova edi\u00e7\u00e3o da Hamburgada do Bem neste s\u00e1bado - Compartilha Bahia","isPartOf":{"@id":"https:\/\/compartilhabahia.com.br\/#website"},"datePublished":"2025-07-05T01:03:26+00:00","dateModified":"2025-07-05T01:03:29+00:00","breadcrumb":{"@id":"https:\/\/compartilhabahia.com.br\/index.php\/2025\/07\/04\/horto-recebe-nova-edicao-da-hamburgada-do-bem-neste-sabado\/#breadcrumb"},"inLanguage":"pt-BR","potentialAction":[{"@type":"ReadAction","target":["https:\/\/compartilhabahia.com.br\/index.php\/2025\/07\/04\/horto-recebe-nova-edicao-da-hamburgada-do-bem-neste-sabado\/"]}]},{"@type":"BreadcrumbList","@id":"https:\/\/compartilhabahia.com.br\/index.php\/2025\/07\/04\/horto-recebe-nova-edicao-da-hamburgada-do-bem-neste-sabado\/#breadcrumb","itemListElement":[{"@type":"ListItem","position":1,"name":"In\u00edcio","item":"https:\/\/compartilhabahia.com.br\/"},{"@type":"ListItem","position":2,"name":"Horto recebe nova edi\u00e7\u00e3o da Hamburgada do Bem neste s\u00e1bado"}]},{"@type":"WebSite","@id":"https:\/\/compartilhabahia.com.br\/#website","url":"https:\/\/compartilhabahia.com.br\/","name":"Compartilha Bahia","description":"","publisher":{"@id":"https:\/\/compartilhabahia.com.br\/#organization"},"potentialAction":[{"@type":"SearchAction","target":{"@type":"EntryPoint","urlTemplate":"https:\/\/compartilhabahia.com.br\/?s={search_term_string}"},"query-input":"required name=search_term_string"}],"inLanguage":"pt-BR"},{"@type":"Organization","@id":"https:\/\/compartilhabahia.com.br\/#organization","name":"Compartilha Bahia","url":"https:\/\/compartilhabahia.com.br\/","logo":{"@type":"ImageObject","inLanguage":"pt-BR","@id":"https:\/\/compartilhabahia.com.br\/#\/schema\/logo\/image\/","url":"https:\/\/compartilhabahia.com.br\/wp-content\/uploads\/2023\/12\/cropped-logo.png","contentUrl":"https:\/\/compartilhabahia.com.br\/wp-content\/uploads\/2023\/12\/cropped-logo.png","width":300,"height":106,"caption":"Compartilha Bahia"},"image":{"@id":"https:\/\/compartilhabahia.com.br\/#\/schema\/logo\/image\/"},"sameAs":["https:\/\/web.facebook.com\/compartilhabahia","https:\/\/www.instagram.com\/compartilhabahia\/"]},{"@type":"Person","@id":"https:\/\/compartilhabahia.com.br\/#\/schema\/person\/9b4f0c3178793b8248d6686732521c04","name":"admin","image":{"@type":"ImageObject","inLanguage":"pt-BR","@id":"https:\/\/compartilhabahia.com.br\/#\/schema\/person\/image\/","url":"https:\/\/secure.gravatar.com\/avatar\/9600df58751c5acbe914c538c03390ef649ea088cb65f84ba09c7ce66988eed6?s=96&d=mm&r=g","contentUrl":"https:\/\/secure.gravatar.com\/avatar\/9600df58751c5acbe914c538c03390ef649ea088cb65f84ba09c7ce66988eed6?s=96&d=mm&r=g","caption":"admin"},"sameAs":["https:\/\/compartilhabahia.com.br"],"url":"https:\/\/compartilhabahia.com.br\/index.php\/author\/compartilhabahia\/"}]}},"_links":{"self":[{"href":"https:\/\/compartilhabahia.com.br\/index.php\/wp-json\/wp\/v2\/posts\/7102","targetHints":{"allow":["GET"]}}],"collection":[{"href":"https:\/\/compartilhabahia.com.br\/index.php\/wp-json\/wp\/v2\/posts"}],"about":[{"href":"https:\/\/compartilhabahia.com.br\/index.php\/wp-json\/wp\/v2\/types\/post"}],"author":[{"embeddable":true,"href":"https:\/\/compartilhabahia.com.br\/index.php\/wp-json\/wp\/v2\/users\/1"}],"replies":[{"embeddable":true,"href":"https:\/\/compartilhabahia.com.br\/index.php\/wp-json\/wp\/v2\/comments?post=7102"}],"version-history":[{"count":1,"href":"https:\/\/compartilhabahia.com.br\/index.php\/wp-json\/wp\/v2\/posts\/7102\/revisions"}],"predecessor-version":[{"id":7104,"href":"https:\/\/compartilhabahia.com.br\/index.php\/wp-json\/wp\/v2\/posts\/7102\/revisions\/7104"}],"wp:featuredmedia":[{"embeddable":true,"href":"https:\/\/compartilhabahia.com.br\/index.php\/wp-json\/wp\/v2\/media\/7103"}],"wp:attachment":[{"href":"https:\/\/compartilhabahia.com.br\/index.php\/wp-json\/wp\/v2\/media?parent=7102"}],"wp:term":[{"taxonomy":"category","embeddable":true,"href":"https:\/\/compartilhabahia.com.br\/index.php\/wp-json\/wp\/v2\/categories?post=7102"},{"taxonomy":"post_tag","embeddable":true,"href":"https:\/\/compartilhabahia.com.br\/index.php\/wp-json\/wp\/v2\/tags?post=7102"}],"curies":[{"name":"wp","href":"https:\/\/api.w.org\/{rel}","templated":true}]}}