{"id":710,"date":"2024-01-20T21:52:04","date_gmt":"2024-01-20T21:52:04","guid":{"rendered":"https:\/\/compartilhabahia.com.br\/?p=710"},"modified":"2024-01-20T22:40:22","modified_gmt":"2024-01-20T22:40:22","slug":"eleicao-ficou-facil-para-caetano","status":"publish","type":"post","link":"https:\/\/compartilhabahia.com.br\/index.php\/2024\/01\/20\/eleicao-ficou-facil-para-caetano\/","title":{"rendered":"Elei\u00e7\u00e3o ficou f\u00e1cil para Caetano: Sem expectativa de vit\u00f3ria no Time Azul, pr\u00e9-candidatos come\u00e7am a migrar"},"content":{"rendered":"\n<p><\/p>\n\n\n\n<p>Provavelmente devido a revolta popular contra a gest\u00e3o do atual prefeito, a elei\u00e7\u00e3o ficou f\u00e1cil para Caetano. \u00c9 o que est\u00e1 demonstrando o sucesso de p\u00fablico nas reuni\u00f5es de pr\u00e9-campanha denominada \u201cDiga Ai Cama\u00e7ari\u201d, que al\u00e9m de atrair voluntariamente uma multid\u00e3o de pessoas, tem trazido para o lado do PT, pr\u00e9-candidatos a vereador que estavam do lado de Elinaldo. O gatilho do pula-pula foi disparado.<\/p>\n\n\n\n<p>Tanto no Bairro da Gleba B no dia 12, quanto no Phoc II no dia 19, foram anunciadas novas ades\u00f5es ao movimento pol\u00edtico liderado por Caetano. Pessoas como Rui Magno, Dea Santos, Ant\u00f4nio Rosas, Francisco Irm\u00e3o e Beto do Verde, que trazem para a oposi\u00e7\u00e3o milhares votos.<\/p>\n\n\n\n<p>A pr\u00f3xima reuni\u00e3o ser\u00e1 no bairro da Nova Vit\u00f3ria em conjunto com a Novo Horizonte, onde alguns nomes de lideran\u00e7as pol\u00edticas dessas comunidades j\u00e1 est\u00e3o certos para aderir ao projeto virtualmente vitorioso da oposi\u00e7\u00e3o.<\/p>\n\n\n\n<p>Pelo lado do prefeito Elinaldo, as coisas n\u00e3o est\u00e3o f\u00e1ceis, ele se esfor\u00e7a reunindo ao seu lado o seu time de assessores nomeados na prefeitura, para apresentar o seu pr\u00e9-candidato Fl\u00e1vio Matos, aproveitando carona nas lavagens que acontecem na orla, mas a pequena estatura pol\u00edtica do mesmo, n\u00e3o garante visibilidade para a candidatura.<\/p>\n\n\n\n<p>\u00c9 tanto, que na Lavagem de Monte Gordo, muitas pessoas trajando azul, cor padr\u00e3o de Elinaldo, se aproximavam para abra\u00e7ar Caetano e Ivoneide. Inclusive, respondendo a nossa reportagem na manh\u00e3 deste s\u00e1bado (20), a deputada federal disse o seguinte: \u201cn\u00e3o existe elei\u00e7\u00e3o f\u00e1cil, mas que as coisas est\u00e3o bem favor\u00e1veis ao nosso grupo, n\u00e3o vou negar\u201d, disse ela.<\/p>\n\n\n\n<p>Vereadores gigantes:<\/p>\n\n\n\n<p>Contrariando o que o grupo de Elinaldo prega, de que do lado de Caetano n\u00e3o teria candidatos a vereador de peso, est\u00e3o surgindo pr\u00e9-candidatos gigantes, como Binho do Dois de Julho e Professor M\u00e1rcio, que realizam esta semana eventos gigantes, com muita participa\u00e7\u00e3o popular.<\/p>\n\n\n\n<p><\/p>\n\n\n\n<p><strong>Sem expectativa de vit\u00f3ria no Time Azul, pr\u00e9-candidatos come\u00e7am a migrar pra Caetano, veja quem:<\/strong><\/p>\n\n\n\n<p>Antonio Rosa, empres\u00e1rio e morador das Mangabas;&nbsp;<\/p>\n\n\n\n<p>Rui Magno, ex-vereador de 05 mandatos e presidente da C\u00e2mara;&nbsp;<\/p>\n\n\n\n<p>Francisco do G\u00e1s, presidente do Solidariedade e ex-candidato a prefeito de Cama\u00e7ari;&nbsp;<\/p>\n\n\n\n<p>Dea Santos, candidata a vereadora do Republicano em 2020;&nbsp;<\/p>\n\n\n\n<p>Beto do Verde, Agente Comunit\u00e1rio de Sa\u00fade;&nbsp;<\/p>\n\n\n\n<p>Mot\u00e3o, ex-candidato a vereador e lideran\u00e7a hist\u00f3rica do Phoch.&nbsp;<\/p>\n\n\n\n<p>Guel do Gravat\u00e1, ex-candidato e l\u00edder comunit\u00e1rio;&nbsp;<\/p>\n\n\n\n<p>Wagner de Monte Gordo, ex-candidato a vereador e l\u00edder do bairro;&nbsp;<\/p>\n\n\n\n<p>Nonato de Barra do Pojuca, forte l\u00edder comunit\u00e1rio;&nbsp;<\/p>\n\n\n\n<p>Armando Cadeirante, ex-vereador de D\u00c1vila, ex- candidato de Cama\u00e7ari, o mais votado da hist\u00f3ria de Jau\u00e1;&nbsp;<\/p>\n\n\n\n<p>Valtinho da Gleba E, Vini do Feij\u00e3o, Rodrigo da Gleba C, Bimbinho Simpa, Professor Jo\u00e3o D\u00e3o, Pastor Merival, Bacelar, Dulce Nazar\u00e9, J\u00fanior Mobidique, Silvio do Parque Verde, Pastora Anita, Queiroz e nomes outros, que ainda em segredo.&nbsp;<\/p>\n\n\n\n<p>Dificuldade de relacionamento, reciprocidade quebrada e promessas n\u00e3o cumpridas numa plataforma pol\u00edtica infundada de mentiras, s\u00e3o parte das motiva\u00e7\u00f5es das sa\u00eddas dessas lideran\u00e7as.&nbsp;<\/p>\n\n\n\n<p>A escuta di\u00e1ria nas comunidades tem tamb\u00e9m incentivado o processo migrat\u00f3rio dos azuis para o campo de Caetano, uma vez que a falta de servi\u00e7os p\u00fablicos, falta de rem\u00e9dios e sa\u00fade, escassez de recursos p\u00fablicos em todas as \u00e1reas faz a atual gest\u00e3o um verdadeiro mandacaru eleitoral, que n\u00e3o d\u00e1 sombra e nem encosto. O povo est\u00e1 revoltado e come\u00e7a a atingir essas pretensas candidaturas.&nbsp;<\/p>\n","protected":false},"excerpt":{"rendered":"<p>Provavelmente devido a revolta popular contra a gest\u00e3o do atual prefeito, a elei\u00e7\u00e3o ficou f\u00e1cil para Caetano. \u00c9 o que est\u00e1 demonstrando o sucesso de p\u00fablico nas reuni\u00f5es de pr\u00e9-campanha denominada \u201cDiga Ai Cama\u00e7ari\u201d, que al\u00e9m de atrair voluntariamente uma multid\u00e3o de pessoas, tem trazido para o lado do PT, pr\u00e9-candidatos a vereador que estavam [&hellip;]<\/p>\n","protected":false},"author":1,"featured_media":711,"comment_status":"open","ping_status":"open","sticky":false,"template":"","format":"standard","meta":{"footnotes":""},"categories":[8],"tags":[],"class_list":["post-710","post","type-post","status-publish","format-standard","has-post-thumbnail","hentry","category-camacari"],"yoast_head":"<!-- This site is optimized with the Yoast SEO plugin v21.7 - https:\/\/yoast.com\/wordpress\/plugins\/seo\/ -->\n<title>Elei\u00e7\u00e3o ficou f\u00e1cil para Caetano: Sem expectativa de vit\u00f3ria no Time Azul, pr\u00e9-candidatos come\u00e7am a migrar - Compartilha Bahia<\/title>\n<meta name=\"robots\" content=\"index, follow, max-snippet:-1, max-image-preview:large, max-video-preview:-1\" \/>\n<link rel=\"canonical\" href=\"https:\/\/compartilhabahia.com.br\/index.php\/2024\/01\/20\/eleicao-ficou-facil-para-caetano\/\" \/>\n<meta property=\"og:locale\" content=\"pt_BR\" \/>\n<meta property=\"og:type\" content=\"article\" \/>\n<meta property=\"og:title\" content=\"Elei\u00e7\u00e3o ficou f\u00e1cil para Caetano: Sem expectativa de vit\u00f3ria no Time Azul, pr\u00e9-candidatos come\u00e7am a migrar - Compartilha Bahia\" \/>\n<meta property=\"og:description\" content=\"Provavelmente devido a revolta popular contra a gest\u00e3o do atual prefeito, a elei\u00e7\u00e3o ficou f\u00e1cil para Caetano. \u00c9 o que est\u00e1 demonstrando o sucesso de p\u00fablico nas reuni\u00f5es de pr\u00e9-campanha denominada \u201cDiga Ai Cama\u00e7ari\u201d, que al\u00e9m de atrair voluntariamente uma multid\u00e3o de pessoas, tem trazido para o lado do PT, pr\u00e9-candidatos a vereador que estavam [&hellip;]\" \/>\n<meta property=\"og:url\" content=\"https:\/\/compartilhabahia.com.br\/index.php\/2024\/01\/20\/eleicao-ficou-facil-para-caetano\/\" \/>\n<meta property=\"og:site_name\" content=\"Compartilha Bahia\" \/>\n<meta property=\"article:publisher\" content=\"https:\/\/web.facebook.com\/compartilhabahia\" \/>\n<meta property=\"article:published_time\" content=\"2024-01-20T21:52:04+00:00\" \/>\n<meta property=\"article:modified_time\" content=\"2024-01-20T22:40:22+00:00\" \/>\n<meta property=\"og:image\" content=\"https:\/\/compartilhabahia.com.br\/wp-content\/uploads\/2024\/01\/novosnomes.jpg\" \/>\n\t<meta property=\"og:image:width\" content=\"1000\" \/>\n\t<meta property=\"og:image:height\" content=\"1000\" \/>\n\t<meta property=\"og:image:type\" content=\"image\/jpeg\" \/>\n<meta name=\"author\" content=\"admin\" \/>\n<meta name=\"twitter:card\" content=\"summary_large_image\" \/>\n<meta name=\"twitter:label1\" content=\"Escrito por\" \/>\n\t<meta name=\"twitter:data1\" content=\"admin\" \/>\n\t<meta name=\"twitter:label2\" content=\"Est. tempo de leitura\" \/>\n\t<meta name=\"twitter:data2\" content=\"4 minutos\" \/>\n<script type=\"application\/ld+json\" class=\"yoast-schema-graph\">{\"@context\":\"https:\/\/schema.org\",\"@graph\":[{\"@type\":\"Article\",\"@id\":\"https:\/\/compartilhabahia.com.br\/index.php\/2024\/01\/20\/eleicao-ficou-facil-para-caetano\/#article\",\"isPartOf\":{\"@id\":\"https:\/\/compartilhabahia.com.br\/index.php\/2024\/01\/20\/eleicao-ficou-facil-para-caetano\/\"},\"author\":{\"name\":\"admin\",\"@id\":\"https:\/\/compartilhabahia.com.br\/#\/schema\/person\/9b4f0c3178793b8248d6686732521c04\"},\"headline\":\"Elei\u00e7\u00e3o ficou f\u00e1cil para Caetano: Sem expectativa de vit\u00f3ria no Time Azul, pr\u00e9-candidatos come\u00e7am a migrar\",\"datePublished\":\"2024-01-20T21:52:04+00:00\",\"dateModified\":\"2024-01-20T22:40:22+00:00\",\"mainEntityOfPage\":{\"@id\":\"https:\/\/compartilhabahia.com.br\/index.php\/2024\/01\/20\/eleicao-ficou-facil-para-caetano\/\"},\"wordCount\":651,\"commentCount\":0,\"publisher\":{\"@id\":\"https:\/\/compartilhabahia.com.br\/#organization\"},\"articleSection\":[\"Cama\u00e7ari\"],\"inLanguage\":\"pt-BR\",\"potentialAction\":[{\"@type\":\"CommentAction\",\"name\":\"Comment\",\"target\":[\"https:\/\/compartilhabahia.com.br\/index.php\/2024\/01\/20\/eleicao-ficou-facil-para-caetano\/#respond\"]}]},{\"@type\":\"WebPage\",\"@id\":\"https:\/\/compartilhabahia.com.br\/index.php\/2024\/01\/20\/eleicao-ficou-facil-para-caetano\/\",\"url\":\"https:\/\/compartilhabahia.com.br\/index.php\/2024\/01\/20\/eleicao-ficou-facil-para-caetano\/\",\"name\":\"Elei\u00e7\u00e3o ficou f\u00e1cil para Caetano: Sem expectativa de vit\u00f3ria no Time Azul, pr\u00e9-candidatos come\u00e7am a migrar - Compartilha Bahia\",\"isPartOf\":{\"@id\":\"https:\/\/compartilhabahia.com.br\/#website\"},\"datePublished\":\"2024-01-20T21:52:04+00:00\",\"dateModified\":\"2024-01-20T22:40:22+00:00\",\"breadcrumb\":{\"@id\":\"https:\/\/compartilhabahia.com.br\/index.php\/2024\/01\/20\/eleicao-ficou-facil-para-caetano\/#breadcrumb\"},\"inLanguage\":\"pt-BR\",\"potentialAction\":[{\"@type\":\"ReadAction\",\"target\":[\"https:\/\/compartilhabahia.com.br\/index.php\/2024\/01\/20\/eleicao-ficou-facil-para-caetano\/\"]}]},{\"@type\":\"BreadcrumbList\",\"@id\":\"https:\/\/compartilhabahia.com.br\/index.php\/2024\/01\/20\/eleicao-ficou-facil-para-caetano\/#breadcrumb\",\"itemListElement\":[{\"@type\":\"ListItem\",\"position\":1,\"name\":\"In\u00edcio\",\"item\":\"https:\/\/compartilhabahia.com.br\/\"},{\"@type\":\"ListItem\",\"position\":2,\"name\":\"Elei\u00e7\u00e3o ficou f\u00e1cil para Caetano: Sem expectativa de vit\u00f3ria no Time Azul, pr\u00e9-candidatos come\u00e7am a migrar\"}]},{\"@type\":\"WebSite\",\"@id\":\"https:\/\/compartilhabahia.com.br\/#website\",\"url\":\"https:\/\/compartilhabahia.com.br\/\",\"name\":\"Compartilha Bahia\",\"description\":\"\",\"publisher\":{\"@id\":\"https:\/\/compartilhabahia.com.br\/#organization\"},\"potentialAction\":[{\"@type\":\"SearchAction\",\"target\":{\"@type\":\"EntryPoint\",\"urlTemplate\":\"https:\/\/compartilhabahia.com.br\/?s={search_term_string}\"},\"query-input\":\"required name=search_term_string\"}],\"inLanguage\":\"pt-BR\"},{\"@type\":\"Organization\",\"@id\":\"https:\/\/compartilhabahia.com.br\/#organization\",\"name\":\"Compartilha Bahia\",\"url\":\"https:\/\/compartilhabahia.com.br\/\",\"logo\":{\"@type\":\"ImageObject\",\"inLanguage\":\"pt-BR\",\"@id\":\"https:\/\/compartilhabahia.com.br\/#\/schema\/logo\/image\/\",\"url\":\"https:\/\/compartilhabahia.com.br\/wp-content\/uploads\/2023\/12\/cropped-logo.png\",\"contentUrl\":\"https:\/\/compartilhabahia.com.br\/wp-content\/uploads\/2023\/12\/cropped-logo.png\",\"width\":300,\"height\":106,\"caption\":\"Compartilha Bahia\"},\"image\":{\"@id\":\"https:\/\/compartilhabahia.com.br\/#\/schema\/logo\/image\/\"},\"sameAs\":[\"https:\/\/web.facebook.com\/compartilhabahia\",\"https:\/\/www.instagram.com\/compartilhabahia\/\"]},{\"@type\":\"Person\",\"@id\":\"https:\/\/compartilhabahia.com.br\/#\/schema\/person\/9b4f0c3178793b8248d6686732521c04\",\"name\":\"admin\",\"image\":{\"@type\":\"ImageObject\",\"inLanguage\":\"pt-BR\",\"@id\":\"https:\/\/compartilhabahia.com.br\/#\/schema\/person\/image\/\",\"url\":\"https:\/\/secure.gravatar.com\/avatar\/9600df58751c5acbe914c538c03390ef649ea088cb65f84ba09c7ce66988eed6?s=96&d=mm&r=g\",\"contentUrl\":\"https:\/\/secure.gravatar.com\/avatar\/9600df58751c5acbe914c538c03390ef649ea088cb65f84ba09c7ce66988eed6?s=96&d=mm&r=g\",\"caption\":\"admin\"},\"sameAs\":[\"https:\/\/compartilhabahia.com.br\"],\"url\":\"https:\/\/compartilhabahia.com.br\/index.php\/author\/compartilhabahia\/\"}]}<\/script>\n<!-- \/ Yoast SEO plugin. -->","yoast_head_json":{"title":"Elei\u00e7\u00e3o ficou f\u00e1cil para Caetano: Sem expectativa de vit\u00f3ria no Time Azul, pr\u00e9-candidatos come\u00e7am a migrar - Compartilha Bahia","robots":{"index":"index","follow":"follow","max-snippet":"max-snippet:-1","max-image-preview":"max-image-preview:large","max-video-preview":"max-video-preview:-1"},"canonical":"https:\/\/compartilhabahia.com.br\/index.php\/2024\/01\/20\/eleicao-ficou-facil-para-caetano\/","og_locale":"pt_BR","og_type":"article","og_title":"Elei\u00e7\u00e3o ficou f\u00e1cil para Caetano: Sem expectativa de vit\u00f3ria no Time Azul, pr\u00e9-candidatos come\u00e7am a migrar - Compartilha Bahia","og_description":"Provavelmente devido a revolta popular contra a gest\u00e3o do atual prefeito, a elei\u00e7\u00e3o ficou f\u00e1cil para Caetano. \u00c9 o que est\u00e1 demonstrando o sucesso de p\u00fablico nas reuni\u00f5es de pr\u00e9-campanha denominada \u201cDiga Ai Cama\u00e7ari\u201d, que al\u00e9m de atrair voluntariamente uma multid\u00e3o de pessoas, tem trazido para o lado do PT, pr\u00e9-candidatos a vereador que estavam [&hellip;]","og_url":"https:\/\/compartilhabahia.com.br\/index.php\/2024\/01\/20\/eleicao-ficou-facil-para-caetano\/","og_site_name":"Compartilha Bahia","article_publisher":"https:\/\/web.facebook.com\/compartilhabahia","article_published_time":"2024-01-20T21:52:04+00:00","article_modified_time":"2024-01-20T22:40:22+00:00","og_image":[{"width":1000,"height":1000,"url":"https:\/\/compartilhabahia.com.br\/wp-content\/uploads\/2024\/01\/novosnomes.jpg","type":"image\/jpeg"}],"author":"admin","twitter_card":"summary_large_image","twitter_misc":{"Escrito por":"admin","Est. tempo de leitura":"4 minutos"},"schema":{"@context":"https:\/\/schema.org","@graph":[{"@type":"Article","@id":"https:\/\/compartilhabahia.com.br\/index.php\/2024\/01\/20\/eleicao-ficou-facil-para-caetano\/#article","isPartOf":{"@id":"https:\/\/compartilhabahia.com.br\/index.php\/2024\/01\/20\/eleicao-ficou-facil-para-caetano\/"},"author":{"name":"admin","@id":"https:\/\/compartilhabahia.com.br\/#\/schema\/person\/9b4f0c3178793b8248d6686732521c04"},"headline":"Elei\u00e7\u00e3o ficou f\u00e1cil para Caetano: Sem expectativa de vit\u00f3ria no Time Azul, pr\u00e9-candidatos come\u00e7am a migrar","datePublished":"2024-01-20T21:52:04+00:00","dateModified":"2024-01-20T22:40:22+00:00","mainEntityOfPage":{"@id":"https:\/\/compartilhabahia.com.br\/index.php\/2024\/01\/20\/eleicao-ficou-facil-para-caetano\/"},"wordCount":651,"commentCount":0,"publisher":{"@id":"https:\/\/compartilhabahia.com.br\/#organization"},"articleSection":["Cama\u00e7ari"],"inLanguage":"pt-BR","potentialAction":[{"@type":"CommentAction","name":"Comment","target":["https:\/\/compartilhabahia.com.br\/index.php\/2024\/01\/20\/eleicao-ficou-facil-para-caetano\/#respond"]}]},{"@type":"WebPage","@id":"https:\/\/compartilhabahia.com.br\/index.php\/2024\/01\/20\/eleicao-ficou-facil-para-caetano\/","url":"https:\/\/compartilhabahia.com.br\/index.php\/2024\/01\/20\/eleicao-ficou-facil-para-caetano\/","name":"Elei\u00e7\u00e3o ficou f\u00e1cil para Caetano: Sem expectativa de vit\u00f3ria no Time Azul, pr\u00e9-candidatos come\u00e7am a migrar - Compartilha Bahia","isPartOf":{"@id":"https:\/\/compartilhabahia.com.br\/#website"},"datePublished":"2024-01-20T21:52:04+00:00","dateModified":"2024-01-20T22:40:22+00:00","breadcrumb":{"@id":"https:\/\/compartilhabahia.com.br\/index.php\/2024\/01\/20\/eleicao-ficou-facil-para-caetano\/#breadcrumb"},"inLanguage":"pt-BR","potentialAction":[{"@type":"ReadAction","target":["https:\/\/compartilhabahia.com.br\/index.php\/2024\/01\/20\/eleicao-ficou-facil-para-caetano\/"]}]},{"@type":"BreadcrumbList","@id":"https:\/\/compartilhabahia.com.br\/index.php\/2024\/01\/20\/eleicao-ficou-facil-para-caetano\/#breadcrumb","itemListElement":[{"@type":"ListItem","position":1,"name":"In\u00edcio","item":"https:\/\/compartilhabahia.com.br\/"},{"@type":"ListItem","position":2,"name":"Elei\u00e7\u00e3o ficou f\u00e1cil para Caetano: Sem expectativa de vit\u00f3ria no Time Azul, pr\u00e9-candidatos come\u00e7am a migrar"}]},{"@type":"WebSite","@id":"https:\/\/compartilhabahia.com.br\/#website","url":"https:\/\/compartilhabahia.com.br\/","name":"Compartilha Bahia","description":"","publisher":{"@id":"https:\/\/compartilhabahia.com.br\/#organization"},"potentialAction":[{"@type":"SearchAction","target":{"@type":"EntryPoint","urlTemplate":"https:\/\/compartilhabahia.com.br\/?s={search_term_string}"},"query-input":"required name=search_term_string"}],"inLanguage":"pt-BR"},{"@type":"Organization","@id":"https:\/\/compartilhabahia.com.br\/#organization","name":"Compartilha Bahia","url":"https:\/\/compartilhabahia.com.br\/","logo":{"@type":"ImageObject","inLanguage":"pt-BR","@id":"https:\/\/compartilhabahia.com.br\/#\/schema\/logo\/image\/","url":"https:\/\/compartilhabahia.com.br\/wp-content\/uploads\/2023\/12\/cropped-logo.png","contentUrl":"https:\/\/compartilhabahia.com.br\/wp-content\/uploads\/2023\/12\/cropped-logo.png","width":300,"height":106,"caption":"Compartilha Bahia"},"image":{"@id":"https:\/\/compartilhabahia.com.br\/#\/schema\/logo\/image\/"},"sameAs":["https:\/\/web.facebook.com\/compartilhabahia","https:\/\/www.instagram.com\/compartilhabahia\/"]},{"@type":"Person","@id":"https:\/\/compartilhabahia.com.br\/#\/schema\/person\/9b4f0c3178793b8248d6686732521c04","name":"admin","image":{"@type":"ImageObject","inLanguage":"pt-BR","@id":"https:\/\/compartilhabahia.com.br\/#\/schema\/person\/image\/","url":"https:\/\/secure.gravatar.com\/avatar\/9600df58751c5acbe914c538c03390ef649ea088cb65f84ba09c7ce66988eed6?s=96&d=mm&r=g","contentUrl":"https:\/\/secure.gravatar.com\/avatar\/9600df58751c5acbe914c538c03390ef649ea088cb65f84ba09c7ce66988eed6?s=96&d=mm&r=g","caption":"admin"},"sameAs":["https:\/\/compartilhabahia.com.br"],"url":"https:\/\/compartilhabahia.com.br\/index.php\/author\/compartilhabahia\/"}]}},"_links":{"self":[{"href":"https:\/\/compartilhabahia.com.br\/index.php\/wp-json\/wp\/v2\/posts\/710","targetHints":{"allow":["GET"]}}],"collection":[{"href":"https:\/\/compartilhabahia.com.br\/index.php\/wp-json\/wp\/v2\/posts"}],"about":[{"href":"https:\/\/compartilhabahia.com.br\/index.php\/wp-json\/wp\/v2\/types\/post"}],"author":[{"embeddable":true,"href":"https:\/\/compartilhabahia.com.br\/index.php\/wp-json\/wp\/v2\/users\/1"}],"replies":[{"embeddable":true,"href":"https:\/\/compartilhabahia.com.br\/index.php\/wp-json\/wp\/v2\/comments?post=710"}],"version-history":[{"count":5,"href":"https:\/\/compartilhabahia.com.br\/index.php\/wp-json\/wp\/v2\/posts\/710\/revisions"}],"predecessor-version":[{"id":717,"href":"https:\/\/compartilhabahia.com.br\/index.php\/wp-json\/wp\/v2\/posts\/710\/revisions\/717"}],"wp:featuredmedia":[{"embeddable":true,"href":"https:\/\/compartilhabahia.com.br\/index.php\/wp-json\/wp\/v2\/media\/711"}],"wp:attachment":[{"href":"https:\/\/compartilhabahia.com.br\/index.php\/wp-json\/wp\/v2\/media?parent=710"}],"wp:term":[{"taxonomy":"category","embeddable":true,"href":"https:\/\/compartilhabahia.com.br\/index.php\/wp-json\/wp\/v2\/categories?post=710"},{"taxonomy":"post_tag","embeddable":true,"href":"https:\/\/compartilhabahia.com.br\/index.php\/wp-json\/wp\/v2\/tags?post=710"}],"curies":[{"name":"wp","href":"https:\/\/api.w.org\/{rel}","templated":true}]}}