{"id":7092,"date":"2025-07-03T22:14:18","date_gmt":"2025-07-04T01:14:18","guid":{"rendered":"https:\/\/compartilhabahia.com.br\/?p=7092"},"modified":"2025-07-03T22:14:21","modified_gmt":"2025-07-04T01:14:21","slug":"camacarienses-celebram-independencia-da-bahia-na-tradicional-corrida-2-de-julho","status":"publish","type":"post","link":"https:\/\/compartilhabahia.com.br\/index.php\/2025\/07\/03\/camacarienses-celebram-independencia-da-bahia-na-tradicional-corrida-2-de-julho\/","title":{"rendered":"Cama\u00e7arienses celebram Independ\u00eancia da Bahia na tradicional Corrida 2 de Julho"},"content":{"rendered":"\n<p>Cama\u00e7arienses acordaram cedo nesta quarta-feira (2) para celebrar o Dia da Independ\u00eancia do Brasil na Bahia, que este ano comemora 202 anos. No munic\u00edpio, a data, que une passado e futuro rememorando valores de resist\u00eancia e coragem na constru\u00e7\u00e3o hist\u00f3rica e ancestral do povo baiano, foi marcada pela tradicional Corrida 2 de Julho.<\/p>\n\n\n\n<p>O evento, promovido pela Secretaria de Esporte, Lazer e Juventude (Sejuv), atraiu cerca de 2 mil atletas amadores e profissionais, como Lindinalva Silva, 45 anos. \u201c\u00c9 a primeira vez que participo e estou super empolgada. J\u00e1 pratico atividades f\u00edsicas ao longo da semana, mas esse ano resolvi viver essa experi\u00eancia nova. Acredito que o esporte \u00e9 fundamental, transforma e salva vidas\u201d, afirmou.<\/p>\n\n\n\n<p>Luciene Tavares, 48 anos, tamb\u00e9m participou pela primeira vez do evento. Para ela, esporte e hist\u00f3ria devem andar sempre unidos. \u201cAcredito que essa corrida ocorrer em uma data t\u00e3o importante para n\u00f3s baianos \u00e9 de extrema import\u00e2ncia. \u00c9 uma maneira de relembrar a for\u00e7a, a luta, a resist\u00eancia. O povo baiano tem essas qualidades enraizadas pela ancestralidade e que, sendo propagada a cada ano, vai passando gera\u00e7\u00f5es\u201d, avaliou a dona de casa.<\/p>\n\n\n\n<p>O evento tamb\u00e9m \u00e9 marcado pela uni\u00e3o familiar. Jucivaldo Santos, 41 anos, e a filha Patr\u00edcia Santos, 13 anos, ir\u00e3o lembrar desse momento por toda vida. \u201cEu sempre corro, j\u00e1 perdi as contas de quantas vezes participei, mas esse ano para mim \u00e9 hist\u00f3rico. Estou com minha pequena participando pela primeira vez, emo\u00e7\u00e3o grande. Hoje ela acordou todo mundo empolgada para viver esse momento\u201d, comemorou.<\/p>\n\n\n\n<p>A adolescente complementou a fala do pai, reafirmando que o exemplo familiar \u00e9 a base. \u201cVia meu papai correr e isso foi me dando vontade. Estou muito feliz de estar aqui\u201d, revelou Patr\u00edcia.<\/p>\n\n\n\n<p>O secret\u00e1rio de Esporte, Lazer e Juventude, Teo Ribeiro, falou sobre a representatividade do evento. \u201cA gente est\u00e1 na hist\u00f3ria da independ\u00eancia da Bahia, do Brasil. Cama\u00e7ari \u00e9 uma das cidades que participou da resist\u00eancia com os caboclos, ali na Fazenda Olhos d&#8217;\u00c1gua, S\u00e3o Jos\u00e9. Essa corrida \u00e9 uma forma de dizer: \u2018viva o 2 de Julho, n\u00f3s estamos aqui resistindo\u2019. O esporte \u00e9 essa integra\u00e7\u00e3o de sa\u00fade, educa\u00e7\u00e3o, cultura, resist\u00eancia e desenvolvimento humano. O esporte est\u00e1 inserido em tudo\u201d, ressaltou.<\/p>\n\n\n\n<p>Na oportunidade, o prefeito Luiz Caetano destacou a dimens\u00e3o do marco hist\u00f3rico que \u00e9 o 2 de Julho. \u201cDia de lembrar os her\u00f3is e hero\u00ednas que lutaram pela nossa independ\u00eancia. Temos uma hist\u00f3ria repleta de coragem e resist\u00eancia, que orgulha cada baiano. \u00c9 a ocasi\u00e3o de reafirmar o \u2018Viva Bahia\u2019, \u2018Viva nossa hist\u00f3ria\u2019, e Cama\u00e7ari faz parte de tudo isso\u201d, enalteceu o gestor municipal.<\/p>\n\n\n\n<p>Com percurso de 5 km, a corrida teve largada e chegada em frente ao Sindicato dos Professores e Professoras da Rede P\u00fablica de Ensino de Cama\u00e7ari (Sispec), localizado na Avenida Deputado Lu\u00eds Eduardo Magalh\u00e3es, no bairro 2 de Julho. Por volta das 7h10 os corredores sa\u00edram pelas ruas carregados de adrenalina. \u00c0s 7h30, o cen\u00e1rio j\u00e1 era de aplausos para receber os primeiros atletas que cruzavam a linha de chegada.<\/p>\n\n\n\n<p>A prova foi dividida em distintas categorias, que contemplaram cerca de seis grupos de faixa et\u00e1ria; al\u00e9m das modalidades geral, cama\u00e7arienses e pessoa com defici\u00eancia (PCD) andante e cadeirante.<\/p>\n\n\n\n<p>Os vencedores de cada categoria, nas tr\u00eas primeiras coloca\u00e7\u00f5es, foram premiados com trof\u00e9u. Todos os demais competidores, ao final da prova, foram contemplados com medalha de participa\u00e7\u00e3o.<\/p>\n\n\n\n<p>A iniciativa ainda contou com o incentivo solid\u00e1rio, por meio da arrecada\u00e7\u00e3o de alimentos n\u00e3o perec\u00edveis e pacotes de leite em p\u00f3. Ao todo, cerca de 4 toneladas de insumos e 2 mil pacotes de leite foram coletados durante o per\u00edodo de inscri\u00e7\u00f5es. Esses donativos ser\u00e3o destinados \u00e0 Secretaria de Desenvolvimento Social e Cidadania (Sedes), que estar\u00e1 respons\u00e1vel por fazer a distribui\u00e7\u00e3o.<\/p>\n\n\n\n<p>Diante do sucesso do evento e forte ades\u00e3o dos mun\u00edcipes, mais do que celebrar uma data hist\u00f3rica que continua inspirando gera\u00e7\u00f5es, a corrida reafirmou o compromisso municipal com a promo\u00e7\u00e3o do esporte, demonstrando que a pr\u00e1tica individual ou coletiva \u00e9 uma valiosa maneira de integra\u00e7\u00e3o entre as comunidades, al\u00e9m de promover e fomentar valores essenciais que contribuem para a constru\u00e7\u00e3o de uma sociedade mais inclusiva.<\/p>\n","protected":false},"excerpt":{"rendered":"<p>Cama\u00e7arienses acordaram cedo nesta quarta-feira (2) para celebrar o Dia da Independ\u00eancia do Brasil na Bahia, que este ano comemora 202 anos. No munic\u00edpio, a data, que une passado e futuro rememorando valores de resist\u00eancia e coragem na constru\u00e7\u00e3o hist\u00f3rica e ancestral do povo baiano, foi marcada pela tradicional Corrida 2 de Julho. O evento, [&hellip;]<\/p>\n","protected":false},"author":1,"featured_media":7093,"comment_status":"open","ping_status":"open","sticky":false,"template":"","format":"standard","meta":{"footnotes":""},"categories":[8],"tags":[],"class_list":["post-7092","post","type-post","status-publish","format-standard","has-post-thumbnail","hentry","category-camacari"],"yoast_head":"<!-- This site is optimized with the Yoast SEO plugin v21.7 - https:\/\/yoast.com\/wordpress\/plugins\/seo\/ -->\n<title>Cama\u00e7arienses celebram Independ\u00eancia da Bahia na tradicional Corrida 2 de Julho - Compartilha Bahia<\/title>\n<meta name=\"robots\" content=\"index, follow, max-snippet:-1, max-image-preview:large, max-video-preview:-1\" \/>\n<link rel=\"canonical\" href=\"https:\/\/compartilhabahia.com.br\/index.php\/2025\/07\/03\/camacarienses-celebram-independencia-da-bahia-na-tradicional-corrida-2-de-julho\/\" \/>\n<meta property=\"og:locale\" content=\"pt_BR\" \/>\n<meta property=\"og:type\" content=\"article\" \/>\n<meta property=\"og:title\" content=\"Cama\u00e7arienses celebram Independ\u00eancia da Bahia na tradicional Corrida 2 de Julho - Compartilha Bahia\" \/>\n<meta property=\"og:description\" content=\"Cama\u00e7arienses acordaram cedo nesta quarta-feira (2) para celebrar o Dia da Independ\u00eancia do Brasil na Bahia, que este ano comemora 202 anos. No munic\u00edpio, a data, que une passado e futuro rememorando valores de resist\u00eancia e coragem na constru\u00e7\u00e3o hist\u00f3rica e ancestral do povo baiano, foi marcada pela tradicional Corrida 2 de Julho. O evento, [&hellip;]\" \/>\n<meta property=\"og:url\" content=\"https:\/\/compartilhabahia.com.br\/index.php\/2025\/07\/03\/camacarienses-celebram-independencia-da-bahia-na-tradicional-corrida-2-de-julho\/\" \/>\n<meta property=\"og:site_name\" content=\"Compartilha Bahia\" \/>\n<meta property=\"article:publisher\" content=\"https:\/\/web.facebook.com\/compartilhabahia\" \/>\n<meta property=\"article:published_time\" content=\"2025-07-04T01:14:18+00:00\" \/>\n<meta property=\"article:modified_time\" content=\"2025-07-04T01:14:21+00:00\" \/>\n<meta property=\"og:image\" content=\"https:\/\/compartilhabahia.com.br\/wp-content\/uploads\/2025\/07\/Sejuv_Corrida-2-de-Julho_2025_Foto_Rafael-Kuster.18.jpeg\" \/>\n\t<meta property=\"og:image:width\" content=\"918\" \/>\n\t<meta property=\"og:image:height\" content=\"614\" \/>\n\t<meta property=\"og:image:type\" content=\"image\/jpeg\" \/>\n<meta name=\"author\" content=\"admin\" \/>\n<meta name=\"twitter:card\" content=\"summary_large_image\" \/>\n<meta name=\"twitter:label1\" content=\"Escrito por\" \/>\n\t<meta name=\"twitter:data1\" content=\"admin\" \/>\n\t<meta name=\"twitter:label2\" content=\"Est. tempo de leitura\" \/>\n\t<meta name=\"twitter:data2\" content=\"4 minutos\" \/>\n<script type=\"application\/ld+json\" class=\"yoast-schema-graph\">{\"@context\":\"https:\/\/schema.org\",\"@graph\":[{\"@type\":\"Article\",\"@id\":\"https:\/\/compartilhabahia.com.br\/index.php\/2025\/07\/03\/camacarienses-celebram-independencia-da-bahia-na-tradicional-corrida-2-de-julho\/#article\",\"isPartOf\":{\"@id\":\"https:\/\/compartilhabahia.com.br\/index.php\/2025\/07\/03\/camacarienses-celebram-independencia-da-bahia-na-tradicional-corrida-2-de-julho\/\"},\"author\":{\"name\":\"admin\",\"@id\":\"https:\/\/compartilhabahia.com.br\/#\/schema\/person\/9b4f0c3178793b8248d6686732521c04\"},\"headline\":\"Cama\u00e7arienses celebram Independ\u00eancia da Bahia na tradicional Corrida 2 de Julho\",\"datePublished\":\"2025-07-04T01:14:18+00:00\",\"dateModified\":\"2025-07-04T01:14:21+00:00\",\"mainEntityOfPage\":{\"@id\":\"https:\/\/compartilhabahia.com.br\/index.php\/2025\/07\/03\/camacarienses-celebram-independencia-da-bahia-na-tradicional-corrida-2-de-julho\/\"},\"wordCount\":744,\"commentCount\":0,\"publisher\":{\"@id\":\"https:\/\/compartilhabahia.com.br\/#organization\"},\"articleSection\":[\"Cama\u00e7ari\"],\"inLanguage\":\"pt-BR\",\"potentialAction\":[{\"@type\":\"CommentAction\",\"name\":\"Comment\",\"target\":[\"https:\/\/compartilhabahia.com.br\/index.php\/2025\/07\/03\/camacarienses-celebram-independencia-da-bahia-na-tradicional-corrida-2-de-julho\/#respond\"]}]},{\"@type\":\"WebPage\",\"@id\":\"https:\/\/compartilhabahia.com.br\/index.php\/2025\/07\/03\/camacarienses-celebram-independencia-da-bahia-na-tradicional-corrida-2-de-julho\/\",\"url\":\"https:\/\/compartilhabahia.com.br\/index.php\/2025\/07\/03\/camacarienses-celebram-independencia-da-bahia-na-tradicional-corrida-2-de-julho\/\",\"name\":\"Cama\u00e7arienses celebram Independ\u00eancia da Bahia na tradicional Corrida 2 de Julho - Compartilha Bahia\",\"isPartOf\":{\"@id\":\"https:\/\/compartilhabahia.com.br\/#website\"},\"datePublished\":\"2025-07-04T01:14:18+00:00\",\"dateModified\":\"2025-07-04T01:14:21+00:00\",\"breadcrumb\":{\"@id\":\"https:\/\/compartilhabahia.com.br\/index.php\/2025\/07\/03\/camacarienses-celebram-independencia-da-bahia-na-tradicional-corrida-2-de-julho\/#breadcrumb\"},\"inLanguage\":\"pt-BR\",\"potentialAction\":[{\"@type\":\"ReadAction\",\"target\":[\"https:\/\/compartilhabahia.com.br\/index.php\/2025\/07\/03\/camacarienses-celebram-independencia-da-bahia-na-tradicional-corrida-2-de-julho\/\"]}]},{\"@type\":\"BreadcrumbList\",\"@id\":\"https:\/\/compartilhabahia.com.br\/index.php\/2025\/07\/03\/camacarienses-celebram-independencia-da-bahia-na-tradicional-corrida-2-de-julho\/#breadcrumb\",\"itemListElement\":[{\"@type\":\"ListItem\",\"position\":1,\"name\":\"In\u00edcio\",\"item\":\"https:\/\/compartilhabahia.com.br\/\"},{\"@type\":\"ListItem\",\"position\":2,\"name\":\"Cama\u00e7arienses celebram Independ\u00eancia da Bahia na tradicional Corrida 2 de Julho\"}]},{\"@type\":\"WebSite\",\"@id\":\"https:\/\/compartilhabahia.com.br\/#website\",\"url\":\"https:\/\/compartilhabahia.com.br\/\",\"name\":\"Compartilha Bahia\",\"description\":\"\",\"publisher\":{\"@id\":\"https:\/\/compartilhabahia.com.br\/#organization\"},\"potentialAction\":[{\"@type\":\"SearchAction\",\"target\":{\"@type\":\"EntryPoint\",\"urlTemplate\":\"https:\/\/compartilhabahia.com.br\/?s={search_term_string}\"},\"query-input\":\"required name=search_term_string\"}],\"inLanguage\":\"pt-BR\"},{\"@type\":\"Organization\",\"@id\":\"https:\/\/compartilhabahia.com.br\/#organization\",\"name\":\"Compartilha Bahia\",\"url\":\"https:\/\/compartilhabahia.com.br\/\",\"logo\":{\"@type\":\"ImageObject\",\"inLanguage\":\"pt-BR\",\"@id\":\"https:\/\/compartilhabahia.com.br\/#\/schema\/logo\/image\/\",\"url\":\"https:\/\/compartilhabahia.com.br\/wp-content\/uploads\/2023\/12\/cropped-logo.png\",\"contentUrl\":\"https:\/\/compartilhabahia.com.br\/wp-content\/uploads\/2023\/12\/cropped-logo.png\",\"width\":300,\"height\":106,\"caption\":\"Compartilha Bahia\"},\"image\":{\"@id\":\"https:\/\/compartilhabahia.com.br\/#\/schema\/logo\/image\/\"},\"sameAs\":[\"https:\/\/web.facebook.com\/compartilhabahia\",\"https:\/\/www.instagram.com\/compartilhabahia\/\"]},{\"@type\":\"Person\",\"@id\":\"https:\/\/compartilhabahia.com.br\/#\/schema\/person\/9b4f0c3178793b8248d6686732521c04\",\"name\":\"admin\",\"image\":{\"@type\":\"ImageObject\",\"inLanguage\":\"pt-BR\",\"@id\":\"https:\/\/compartilhabahia.com.br\/#\/schema\/person\/image\/\",\"url\":\"https:\/\/secure.gravatar.com\/avatar\/9600df58751c5acbe914c538c03390ef649ea088cb65f84ba09c7ce66988eed6?s=96&d=mm&r=g\",\"contentUrl\":\"https:\/\/secure.gravatar.com\/avatar\/9600df58751c5acbe914c538c03390ef649ea088cb65f84ba09c7ce66988eed6?s=96&d=mm&r=g\",\"caption\":\"admin\"},\"sameAs\":[\"https:\/\/compartilhabahia.com.br\"],\"url\":\"https:\/\/compartilhabahia.com.br\/index.php\/author\/compartilhabahia\/\"}]}<\/script>\n<!-- \/ Yoast SEO plugin. -->","yoast_head_json":{"title":"Cama\u00e7arienses celebram Independ\u00eancia da Bahia na tradicional Corrida 2 de Julho - Compartilha Bahia","robots":{"index":"index","follow":"follow","max-snippet":"max-snippet:-1","max-image-preview":"max-image-preview:large","max-video-preview":"max-video-preview:-1"},"canonical":"https:\/\/compartilhabahia.com.br\/index.php\/2025\/07\/03\/camacarienses-celebram-independencia-da-bahia-na-tradicional-corrida-2-de-julho\/","og_locale":"pt_BR","og_type":"article","og_title":"Cama\u00e7arienses celebram Independ\u00eancia da Bahia na tradicional Corrida 2 de Julho - Compartilha Bahia","og_description":"Cama\u00e7arienses acordaram cedo nesta quarta-feira (2) para celebrar o Dia da Independ\u00eancia do Brasil na Bahia, que este ano comemora 202 anos. No munic\u00edpio, a data, que une passado e futuro rememorando valores de resist\u00eancia e coragem na constru\u00e7\u00e3o hist\u00f3rica e ancestral do povo baiano, foi marcada pela tradicional Corrida 2 de Julho. O evento, [&hellip;]","og_url":"https:\/\/compartilhabahia.com.br\/index.php\/2025\/07\/03\/camacarienses-celebram-independencia-da-bahia-na-tradicional-corrida-2-de-julho\/","og_site_name":"Compartilha Bahia","article_publisher":"https:\/\/web.facebook.com\/compartilhabahia","article_published_time":"2025-07-04T01:14:18+00:00","article_modified_time":"2025-07-04T01:14:21+00:00","og_image":[{"width":918,"height":614,"url":"https:\/\/compartilhabahia.com.br\/wp-content\/uploads\/2025\/07\/Sejuv_Corrida-2-de-Julho_2025_Foto_Rafael-Kuster.18.jpeg","type":"image\/jpeg"}],"author":"admin","twitter_card":"summary_large_image","twitter_misc":{"Escrito por":"admin","Est. tempo de leitura":"4 minutos"},"schema":{"@context":"https:\/\/schema.org","@graph":[{"@type":"Article","@id":"https:\/\/compartilhabahia.com.br\/index.php\/2025\/07\/03\/camacarienses-celebram-independencia-da-bahia-na-tradicional-corrida-2-de-julho\/#article","isPartOf":{"@id":"https:\/\/compartilhabahia.com.br\/index.php\/2025\/07\/03\/camacarienses-celebram-independencia-da-bahia-na-tradicional-corrida-2-de-julho\/"},"author":{"name":"admin","@id":"https:\/\/compartilhabahia.com.br\/#\/schema\/person\/9b4f0c3178793b8248d6686732521c04"},"headline":"Cama\u00e7arienses celebram Independ\u00eancia da Bahia na tradicional Corrida 2 de Julho","datePublished":"2025-07-04T01:14:18+00:00","dateModified":"2025-07-04T01:14:21+00:00","mainEntityOfPage":{"@id":"https:\/\/compartilhabahia.com.br\/index.php\/2025\/07\/03\/camacarienses-celebram-independencia-da-bahia-na-tradicional-corrida-2-de-julho\/"},"wordCount":744,"commentCount":0,"publisher":{"@id":"https:\/\/compartilhabahia.com.br\/#organization"},"articleSection":["Cama\u00e7ari"],"inLanguage":"pt-BR","potentialAction":[{"@type":"CommentAction","name":"Comment","target":["https:\/\/compartilhabahia.com.br\/index.php\/2025\/07\/03\/camacarienses-celebram-independencia-da-bahia-na-tradicional-corrida-2-de-julho\/#respond"]}]},{"@type":"WebPage","@id":"https:\/\/compartilhabahia.com.br\/index.php\/2025\/07\/03\/camacarienses-celebram-independencia-da-bahia-na-tradicional-corrida-2-de-julho\/","url":"https:\/\/compartilhabahia.com.br\/index.php\/2025\/07\/03\/camacarienses-celebram-independencia-da-bahia-na-tradicional-corrida-2-de-julho\/","name":"Cama\u00e7arienses celebram Independ\u00eancia da Bahia na tradicional Corrida 2 de Julho - Compartilha Bahia","isPartOf":{"@id":"https:\/\/compartilhabahia.com.br\/#website"},"datePublished":"2025-07-04T01:14:18+00:00","dateModified":"2025-07-04T01:14:21+00:00","breadcrumb":{"@id":"https:\/\/compartilhabahia.com.br\/index.php\/2025\/07\/03\/camacarienses-celebram-independencia-da-bahia-na-tradicional-corrida-2-de-julho\/#breadcrumb"},"inLanguage":"pt-BR","potentialAction":[{"@type":"ReadAction","target":["https:\/\/compartilhabahia.com.br\/index.php\/2025\/07\/03\/camacarienses-celebram-independencia-da-bahia-na-tradicional-corrida-2-de-julho\/"]}]},{"@type":"BreadcrumbList","@id":"https:\/\/compartilhabahia.com.br\/index.php\/2025\/07\/03\/camacarienses-celebram-independencia-da-bahia-na-tradicional-corrida-2-de-julho\/#breadcrumb","itemListElement":[{"@type":"ListItem","position":1,"name":"In\u00edcio","item":"https:\/\/compartilhabahia.com.br\/"},{"@type":"ListItem","position":2,"name":"Cama\u00e7arienses celebram Independ\u00eancia da Bahia na tradicional Corrida 2 de Julho"}]},{"@type":"WebSite","@id":"https:\/\/compartilhabahia.com.br\/#website","url":"https:\/\/compartilhabahia.com.br\/","name":"Compartilha Bahia","description":"","publisher":{"@id":"https:\/\/compartilhabahia.com.br\/#organization"},"potentialAction":[{"@type":"SearchAction","target":{"@type":"EntryPoint","urlTemplate":"https:\/\/compartilhabahia.com.br\/?s={search_term_string}"},"query-input":"required name=search_term_string"}],"inLanguage":"pt-BR"},{"@type":"Organization","@id":"https:\/\/compartilhabahia.com.br\/#organization","name":"Compartilha Bahia","url":"https:\/\/compartilhabahia.com.br\/","logo":{"@type":"ImageObject","inLanguage":"pt-BR","@id":"https:\/\/compartilhabahia.com.br\/#\/schema\/logo\/image\/","url":"https:\/\/compartilhabahia.com.br\/wp-content\/uploads\/2023\/12\/cropped-logo.png","contentUrl":"https:\/\/compartilhabahia.com.br\/wp-content\/uploads\/2023\/12\/cropped-logo.png","width":300,"height":106,"caption":"Compartilha Bahia"},"image":{"@id":"https:\/\/compartilhabahia.com.br\/#\/schema\/logo\/image\/"},"sameAs":["https:\/\/web.facebook.com\/compartilhabahia","https:\/\/www.instagram.com\/compartilhabahia\/"]},{"@type":"Person","@id":"https:\/\/compartilhabahia.com.br\/#\/schema\/person\/9b4f0c3178793b8248d6686732521c04","name":"admin","image":{"@type":"ImageObject","inLanguage":"pt-BR","@id":"https:\/\/compartilhabahia.com.br\/#\/schema\/person\/image\/","url":"https:\/\/secure.gravatar.com\/avatar\/9600df58751c5acbe914c538c03390ef649ea088cb65f84ba09c7ce66988eed6?s=96&d=mm&r=g","contentUrl":"https:\/\/secure.gravatar.com\/avatar\/9600df58751c5acbe914c538c03390ef649ea088cb65f84ba09c7ce66988eed6?s=96&d=mm&r=g","caption":"admin"},"sameAs":["https:\/\/compartilhabahia.com.br"],"url":"https:\/\/compartilhabahia.com.br\/index.php\/author\/compartilhabahia\/"}]}},"_links":{"self":[{"href":"https:\/\/compartilhabahia.com.br\/index.php\/wp-json\/wp\/v2\/posts\/7092","targetHints":{"allow":["GET"]}}],"collection":[{"href":"https:\/\/compartilhabahia.com.br\/index.php\/wp-json\/wp\/v2\/posts"}],"about":[{"href":"https:\/\/compartilhabahia.com.br\/index.php\/wp-json\/wp\/v2\/types\/post"}],"author":[{"embeddable":true,"href":"https:\/\/compartilhabahia.com.br\/index.php\/wp-json\/wp\/v2\/users\/1"}],"replies":[{"embeddable":true,"href":"https:\/\/compartilhabahia.com.br\/index.php\/wp-json\/wp\/v2\/comments?post=7092"}],"version-history":[{"count":1,"href":"https:\/\/compartilhabahia.com.br\/index.php\/wp-json\/wp\/v2\/posts\/7092\/revisions"}],"predecessor-version":[{"id":7094,"href":"https:\/\/compartilhabahia.com.br\/index.php\/wp-json\/wp\/v2\/posts\/7092\/revisions\/7094"}],"wp:featuredmedia":[{"embeddable":true,"href":"https:\/\/compartilhabahia.com.br\/index.php\/wp-json\/wp\/v2\/media\/7093"}],"wp:attachment":[{"href":"https:\/\/compartilhabahia.com.br\/index.php\/wp-json\/wp\/v2\/media?parent=7092"}],"wp:term":[{"taxonomy":"category","embeddable":true,"href":"https:\/\/compartilhabahia.com.br\/index.php\/wp-json\/wp\/v2\/categories?post=7092"},{"taxonomy":"post_tag","embeddable":true,"href":"https:\/\/compartilhabahia.com.br\/index.php\/wp-json\/wp\/v2\/tags?post=7092"}],"curies":[{"name":"wp","href":"https:\/\/api.w.org\/{rel}","templated":true}]}}