{"id":7089,"date":"2025-07-01T22:09:18","date_gmt":"2025-07-02T01:09:18","guid":{"rendered":"https:\/\/compartilhabahia.com.br\/?p=7089"},"modified":"2025-07-04T22:30:09","modified_gmt":"2025-07-05T01:30:09","slug":"superbahia-2025-deve-gerar-r-650-milhoes-em-negocios","status":"publish","type":"post","link":"https:\/\/compartilhabahia.com.br\/index.php\/2025\/07\/01\/superbahia-2025-deve-gerar-r-650-milhoes-em-negocios\/","title":{"rendered":"Superbahia 2025 deve gerar R$ 650 milh\u00f5es em neg\u00f3cios"},"content":{"rendered":"\n<p><\/p>\n\n\n\n<p><br><em>Feira do varejo de alimentos destaca papel da tecnologia na experi\u00eancia de compra e re\u00fane mais de 200 empresas no Centro de Conven\u00e7\u00f5es de Salvador<\/em><\/p>\n\n\n\n\n\n<p>A 14\u00aa edi\u00e7\u00e3o da Superbahia, Feira e Conven\u00e7\u00f5es Baiana de Supermercados, Atacados e Distribuidores, maior evento de varejo de alimentos do Norte e Nordeste, ser\u00e1 realizada de 6 a 8 de agosto, no Centro de Conven\u00e7\u00f5es de Salvador. Com o tema \u201cVarejo Inteligente: Conectando Tecnologia e Consumo\u201d, a expectativa \u00e9 de que a feira movimente R$ 650 milh\u00f5es em neg\u00f3cios, um crescimento de mais de 20% em rela\u00e7\u00e3o \u00e0 edi\u00e7\u00e3o anterior.<\/p>\n\n\n\n<p>Organizada pela Associa\u00e7\u00e3o Bahiana de Supermercados (Abase), a Superbahia 2025 reunir\u00e1 200 empresas nacionais e internacionais, superando os 180 expositores da edi\u00e7\u00e3o anterior. A feira tem como foco destacar tecnologias como intelig\u00eancia artificial, big data e Internet das Coisas (IoT), que est\u00e3o revolucionando tanto a opera\u00e7\u00e3o de lojas f\u00edsicas e virtuais quanto a experi\u00eancia de compra dos consumidores.<\/p>\n\n\n\n<p>\u201cO principal objetivo da feira e congresso \u00e9 fortalecer o ambiente de neg\u00f3cios no setor, promovendo conex\u00f5es entre ind\u00fastrias, fornecedores, supermercadistas, distribuidores, prestadores de servi\u00e7o e empresas do varejo de autosservi\u00e7o de todo o Norte e Nordeste\u201d, afirma Amanda Vasconcelos, presidente da Abase.<\/p>\n\n\n\n<p>Segundo Amanda, a lideran\u00e7a baiana no setor \u00e9 um dos principais pilares do sucesso da feira. \u201cHoje, a nossa feira \u00e9 a maior da regi\u00e3o porque o varejo da Bahia tem puxado esse crescimento, ao lado das principais redes regionais e centrais de neg\u00f3cios. Isso atrai cada vez mais empresas e ind\u00fastrias que querem estar pr\u00f3ximas dessas redes varejistas e fortalecer suas opera\u00e7\u00f5es na regi\u00e3o\u201d, completa.<\/p>\n\n\n\n<p><strong>Programa\u00e7\u00e3o e capacita\u00e7\u00e3o<\/strong><\/p>\n\n\n\n<p>Este ano haver\u00e1 mais de 20 palestras com os principais temas ligados ao setor e os melhores palestrantes do Brasil. A programa\u00e7\u00e3o inclui, tamb\u00e9m, o F\u00f3rum com a SA+, no dia 7 de agosto, voltado para as principais redes supermercadistas do Norte e Nordeste e o Workshop de Qualidade, Preven\u00e7\u00e3o de Perdas e Vendas para o Setor Horti, no dia 8, com foco especial nos empres\u00e1rios do interior do estado, gestores e funcion\u00e1rios das redes associadas \u00e0 Abase.<\/p>\n\n\n\n<p>Um dos grandes destaques da edi\u00e7\u00e3o 2025 ser\u00e1 novamente a Caravana&nbsp;<strong>#PartiuSuperbahia<\/strong>, promovida pela Abase h\u00e1 tr\u00eas anos. A iniciativa busca aproximar cerca de 500 supermercadistas do interior das principais empresas do varejo nacional, oferecendo palestras, capacita\u00e7\u00e3o e oportunidades de neg\u00f3cios. Este ano, a caravana contar\u00e1 com representantes de 24 munic\u00edpios baianos, incluindo Alcoba\u00e7a, Barreiras, Feira de Santana, Itabuna, Jequi\u00e9, Lu\u00eds Eduardo Magalh\u00e3es, Porto Seguro, Teixeira de Freitas, Valen\u00e7a e Vit\u00f3ria da Conquista, entre outros.<\/p>\n\n\n\n<p><strong>Estrutura, expositores e p\u00fablico<\/strong><\/p>\n\n\n\n<p>A expectativa \u00e9 receber mais de 25 mil visitantes durante os tr\u00eas dias de evento, que ocupar\u00e1 dois pavilh\u00f5es do Centro de Conven\u00e7\u00f5es, totalizando 10 mil m\u00b2 de \u00e1rea de exposi\u00e7\u00e3o, com estandes de grandes marcas regionais, nacionais e internacionais.<\/p>\n\n\n\n<p>Entre os expositores confirmados est\u00e3o empresas como AmBev, BRF, Seara, Danone, Itamb\u00e9, Lactalis, Alvoar l\u00e1cteos, Saudali, ISM, Aurora, Coca-Cola, Verde Campo, Marat\u00e1, M. Dias Branco, Grupo Petr\u00f3polis, \u00c1gua da Serra, S\u00e3o Braz, Nestl\u00e9, CCGL, Doce Mineiro, Softys, Isobras, Concession\u00e1ria Bravo Caminh\u00f5es e \u00d4nibus, entre outras grandes empresas. Al\u00e9m de empresas do ramo tecnol\u00f3gico como VR Software, G10 Sistemas, Socin, RP Info, Matrix, Infoprice, Uze Cart\u00f5es, CISS Consultoria, Arius Sistemas, Proffer, Instabuy, Regispel e Construtora Andr\u00e9 Guimaraes<\/p>\n\n\n\n<p>A for\u00e7a da ind\u00fastria baiana tamb\u00e9m estar\u00e1 representada por marcas como Unifrio, S\u00e3o Roque, Guj\u00e3o Alimentos, Cabral e Sousa, Davaca, Protu Alimentos, Sost, Cana\u00e3 Alimentos, Capelinha, Ledax, Polpa Uni\u00e3o, Brasfrut, Duovo, Mauric\u00e9a, Shimizu, Hortilac, Terra do Sol.&nbsp; O Consulado da Argentina marcar\u00e1 presen\u00e7a ao lado de mais de 10 empresas internacionais, em parceria com a C\u00e2mara de Com\u00e9rcio Bahia-Argentina (CECAB), mostrando como a importa\u00e7\u00e3o e exporta\u00e7\u00e3o podem ser feitas de forma simples e sem burocracia.<\/p>\n\n\n\n<p>O evento conta com apoio e o patroc\u00ednio do Governo Federal e do Banco do Nordeste, Sicoob, Setur e Governo do Estado, al\u00e9m de mais 20 grandes empresas nacionais e multinacionais, refor\u00e7ando a import\u00e2ncia da Superbahia como a principal vitrine para o que h\u00e1 de mais relevante no setor aliment\u00edcio do Norte e Nordeste, posicionando-se como uma das principais feiras do setor no Pa\u00eds.<\/p>\n\n\n\n<p>O p\u00fablico-alvo poder\u00e1, ainda, participar de palestras com especialistas sobre gest\u00e3o, inova\u00e7\u00e3o, tecnologia e qualifica\u00e7\u00e3o profissional, temas centrais para o fortalecimento e a moderniza\u00e7\u00e3o do varejo regional.<\/p>\n\n\n\n<p><strong>Inscri\u00e7\u00f5es<\/strong><\/p>\n\n\n\n<p>A Superbahia \u00e9 voltada para supermercados, atacados, distribuidores, fornecedores, gestores de hot\u00e9is, bares, restaurantes e empres\u00e1rios do setor de alimentos. A entrada \u00e9 gratuita mediante a doa\u00e7\u00e3o de 1 kg de alimento n\u00e3o perec\u00edvel. As inscri\u00e7\u00f5es podem ser feitas pelo site&nbsp;<a rel=\"noreferrer noopener\" target=\"_blank\" href=\"https:\/\/na01.safelinks.protection.outlook.com\/?url=https%3A%2F%2Fabase-ba.org.br%2Fsuper-bahia%2F&amp;data=05%7C02%7C%7C664001ffc4ac40dbbc1408ddba561405%7C84df9e7fe9f640afb435aaaaaaaaaaaa%7C1%7C0%7C638871601052061331%7CUnknown%7CTWFpbGZsb3d8eyJFbXB0eU1hcGkiOnRydWUsIlYiOiIwLjAuMDAwMCIsIlAiOiJXaW4zMiIsIkFOIjoiTWFpbCIsIldUIjoyfQ%3D%3D%7C0%7C%7C%7C&amp;sdata=Afz9zOxLxT47EU2PzBD8e8fZIaaLi61nr75%2F5PNjzhk%3D&amp;reserved=0\">abase-ba.org.br\/super-bahia<\/a>&nbsp;ou pelo telefone (71) 3444-2888.<\/p>\n\n\n\n<p><strong><u>Servi\u00e7o<\/u><\/strong><\/p>\n\n\n\n<p><strong>O Qu\u00ea?<\/strong>&nbsp;14\u00aa edi\u00e7\u00e3o Superbahia &#8211; Feira e Conven\u00e7\u00f5es Baiana de Supermercados, Atacados e Distribuidores<\/p>\n\n\n\n<p><strong>Quando?<\/strong>&nbsp;De 6 a 8 de agosto<\/p>\n\n\n\n<p><strong>Onde?<\/strong>&nbsp;Centro de Conven\u00e7\u00f5es de Salvador, na orla da Boca do Rio<\/p>\n\n\n\n<p><strong>Inscri\u00e7\u00f5es:&nbsp;<\/strong>Atrav\u00e9s do site&nbsp;<a rel=\"noreferrer noopener\" target=\"_blank\" href=\"https:\/\/na01.safelinks.protection.outlook.com\/?url=https%3A%2F%2Fabase-ba.org.br%2Fsuper-bahia%2F&amp;data=05%7C02%7C%7C664001ffc4ac40dbbc1408ddba561405%7C84df9e7fe9f640afb435aaaaaaaaaaaa%7C1%7C0%7C638871601052083366%7CUnknown%7CTWFpbGZsb3d8eyJFbXB0eU1hcGkiOnRydWUsIlYiOiIwLjAuMDAwMCIsIlAiOiJXaW4zMiIsIkFOIjoiTWFpbCIsIldUIjoyfQ%3D%3D%7C0%7C%7C%7C&amp;sdata=NVc09n4ajMgPySlABXmfq8IZ%2BY%2BUKjVkNRERIID9fuc%3D&amp;reserved=0\">abase-ba.org.br\/super-bahia<\/a>&nbsp;ou pelo telefone (71) 3444-2888.<\/p>\n\n\n\n<p><strong>Entrada:<\/strong>&nbsp; 1 kg de alimento n\u00e3o perec\u00edvel \u2013 Entrada Solid\u00e1ria, doa\u00e7\u00e3o para o Programa Bahia sem Fome do Governo do Estado.<\/p>\n","protected":false},"excerpt":{"rendered":"<p>Feira do varejo de alimentos destaca papel da tecnologia na experi\u00eancia de compra e re\u00fane mais de 200 empresas no Centro de Conven\u00e7\u00f5es de Salvador A 14\u00aa edi\u00e7\u00e3o da Superbahia, Feira e Conven\u00e7\u00f5es Baiana de Supermercados, Atacados e Distribuidores, maior evento de varejo de alimentos do Norte e Nordeste, ser\u00e1 realizada de 6 a 8 [&hellip;]<\/p>\n","protected":false},"author":1,"featured_media":7090,"comment_status":"open","ping_status":"open","sticky":false,"template":"","format":"standard","meta":{"footnotes":""},"categories":[10],"tags":[],"class_list":["post-7089","post","type-post","status-publish","format-standard","has-post-thumbnail","hentry","category-bahia"],"yoast_head":"<!-- This site is optimized with the Yoast SEO plugin v21.7 - https:\/\/yoast.com\/wordpress\/plugins\/seo\/ -->\n<title>Superbahia 2025 deve gerar R$ 650 milh\u00f5es em neg\u00f3cios - Compartilha Bahia<\/title>\n<meta name=\"robots\" content=\"index, follow, max-snippet:-1, max-image-preview:large, max-video-preview:-1\" \/>\n<link rel=\"canonical\" href=\"https:\/\/compartilhabahia.com.br\/index.php\/2025\/07\/01\/superbahia-2025-deve-gerar-r-650-milhoes-em-negocios\/\" \/>\n<meta property=\"og:locale\" content=\"pt_BR\" \/>\n<meta property=\"og:type\" content=\"article\" \/>\n<meta property=\"og:title\" content=\"Superbahia 2025 deve gerar R$ 650 milh\u00f5es em neg\u00f3cios - Compartilha Bahia\" \/>\n<meta property=\"og:description\" content=\"Feira do varejo de alimentos destaca papel da tecnologia na experi\u00eancia de compra e re\u00fane mais de 200 empresas no Centro de Conven\u00e7\u00f5es de Salvador A 14\u00aa edi\u00e7\u00e3o da Superbahia, Feira e Conven\u00e7\u00f5es Baiana de Supermercados, Atacados e Distribuidores, maior evento de varejo de alimentos do Norte e Nordeste, ser\u00e1 realizada de 6 a 8 [&hellip;]\" \/>\n<meta property=\"og:url\" content=\"https:\/\/compartilhabahia.com.br\/index.php\/2025\/07\/01\/superbahia-2025-deve-gerar-r-650-milhoes-em-negocios\/\" \/>\n<meta property=\"og:site_name\" content=\"Compartilha Bahia\" \/>\n<meta property=\"article:publisher\" content=\"https:\/\/web.facebook.com\/compartilhabahia\" \/>\n<meta property=\"article:published_time\" content=\"2025-07-02T01:09:18+00:00\" \/>\n<meta property=\"article:modified_time\" content=\"2025-07-05T01:30:09+00:00\" \/>\n<meta property=\"og:image\" content=\"https:\/\/compartilhabahia.com.br\/wp-content\/uploads\/2025\/07\/centroconvmyphantomtoy_alo_alo_bahia.jpg\" \/>\n\t<meta property=\"og:image:width\" content=\"921\" \/>\n\t<meta property=\"og:image:height\" content=\"814\" \/>\n\t<meta property=\"og:image:type\" content=\"image\/jpeg\" \/>\n<meta name=\"author\" content=\"admin\" \/>\n<meta name=\"twitter:card\" content=\"summary_large_image\" \/>\n<meta name=\"twitter:label1\" content=\"Escrito por\" \/>\n\t<meta name=\"twitter:data1\" content=\"admin\" \/>\n\t<meta name=\"twitter:label2\" content=\"Est. tempo de leitura\" \/>\n\t<meta name=\"twitter:data2\" content=\"5 minutos\" \/>\n<script type=\"application\/ld+json\" class=\"yoast-schema-graph\">{\"@context\":\"https:\/\/schema.org\",\"@graph\":[{\"@type\":\"Article\",\"@id\":\"https:\/\/compartilhabahia.com.br\/index.php\/2025\/07\/01\/superbahia-2025-deve-gerar-r-650-milhoes-em-negocios\/#article\",\"isPartOf\":{\"@id\":\"https:\/\/compartilhabahia.com.br\/index.php\/2025\/07\/01\/superbahia-2025-deve-gerar-r-650-milhoes-em-negocios\/\"},\"author\":{\"name\":\"admin\",\"@id\":\"https:\/\/compartilhabahia.com.br\/#\/schema\/person\/9b4f0c3178793b8248d6686732521c04\"},\"headline\":\"Superbahia 2025 deve gerar R$ 650 milh\u00f5es em neg\u00f3cios\",\"datePublished\":\"2025-07-02T01:09:18+00:00\",\"dateModified\":\"2025-07-05T01:30:09+00:00\",\"mainEntityOfPage\":{\"@id\":\"https:\/\/compartilhabahia.com.br\/index.php\/2025\/07\/01\/superbahia-2025-deve-gerar-r-650-milhoes-em-negocios\/\"},\"wordCount\":910,\"commentCount\":0,\"publisher\":{\"@id\":\"https:\/\/compartilhabahia.com.br\/#organization\"},\"articleSection\":[\"Bahia\"],\"inLanguage\":\"pt-BR\",\"potentialAction\":[{\"@type\":\"CommentAction\",\"name\":\"Comment\",\"target\":[\"https:\/\/compartilhabahia.com.br\/index.php\/2025\/07\/01\/superbahia-2025-deve-gerar-r-650-milhoes-em-negocios\/#respond\"]}]},{\"@type\":\"WebPage\",\"@id\":\"https:\/\/compartilhabahia.com.br\/index.php\/2025\/07\/01\/superbahia-2025-deve-gerar-r-650-milhoes-em-negocios\/\",\"url\":\"https:\/\/compartilhabahia.com.br\/index.php\/2025\/07\/01\/superbahia-2025-deve-gerar-r-650-milhoes-em-negocios\/\",\"name\":\"Superbahia 2025 deve gerar R$ 650 milh\u00f5es em neg\u00f3cios - Compartilha Bahia\",\"isPartOf\":{\"@id\":\"https:\/\/compartilhabahia.com.br\/#website\"},\"datePublished\":\"2025-07-02T01:09:18+00:00\",\"dateModified\":\"2025-07-05T01:30:09+00:00\",\"breadcrumb\":{\"@id\":\"https:\/\/compartilhabahia.com.br\/index.php\/2025\/07\/01\/superbahia-2025-deve-gerar-r-650-milhoes-em-negocios\/#breadcrumb\"},\"inLanguage\":\"pt-BR\",\"potentialAction\":[{\"@type\":\"ReadAction\",\"target\":[\"https:\/\/compartilhabahia.com.br\/index.php\/2025\/07\/01\/superbahia-2025-deve-gerar-r-650-milhoes-em-negocios\/\"]}]},{\"@type\":\"BreadcrumbList\",\"@id\":\"https:\/\/compartilhabahia.com.br\/index.php\/2025\/07\/01\/superbahia-2025-deve-gerar-r-650-milhoes-em-negocios\/#breadcrumb\",\"itemListElement\":[{\"@type\":\"ListItem\",\"position\":1,\"name\":\"In\u00edcio\",\"item\":\"https:\/\/compartilhabahia.com.br\/\"},{\"@type\":\"ListItem\",\"position\":2,\"name\":\"Superbahia 2025 deve gerar R$ 650 milh\u00f5es em neg\u00f3cios\"}]},{\"@type\":\"WebSite\",\"@id\":\"https:\/\/compartilhabahia.com.br\/#website\",\"url\":\"https:\/\/compartilhabahia.com.br\/\",\"name\":\"Compartilha Bahia\",\"description\":\"\",\"publisher\":{\"@id\":\"https:\/\/compartilhabahia.com.br\/#organization\"},\"potentialAction\":[{\"@type\":\"SearchAction\",\"target\":{\"@type\":\"EntryPoint\",\"urlTemplate\":\"https:\/\/compartilhabahia.com.br\/?s={search_term_string}\"},\"query-input\":\"required name=search_term_string\"}],\"inLanguage\":\"pt-BR\"},{\"@type\":\"Organization\",\"@id\":\"https:\/\/compartilhabahia.com.br\/#organization\",\"name\":\"Compartilha Bahia\",\"url\":\"https:\/\/compartilhabahia.com.br\/\",\"logo\":{\"@type\":\"ImageObject\",\"inLanguage\":\"pt-BR\",\"@id\":\"https:\/\/compartilhabahia.com.br\/#\/schema\/logo\/image\/\",\"url\":\"https:\/\/compartilhabahia.com.br\/wp-content\/uploads\/2023\/12\/cropped-logo.png\",\"contentUrl\":\"https:\/\/compartilhabahia.com.br\/wp-content\/uploads\/2023\/12\/cropped-logo.png\",\"width\":300,\"height\":106,\"caption\":\"Compartilha Bahia\"},\"image\":{\"@id\":\"https:\/\/compartilhabahia.com.br\/#\/schema\/logo\/image\/\"},\"sameAs\":[\"https:\/\/web.facebook.com\/compartilhabahia\",\"https:\/\/www.instagram.com\/compartilhabahia\/\"]},{\"@type\":\"Person\",\"@id\":\"https:\/\/compartilhabahia.com.br\/#\/schema\/person\/9b4f0c3178793b8248d6686732521c04\",\"name\":\"admin\",\"image\":{\"@type\":\"ImageObject\",\"inLanguage\":\"pt-BR\",\"@id\":\"https:\/\/compartilhabahia.com.br\/#\/schema\/person\/image\/\",\"url\":\"https:\/\/secure.gravatar.com\/avatar\/9600df58751c5acbe914c538c03390ef649ea088cb65f84ba09c7ce66988eed6?s=96&d=mm&r=g\",\"contentUrl\":\"https:\/\/secure.gravatar.com\/avatar\/9600df58751c5acbe914c538c03390ef649ea088cb65f84ba09c7ce66988eed6?s=96&d=mm&r=g\",\"caption\":\"admin\"},\"sameAs\":[\"https:\/\/compartilhabahia.com.br\"],\"url\":\"https:\/\/compartilhabahia.com.br\/index.php\/author\/compartilhabahia\/\"}]}<\/script>\n<!-- \/ Yoast SEO plugin. -->","yoast_head_json":{"title":"Superbahia 2025 deve gerar R$ 650 milh\u00f5es em neg\u00f3cios - Compartilha Bahia","robots":{"index":"index","follow":"follow","max-snippet":"max-snippet:-1","max-image-preview":"max-image-preview:large","max-video-preview":"max-video-preview:-1"},"canonical":"https:\/\/compartilhabahia.com.br\/index.php\/2025\/07\/01\/superbahia-2025-deve-gerar-r-650-milhoes-em-negocios\/","og_locale":"pt_BR","og_type":"article","og_title":"Superbahia 2025 deve gerar R$ 650 milh\u00f5es em neg\u00f3cios - Compartilha Bahia","og_description":"Feira do varejo de alimentos destaca papel da tecnologia na experi\u00eancia de compra e re\u00fane mais de 200 empresas no Centro de Conven\u00e7\u00f5es de Salvador A 14\u00aa edi\u00e7\u00e3o da Superbahia, Feira e Conven\u00e7\u00f5es Baiana de Supermercados, Atacados e Distribuidores, maior evento de varejo de alimentos do Norte e Nordeste, ser\u00e1 realizada de 6 a 8 [&hellip;]","og_url":"https:\/\/compartilhabahia.com.br\/index.php\/2025\/07\/01\/superbahia-2025-deve-gerar-r-650-milhoes-em-negocios\/","og_site_name":"Compartilha Bahia","article_publisher":"https:\/\/web.facebook.com\/compartilhabahia","article_published_time":"2025-07-02T01:09:18+00:00","article_modified_time":"2025-07-05T01:30:09+00:00","og_image":[{"width":921,"height":814,"url":"https:\/\/compartilhabahia.com.br\/wp-content\/uploads\/2025\/07\/centroconvmyphantomtoy_alo_alo_bahia.jpg","type":"image\/jpeg"}],"author":"admin","twitter_card":"summary_large_image","twitter_misc":{"Escrito por":"admin","Est. tempo de leitura":"5 minutos"},"schema":{"@context":"https:\/\/schema.org","@graph":[{"@type":"Article","@id":"https:\/\/compartilhabahia.com.br\/index.php\/2025\/07\/01\/superbahia-2025-deve-gerar-r-650-milhoes-em-negocios\/#article","isPartOf":{"@id":"https:\/\/compartilhabahia.com.br\/index.php\/2025\/07\/01\/superbahia-2025-deve-gerar-r-650-milhoes-em-negocios\/"},"author":{"name":"admin","@id":"https:\/\/compartilhabahia.com.br\/#\/schema\/person\/9b4f0c3178793b8248d6686732521c04"},"headline":"Superbahia 2025 deve gerar R$ 650 milh\u00f5es em neg\u00f3cios","datePublished":"2025-07-02T01:09:18+00:00","dateModified":"2025-07-05T01:30:09+00:00","mainEntityOfPage":{"@id":"https:\/\/compartilhabahia.com.br\/index.php\/2025\/07\/01\/superbahia-2025-deve-gerar-r-650-milhoes-em-negocios\/"},"wordCount":910,"commentCount":0,"publisher":{"@id":"https:\/\/compartilhabahia.com.br\/#organization"},"articleSection":["Bahia"],"inLanguage":"pt-BR","potentialAction":[{"@type":"CommentAction","name":"Comment","target":["https:\/\/compartilhabahia.com.br\/index.php\/2025\/07\/01\/superbahia-2025-deve-gerar-r-650-milhoes-em-negocios\/#respond"]}]},{"@type":"WebPage","@id":"https:\/\/compartilhabahia.com.br\/index.php\/2025\/07\/01\/superbahia-2025-deve-gerar-r-650-milhoes-em-negocios\/","url":"https:\/\/compartilhabahia.com.br\/index.php\/2025\/07\/01\/superbahia-2025-deve-gerar-r-650-milhoes-em-negocios\/","name":"Superbahia 2025 deve gerar R$ 650 milh\u00f5es em neg\u00f3cios - Compartilha Bahia","isPartOf":{"@id":"https:\/\/compartilhabahia.com.br\/#website"},"datePublished":"2025-07-02T01:09:18+00:00","dateModified":"2025-07-05T01:30:09+00:00","breadcrumb":{"@id":"https:\/\/compartilhabahia.com.br\/index.php\/2025\/07\/01\/superbahia-2025-deve-gerar-r-650-milhoes-em-negocios\/#breadcrumb"},"inLanguage":"pt-BR","potentialAction":[{"@type":"ReadAction","target":["https:\/\/compartilhabahia.com.br\/index.php\/2025\/07\/01\/superbahia-2025-deve-gerar-r-650-milhoes-em-negocios\/"]}]},{"@type":"BreadcrumbList","@id":"https:\/\/compartilhabahia.com.br\/index.php\/2025\/07\/01\/superbahia-2025-deve-gerar-r-650-milhoes-em-negocios\/#breadcrumb","itemListElement":[{"@type":"ListItem","position":1,"name":"In\u00edcio","item":"https:\/\/compartilhabahia.com.br\/"},{"@type":"ListItem","position":2,"name":"Superbahia 2025 deve gerar R$ 650 milh\u00f5es em neg\u00f3cios"}]},{"@type":"WebSite","@id":"https:\/\/compartilhabahia.com.br\/#website","url":"https:\/\/compartilhabahia.com.br\/","name":"Compartilha Bahia","description":"","publisher":{"@id":"https:\/\/compartilhabahia.com.br\/#organization"},"potentialAction":[{"@type":"SearchAction","target":{"@type":"EntryPoint","urlTemplate":"https:\/\/compartilhabahia.com.br\/?s={search_term_string}"},"query-input":"required name=search_term_string"}],"inLanguage":"pt-BR"},{"@type":"Organization","@id":"https:\/\/compartilhabahia.com.br\/#organization","name":"Compartilha Bahia","url":"https:\/\/compartilhabahia.com.br\/","logo":{"@type":"ImageObject","inLanguage":"pt-BR","@id":"https:\/\/compartilhabahia.com.br\/#\/schema\/logo\/image\/","url":"https:\/\/compartilhabahia.com.br\/wp-content\/uploads\/2023\/12\/cropped-logo.png","contentUrl":"https:\/\/compartilhabahia.com.br\/wp-content\/uploads\/2023\/12\/cropped-logo.png","width":300,"height":106,"caption":"Compartilha Bahia"},"image":{"@id":"https:\/\/compartilhabahia.com.br\/#\/schema\/logo\/image\/"},"sameAs":["https:\/\/web.facebook.com\/compartilhabahia","https:\/\/www.instagram.com\/compartilhabahia\/"]},{"@type":"Person","@id":"https:\/\/compartilhabahia.com.br\/#\/schema\/person\/9b4f0c3178793b8248d6686732521c04","name":"admin","image":{"@type":"ImageObject","inLanguage":"pt-BR","@id":"https:\/\/compartilhabahia.com.br\/#\/schema\/person\/image\/","url":"https:\/\/secure.gravatar.com\/avatar\/9600df58751c5acbe914c538c03390ef649ea088cb65f84ba09c7ce66988eed6?s=96&d=mm&r=g","contentUrl":"https:\/\/secure.gravatar.com\/avatar\/9600df58751c5acbe914c538c03390ef649ea088cb65f84ba09c7ce66988eed6?s=96&d=mm&r=g","caption":"admin"},"sameAs":["https:\/\/compartilhabahia.com.br"],"url":"https:\/\/compartilhabahia.com.br\/index.php\/author\/compartilhabahia\/"}]}},"_links":{"self":[{"href":"https:\/\/compartilhabahia.com.br\/index.php\/wp-json\/wp\/v2\/posts\/7089","targetHints":{"allow":["GET"]}}],"collection":[{"href":"https:\/\/compartilhabahia.com.br\/index.php\/wp-json\/wp\/v2\/posts"}],"about":[{"href":"https:\/\/compartilhabahia.com.br\/index.php\/wp-json\/wp\/v2\/types\/post"}],"author":[{"embeddable":true,"href":"https:\/\/compartilhabahia.com.br\/index.php\/wp-json\/wp\/v2\/users\/1"}],"replies":[{"embeddable":true,"href":"https:\/\/compartilhabahia.com.br\/index.php\/wp-json\/wp\/v2\/comments?post=7089"}],"version-history":[{"count":1,"href":"https:\/\/compartilhabahia.com.br\/index.php\/wp-json\/wp\/v2\/posts\/7089\/revisions"}],"predecessor-version":[{"id":7091,"href":"https:\/\/compartilhabahia.com.br\/index.php\/wp-json\/wp\/v2\/posts\/7089\/revisions\/7091"}],"wp:featuredmedia":[{"embeddable":true,"href":"https:\/\/compartilhabahia.com.br\/index.php\/wp-json\/wp\/v2\/media\/7090"}],"wp:attachment":[{"href":"https:\/\/compartilhabahia.com.br\/index.php\/wp-json\/wp\/v2\/media?parent=7089"}],"wp:term":[{"taxonomy":"category","embeddable":true,"href":"https:\/\/compartilhabahia.com.br\/index.php\/wp-json\/wp\/v2\/categories?post=7089"},{"taxonomy":"post_tag","embeddable":true,"href":"https:\/\/compartilhabahia.com.br\/index.php\/wp-json\/wp\/v2\/tags?post=7089"}],"curies":[{"name":"wp","href":"https:\/\/api.w.org\/{rel}","templated":true}]}}