{"id":7080,"date":"2025-07-01T19:47:05","date_gmt":"2025-07-01T22:47:05","guid":{"rendered":"https:\/\/compartilhabahia.com.br\/?p=7080"},"modified":"2025-07-01T19:48:07","modified_gmt":"2025-07-01T22:48:07","slug":"para-adriana-marcele-byd-traz-pra-camacari-um-novo-ciclo-de-desenvolvimento","status":"publish","type":"post","link":"https:\/\/compartilhabahia.com.br\/index.php\/2025\/07\/01\/para-adriana-marcele-byd-traz-pra-camacari-um-novo-ciclo-de-desenvolvimento\/","title":{"rendered":"Adriana Marcele: &#8220;BYD traz pra Cama\u00e7ari um novo ciclo de desenvolvimento&#8221;"},"content":{"rendered":"\n<p><strong>A Chegada da BYD em Cama\u00e7ari: Um Novo Cap\u00edtulo para o Desenvolvimento Econ\u00f4mico da Cidade<\/strong><\/p>\n\n\n\n<p>Por Adriana Marcele<\/p>\n\n\n\n<p>A Secretaria de Desenvolvimento Econ\u00f4mico de Cama\u00e7ari celebra com grande entusiasmo a chegada da montadora chinesa BYD \u2013 Build Your Dreams \u2013 ao nosso munic\u00edpio. Reconhecida mundialmente como uma das maiores fabricantes de ve\u00edculos el\u00e9tricos e solu\u00e7\u00f5es de energia limpa, a BYD escolheu Cama\u00e7ari como base para a instala\u00e7\u00e3o de seu complexo industrial na Bahia, marcando um momento hist\u00f3rico para a economia local.<\/p>\n\n\n\n<p>A decis\u00e3o da BYD de se estabelecer em Cama\u00e7ari reafirma o potencial estrat\u00e9gico da cidade como um polo industrial din\u00e2mico, com localiza\u00e7\u00e3o privilegiada, infraestrutura consolidada e m\u00e3o de obra qualificada. Mais do que um novo empreendimento, a chegada da empresa representa uma profunda transforma\u00e7\u00e3o na matriz econ\u00f4mica regional, promovendo diversifica\u00e7\u00e3o, inova\u00e7\u00e3o e sustentabilidade.<\/p>\n\n\n\n<p>Impactos Econ\u00f4micos para Cama\u00e7ari<\/p>\n\n\n\n<p><br>1. Gera\u00e7\u00e3o de Empregos<br>Estima-se que a instala\u00e7\u00e3o da BYD em Cama\u00e7ari gere milhares de empregos diretos e indiretos, beneficiando profissionais de diferentes n\u00edveis de forma\u00e7\u00e3o. Esse movimento contribuir\u00e1 significativamente para a redu\u00e7\u00e3o do desemprego e para a valoriza\u00e7\u00e3o da m\u00e3o de obra local, com oportunidades em \u00e1reas como produ\u00e7\u00e3o industrial, log\u00edstica, tecnologia e servi\u00e7os.<\/p>\n\n\n\n<p><br>2. Dinamiza\u00e7\u00e3o da Cadeia Produtiva<br>A presen\u00e7a da montadora impulsionar\u00e1 a cria\u00e7\u00e3o de uma ampla cadeia de fornecedores e prestadores de servi\u00e7os, envolvendo empresas de pequeno, m\u00e9dio e grande porte. Esse ecossistema industrial trar\u00e1 novos investimentos, estimular\u00e1 a inova\u00e7\u00e3o e fortalecer\u00e1 o setor automotivo baiano.<\/p>\n\n\n\n<p><br>3. Aumento da Arrecada\u00e7\u00e3o e Investimentos P\u00fablicos<br>Com a expans\u00e3o das atividades econ\u00f4micas e o aumento da base produtiva, Cama\u00e7ari ter\u00e1 um crescimento significativo na arrecada\u00e7\u00e3o de tributos, possibilitando maiores investimentos em infraestrutura, educa\u00e7\u00e3o, qualifica\u00e7\u00e3o profissional e desenvolvimento urbano.<\/p>\n\n\n\n<p><br>4. Proje\u00e7\u00e3o Nacional e Internacional<br>A escolha da BYD por Cama\u00e7ari projeta a cidade no cen\u00e1rio global da ind\u00fastria automotiva sustent\u00e1vel, consolidando sua imagem como destino confi\u00e1vel para grandes investimentos e como protagonista na transi\u00e7\u00e3o energ\u00e9tica e no futuro da mobilidade.<\/p>\n\n\n\n<p>Compromisso com o Desenvolvimento Sustent\u00e1vel<\/p>\n\n\n\n<p>A chegada da BYD tamb\u00e9m est\u00e1 alinhada com os compromissos da Secretaria de Desenvolvimento Econ\u00f4mico em promover uma economia verde, inclusiva e resiliente. O foco da empresa em ve\u00edculos el\u00e9tricos e energia limpa dialoga diretamente com os objetivos de desenvolvimento sustent\u00e1vel, contribuindo para uma Cama\u00e7ari mais moderna, ambientalmente respons\u00e1vel e preparada para os desafios do futuro.<\/p>\n\n\n\n<p>Reafirmamos nosso compromisso em apoiar a implanta\u00e7\u00e3o do projeto, articular pol\u00edticas p\u00fablicas eficazes e garantir que os benef\u00edcios desse novo ciclo de crescimento sejam amplamente distribu\u00eddos para toda a popula\u00e7\u00e3o.<\/p>\n\n\n\n<p>Cama\u00e7ari vive um novo tempo, e a parceria com a BYD simboliza a for\u00e7a do nosso territ\u00f3rio, o talento do nosso povo e a confian\u00e7a de que estamos no caminho certo rumo a um desenvolvimento econ\u00f4mico robusto, inovador e inclusivo.<\/p>\n\n\n\n<p>Adriana Marcele<br>Secretaria de Desenvolvimento Econ\u00f4mico<\/p>\n\n\n\n<figure class=\"wp-block-image size-large\"><img loading=\"lazy\" decoding=\"async\" width=\"730\" height=\"1024\" src=\"https:\/\/compartilhabahia.com.br\/wp-content\/uploads\/2025\/07\/WhatsApp-Image-2025-07-01-at-14.43.32-1-730x1024.jpeg\" alt=\"\" class=\"wp-image-7082\" srcset=\"https:\/\/compartilhabahia.com.br\/wp-content\/uploads\/2025\/07\/WhatsApp-Image-2025-07-01-at-14.43.32-1-730x1024.jpeg 730w, https:\/\/compartilhabahia.com.br\/wp-content\/uploads\/2025\/07\/WhatsApp-Image-2025-07-01-at-14.43.32-1-214x300.jpeg 214w, https:\/\/compartilhabahia.com.br\/wp-content\/uploads\/2025\/07\/WhatsApp-Image-2025-07-01-at-14.43.32-1-768x1078.jpeg 768w, https:\/\/compartilhabahia.com.br\/wp-content\/uploads\/2025\/07\/WhatsApp-Image-2025-07-01-at-14.43.32-1.jpeg 912w\" sizes=\"auto, (max-width: 730px) 100vw, 730px\" \/><\/figure>\n\n\n\n<figure class=\"wp-block-image size-large\"><img loading=\"lazy\" decoding=\"async\" width=\"626\" height=\"1024\" src=\"https:\/\/compartilhabahia.com.br\/wp-content\/uploads\/2025\/07\/WhatsApp-Image-2025-07-01-at-14.41.46-6-626x1024.jpeg\" alt=\"\" class=\"wp-image-7083\" srcset=\"https:\/\/compartilhabahia.com.br\/wp-content\/uploads\/2025\/07\/WhatsApp-Image-2025-07-01-at-14.41.46-6-626x1024.jpeg 626w, https:\/\/compartilhabahia.com.br\/wp-content\/uploads\/2025\/07\/WhatsApp-Image-2025-07-01-at-14.41.46-6-183x300.jpeg 183w, https:\/\/compartilhabahia.com.br\/wp-content\/uploads\/2025\/07\/WhatsApp-Image-2025-07-01-at-14.41.46-6-768x1257.jpeg 768w, https:\/\/compartilhabahia.com.br\/wp-content\/uploads\/2025\/07\/WhatsApp-Image-2025-07-01-at-14.41.46-6.jpeg 782w\" sizes=\"auto, (max-width: 626px) 100vw, 626px\" \/><\/figure>\n\n\n\n<figure class=\"wp-block-image size-large\"><img loading=\"lazy\" decoding=\"async\" width=\"768\" height=\"1024\" src=\"https:\/\/compartilhabahia.com.br\/wp-content\/uploads\/2025\/07\/WhatsApp-Image-2025-07-01-at-14.41.46-5-768x1024.jpeg\" alt=\"\" class=\"wp-image-7084\" srcset=\"https:\/\/compartilhabahia.com.br\/wp-content\/uploads\/2025\/07\/WhatsApp-Image-2025-07-01-at-14.41.46-5-768x1024.jpeg 768w, https:\/\/compartilhabahia.com.br\/wp-content\/uploads\/2025\/07\/WhatsApp-Image-2025-07-01-at-14.41.46-5-225x300.jpeg 225w, https:\/\/compartilhabahia.com.br\/wp-content\/uploads\/2025\/07\/WhatsApp-Image-2025-07-01-at-14.41.46-5.jpeg 960w\" sizes=\"auto, (max-width: 768px) 100vw, 768px\" \/><\/figure>\n\n\n\n<figure class=\"wp-block-image size-large\"><img loading=\"lazy\" decoding=\"async\" width=\"654\" height=\"1024\" src=\"https:\/\/compartilhabahia.com.br\/wp-content\/uploads\/2025\/07\/WhatsApp-Image-2025-07-01-at-14.41.46-4-654x1024.jpeg\" alt=\"\" class=\"wp-image-7085\" srcset=\"https:\/\/compartilhabahia.com.br\/wp-content\/uploads\/2025\/07\/WhatsApp-Image-2025-07-01-at-14.41.46-4-654x1024.jpeg 654w, https:\/\/compartilhabahia.com.br\/wp-content\/uploads\/2025\/07\/WhatsApp-Image-2025-07-01-at-14.41.46-4-192x300.jpeg 192w, https:\/\/compartilhabahia.com.br\/wp-content\/uploads\/2025\/07\/WhatsApp-Image-2025-07-01-at-14.41.46-4-768x1202.jpeg 768w, https:\/\/compartilhabahia.com.br\/wp-content\/uploads\/2025\/07\/WhatsApp-Image-2025-07-01-at-14.41.46-4.jpeg 818w\" sizes=\"auto, (max-width: 654px) 100vw, 654px\" \/><\/figure>\n\n\n\n<figure class=\"wp-block-image size-large\"><img loading=\"lazy\" decoding=\"async\" width=\"768\" height=\"1024\" src=\"https:\/\/compartilhabahia.com.br\/wp-content\/uploads\/2025\/07\/WhatsApp-Image-2025-07-01-at-14.41.46-7-768x1024.jpeg\" alt=\"\" class=\"wp-image-7086\" srcset=\"https:\/\/compartilhabahia.com.br\/wp-content\/uploads\/2025\/07\/WhatsApp-Image-2025-07-01-at-14.41.46-7-768x1024.jpeg 768w, https:\/\/compartilhabahia.com.br\/wp-content\/uploads\/2025\/07\/WhatsApp-Image-2025-07-01-at-14.41.46-7-225x300.jpeg 225w, https:\/\/compartilhabahia.com.br\/wp-content\/uploads\/2025\/07\/WhatsApp-Image-2025-07-01-at-14.41.46-7.jpeg 960w\" sizes=\"auto, (max-width: 768px) 100vw, 768px\" \/><\/figure>\n","protected":false},"excerpt":{"rendered":"<p>A Chegada da BYD em Cama\u00e7ari: Um Novo Cap\u00edtulo para o Desenvolvimento Econ\u00f4mico da Cidade Por Adriana Marcele A Secretaria de Desenvolvimento Econ\u00f4mico de Cama\u00e7ari celebra com grande entusiasmo a chegada da montadora chinesa BYD \u2013 Build Your Dreams \u2013 ao nosso munic\u00edpio. Reconhecida mundialmente como uma das maiores fabricantes de ve\u00edculos el\u00e9tricos e solu\u00e7\u00f5es [&hellip;]<\/p>\n","protected":false},"author":1,"featured_media":7081,"comment_status":"open","ping_status":"open","sticky":false,"template":"","format":"standard","meta":{"footnotes":""},"categories":[8],"tags":[],"class_list":["post-7080","post","type-post","status-publish","format-standard","has-post-thumbnail","hentry","category-camacari"],"yoast_head":"<!-- This site is optimized with the Yoast SEO plugin v21.7 - https:\/\/yoast.com\/wordpress\/plugins\/seo\/ -->\n<title>Adriana Marcele: &quot;BYD traz pra Cama\u00e7ari um novo ciclo de desenvolvimento&quot; - Compartilha Bahia<\/title>\n<meta name=\"robots\" content=\"index, follow, max-snippet:-1, max-image-preview:large, max-video-preview:-1\" \/>\n<link rel=\"canonical\" href=\"https:\/\/compartilhabahia.com.br\/index.php\/2025\/07\/01\/para-adriana-marcele-byd-traz-pra-camacari-um-novo-ciclo-de-desenvolvimento\/\" \/>\n<meta property=\"og:locale\" content=\"pt_BR\" \/>\n<meta property=\"og:type\" content=\"article\" \/>\n<meta property=\"og:title\" content=\"Adriana Marcele: &quot;BYD traz pra Cama\u00e7ari um novo ciclo de desenvolvimento&quot; - Compartilha Bahia\" \/>\n<meta property=\"og:description\" content=\"A Chegada da BYD em Cama\u00e7ari: Um Novo Cap\u00edtulo para o Desenvolvimento Econ\u00f4mico da Cidade Por Adriana Marcele A Secretaria de Desenvolvimento Econ\u00f4mico de Cama\u00e7ari celebra com grande entusiasmo a chegada da montadora chinesa BYD \u2013 Build Your Dreams \u2013 ao nosso munic\u00edpio. Reconhecida mundialmente como uma das maiores fabricantes de ve\u00edculos el\u00e9tricos e solu\u00e7\u00f5es [&hellip;]\" \/>\n<meta property=\"og:url\" content=\"https:\/\/compartilhabahia.com.br\/index.php\/2025\/07\/01\/para-adriana-marcele-byd-traz-pra-camacari-um-novo-ciclo-de-desenvolvimento\/\" \/>\n<meta property=\"og:site_name\" content=\"Compartilha Bahia\" \/>\n<meta property=\"article:publisher\" content=\"https:\/\/web.facebook.com\/compartilhabahia\" \/>\n<meta property=\"article:published_time\" content=\"2025-07-01T22:47:05+00:00\" \/>\n<meta property=\"article:modified_time\" content=\"2025-07-01T22:48:07+00:00\" \/>\n<meta property=\"og:image\" content=\"https:\/\/compartilhabahia.com.br\/wp-content\/uploads\/2025\/07\/adrianaeautoridades.jpg\" \/>\n\t<meta property=\"og:image:width\" content=\"1000\" \/>\n\t<meta property=\"og:image:height\" content=\"1000\" \/>\n\t<meta property=\"og:image:type\" content=\"image\/jpeg\" \/>\n<meta name=\"author\" content=\"admin\" \/>\n<meta name=\"twitter:card\" content=\"summary_large_image\" \/>\n<meta name=\"twitter:label1\" content=\"Escrito por\" \/>\n\t<meta name=\"twitter:data1\" content=\"admin\" \/>\n\t<meta name=\"twitter:label2\" content=\"Est. tempo de leitura\" \/>\n\t<meta name=\"twitter:data2\" content=\"4 minutos\" \/>\n<script type=\"application\/ld+json\" class=\"yoast-schema-graph\">{\"@context\":\"https:\/\/schema.org\",\"@graph\":[{\"@type\":\"Article\",\"@id\":\"https:\/\/compartilhabahia.com.br\/index.php\/2025\/07\/01\/para-adriana-marcele-byd-traz-pra-camacari-um-novo-ciclo-de-desenvolvimento\/#article\",\"isPartOf\":{\"@id\":\"https:\/\/compartilhabahia.com.br\/index.php\/2025\/07\/01\/para-adriana-marcele-byd-traz-pra-camacari-um-novo-ciclo-de-desenvolvimento\/\"},\"author\":{\"name\":\"admin\",\"@id\":\"https:\/\/compartilhabahia.com.br\/#\/schema\/person\/9b4f0c3178793b8248d6686732521c04\"},\"headline\":\"Adriana Marcele: &#8220;BYD traz pra Cama\u00e7ari um novo ciclo de desenvolvimento&#8221;\",\"datePublished\":\"2025-07-01T22:47:05+00:00\",\"dateModified\":\"2025-07-01T22:48:07+00:00\",\"mainEntityOfPage\":{\"@id\":\"https:\/\/compartilhabahia.com.br\/index.php\/2025\/07\/01\/para-adriana-marcele-byd-traz-pra-camacari-um-novo-ciclo-de-desenvolvimento\/\"},\"wordCount\":533,\"commentCount\":0,\"publisher\":{\"@id\":\"https:\/\/compartilhabahia.com.br\/#organization\"},\"articleSection\":[\"Cama\u00e7ari\"],\"inLanguage\":\"pt-BR\",\"potentialAction\":[{\"@type\":\"CommentAction\",\"name\":\"Comment\",\"target\":[\"https:\/\/compartilhabahia.com.br\/index.php\/2025\/07\/01\/para-adriana-marcele-byd-traz-pra-camacari-um-novo-ciclo-de-desenvolvimento\/#respond\"]}]},{\"@type\":\"WebPage\",\"@id\":\"https:\/\/compartilhabahia.com.br\/index.php\/2025\/07\/01\/para-adriana-marcele-byd-traz-pra-camacari-um-novo-ciclo-de-desenvolvimento\/\",\"url\":\"https:\/\/compartilhabahia.com.br\/index.php\/2025\/07\/01\/para-adriana-marcele-byd-traz-pra-camacari-um-novo-ciclo-de-desenvolvimento\/\",\"name\":\"Adriana Marcele: \\\"BYD traz pra Cama\u00e7ari um novo ciclo de desenvolvimento\\\" - Compartilha Bahia\",\"isPartOf\":{\"@id\":\"https:\/\/compartilhabahia.com.br\/#website\"},\"datePublished\":\"2025-07-01T22:47:05+00:00\",\"dateModified\":\"2025-07-01T22:48:07+00:00\",\"breadcrumb\":{\"@id\":\"https:\/\/compartilhabahia.com.br\/index.php\/2025\/07\/01\/para-adriana-marcele-byd-traz-pra-camacari-um-novo-ciclo-de-desenvolvimento\/#breadcrumb\"},\"inLanguage\":\"pt-BR\",\"potentialAction\":[{\"@type\":\"ReadAction\",\"target\":[\"https:\/\/compartilhabahia.com.br\/index.php\/2025\/07\/01\/para-adriana-marcele-byd-traz-pra-camacari-um-novo-ciclo-de-desenvolvimento\/\"]}]},{\"@type\":\"BreadcrumbList\",\"@id\":\"https:\/\/compartilhabahia.com.br\/index.php\/2025\/07\/01\/para-adriana-marcele-byd-traz-pra-camacari-um-novo-ciclo-de-desenvolvimento\/#breadcrumb\",\"itemListElement\":[{\"@type\":\"ListItem\",\"position\":1,\"name\":\"In\u00edcio\",\"item\":\"https:\/\/compartilhabahia.com.br\/\"},{\"@type\":\"ListItem\",\"position\":2,\"name\":\"Adriana Marcele: &#8220;BYD traz pra Cama\u00e7ari um novo ciclo de desenvolvimento&#8221;\"}]},{\"@type\":\"WebSite\",\"@id\":\"https:\/\/compartilhabahia.com.br\/#website\",\"url\":\"https:\/\/compartilhabahia.com.br\/\",\"name\":\"Compartilha Bahia\",\"description\":\"\",\"publisher\":{\"@id\":\"https:\/\/compartilhabahia.com.br\/#organization\"},\"potentialAction\":[{\"@type\":\"SearchAction\",\"target\":{\"@type\":\"EntryPoint\",\"urlTemplate\":\"https:\/\/compartilhabahia.com.br\/?s={search_term_string}\"},\"query-input\":\"required name=search_term_string\"}],\"inLanguage\":\"pt-BR\"},{\"@type\":\"Organization\",\"@id\":\"https:\/\/compartilhabahia.com.br\/#organization\",\"name\":\"Compartilha Bahia\",\"url\":\"https:\/\/compartilhabahia.com.br\/\",\"logo\":{\"@type\":\"ImageObject\",\"inLanguage\":\"pt-BR\",\"@id\":\"https:\/\/compartilhabahia.com.br\/#\/schema\/logo\/image\/\",\"url\":\"https:\/\/compartilhabahia.com.br\/wp-content\/uploads\/2023\/12\/cropped-logo.png\",\"contentUrl\":\"https:\/\/compartilhabahia.com.br\/wp-content\/uploads\/2023\/12\/cropped-logo.png\",\"width\":300,\"height\":106,\"caption\":\"Compartilha Bahia\"},\"image\":{\"@id\":\"https:\/\/compartilhabahia.com.br\/#\/schema\/logo\/image\/\"},\"sameAs\":[\"https:\/\/web.facebook.com\/compartilhabahia\",\"https:\/\/www.instagram.com\/compartilhabahia\/\"]},{\"@type\":\"Person\",\"@id\":\"https:\/\/compartilhabahia.com.br\/#\/schema\/person\/9b4f0c3178793b8248d6686732521c04\",\"name\":\"admin\",\"image\":{\"@type\":\"ImageObject\",\"inLanguage\":\"pt-BR\",\"@id\":\"https:\/\/compartilhabahia.com.br\/#\/schema\/person\/image\/\",\"url\":\"https:\/\/secure.gravatar.com\/avatar\/9600df58751c5acbe914c538c03390ef649ea088cb65f84ba09c7ce66988eed6?s=96&d=mm&r=g\",\"contentUrl\":\"https:\/\/secure.gravatar.com\/avatar\/9600df58751c5acbe914c538c03390ef649ea088cb65f84ba09c7ce66988eed6?s=96&d=mm&r=g\",\"caption\":\"admin\"},\"sameAs\":[\"https:\/\/compartilhabahia.com.br\"],\"url\":\"https:\/\/compartilhabahia.com.br\/index.php\/author\/compartilhabahia\/\"}]}<\/script>\n<!-- \/ Yoast SEO plugin. -->","yoast_head_json":{"title":"Adriana Marcele: \"BYD traz pra Cama\u00e7ari um novo ciclo de desenvolvimento\" - Compartilha Bahia","robots":{"index":"index","follow":"follow","max-snippet":"max-snippet:-1","max-image-preview":"max-image-preview:large","max-video-preview":"max-video-preview:-1"},"canonical":"https:\/\/compartilhabahia.com.br\/index.php\/2025\/07\/01\/para-adriana-marcele-byd-traz-pra-camacari-um-novo-ciclo-de-desenvolvimento\/","og_locale":"pt_BR","og_type":"article","og_title":"Adriana Marcele: \"BYD traz pra Cama\u00e7ari um novo ciclo de desenvolvimento\" - Compartilha Bahia","og_description":"A Chegada da BYD em Cama\u00e7ari: Um Novo Cap\u00edtulo para o Desenvolvimento Econ\u00f4mico da Cidade Por Adriana Marcele A Secretaria de Desenvolvimento Econ\u00f4mico de Cama\u00e7ari celebra com grande entusiasmo a chegada da montadora chinesa BYD \u2013 Build Your Dreams \u2013 ao nosso munic\u00edpio. Reconhecida mundialmente como uma das maiores fabricantes de ve\u00edculos el\u00e9tricos e solu\u00e7\u00f5es [&hellip;]","og_url":"https:\/\/compartilhabahia.com.br\/index.php\/2025\/07\/01\/para-adriana-marcele-byd-traz-pra-camacari-um-novo-ciclo-de-desenvolvimento\/","og_site_name":"Compartilha Bahia","article_publisher":"https:\/\/web.facebook.com\/compartilhabahia","article_published_time":"2025-07-01T22:47:05+00:00","article_modified_time":"2025-07-01T22:48:07+00:00","og_image":[{"width":1000,"height":1000,"url":"https:\/\/compartilhabahia.com.br\/wp-content\/uploads\/2025\/07\/adrianaeautoridades.jpg","type":"image\/jpeg"}],"author":"admin","twitter_card":"summary_large_image","twitter_misc":{"Escrito por":"admin","Est. tempo de leitura":"4 minutos"},"schema":{"@context":"https:\/\/schema.org","@graph":[{"@type":"Article","@id":"https:\/\/compartilhabahia.com.br\/index.php\/2025\/07\/01\/para-adriana-marcele-byd-traz-pra-camacari-um-novo-ciclo-de-desenvolvimento\/#article","isPartOf":{"@id":"https:\/\/compartilhabahia.com.br\/index.php\/2025\/07\/01\/para-adriana-marcele-byd-traz-pra-camacari-um-novo-ciclo-de-desenvolvimento\/"},"author":{"name":"admin","@id":"https:\/\/compartilhabahia.com.br\/#\/schema\/person\/9b4f0c3178793b8248d6686732521c04"},"headline":"Adriana Marcele: &#8220;BYD traz pra Cama\u00e7ari um novo ciclo de desenvolvimento&#8221;","datePublished":"2025-07-01T22:47:05+00:00","dateModified":"2025-07-01T22:48:07+00:00","mainEntityOfPage":{"@id":"https:\/\/compartilhabahia.com.br\/index.php\/2025\/07\/01\/para-adriana-marcele-byd-traz-pra-camacari-um-novo-ciclo-de-desenvolvimento\/"},"wordCount":533,"commentCount":0,"publisher":{"@id":"https:\/\/compartilhabahia.com.br\/#organization"},"articleSection":["Cama\u00e7ari"],"inLanguage":"pt-BR","potentialAction":[{"@type":"CommentAction","name":"Comment","target":["https:\/\/compartilhabahia.com.br\/index.php\/2025\/07\/01\/para-adriana-marcele-byd-traz-pra-camacari-um-novo-ciclo-de-desenvolvimento\/#respond"]}]},{"@type":"WebPage","@id":"https:\/\/compartilhabahia.com.br\/index.php\/2025\/07\/01\/para-adriana-marcele-byd-traz-pra-camacari-um-novo-ciclo-de-desenvolvimento\/","url":"https:\/\/compartilhabahia.com.br\/index.php\/2025\/07\/01\/para-adriana-marcele-byd-traz-pra-camacari-um-novo-ciclo-de-desenvolvimento\/","name":"Adriana Marcele: \"BYD traz pra Cama\u00e7ari um novo ciclo de desenvolvimento\" - Compartilha Bahia","isPartOf":{"@id":"https:\/\/compartilhabahia.com.br\/#website"},"datePublished":"2025-07-01T22:47:05+00:00","dateModified":"2025-07-01T22:48:07+00:00","breadcrumb":{"@id":"https:\/\/compartilhabahia.com.br\/index.php\/2025\/07\/01\/para-adriana-marcele-byd-traz-pra-camacari-um-novo-ciclo-de-desenvolvimento\/#breadcrumb"},"inLanguage":"pt-BR","potentialAction":[{"@type":"ReadAction","target":["https:\/\/compartilhabahia.com.br\/index.php\/2025\/07\/01\/para-adriana-marcele-byd-traz-pra-camacari-um-novo-ciclo-de-desenvolvimento\/"]}]},{"@type":"BreadcrumbList","@id":"https:\/\/compartilhabahia.com.br\/index.php\/2025\/07\/01\/para-adriana-marcele-byd-traz-pra-camacari-um-novo-ciclo-de-desenvolvimento\/#breadcrumb","itemListElement":[{"@type":"ListItem","position":1,"name":"In\u00edcio","item":"https:\/\/compartilhabahia.com.br\/"},{"@type":"ListItem","position":2,"name":"Adriana Marcele: &#8220;BYD traz pra Cama\u00e7ari um novo ciclo de desenvolvimento&#8221;"}]},{"@type":"WebSite","@id":"https:\/\/compartilhabahia.com.br\/#website","url":"https:\/\/compartilhabahia.com.br\/","name":"Compartilha Bahia","description":"","publisher":{"@id":"https:\/\/compartilhabahia.com.br\/#organization"},"potentialAction":[{"@type":"SearchAction","target":{"@type":"EntryPoint","urlTemplate":"https:\/\/compartilhabahia.com.br\/?s={search_term_string}"},"query-input":"required name=search_term_string"}],"inLanguage":"pt-BR"},{"@type":"Organization","@id":"https:\/\/compartilhabahia.com.br\/#organization","name":"Compartilha Bahia","url":"https:\/\/compartilhabahia.com.br\/","logo":{"@type":"ImageObject","inLanguage":"pt-BR","@id":"https:\/\/compartilhabahia.com.br\/#\/schema\/logo\/image\/","url":"https:\/\/compartilhabahia.com.br\/wp-content\/uploads\/2023\/12\/cropped-logo.png","contentUrl":"https:\/\/compartilhabahia.com.br\/wp-content\/uploads\/2023\/12\/cropped-logo.png","width":300,"height":106,"caption":"Compartilha Bahia"},"image":{"@id":"https:\/\/compartilhabahia.com.br\/#\/schema\/logo\/image\/"},"sameAs":["https:\/\/web.facebook.com\/compartilhabahia","https:\/\/www.instagram.com\/compartilhabahia\/"]},{"@type":"Person","@id":"https:\/\/compartilhabahia.com.br\/#\/schema\/person\/9b4f0c3178793b8248d6686732521c04","name":"admin","image":{"@type":"ImageObject","inLanguage":"pt-BR","@id":"https:\/\/compartilhabahia.com.br\/#\/schema\/person\/image\/","url":"https:\/\/secure.gravatar.com\/avatar\/9600df58751c5acbe914c538c03390ef649ea088cb65f84ba09c7ce66988eed6?s=96&d=mm&r=g","contentUrl":"https:\/\/secure.gravatar.com\/avatar\/9600df58751c5acbe914c538c03390ef649ea088cb65f84ba09c7ce66988eed6?s=96&d=mm&r=g","caption":"admin"},"sameAs":["https:\/\/compartilhabahia.com.br"],"url":"https:\/\/compartilhabahia.com.br\/index.php\/author\/compartilhabahia\/"}]}},"_links":{"self":[{"href":"https:\/\/compartilhabahia.com.br\/index.php\/wp-json\/wp\/v2\/posts\/7080","targetHints":{"allow":["GET"]}}],"collection":[{"href":"https:\/\/compartilhabahia.com.br\/index.php\/wp-json\/wp\/v2\/posts"}],"about":[{"href":"https:\/\/compartilhabahia.com.br\/index.php\/wp-json\/wp\/v2\/types\/post"}],"author":[{"embeddable":true,"href":"https:\/\/compartilhabahia.com.br\/index.php\/wp-json\/wp\/v2\/users\/1"}],"replies":[{"embeddable":true,"href":"https:\/\/compartilhabahia.com.br\/index.php\/wp-json\/wp\/v2\/comments?post=7080"}],"version-history":[{"count":2,"href":"https:\/\/compartilhabahia.com.br\/index.php\/wp-json\/wp\/v2\/posts\/7080\/revisions"}],"predecessor-version":[{"id":7088,"href":"https:\/\/compartilhabahia.com.br\/index.php\/wp-json\/wp\/v2\/posts\/7080\/revisions\/7088"}],"wp:featuredmedia":[{"embeddable":true,"href":"https:\/\/compartilhabahia.com.br\/index.php\/wp-json\/wp\/v2\/media\/7081"}],"wp:attachment":[{"href":"https:\/\/compartilhabahia.com.br\/index.php\/wp-json\/wp\/v2\/media?parent=7080"}],"wp:term":[{"taxonomy":"category","embeddable":true,"href":"https:\/\/compartilhabahia.com.br\/index.php\/wp-json\/wp\/v2\/categories?post=7080"},{"taxonomy":"post_tag","embeddable":true,"href":"https:\/\/compartilhabahia.com.br\/index.php\/wp-json\/wp\/v2\/tags?post=7080"}],"curies":[{"name":"wp","href":"https:\/\/api.w.org\/{rel}","templated":true}]}}