{"id":7074,"date":"2025-07-01T17:48:58","date_gmt":"2025-07-01T20:48:58","guid":{"rendered":"https:\/\/compartilhabahia.com.br\/?p=7074"},"modified":"2025-07-04T22:02:39","modified_gmt":"2025-07-05T01:02:39","slug":"byd-apresenta-seu-primeiro-carro-100-eletrico-brasileiro","status":"publish","type":"post","link":"https:\/\/compartilhabahia.com.br\/index.php\/2025\/07\/01\/byd-apresenta-seu-primeiro-carro-100-eletrico-brasileiro\/","title":{"rendered":"BYD apresenta seu primeiro carro 100% el\u00e9trico brasileiro"},"content":{"rendered":"\n<p>Cama\u00e7ari (BA), 1\u00ba de julho de 2025 \u2014 O primeiro BYD Dolphin Mini 100% brasileiro foi apresentado ao p\u00fablico pela BYD em um momento hist\u00f3rico para a ind\u00fastria nacional. O modelo el\u00e9trico mais vendido do pa\u00eds simboliza uma virada tecnol\u00f3gica. Acess\u00edvel, inovador e irresistivelmente moderno, ele simboliza o in\u00edcio de uma nova era na mobilidade.<\/p>\n\n\n\n<p>&nbsp;O palco dessa estreia \u00e9 a nov\u00edssima f\u00e1brica da BYD em Cama\u00e7ari, na Bahia \u2014 um complexo industrial de \u00faltima gera\u00e7\u00e3o, onde cada metro quadrado respira tecnologia do futuro. Pela primeira vez, os port\u00f5es se abriram para mostrar como o mais novo carro el\u00e9trico do Brasil est\u00e1 ganhando vida.<\/p>\n\n\n\n<p>Desde sua estreia global, o BYD Dolphin Mini j\u00e1 ultrapassou a marca de 1 milh\u00e3o de unidades produzidas e foi eleito o Carro Urbano do Ano de 2025 pelo World Car Awards.<\/p>\n\n\n\n<figure class=\"wp-block-image size-large\"><img loading=\"lazy\" decoding=\"async\" width=\"1024\" height=\"682\" src=\"https:\/\/compartilhabahia.com.br\/wp-content\/uploads\/2025\/07\/WhatsApp-Image-2025-07-01-at-16.51.07-1-1-1024x682.jpeg\" alt=\"\" class=\"wp-image-7076\" srcset=\"https:\/\/compartilhabahia.com.br\/wp-content\/uploads\/2025\/07\/WhatsApp-Image-2025-07-01-at-16.51.07-1-1-1024x682.jpeg 1024w, https:\/\/compartilhabahia.com.br\/wp-content\/uploads\/2025\/07\/WhatsApp-Image-2025-07-01-at-16.51.07-1-1-300x200.jpeg 300w, https:\/\/compartilhabahia.com.br\/wp-content\/uploads\/2025\/07\/WhatsApp-Image-2025-07-01-at-16.51.07-1-1-768x512.jpeg 768w, https:\/\/compartilhabahia.com.br\/wp-content\/uploads\/2025\/07\/WhatsApp-Image-2025-07-01-at-16.51.07-1-1-1200x800.jpeg 1200w, https:\/\/compartilhabahia.com.br\/wp-content\/uploads\/2025\/07\/WhatsApp-Image-2025-07-01-at-16.51.07-1-1.jpeg 1280w\" sizes=\"auto, (max-width: 1024px) 100vw, 1024px\" \/><\/figure>\n\n\n\n<p>No Brasil, ele tamb\u00e9m \u00e9 um fen\u00f4meno, com mais de 34 mil unidades vendidas. \u201cA BYD \u00e9 uma empresa feita por engenheiros e uma das que mais investem em pesquisa e desenvolvimento no mundo. Toda essa tecnologia agora est\u00e1 presente na nossa f\u00e1brica brasileira.<\/p>\n\n\n\n<p>Levamos apenas 15 meses entre iniciar as obras e entregar o primeiro ve\u00edculo em car\u00e1ter experimental da nossa linha de produ\u00e7\u00e3o. Esse \u00e9 um momento hist\u00f3rico n\u00e3o apenas para a BYD, mas para o futuro da mobilidade sustent\u00e1vel em toda a Am\u00e9rica Latina. Escolhemos a Bahia pela for\u00e7a de seu povo, pela m\u00e3o de obra capacitada e por acreditarmos no potencial transformador dessa regi\u00e3o\u201d, afirma Stella Li, Vice-Presidente Executiva Global e CEO da BYD Am\u00e9ricas e Europa.<\/p>\n\n\n\n<figure class=\"wp-block-image size-full\"><img loading=\"lazy\" decoding=\"async\" width=\"788\" height=\"525\" src=\"https:\/\/compartilhabahia.com.br\/wp-content\/uploads\/2025\/07\/caetanonabyd.jpg\" alt=\"\" class=\"wp-image-7078\" srcset=\"https:\/\/compartilhabahia.com.br\/wp-content\/uploads\/2025\/07\/caetanonabyd.jpg 788w, https:\/\/compartilhabahia.com.br\/wp-content\/uploads\/2025\/07\/caetanonabyd-300x200.jpg 300w, https:\/\/compartilhabahia.com.br\/wp-content\/uploads\/2025\/07\/caetanonabyd-768x512.jpg 768w\" sizes=\"auto, (max-width: 788px) 100vw, 788px\" \/><\/figure>\n\n\n\n<p>&nbsp;E o BYD Dolphin Mini n\u00e3o veio sozinho. A BYD tamb\u00e9m apresentou seu primeiro super h\u00edbrido brasileiro: o Song Pro \u2014 outro best-seller. A produ\u00e7\u00e3o dos primeiros tr\u00eas modelos nacionais come\u00e7a nas pr\u00f3ximas semanas: BYD Dolphin Mini, Song Pro (GL\/GS) e King (GL\/GS). \u201cEstamos transformando Cama\u00e7ari em uma pot\u00eancia para o futuro. Esse complexo fabril representa uma vit\u00f3ria da inova\u00e7\u00e3o, da sustentabilidade e da confian\u00e7a no Brasil.<\/p>\n\n\n\n<p>A BYD chega com tecnologia, investimentos e prop\u00f3sito: fazer parte do pr\u00f3ximo cap\u00edtulo do setor automotivo nacional. O que estamos vendo hoje na Bahia \u00e9 um marco na reindustrializa\u00e7\u00e3o do pa\u00eds e um grande salto tecnol\u00f3gico. A BYD agora \u00e9 uma empresa feita por brasileiros para brasileiros\u201d, destaca Alexandre Baldy, Vice-Presidente s\u00eanior e Head Comercial e de Marketing da BYD Auto Brasil.<\/p>\n\n\n\n<p>Tecnologia de ponta Tecnologia de \u00faltima gera\u00e7\u00e3o, automa\u00e7\u00e3o inteligente e controle total de todas as fases da produ\u00e7\u00e3o. A linha de montagem da BYD na Bahia \u00e9 uma das mais modernas do mundo.<\/p>\n\n\n\n<p>Um sistema de sequenciamento inteligente prioriza a produ\u00e7\u00e3o dos modelos com maior demanda. Cada carro pode ser rastreado em tempo real enquanto avan\u00e7a pela linha. Rob\u00f4s cuidam de tarefas como instala\u00e7\u00e3o de vidros e fixa\u00e7\u00e3o de baterias.<\/p>\n\n\n\n<p>O uso do espa\u00e7o \u00e9 tridimensional, aproveitando cada cent\u00edmetro de maneira eficiente. Um sistema exclusivo de fric\u00e7\u00e3o silenciosa mant\u00e9m os n\u00edveis de ru\u00eddo abaixo de 70 decib\u00e9is, criando um ambiente de trabalho agrad\u00e1vel e confort\u00e1vel.<\/p>\n\n\n\n<p>O pr\u00e9dio principal \u00e9 um dos maiores da Am\u00e9rica Latina dedicado \u00e0 produ\u00e7\u00e3o de ve\u00edculos el\u00e9tricos, com uma \u00e1rea impressionante de 156.800 metros quadrados. \u201cO Brasil est\u00e1 hoje no centro das aten\u00e7\u00f5es globais na revolu\u00e7\u00e3o automotiva, e a BYD \u00e9 pe\u00e7a-chave nessa transforma\u00e7\u00e3o.<\/p>\n\n\n\n<p>&nbsp;Desde 2014 estamos investindo continuamente e j\u00e1 constru\u00edmos uma base s\u00f3lida para acelerar a transi\u00e7\u00e3o energ\u00e9tica no pa\u00eds. Ver a marca como l\u00edder de mercado de ve\u00edculos el\u00e9tricos e a expans\u00e3o de nossa rede de concession\u00e1rias \u00e9 a prova de que estamos no caminho certo e com estrat\u00e9gias s\u00f3lidas no longo prazo\u201d, destaca Tyler Li, Presidente da BYD no Brasil.<\/p>\n\n\n\n<p>&nbsp;Primeiro fornecedor homologado A BYD tamb\u00e9m anunciou a qualifica\u00e7\u00e3o de 106 empresas instaladas no Brasil para fornecer pe\u00e7as para a f\u00e1brica na Bahia. A Continental Pneus de Cama\u00e7ari, vizinha da f\u00e1brica, \u00e9 a primeira companhia oficialmente homologada.<\/p>\n\n\n\n<p>A Continental tem uma hist\u00f3ria de sucesso de mais de 150 anos e \u00e9 uma das maiores fabricantes de pneus do mundo.<\/p>\n\n\n\n<p>&nbsp;Investimento no complexo A BYD est\u00e1 investindo R$ 5,5 bilh\u00f5es no complexo de Cama\u00e7ari \u2014 uma megaestrutura que ocupa 4,6 milh\u00f5es de metros quadrados, o equivalente a 645 campos de futebol. Quando todas as fases estiverem conclu\u00eddas, o projeto deve gerar at\u00e9 20 mil empregos diretos e indiretos. A f\u00e1brica come\u00e7a com capacidade anual de 150 mil ve\u00edculos, com expans\u00e3o planejada para 300 mil na segunda fase. Inicialmente operando no sistema SKD (Semi Knocked-Down), a planta evoluir\u00e1 gradualmente para produ\u00e7\u00e3o nacional completa \u2014 incluindo estampagem, soldagem, pintura e aumento do conte\u00fado local.<\/p>\n\n\n\n<p>Essa jornada ambiciosa inclui tamb\u00e9m o desenvolvimento de um motor h\u00edbrido flex, o 1.5 DM-i, projetado e constru\u00eddo numa coopera\u00e7\u00e3o entre cientistas chineses e brasileiros. Desenvolvido para rodar com gasolina e etanol, o combust\u00edvel verde mais emblem\u00e1tico do Brasil, esse motor combina a tecnologia el\u00e9trica da BYD com um desempenho e efici\u00eancia de \u00faltima gera\u00e7\u00e3o. \u201cEstamos fazendo hist\u00f3ria e colocando a Bahia, mais uma vez, no centro das aten\u00e7\u00f5es de todo o mundo quando o assunto \u00e9 desenvolvimento e transi\u00e7\u00e3o energ\u00e9tica.<\/p>\n\n\n\n<p>&nbsp;Esta nova etapa que estamos presenciando na f\u00e1brica da BYD, em Cama\u00e7ari, mostra a for\u00e7a e o potencial do nosso estado, e tenho certeza de que nos render\u00e1 frutos e resultados de alt\u00edssima qualidade.<\/p>\n\n\n\n<p>O Governo Municipal, o Governo do Estado, juntamente com o Governo Federal, tamb\u00e9m segue firme para continuar garantindo gera\u00e7\u00e3o de emprego e renda para o povo baiano, mantendo os \u00edndices favor\u00e1veis que a Bahia registra atualmente, com oferta de m\u00e3o de obra qualificada e mais oportunidades, n\u00e3o somente em Cama\u00e7ari, mas em toda a regi\u00e3o metropolitana\u201d, comemorou o Governador da Bahia, Jer\u00f4nimo Rodrigues.<\/p>\n\n\n\n<p>Hist\u00f3rico da obra A decis\u00e3o de construir a f\u00e1brica na Bahia foi anunciada em julho de 2023 em um evento realizado no Farol da Barra, em Salvador. O lan\u00e7amento da pedra fundamental, em outubro do mesmo ano, aconteceu para oficializar a posse do terreno, que foi usado por uma antiga montadora que deixou de produzir ve\u00edculos em Cama\u00e7ari. As obras come\u00e7aram em mar\u00e7o de 2024 e, passados apenas 15 meses, a BYD do Brasil j\u00e1 come\u00e7ou os testes que antecedem o come\u00e7o da linha de produ\u00e7\u00e3o.<\/p>\n\n\n\n<p>Esse passo marca uma das fases mais emblem\u00e1ticas do projeto, que est\u00e1 transformando o terreno em um parque industrial de \u00faltima gera\u00e7\u00e3o.<\/p>\n\n\n\n<p>Abertura de novas vagas<\/p>\n\n\n\n<p>Nas \u00faltimas semanas, mais de 400 colaboradores brasileiros foram contratados para a f\u00e1brica. No total, mais de 1.000 pessoas j\u00e1 trabalham na planta de Cama\u00e7ari apenas para a BYD, sem contar os prestadores de servi\u00e7os que somam mais algumas centenas de postos de trabalho. Durante o evento, a BYD anunciou a abertura de mais 3.000 vagas, que ser\u00e3o preenchidas at\u00e9 o fim do ano. Entre as posi\u00e7\u00f5es oferecidas, haver\u00e1 oportunidades para engenheiros, t\u00e9cnicos, operadores, seguran\u00e7as, eletricistas, profissionais de log\u00edstica, TI e setor administrativo. Nos pr\u00f3ximos dias, ser\u00e3o anunciados os detalhes das inscri\u00e7\u00f5es, assim como parcerias com o Governo do Estado e a Prefeitura de Cama\u00e7ari para incentivar a contrata\u00e7\u00e3o de m\u00e3o de obra local.<\/p>\n\n\n\n<p>A iniciativa representa um avan\u00e7o significativo na gera\u00e7\u00e3o de oportunidades e consolida a mobilidade el\u00e9trica como um vetor estrat\u00e9gico de desenvolvimento local e estadual.<\/p>\n\n\n\n<p>\u201cA f\u00e1brica da BYD em Cama\u00e7ari \u00e9 uma realidade. Ela vai contribuir para o desenvolvimento econ\u00f4mico e social do munic\u00edpio ao ativar toda a cadeia produtiva de autom\u00f3veis el\u00e9tricos e h\u00edbridos, estimular o surgimento de novos servi\u00e7os em Cama\u00e7ari e gerar milhares de empregos diretos e indiretos no complexo industrial.<\/p>\n\n\n\n<p>Estamos felizes por Cama\u00e7ari ter sido escolhida para receber este investimento, que abre um novo cap\u00edtulo na industrializa\u00e7\u00e3o da regi\u00e3o e de toda a Bahia&#8221;, analisa Luiz Carlos Caetano, Prefeito de Cama\u00e7ari. Lideran\u00e7a em ve\u00edculos eletrificados A BYD \u00e9 l\u00edder mundial em ve\u00edculos eletrificados e ocupa o primeiro lugar no mercado chin\u00eas, incluindo as montadoras tradicionais.<\/p>\n\n\n\n<p>A empresa domina todas as etapas do processo produtivo e det\u00e9m tecnologias-chave no desenvolvimento de baterias, motores el\u00e9tricos e sistemas de controle.<\/p>\n\n\n\n<p>No Brasil desde 2014, lidera a transi\u00e7\u00e3o energ\u00e9tica e no \u00faltimo m\u00eas de maio respondeu por 9 em cada 10 carros el\u00e9tricos vendidos no pa\u00eds, al\u00e9m de 1 em cada 3 h\u00edbridos. A BYD ficou na quarta posi\u00e7\u00e3o no ranking de vendas do varejo, superando montadores que j\u00e1 est\u00e3o h\u00e1 d\u00e9cadas no Brasil.<\/p>\n\n\n\n<p>Outro destaque \u00e9 o crescimento da rede de concession\u00e1rios que j\u00e1 chegou a 180 lojas, com meta de atingir 240 at\u00e9 o fim de 2025. Hoje a empresa j\u00e1 possui unidades em todos estados, capitais e nas principais cidades do pa\u00eds.<\/p>\n\n\n\n<figure class=\"wp-block-image size-large\"><img loading=\"lazy\" decoding=\"async\" width=\"1024\" height=\"683\" src=\"https:\/\/compartilhabahia.com.br\/wp-content\/uploads\/2025\/07\/byd900-1024x683.jpg\" alt=\"\" class=\"wp-image-7077\" srcset=\"https:\/\/compartilhabahia.com.br\/wp-content\/uploads\/2025\/07\/byd900-1024x683.jpg 1024w, https:\/\/compartilhabahia.com.br\/wp-content\/uploads\/2025\/07\/byd900-300x200.jpg 300w, https:\/\/compartilhabahia.com.br\/wp-content\/uploads\/2025\/07\/byd900-768x512.jpg 768w, https:\/\/compartilhabahia.com.br\/wp-content\/uploads\/2025\/07\/byd900.jpg 1200w\" sizes=\"auto, (max-width: 1024px) 100vw, 1024px\" \/><\/figure>\n","protected":false},"excerpt":{"rendered":"<p>Cama\u00e7ari (BA), 1\u00ba de julho de 2025 \u2014 O primeiro BYD Dolphin Mini 100% brasileiro foi apresentado ao p\u00fablico pela BYD em um momento hist\u00f3rico para a ind\u00fastria nacional. O modelo el\u00e9trico mais vendido do pa\u00eds simboliza uma virada tecnol\u00f3gica. Acess\u00edvel, inovador e irresistivelmente moderno, ele simboliza o in\u00edcio de uma nova era na mobilidade. [&hellip;]<\/p>\n","protected":false},"author":1,"featured_media":7075,"comment_status":"open","ping_status":"open","sticky":true,"template":"","format":"standard","meta":{"footnotes":""},"categories":[8],"tags":[],"class_list":["post-7074","post","type-post","status-publish","format-standard","has-post-thumbnail","hentry","category-camacari"],"yoast_head":"<!-- This site is optimized with the Yoast SEO plugin v21.7 - https:\/\/yoast.com\/wordpress\/plugins\/seo\/ -->\n<title>BYD apresenta seu primeiro carro 100% el\u00e9trico brasileiro - Compartilha Bahia<\/title>\n<meta name=\"robots\" content=\"index, follow, max-snippet:-1, max-image-preview:large, max-video-preview:-1\" \/>\n<link rel=\"canonical\" href=\"https:\/\/compartilhabahia.com.br\/index.php\/2025\/07\/01\/byd-apresenta-seu-primeiro-carro-100-eletrico-brasileiro\/\" \/>\n<meta property=\"og:locale\" content=\"pt_BR\" \/>\n<meta property=\"og:type\" content=\"article\" \/>\n<meta property=\"og:title\" content=\"BYD apresenta seu primeiro carro 100% el\u00e9trico brasileiro - Compartilha Bahia\" \/>\n<meta property=\"og:description\" content=\"Cama\u00e7ari (BA), 1\u00ba de julho de 2025 \u2014 O primeiro BYD Dolphin Mini 100% brasileiro foi apresentado ao p\u00fablico pela BYD em um momento hist\u00f3rico para a ind\u00fastria nacional. O modelo el\u00e9trico mais vendido do pa\u00eds simboliza uma virada tecnol\u00f3gica. Acess\u00edvel, inovador e irresistivelmente moderno, ele simboliza o in\u00edcio de uma nova era na mobilidade. [&hellip;]\" \/>\n<meta property=\"og:url\" content=\"https:\/\/compartilhabahia.com.br\/index.php\/2025\/07\/01\/byd-apresenta-seu-primeiro-carro-100-eletrico-brasileiro\/\" \/>\n<meta property=\"og:site_name\" content=\"Compartilha Bahia\" \/>\n<meta property=\"article:publisher\" content=\"https:\/\/web.facebook.com\/compartilhabahia\" \/>\n<meta property=\"article:published_time\" content=\"2025-07-01T20:48:58+00:00\" \/>\n<meta property=\"article:modified_time\" content=\"2025-07-05T01:02:39+00:00\" \/>\n<meta property=\"og:image\" content=\"https:\/\/compartilhabahia.com.br\/wp-content\/uploads\/2025\/07\/stela_li.jpg\" \/>\n\t<meta property=\"og:image:width\" content=\"984\" \/>\n\t<meta property=\"og:image:height\" content=\"656\" \/>\n\t<meta property=\"og:image:type\" content=\"image\/jpeg\" \/>\n<meta name=\"author\" content=\"admin\" \/>\n<meta name=\"twitter:card\" content=\"summary_large_image\" \/>\n<meta name=\"twitter:label1\" content=\"Escrito por\" \/>\n\t<meta name=\"twitter:data1\" content=\"admin\" \/>\n\t<meta name=\"twitter:label2\" content=\"Est. tempo de leitura\" \/>\n\t<meta name=\"twitter:data2\" content=\"9 minutos\" \/>\n<script type=\"application\/ld+json\" class=\"yoast-schema-graph\">{\"@context\":\"https:\/\/schema.org\",\"@graph\":[{\"@type\":\"Article\",\"@id\":\"https:\/\/compartilhabahia.com.br\/index.php\/2025\/07\/01\/byd-apresenta-seu-primeiro-carro-100-eletrico-brasileiro\/#article\",\"isPartOf\":{\"@id\":\"https:\/\/compartilhabahia.com.br\/index.php\/2025\/07\/01\/byd-apresenta-seu-primeiro-carro-100-eletrico-brasileiro\/\"},\"author\":{\"name\":\"admin\",\"@id\":\"https:\/\/compartilhabahia.com.br\/#\/schema\/person\/9b4f0c3178793b8248d6686732521c04\"},\"headline\":\"BYD apresenta seu primeiro carro 100% el\u00e9trico brasileiro\",\"datePublished\":\"2025-07-01T20:48:58+00:00\",\"dateModified\":\"2025-07-05T01:02:39+00:00\",\"mainEntityOfPage\":{\"@id\":\"https:\/\/compartilhabahia.com.br\/index.php\/2025\/07\/01\/byd-apresenta-seu-primeiro-carro-100-eletrico-brasileiro\/\"},\"wordCount\":1548,\"commentCount\":0,\"publisher\":{\"@id\":\"https:\/\/compartilhabahia.com.br\/#organization\"},\"articleSection\":[\"Cama\u00e7ari\"],\"inLanguage\":\"pt-BR\",\"potentialAction\":[{\"@type\":\"CommentAction\",\"name\":\"Comment\",\"target\":[\"https:\/\/compartilhabahia.com.br\/index.php\/2025\/07\/01\/byd-apresenta-seu-primeiro-carro-100-eletrico-brasileiro\/#respond\"]}]},{\"@type\":\"WebPage\",\"@id\":\"https:\/\/compartilhabahia.com.br\/index.php\/2025\/07\/01\/byd-apresenta-seu-primeiro-carro-100-eletrico-brasileiro\/\",\"url\":\"https:\/\/compartilhabahia.com.br\/index.php\/2025\/07\/01\/byd-apresenta-seu-primeiro-carro-100-eletrico-brasileiro\/\",\"name\":\"BYD apresenta seu primeiro carro 100% el\u00e9trico brasileiro - Compartilha Bahia\",\"isPartOf\":{\"@id\":\"https:\/\/compartilhabahia.com.br\/#website\"},\"datePublished\":\"2025-07-01T20:48:58+00:00\",\"dateModified\":\"2025-07-05T01:02:39+00:00\",\"breadcrumb\":{\"@id\":\"https:\/\/compartilhabahia.com.br\/index.php\/2025\/07\/01\/byd-apresenta-seu-primeiro-carro-100-eletrico-brasileiro\/#breadcrumb\"},\"inLanguage\":\"pt-BR\",\"potentialAction\":[{\"@type\":\"ReadAction\",\"target\":[\"https:\/\/compartilhabahia.com.br\/index.php\/2025\/07\/01\/byd-apresenta-seu-primeiro-carro-100-eletrico-brasileiro\/\"]}]},{\"@type\":\"BreadcrumbList\",\"@id\":\"https:\/\/compartilhabahia.com.br\/index.php\/2025\/07\/01\/byd-apresenta-seu-primeiro-carro-100-eletrico-brasileiro\/#breadcrumb\",\"itemListElement\":[{\"@type\":\"ListItem\",\"position\":1,\"name\":\"In\u00edcio\",\"item\":\"https:\/\/compartilhabahia.com.br\/\"},{\"@type\":\"ListItem\",\"position\":2,\"name\":\"BYD apresenta seu primeiro carro 100% el\u00e9trico brasileiro\"}]},{\"@type\":\"WebSite\",\"@id\":\"https:\/\/compartilhabahia.com.br\/#website\",\"url\":\"https:\/\/compartilhabahia.com.br\/\",\"name\":\"Compartilha Bahia\",\"description\":\"\",\"publisher\":{\"@id\":\"https:\/\/compartilhabahia.com.br\/#organization\"},\"potentialAction\":[{\"@type\":\"SearchAction\",\"target\":{\"@type\":\"EntryPoint\",\"urlTemplate\":\"https:\/\/compartilhabahia.com.br\/?s={search_term_string}\"},\"query-input\":\"required name=search_term_string\"}],\"inLanguage\":\"pt-BR\"},{\"@type\":\"Organization\",\"@id\":\"https:\/\/compartilhabahia.com.br\/#organization\",\"name\":\"Compartilha Bahia\",\"url\":\"https:\/\/compartilhabahia.com.br\/\",\"logo\":{\"@type\":\"ImageObject\",\"inLanguage\":\"pt-BR\",\"@id\":\"https:\/\/compartilhabahia.com.br\/#\/schema\/logo\/image\/\",\"url\":\"https:\/\/compartilhabahia.com.br\/wp-content\/uploads\/2023\/12\/cropped-logo.png\",\"contentUrl\":\"https:\/\/compartilhabahia.com.br\/wp-content\/uploads\/2023\/12\/cropped-logo.png\",\"width\":300,\"height\":106,\"caption\":\"Compartilha Bahia\"},\"image\":{\"@id\":\"https:\/\/compartilhabahia.com.br\/#\/schema\/logo\/image\/\"},\"sameAs\":[\"https:\/\/web.facebook.com\/compartilhabahia\",\"https:\/\/www.instagram.com\/compartilhabahia\/\"]},{\"@type\":\"Person\",\"@id\":\"https:\/\/compartilhabahia.com.br\/#\/schema\/person\/9b4f0c3178793b8248d6686732521c04\",\"name\":\"admin\",\"image\":{\"@type\":\"ImageObject\",\"inLanguage\":\"pt-BR\",\"@id\":\"https:\/\/compartilhabahia.com.br\/#\/schema\/person\/image\/\",\"url\":\"https:\/\/secure.gravatar.com\/avatar\/9600df58751c5acbe914c538c03390ef649ea088cb65f84ba09c7ce66988eed6?s=96&d=mm&r=g\",\"contentUrl\":\"https:\/\/secure.gravatar.com\/avatar\/9600df58751c5acbe914c538c03390ef649ea088cb65f84ba09c7ce66988eed6?s=96&d=mm&r=g\",\"caption\":\"admin\"},\"sameAs\":[\"https:\/\/compartilhabahia.com.br\"],\"url\":\"https:\/\/compartilhabahia.com.br\/index.php\/author\/compartilhabahia\/\"}]}<\/script>\n<!-- \/ Yoast SEO plugin. -->","yoast_head_json":{"title":"BYD apresenta seu primeiro carro 100% el\u00e9trico brasileiro - Compartilha Bahia","robots":{"index":"index","follow":"follow","max-snippet":"max-snippet:-1","max-image-preview":"max-image-preview:large","max-video-preview":"max-video-preview:-1"},"canonical":"https:\/\/compartilhabahia.com.br\/index.php\/2025\/07\/01\/byd-apresenta-seu-primeiro-carro-100-eletrico-brasileiro\/","og_locale":"pt_BR","og_type":"article","og_title":"BYD apresenta seu primeiro carro 100% el\u00e9trico brasileiro - Compartilha Bahia","og_description":"Cama\u00e7ari (BA), 1\u00ba de julho de 2025 \u2014 O primeiro BYD Dolphin Mini 100% brasileiro foi apresentado ao p\u00fablico pela BYD em um momento hist\u00f3rico para a ind\u00fastria nacional. O modelo el\u00e9trico mais vendido do pa\u00eds simboliza uma virada tecnol\u00f3gica. Acess\u00edvel, inovador e irresistivelmente moderno, ele simboliza o in\u00edcio de uma nova era na mobilidade. [&hellip;]","og_url":"https:\/\/compartilhabahia.com.br\/index.php\/2025\/07\/01\/byd-apresenta-seu-primeiro-carro-100-eletrico-brasileiro\/","og_site_name":"Compartilha Bahia","article_publisher":"https:\/\/web.facebook.com\/compartilhabahia","article_published_time":"2025-07-01T20:48:58+00:00","article_modified_time":"2025-07-05T01:02:39+00:00","og_image":[{"width":984,"height":656,"url":"https:\/\/compartilhabahia.com.br\/wp-content\/uploads\/2025\/07\/stela_li.jpg","type":"image\/jpeg"}],"author":"admin","twitter_card":"summary_large_image","twitter_misc":{"Escrito por":"admin","Est. tempo de leitura":"9 minutos"},"schema":{"@context":"https:\/\/schema.org","@graph":[{"@type":"Article","@id":"https:\/\/compartilhabahia.com.br\/index.php\/2025\/07\/01\/byd-apresenta-seu-primeiro-carro-100-eletrico-brasileiro\/#article","isPartOf":{"@id":"https:\/\/compartilhabahia.com.br\/index.php\/2025\/07\/01\/byd-apresenta-seu-primeiro-carro-100-eletrico-brasileiro\/"},"author":{"name":"admin","@id":"https:\/\/compartilhabahia.com.br\/#\/schema\/person\/9b4f0c3178793b8248d6686732521c04"},"headline":"BYD apresenta seu primeiro carro 100% el\u00e9trico brasileiro","datePublished":"2025-07-01T20:48:58+00:00","dateModified":"2025-07-05T01:02:39+00:00","mainEntityOfPage":{"@id":"https:\/\/compartilhabahia.com.br\/index.php\/2025\/07\/01\/byd-apresenta-seu-primeiro-carro-100-eletrico-brasileiro\/"},"wordCount":1548,"commentCount":0,"publisher":{"@id":"https:\/\/compartilhabahia.com.br\/#organization"},"articleSection":["Cama\u00e7ari"],"inLanguage":"pt-BR","potentialAction":[{"@type":"CommentAction","name":"Comment","target":["https:\/\/compartilhabahia.com.br\/index.php\/2025\/07\/01\/byd-apresenta-seu-primeiro-carro-100-eletrico-brasileiro\/#respond"]}]},{"@type":"WebPage","@id":"https:\/\/compartilhabahia.com.br\/index.php\/2025\/07\/01\/byd-apresenta-seu-primeiro-carro-100-eletrico-brasileiro\/","url":"https:\/\/compartilhabahia.com.br\/index.php\/2025\/07\/01\/byd-apresenta-seu-primeiro-carro-100-eletrico-brasileiro\/","name":"BYD apresenta seu primeiro carro 100% el\u00e9trico brasileiro - Compartilha Bahia","isPartOf":{"@id":"https:\/\/compartilhabahia.com.br\/#website"},"datePublished":"2025-07-01T20:48:58+00:00","dateModified":"2025-07-05T01:02:39+00:00","breadcrumb":{"@id":"https:\/\/compartilhabahia.com.br\/index.php\/2025\/07\/01\/byd-apresenta-seu-primeiro-carro-100-eletrico-brasileiro\/#breadcrumb"},"inLanguage":"pt-BR","potentialAction":[{"@type":"ReadAction","target":["https:\/\/compartilhabahia.com.br\/index.php\/2025\/07\/01\/byd-apresenta-seu-primeiro-carro-100-eletrico-brasileiro\/"]}]},{"@type":"BreadcrumbList","@id":"https:\/\/compartilhabahia.com.br\/index.php\/2025\/07\/01\/byd-apresenta-seu-primeiro-carro-100-eletrico-brasileiro\/#breadcrumb","itemListElement":[{"@type":"ListItem","position":1,"name":"In\u00edcio","item":"https:\/\/compartilhabahia.com.br\/"},{"@type":"ListItem","position":2,"name":"BYD apresenta seu primeiro carro 100% el\u00e9trico brasileiro"}]},{"@type":"WebSite","@id":"https:\/\/compartilhabahia.com.br\/#website","url":"https:\/\/compartilhabahia.com.br\/","name":"Compartilha Bahia","description":"","publisher":{"@id":"https:\/\/compartilhabahia.com.br\/#organization"},"potentialAction":[{"@type":"SearchAction","target":{"@type":"EntryPoint","urlTemplate":"https:\/\/compartilhabahia.com.br\/?s={search_term_string}"},"query-input":"required name=search_term_string"}],"inLanguage":"pt-BR"},{"@type":"Organization","@id":"https:\/\/compartilhabahia.com.br\/#organization","name":"Compartilha Bahia","url":"https:\/\/compartilhabahia.com.br\/","logo":{"@type":"ImageObject","inLanguage":"pt-BR","@id":"https:\/\/compartilhabahia.com.br\/#\/schema\/logo\/image\/","url":"https:\/\/compartilhabahia.com.br\/wp-content\/uploads\/2023\/12\/cropped-logo.png","contentUrl":"https:\/\/compartilhabahia.com.br\/wp-content\/uploads\/2023\/12\/cropped-logo.png","width":300,"height":106,"caption":"Compartilha Bahia"},"image":{"@id":"https:\/\/compartilhabahia.com.br\/#\/schema\/logo\/image\/"},"sameAs":["https:\/\/web.facebook.com\/compartilhabahia","https:\/\/www.instagram.com\/compartilhabahia\/"]},{"@type":"Person","@id":"https:\/\/compartilhabahia.com.br\/#\/schema\/person\/9b4f0c3178793b8248d6686732521c04","name":"admin","image":{"@type":"ImageObject","inLanguage":"pt-BR","@id":"https:\/\/compartilhabahia.com.br\/#\/schema\/person\/image\/","url":"https:\/\/secure.gravatar.com\/avatar\/9600df58751c5acbe914c538c03390ef649ea088cb65f84ba09c7ce66988eed6?s=96&d=mm&r=g","contentUrl":"https:\/\/secure.gravatar.com\/avatar\/9600df58751c5acbe914c538c03390ef649ea088cb65f84ba09c7ce66988eed6?s=96&d=mm&r=g","caption":"admin"},"sameAs":["https:\/\/compartilhabahia.com.br"],"url":"https:\/\/compartilhabahia.com.br\/index.php\/author\/compartilhabahia\/"}]}},"_links":{"self":[{"href":"https:\/\/compartilhabahia.com.br\/index.php\/wp-json\/wp\/v2\/posts\/7074","targetHints":{"allow":["GET"]}}],"collection":[{"href":"https:\/\/compartilhabahia.com.br\/index.php\/wp-json\/wp\/v2\/posts"}],"about":[{"href":"https:\/\/compartilhabahia.com.br\/index.php\/wp-json\/wp\/v2\/types\/post"}],"author":[{"embeddable":true,"href":"https:\/\/compartilhabahia.com.br\/index.php\/wp-json\/wp\/v2\/users\/1"}],"replies":[{"embeddable":true,"href":"https:\/\/compartilhabahia.com.br\/index.php\/wp-json\/wp\/v2\/comments?post=7074"}],"version-history":[{"count":1,"href":"https:\/\/compartilhabahia.com.br\/index.php\/wp-json\/wp\/v2\/posts\/7074\/revisions"}],"predecessor-version":[{"id":7079,"href":"https:\/\/compartilhabahia.com.br\/index.php\/wp-json\/wp\/v2\/posts\/7074\/revisions\/7079"}],"wp:featuredmedia":[{"embeddable":true,"href":"https:\/\/compartilhabahia.com.br\/index.php\/wp-json\/wp\/v2\/media\/7075"}],"wp:attachment":[{"href":"https:\/\/compartilhabahia.com.br\/index.php\/wp-json\/wp\/v2\/media?parent=7074"}],"wp:term":[{"taxonomy":"category","embeddable":true,"href":"https:\/\/compartilhabahia.com.br\/index.php\/wp-json\/wp\/v2\/categories?post=7074"},{"taxonomy":"post_tag","embeddable":true,"href":"https:\/\/compartilhabahia.com.br\/index.php\/wp-json\/wp\/v2\/tags?post=7074"}],"curies":[{"name":"wp","href":"https:\/\/api.w.org\/{rel}","templated":true}]}}