{"id":7067,"date":"2025-07-01T17:29:14","date_gmt":"2025-07-01T20:29:14","guid":{"rendered":"https:\/\/compartilhabahia.com.br\/?p=7067"},"modified":"2025-07-01T17:29:16","modified_gmt":"2025-07-01T20:29:16","slug":"na-fabrica-de-camacari-byd-apresenta-primeiro-veiculo-fabricado-no-brasil","status":"publish","type":"post","link":"https:\/\/compartilhabahia.com.br\/index.php\/2025\/07\/01\/na-fabrica-de-camacari-byd-apresenta-primeiro-veiculo-fabricado-no-brasil\/","title":{"rendered":"Na f\u00e1brica de Cama\u00e7ari, BYD apresenta primeiro ve\u00edculo fabricado no Brasil"},"content":{"rendered":"\n<p>Cama\u00e7ari inicia o m\u00eas de julho dando um passo decisivo para o fortalecimento da ind\u00fastria nacional e \u00e0 constru\u00e7\u00e3o de um futuro de mobilidade mais sustent\u00e1vel, acess\u00edvel e conectada com a tecnologia. Nesta perspectiva, a montadora chinesa Build Your Dreams (BYD) apresentou o primeiro ve\u00edculo fabricado no Brasil. A cerim\u00f4nia, que se caracteriza como um marco hist\u00f3rico para a consolida\u00e7\u00e3o do pa\u00eds como protagonista de transi\u00e7\u00e3o para a mobilidade el\u00e9trica, ocorreu nesta ter\u00e7a-feira (1\u00b0), nas instala\u00e7\u00f5es da primeira unidade da f\u00e1brica na Bahia, localizada no Polo Industrial de Cama\u00e7ari. Durante o evento, que coloca o munic\u00edpio nos holofotes mundiais, foi apresentado o ve\u00edculo BYD Dolphin Mini, que j\u00e1 ultrapassou a marca de 1 milh\u00e3o de unidades produzidas e foi eleito o Carro Urbano do Ano de 2025 pelo World Car Awards.<\/p>\n\n\n\n<p>A BYD tamb\u00e9m apresentou o Song Pro, primeiro super h\u00edbrido brasileiro da marca. J\u00e1 a produ\u00e7\u00e3o dos primeiros tr\u00eas modelos nacionais, BYD Dolphin Mini, Song Pro (GL\/GS) e King (GL\/GS), come\u00e7a nas pr\u00f3ximas semanas.<\/p>\n\n\n\n<p>O prefeito Luiz Caetano afirmou que Cama\u00e7ari est\u00e1 vivendo uma nova fase, voltada ao progresso, \u00e0 criatividade e \u00e0 sustentabilidade. \u201cNesse complexo, o maior empreendimento da Am\u00e9rica Latina, fora da China, e o mais avan\u00e7ado, vai conectar nossa gente com as inova\u00e7\u00f5es tecnol\u00f3gicas, comprometidas com a pr\u00e1tica dos territ\u00f3rios e a sustentabilidade. \u00c9 aqui, em Cama\u00e7ari, que come\u00e7amos a fazer uma reconstru\u00e7\u00e3o na ind\u00fastria do nosso pa\u00eds. Ap\u00f3s a triste sa\u00edda da Ford, vivemos hoje um novo momento, que vai captar cinco vezes mais a produ\u00e7\u00e3o que era feita anteriormente pela empresa antiga. Cama\u00e7ari est\u00e1 conectado com a BYD, com a Bahia, com o Brasil, e com o mundo\u201d, declarou o gestor municipal.<\/p>\n\n\n\n<p>\u201cUm Polo Industrial pungente e reestruturado\u201d. Foi assim que o governador Jer\u00f4nimo Rodrigues definiu a chegada da BYD em Cama\u00e7ari. \u201cNesse dia especial, estamos respondendo, com todo respeito e carinho, que a Bahia e o Brasil t\u00eam potencial. Cama\u00e7ari est\u00e1 pronta, e a Bahia est\u00e1 preparada para tudo que h\u00e1 de melhor, para fazermos uma boa parceria. Daqui a pouco, vamos estar, tamb\u00e9m, atuando com o hidrog\u00eanio verde e esses autom\u00f3veis ser\u00e3o abastecidos do jeito que voc\u00eas gostam, de maneira c\u00e9lere. Al\u00e9m da infraestrutura, da m\u00e3o de obra qualificada, boa parte em parceria com o Senai, n\u00f3s tamb\u00e9m estamos nos preparando para produzir energia\u201d, pontuou.<\/p>\n\n\n\n<p>A Chief Executive Officer (CEO) da BYD Am\u00e9ricas, Stella Li, afirmou que mais que uma empresa de carros, a BYD \u00e9 um complexo de tecnologia. \u201cSomos uma for\u00e7a global, nossos n\u00fameros j\u00e1 falam por si. Somos l\u00edderes mundiais em ve\u00edculos el\u00e9tricos. A BYD est\u00e1 sendo a estrela acima da competi\u00e7\u00e3o e nossa miss\u00e3o \u00e9 fazer com que essa tecnologia seja acess\u00edvel para o maior n\u00famero de pessoas. Lutamos pela redu\u00e7\u00e3o de 50% da intensidade de carbono at\u00e9 2030, chegando ao patamar de neutro at\u00e9 2035. Cama\u00e7ari, agora, faz parte dessa miss\u00e3o. Estamos fazendo com que o Estado da Bahia seja o Vale do Sil\u00edcio da Am\u00e9rica Latina\u201d, ressaltou.<\/p>\n\n\n\n<p>O vice-presidente s\u00eanior da BYD Brasil, Alexandre Baldy, enfatizou que a unidade fabril de Cama\u00e7ari veio para gerar empregos, formar e transformar, al\u00e9m de fomentar toda a cadeia produtiva do pa\u00eds. \u201cEsse \u00e9 o primeiro pr\u00e9dio de um complexo que vai modificar o setor automotivo em todo o nosso continente. S\u00e3o quase 160 mil metros quadrados aqui, nesse pr\u00e9dio. Uma estrutura que representa n\u00e3o s\u00f3 o territ\u00f3rio de uma m\u00e3o, mas principalmente a confian\u00e7a e tamb\u00e9m o potencial dos brasileiros. Eu quero dizer que a grande ind\u00fastria est\u00e1 aqui, agora. Apresentamos em Cama\u00e7ari o primeiro BYD brasileiro, feito por brasileiros. Com isso, posso afirmar que iremos devolver a autoestima e o desenvolvimento que Cama\u00e7ari merece\u201d, finalizou.<\/p>\n\n\n\n<p>Alinhando inova\u00e7\u00e3o e empreendedorismo, os convidados tamb\u00e9m puderam visualizar, na pr\u00e1tica, a atua\u00e7\u00e3o do sistema Vtol, que permite ao ve\u00edculo BYD se tornar fonte de energia para outros dispositivos, como as m\u00e1quinas de pipoca e algod\u00e3o-doce, que estavam presentes no evento de apresenta\u00e7\u00e3o desta ter\u00e7a-feira. Atuando na produ\u00e7\u00e3o de algod\u00e3o-doce ao longo do evento, D\u00e9bora Reis, 21 anos, falou sobre a experi\u00eancia. \u201cFico extremamente feliz em fazer parte desse dia hist\u00f3rico, vou lembrar sempre. Para o meu curr\u00edculo, vai contar muito. Estamos falando de investimento, de desenvolvimento, e de esperan\u00e7a em dias melhores\u201d, revelou.<\/p>\n\n\n\n<p>Ao longo do evento, ainda, foi anunciada a qualifica\u00e7\u00e3o de 106 empresas instaladas no Brasil para fornecer pe\u00e7as para a f\u00e1brica na Bahia, sendo a Continental Pneus de Cama\u00e7ari, vizinha da f\u00e1brica chinesa, a primeira companhia oficialmente homologada.<\/p>\n\n\n\n<p>Atualmente, a BYD Cama\u00e7ari concentra cerca de 1.000 funcion\u00e1rios. A expectativa \u00e9 de que, at\u00e9 o final do ano, o quadro seja formado por 3.000 profissionais, sempre mantendo a prioridade pela m\u00e3o de obra local. Quanto \u00e0 produ\u00e7\u00e3o, a f\u00e1brica come\u00e7a com capacidade anual de 150 mil ve\u00edculos, com expans\u00e3o planejada para 300 mil na segunda fase.<\/p>\n\n\n\n<p>A pedra fundamental da BYD foi lan\u00e7ada em 9 de outubro de 2023, onde antes estava situada as antigas instala\u00e7\u00f5es da Ford, e as obras foram iniciadas em mar\u00e7o de 2024. A BYD est\u00e1 investindo cerca de R$ 5,5 bilh\u00f5es no complexo de Cama\u00e7ari, uma megaestrutura que ocupa 4,6 milh\u00f5es de metros quadrados, equivalente a 645 campos de futebol.<\/p>\n\n\n\n<p>Fotos: Juliano Sarraf<\/p>\n\n\n\n<figure class=\"wp-block-image size-large\"><img loading=\"lazy\" decoding=\"async\" width=\"1024\" height=\"682\" src=\"https:\/\/compartilhabahia.com.br\/wp-content\/uploads\/2025\/07\/WhatsApp-Image-2025-07-01-at-16.51.07-1-1024x682.jpeg\" alt=\"\" class=\"wp-image-7069\" srcset=\"https:\/\/compartilhabahia.com.br\/wp-content\/uploads\/2025\/07\/WhatsApp-Image-2025-07-01-at-16.51.07-1-1024x682.jpeg 1024w, https:\/\/compartilhabahia.com.br\/wp-content\/uploads\/2025\/07\/WhatsApp-Image-2025-07-01-at-16.51.07-1-300x200.jpeg 300w, https:\/\/compartilhabahia.com.br\/wp-content\/uploads\/2025\/07\/WhatsApp-Image-2025-07-01-at-16.51.07-1-768x512.jpeg 768w, https:\/\/compartilhabahia.com.br\/wp-content\/uploads\/2025\/07\/WhatsApp-Image-2025-07-01-at-16.51.07-1-1200x800.jpeg 1200w, https:\/\/compartilhabahia.com.br\/wp-content\/uploads\/2025\/07\/WhatsApp-Image-2025-07-01-at-16.51.07-1.jpeg 1280w\" sizes=\"auto, (max-width: 1024px) 100vw, 1024px\" \/><\/figure>\n\n\n\n<figure class=\"wp-block-image size-large\"><img loading=\"lazy\" decoding=\"async\" width=\"1024\" height=\"682\" src=\"https:\/\/compartilhabahia.com.br\/wp-content\/uploads\/2025\/07\/WhatsApp-Image-2025-07-01-at-16.51.10-2-1024x682.jpeg\" alt=\"\" class=\"wp-image-7070\" srcset=\"https:\/\/compartilhabahia.com.br\/wp-content\/uploads\/2025\/07\/WhatsApp-Image-2025-07-01-at-16.51.10-2-1024x682.jpeg 1024w, https:\/\/compartilhabahia.com.br\/wp-content\/uploads\/2025\/07\/WhatsApp-Image-2025-07-01-at-16.51.10-2-300x200.jpeg 300w, https:\/\/compartilhabahia.com.br\/wp-content\/uploads\/2025\/07\/WhatsApp-Image-2025-07-01-at-16.51.10-2-768x512.jpeg 768w, https:\/\/compartilhabahia.com.br\/wp-content\/uploads\/2025\/07\/WhatsApp-Image-2025-07-01-at-16.51.10-2-1200x800.jpeg 1200w, https:\/\/compartilhabahia.com.br\/wp-content\/uploads\/2025\/07\/WhatsApp-Image-2025-07-01-at-16.51.10-2.jpeg 1280w\" sizes=\"auto, (max-width: 1024px) 100vw, 1024px\" \/><\/figure>\n\n\n\n<figure class=\"wp-block-image size-large\"><img loading=\"lazy\" decoding=\"async\" width=\"1024\" height=\"682\" src=\"https:\/\/compartilhabahia.com.br\/wp-content\/uploads\/2025\/07\/WhatsApp-Image-2025-07-01-at-16.51.07-2-1024x682.jpeg\" alt=\"\" class=\"wp-image-7071\" srcset=\"https:\/\/compartilhabahia.com.br\/wp-content\/uploads\/2025\/07\/WhatsApp-Image-2025-07-01-at-16.51.07-2-1024x682.jpeg 1024w, https:\/\/compartilhabahia.com.br\/wp-content\/uploads\/2025\/07\/WhatsApp-Image-2025-07-01-at-16.51.07-2-300x200.jpeg 300w, https:\/\/compartilhabahia.com.br\/wp-content\/uploads\/2025\/07\/WhatsApp-Image-2025-07-01-at-16.51.07-2-768x512.jpeg 768w, https:\/\/compartilhabahia.com.br\/wp-content\/uploads\/2025\/07\/WhatsApp-Image-2025-07-01-at-16.51.07-2-1200x800.jpeg 1200w, https:\/\/compartilhabahia.com.br\/wp-content\/uploads\/2025\/07\/WhatsApp-Image-2025-07-01-at-16.51.07-2.jpeg 1280w\" sizes=\"auto, (max-width: 1024px) 100vw, 1024px\" \/><\/figure>\n\n\n\n<figure class=\"wp-block-image size-large\"><img loading=\"lazy\" decoding=\"async\" width=\"1024\" height=\"682\" src=\"https:\/\/compartilhabahia.com.br\/wp-content\/uploads\/2025\/07\/WhatsApp-Image-2025-07-01-at-16.51.06-2-1024x682.jpeg\" alt=\"\" class=\"wp-image-7072\" srcset=\"https:\/\/compartilhabahia.com.br\/wp-content\/uploads\/2025\/07\/WhatsApp-Image-2025-07-01-at-16.51.06-2-1024x682.jpeg 1024w, https:\/\/compartilhabahia.com.br\/wp-content\/uploads\/2025\/07\/WhatsApp-Image-2025-07-01-at-16.51.06-2-300x200.jpeg 300w, https:\/\/compartilhabahia.com.br\/wp-content\/uploads\/2025\/07\/WhatsApp-Image-2025-07-01-at-16.51.06-2-768x512.jpeg 768w, https:\/\/compartilhabahia.com.br\/wp-content\/uploads\/2025\/07\/WhatsApp-Image-2025-07-01-at-16.51.06-2-1200x800.jpeg 1200w, https:\/\/compartilhabahia.com.br\/wp-content\/uploads\/2025\/07\/WhatsApp-Image-2025-07-01-at-16.51.06-2.jpeg 1280w\" sizes=\"auto, (max-width: 1024px) 100vw, 1024px\" \/><\/figure>\n","protected":false},"excerpt":{"rendered":"<p>Cama\u00e7ari inicia o m\u00eas de julho dando um passo decisivo para o fortalecimento da ind\u00fastria nacional e \u00e0 constru\u00e7\u00e3o de um futuro de mobilidade mais sustent\u00e1vel, acess\u00edvel e conectada com a tecnologia. Nesta perspectiva, a montadora chinesa Build Your Dreams (BYD) apresentou o primeiro ve\u00edculo fabricado no Brasil. A cerim\u00f4nia, que se caracteriza como um [&hellip;]<\/p>\n","protected":false},"author":1,"featured_media":7068,"comment_status":"open","ping_status":"open","sticky":false,"template":"","format":"standard","meta":{"footnotes":""},"categories":[8],"tags":[],"class_list":["post-7067","post","type-post","status-publish","format-standard","has-post-thumbnail","hentry","category-camacari"],"yoast_head":"<!-- This site is optimized with the Yoast SEO plugin v21.7 - https:\/\/yoast.com\/wordpress\/plugins\/seo\/ -->\n<title>Na f\u00e1brica de Cama\u00e7ari, BYD apresenta primeiro ve\u00edculo fabricado no Brasil - Compartilha Bahia<\/title>\n<meta name=\"robots\" content=\"index, follow, max-snippet:-1, max-image-preview:large, max-video-preview:-1\" \/>\n<link rel=\"canonical\" href=\"https:\/\/compartilhabahia.com.br\/index.php\/2025\/07\/01\/na-fabrica-de-camacari-byd-apresenta-primeiro-veiculo-fabricado-no-brasil\/\" \/>\n<meta property=\"og:locale\" content=\"pt_BR\" \/>\n<meta property=\"og:type\" content=\"article\" \/>\n<meta property=\"og:title\" content=\"Na f\u00e1brica de Cama\u00e7ari, BYD apresenta primeiro ve\u00edculo fabricado no Brasil - Compartilha Bahia\" \/>\n<meta property=\"og:description\" content=\"Cama\u00e7ari inicia o m\u00eas de julho dando um passo decisivo para o fortalecimento da ind\u00fastria nacional e \u00e0 constru\u00e7\u00e3o de um futuro de mobilidade mais sustent\u00e1vel, acess\u00edvel e conectada com a tecnologia. Nesta perspectiva, a montadora chinesa Build Your Dreams (BYD) apresentou o primeiro ve\u00edculo fabricado no Brasil. A cerim\u00f4nia, que se caracteriza como um [&hellip;]\" \/>\n<meta property=\"og:url\" content=\"https:\/\/compartilhabahia.com.br\/index.php\/2025\/07\/01\/na-fabrica-de-camacari-byd-apresenta-primeiro-veiculo-fabricado-no-brasil\/\" \/>\n<meta property=\"og:site_name\" content=\"Compartilha Bahia\" \/>\n<meta property=\"article:publisher\" content=\"https:\/\/web.facebook.com\/compartilhabahia\" \/>\n<meta property=\"article:published_time\" content=\"2025-07-01T20:29:14+00:00\" \/>\n<meta property=\"article:modified_time\" content=\"2025-07-01T20:29:16+00:00\" \/>\n<meta property=\"og:image\" content=\"https:\/\/compartilhabahia.com.br\/wp-content\/uploads\/2025\/07\/bydapresentacao.jpg\" \/>\n\t<meta property=\"og:image:width\" content=\"896\" \/>\n\t<meta property=\"og:image:height\" content=\"598\" \/>\n\t<meta property=\"og:image:type\" content=\"image\/jpeg\" \/>\n<meta name=\"author\" content=\"admin\" \/>\n<meta name=\"twitter:card\" content=\"summary_large_image\" \/>\n<meta name=\"twitter:label1\" content=\"Escrito por\" \/>\n\t<meta name=\"twitter:data1\" content=\"admin\" \/>\n\t<meta name=\"twitter:label2\" content=\"Est. tempo de leitura\" \/>\n\t<meta name=\"twitter:data2\" content=\"6 minutos\" \/>\n<script type=\"application\/ld+json\" class=\"yoast-schema-graph\">{\"@context\":\"https:\/\/schema.org\",\"@graph\":[{\"@type\":\"Article\",\"@id\":\"https:\/\/compartilhabahia.com.br\/index.php\/2025\/07\/01\/na-fabrica-de-camacari-byd-apresenta-primeiro-veiculo-fabricado-no-brasil\/#article\",\"isPartOf\":{\"@id\":\"https:\/\/compartilhabahia.com.br\/index.php\/2025\/07\/01\/na-fabrica-de-camacari-byd-apresenta-primeiro-veiculo-fabricado-no-brasil\/\"},\"author\":{\"name\":\"admin\",\"@id\":\"https:\/\/compartilhabahia.com.br\/#\/schema\/person\/9b4f0c3178793b8248d6686732521c04\"},\"headline\":\"Na f\u00e1brica de Cama\u00e7ari, BYD apresenta primeiro ve\u00edculo fabricado no Brasil\",\"datePublished\":\"2025-07-01T20:29:14+00:00\",\"dateModified\":\"2025-07-01T20:29:16+00:00\",\"mainEntityOfPage\":{\"@id\":\"https:\/\/compartilhabahia.com.br\/index.php\/2025\/07\/01\/na-fabrica-de-camacari-byd-apresenta-primeiro-veiculo-fabricado-no-brasil\/\"},\"wordCount\":967,\"commentCount\":0,\"publisher\":{\"@id\":\"https:\/\/compartilhabahia.com.br\/#organization\"},\"articleSection\":[\"Cama\u00e7ari\"],\"inLanguage\":\"pt-BR\",\"potentialAction\":[{\"@type\":\"CommentAction\",\"name\":\"Comment\",\"target\":[\"https:\/\/compartilhabahia.com.br\/index.php\/2025\/07\/01\/na-fabrica-de-camacari-byd-apresenta-primeiro-veiculo-fabricado-no-brasil\/#respond\"]}]},{\"@type\":\"WebPage\",\"@id\":\"https:\/\/compartilhabahia.com.br\/index.php\/2025\/07\/01\/na-fabrica-de-camacari-byd-apresenta-primeiro-veiculo-fabricado-no-brasil\/\",\"url\":\"https:\/\/compartilhabahia.com.br\/index.php\/2025\/07\/01\/na-fabrica-de-camacari-byd-apresenta-primeiro-veiculo-fabricado-no-brasil\/\",\"name\":\"Na f\u00e1brica de Cama\u00e7ari, BYD apresenta primeiro ve\u00edculo fabricado no Brasil - Compartilha Bahia\",\"isPartOf\":{\"@id\":\"https:\/\/compartilhabahia.com.br\/#website\"},\"datePublished\":\"2025-07-01T20:29:14+00:00\",\"dateModified\":\"2025-07-01T20:29:16+00:00\",\"breadcrumb\":{\"@id\":\"https:\/\/compartilhabahia.com.br\/index.php\/2025\/07\/01\/na-fabrica-de-camacari-byd-apresenta-primeiro-veiculo-fabricado-no-brasil\/#breadcrumb\"},\"inLanguage\":\"pt-BR\",\"potentialAction\":[{\"@type\":\"ReadAction\",\"target\":[\"https:\/\/compartilhabahia.com.br\/index.php\/2025\/07\/01\/na-fabrica-de-camacari-byd-apresenta-primeiro-veiculo-fabricado-no-brasil\/\"]}]},{\"@type\":\"BreadcrumbList\",\"@id\":\"https:\/\/compartilhabahia.com.br\/index.php\/2025\/07\/01\/na-fabrica-de-camacari-byd-apresenta-primeiro-veiculo-fabricado-no-brasil\/#breadcrumb\",\"itemListElement\":[{\"@type\":\"ListItem\",\"position\":1,\"name\":\"In\u00edcio\",\"item\":\"https:\/\/compartilhabahia.com.br\/\"},{\"@type\":\"ListItem\",\"position\":2,\"name\":\"Na f\u00e1brica de Cama\u00e7ari, BYD apresenta primeiro ve\u00edculo fabricado no Brasil\"}]},{\"@type\":\"WebSite\",\"@id\":\"https:\/\/compartilhabahia.com.br\/#website\",\"url\":\"https:\/\/compartilhabahia.com.br\/\",\"name\":\"Compartilha Bahia\",\"description\":\"\",\"publisher\":{\"@id\":\"https:\/\/compartilhabahia.com.br\/#organization\"},\"potentialAction\":[{\"@type\":\"SearchAction\",\"target\":{\"@type\":\"EntryPoint\",\"urlTemplate\":\"https:\/\/compartilhabahia.com.br\/?s={search_term_string}\"},\"query-input\":\"required name=search_term_string\"}],\"inLanguage\":\"pt-BR\"},{\"@type\":\"Organization\",\"@id\":\"https:\/\/compartilhabahia.com.br\/#organization\",\"name\":\"Compartilha Bahia\",\"url\":\"https:\/\/compartilhabahia.com.br\/\",\"logo\":{\"@type\":\"ImageObject\",\"inLanguage\":\"pt-BR\",\"@id\":\"https:\/\/compartilhabahia.com.br\/#\/schema\/logo\/image\/\",\"url\":\"https:\/\/compartilhabahia.com.br\/wp-content\/uploads\/2023\/12\/cropped-logo.png\",\"contentUrl\":\"https:\/\/compartilhabahia.com.br\/wp-content\/uploads\/2023\/12\/cropped-logo.png\",\"width\":300,\"height\":106,\"caption\":\"Compartilha Bahia\"},\"image\":{\"@id\":\"https:\/\/compartilhabahia.com.br\/#\/schema\/logo\/image\/\"},\"sameAs\":[\"https:\/\/web.facebook.com\/compartilhabahia\",\"https:\/\/www.instagram.com\/compartilhabahia\/\"]},{\"@type\":\"Person\",\"@id\":\"https:\/\/compartilhabahia.com.br\/#\/schema\/person\/9b4f0c3178793b8248d6686732521c04\",\"name\":\"admin\",\"image\":{\"@type\":\"ImageObject\",\"inLanguage\":\"pt-BR\",\"@id\":\"https:\/\/compartilhabahia.com.br\/#\/schema\/person\/image\/\",\"url\":\"https:\/\/secure.gravatar.com\/avatar\/9600df58751c5acbe914c538c03390ef649ea088cb65f84ba09c7ce66988eed6?s=96&d=mm&r=g\",\"contentUrl\":\"https:\/\/secure.gravatar.com\/avatar\/9600df58751c5acbe914c538c03390ef649ea088cb65f84ba09c7ce66988eed6?s=96&d=mm&r=g\",\"caption\":\"admin\"},\"sameAs\":[\"https:\/\/compartilhabahia.com.br\"],\"url\":\"https:\/\/compartilhabahia.com.br\/index.php\/author\/compartilhabahia\/\"}]}<\/script>\n<!-- \/ Yoast SEO plugin. -->","yoast_head_json":{"title":"Na f\u00e1brica de Cama\u00e7ari, BYD apresenta primeiro ve\u00edculo fabricado no Brasil - Compartilha Bahia","robots":{"index":"index","follow":"follow","max-snippet":"max-snippet:-1","max-image-preview":"max-image-preview:large","max-video-preview":"max-video-preview:-1"},"canonical":"https:\/\/compartilhabahia.com.br\/index.php\/2025\/07\/01\/na-fabrica-de-camacari-byd-apresenta-primeiro-veiculo-fabricado-no-brasil\/","og_locale":"pt_BR","og_type":"article","og_title":"Na f\u00e1brica de Cama\u00e7ari, BYD apresenta primeiro ve\u00edculo fabricado no Brasil - Compartilha Bahia","og_description":"Cama\u00e7ari inicia o m\u00eas de julho dando um passo decisivo para o fortalecimento da ind\u00fastria nacional e \u00e0 constru\u00e7\u00e3o de um futuro de mobilidade mais sustent\u00e1vel, acess\u00edvel e conectada com a tecnologia. Nesta perspectiva, a montadora chinesa Build Your Dreams (BYD) apresentou o primeiro ve\u00edculo fabricado no Brasil. A cerim\u00f4nia, que se caracteriza como um [&hellip;]","og_url":"https:\/\/compartilhabahia.com.br\/index.php\/2025\/07\/01\/na-fabrica-de-camacari-byd-apresenta-primeiro-veiculo-fabricado-no-brasil\/","og_site_name":"Compartilha Bahia","article_publisher":"https:\/\/web.facebook.com\/compartilhabahia","article_published_time":"2025-07-01T20:29:14+00:00","article_modified_time":"2025-07-01T20:29:16+00:00","og_image":[{"width":896,"height":598,"url":"https:\/\/compartilhabahia.com.br\/wp-content\/uploads\/2025\/07\/bydapresentacao.jpg","type":"image\/jpeg"}],"author":"admin","twitter_card":"summary_large_image","twitter_misc":{"Escrito por":"admin","Est. tempo de leitura":"6 minutos"},"schema":{"@context":"https:\/\/schema.org","@graph":[{"@type":"Article","@id":"https:\/\/compartilhabahia.com.br\/index.php\/2025\/07\/01\/na-fabrica-de-camacari-byd-apresenta-primeiro-veiculo-fabricado-no-brasil\/#article","isPartOf":{"@id":"https:\/\/compartilhabahia.com.br\/index.php\/2025\/07\/01\/na-fabrica-de-camacari-byd-apresenta-primeiro-veiculo-fabricado-no-brasil\/"},"author":{"name":"admin","@id":"https:\/\/compartilhabahia.com.br\/#\/schema\/person\/9b4f0c3178793b8248d6686732521c04"},"headline":"Na f\u00e1brica de Cama\u00e7ari, BYD apresenta primeiro ve\u00edculo fabricado no Brasil","datePublished":"2025-07-01T20:29:14+00:00","dateModified":"2025-07-01T20:29:16+00:00","mainEntityOfPage":{"@id":"https:\/\/compartilhabahia.com.br\/index.php\/2025\/07\/01\/na-fabrica-de-camacari-byd-apresenta-primeiro-veiculo-fabricado-no-brasil\/"},"wordCount":967,"commentCount":0,"publisher":{"@id":"https:\/\/compartilhabahia.com.br\/#organization"},"articleSection":["Cama\u00e7ari"],"inLanguage":"pt-BR","potentialAction":[{"@type":"CommentAction","name":"Comment","target":["https:\/\/compartilhabahia.com.br\/index.php\/2025\/07\/01\/na-fabrica-de-camacari-byd-apresenta-primeiro-veiculo-fabricado-no-brasil\/#respond"]}]},{"@type":"WebPage","@id":"https:\/\/compartilhabahia.com.br\/index.php\/2025\/07\/01\/na-fabrica-de-camacari-byd-apresenta-primeiro-veiculo-fabricado-no-brasil\/","url":"https:\/\/compartilhabahia.com.br\/index.php\/2025\/07\/01\/na-fabrica-de-camacari-byd-apresenta-primeiro-veiculo-fabricado-no-brasil\/","name":"Na f\u00e1brica de Cama\u00e7ari, BYD apresenta primeiro ve\u00edculo fabricado no Brasil - Compartilha Bahia","isPartOf":{"@id":"https:\/\/compartilhabahia.com.br\/#website"},"datePublished":"2025-07-01T20:29:14+00:00","dateModified":"2025-07-01T20:29:16+00:00","breadcrumb":{"@id":"https:\/\/compartilhabahia.com.br\/index.php\/2025\/07\/01\/na-fabrica-de-camacari-byd-apresenta-primeiro-veiculo-fabricado-no-brasil\/#breadcrumb"},"inLanguage":"pt-BR","potentialAction":[{"@type":"ReadAction","target":["https:\/\/compartilhabahia.com.br\/index.php\/2025\/07\/01\/na-fabrica-de-camacari-byd-apresenta-primeiro-veiculo-fabricado-no-brasil\/"]}]},{"@type":"BreadcrumbList","@id":"https:\/\/compartilhabahia.com.br\/index.php\/2025\/07\/01\/na-fabrica-de-camacari-byd-apresenta-primeiro-veiculo-fabricado-no-brasil\/#breadcrumb","itemListElement":[{"@type":"ListItem","position":1,"name":"In\u00edcio","item":"https:\/\/compartilhabahia.com.br\/"},{"@type":"ListItem","position":2,"name":"Na f\u00e1brica de Cama\u00e7ari, BYD apresenta primeiro ve\u00edculo fabricado no Brasil"}]},{"@type":"WebSite","@id":"https:\/\/compartilhabahia.com.br\/#website","url":"https:\/\/compartilhabahia.com.br\/","name":"Compartilha Bahia","description":"","publisher":{"@id":"https:\/\/compartilhabahia.com.br\/#organization"},"potentialAction":[{"@type":"SearchAction","target":{"@type":"EntryPoint","urlTemplate":"https:\/\/compartilhabahia.com.br\/?s={search_term_string}"},"query-input":"required name=search_term_string"}],"inLanguage":"pt-BR"},{"@type":"Organization","@id":"https:\/\/compartilhabahia.com.br\/#organization","name":"Compartilha Bahia","url":"https:\/\/compartilhabahia.com.br\/","logo":{"@type":"ImageObject","inLanguage":"pt-BR","@id":"https:\/\/compartilhabahia.com.br\/#\/schema\/logo\/image\/","url":"https:\/\/compartilhabahia.com.br\/wp-content\/uploads\/2023\/12\/cropped-logo.png","contentUrl":"https:\/\/compartilhabahia.com.br\/wp-content\/uploads\/2023\/12\/cropped-logo.png","width":300,"height":106,"caption":"Compartilha Bahia"},"image":{"@id":"https:\/\/compartilhabahia.com.br\/#\/schema\/logo\/image\/"},"sameAs":["https:\/\/web.facebook.com\/compartilhabahia","https:\/\/www.instagram.com\/compartilhabahia\/"]},{"@type":"Person","@id":"https:\/\/compartilhabahia.com.br\/#\/schema\/person\/9b4f0c3178793b8248d6686732521c04","name":"admin","image":{"@type":"ImageObject","inLanguage":"pt-BR","@id":"https:\/\/compartilhabahia.com.br\/#\/schema\/person\/image\/","url":"https:\/\/secure.gravatar.com\/avatar\/9600df58751c5acbe914c538c03390ef649ea088cb65f84ba09c7ce66988eed6?s=96&d=mm&r=g","contentUrl":"https:\/\/secure.gravatar.com\/avatar\/9600df58751c5acbe914c538c03390ef649ea088cb65f84ba09c7ce66988eed6?s=96&d=mm&r=g","caption":"admin"},"sameAs":["https:\/\/compartilhabahia.com.br"],"url":"https:\/\/compartilhabahia.com.br\/index.php\/author\/compartilhabahia\/"}]}},"_links":{"self":[{"href":"https:\/\/compartilhabahia.com.br\/index.php\/wp-json\/wp\/v2\/posts\/7067","targetHints":{"allow":["GET"]}}],"collection":[{"href":"https:\/\/compartilhabahia.com.br\/index.php\/wp-json\/wp\/v2\/posts"}],"about":[{"href":"https:\/\/compartilhabahia.com.br\/index.php\/wp-json\/wp\/v2\/types\/post"}],"author":[{"embeddable":true,"href":"https:\/\/compartilhabahia.com.br\/index.php\/wp-json\/wp\/v2\/users\/1"}],"replies":[{"embeddable":true,"href":"https:\/\/compartilhabahia.com.br\/index.php\/wp-json\/wp\/v2\/comments?post=7067"}],"version-history":[{"count":1,"href":"https:\/\/compartilhabahia.com.br\/index.php\/wp-json\/wp\/v2\/posts\/7067\/revisions"}],"predecessor-version":[{"id":7073,"href":"https:\/\/compartilhabahia.com.br\/index.php\/wp-json\/wp\/v2\/posts\/7067\/revisions\/7073"}],"wp:featuredmedia":[{"embeddable":true,"href":"https:\/\/compartilhabahia.com.br\/index.php\/wp-json\/wp\/v2\/media\/7068"}],"wp:attachment":[{"href":"https:\/\/compartilhabahia.com.br\/index.php\/wp-json\/wp\/v2\/media?parent=7067"}],"wp:term":[{"taxonomy":"category","embeddable":true,"href":"https:\/\/compartilhabahia.com.br\/index.php\/wp-json\/wp\/v2\/categories?post=7067"},{"taxonomy":"post_tag","embeddable":true,"href":"https:\/\/compartilhabahia.com.br\/index.php\/wp-json\/wp\/v2\/tags?post=7067"}],"curies":[{"name":"wp","href":"https:\/\/api.w.org\/{rel}","templated":true}]}}