{"id":7062,"date":"2025-07-01T17:22:49","date_gmt":"2025-07-01T20:22:49","guid":{"rendered":"https:\/\/compartilhabahia.com.br\/?p=7062"},"modified":"2025-07-01T17:22:51","modified_gmt":"2025-07-01T20:22:51","slug":"caetano-celebra-primeiro-carro-100-eletrico-brasileiro-da-byd-e-novo-ciclo-de-desenvolvimento-em-camacari","status":"publish","type":"post","link":"https:\/\/compartilhabahia.com.br\/index.php\/2025\/07\/01\/caetano-celebra-primeiro-carro-100-eletrico-brasileiro-da-byd-e-novo-ciclo-de-desenvolvimento-em-camacari\/","title":{"rendered":"Caetano celebra primeiro carro 100% el\u00e9trico brasileiro da BYD e novo ciclo de desenvolvimento em Cama\u00e7ari"},"content":{"rendered":"\n<p>A inaugura\u00e7\u00e3o da planta da montadora chinesa BYD, nesta ter\u00e7a-feira (1\u00ba), marca o in\u00edcio de um novo ciclo de desenvolvimento econ\u00f4mico e social em Cama\u00e7ari, com a gera\u00e7\u00e3o imediata de tr\u00eas mil empregos. O empreendimento tamb\u00e9m projeta alcan\u00e7ar 20 mil postos de trabalho nos pr\u00f3ximos anos, consolidando a cidade como um dos principais polos de inova\u00e7\u00e3o e produ\u00e7\u00e3o de ve\u00edculos eletrificados no pa\u00eds.<\/p>\n\n\n\n<p>O prefeito Luiz Caetano (PT) comemorou o impacto direto da f\u00e1brica na economia local. \u201cHoje, tr\u00eas mil fam\u00edlias t\u00eam novas oportunidades. Isso \u00e9 mais do que um n\u00famero: \u00e9 dignidade, renda e esperan\u00e7a. Estamos iniciando uma nova fase em Cama\u00e7ari, com progresso, criatividade e sustentabilidade como norte. A Prefeitura ser\u00e1 um agente ativo neste processo de transforma\u00e7\u00e3o, de desenvolvimento econ\u00f4mico e de bem-estar social\u201d, afirmou o prefeito.<\/p>\n\n\n\n<figure class=\"wp-block-image size-large\"><img loading=\"lazy\" decoding=\"async\" width=\"1024\" height=\"683\" src=\"https:\/\/compartilhabahia.com.br\/wp-content\/uploads\/2025\/07\/byd20-1024x683.jpg\" alt=\"\" class=\"wp-image-7065\" srcset=\"https:\/\/compartilhabahia.com.br\/wp-content\/uploads\/2025\/07\/byd20-1024x683.jpg 1024w, https:\/\/compartilhabahia.com.br\/wp-content\/uploads\/2025\/07\/byd20-300x200.jpg 300w, https:\/\/compartilhabahia.com.br\/wp-content\/uploads\/2025\/07\/byd20-768x512.jpg 768w, https:\/\/compartilhabahia.com.br\/wp-content\/uploads\/2025\/07\/byd20.jpg 1200w\" sizes=\"auto, (max-width: 1024px) 100vw, 1024px\" \/><\/figure>\n\n\n\n<p>A unidade, que ter\u00e1 capacidade inicial para produzir 150 mil ve\u00edculos por ano, poder\u00e1 dobrar esse n\u00famero at\u00e9 2026, alcan\u00e7ando 300 mil unidades. Trata-se do maior projeto da BYD fora da China, resultado de uma articula\u00e7\u00e3o entre a gest\u00e3o municipal e os governos estadual e federal.<\/p>\n\n\n\n<p>\u201cCama\u00e7ari ser\u00e1 refer\u00eancia para o Brasil e para o mundo com a BYD. Este polo industrial mais uma vez coloca nosso munic\u00edpio na vanguarda da inova\u00e7\u00e3o tecnol\u00f3gica, da economia verde e do bem-estar social. N\u00e3o estamos falando apenas de futuro, mas de um presente de oportunidades reais para nossa gente\u201d, ressaltou Caetano.<\/p>\n\n\n\n<p>O antigo polo petroqu\u00edmico, com \u00e1rea de 330 mil m\u00b2, ser\u00e1 transformado em um hub verde, equipado com usinas solares, sistemas inteligentes de reaproveitamento h\u00eddrico e solu\u00e7\u00f5es de log\u00edstica sustent\u00e1vel. Caetano tamb\u00e9m ressaltou que a gest\u00e3o municipal articula a cria\u00e7\u00e3o de um centro de inova\u00e7\u00e3o em baterias de alta densidade, em parceria com institutos federais e ag\u00eancias de fomento.<\/p>\n\n\n\n<p>\u201cEstamos comprometidos em consolidar Cama\u00e7ari como um centro industrial conectado \u00e0s inova\u00e7\u00f5es tecnol\u00f3gicas e pautado na sustentabilidade. Este \u00e9 um momento hist\u00f3rico para a nossa cidade\u201d, concluiu o prefeito.<\/p>\n\n\n\n<figure class=\"wp-block-image size-large\"><img loading=\"lazy\" decoding=\"async\" width=\"682\" height=\"1024\" src=\"https:\/\/compartilhabahia.com.br\/wp-content\/uploads\/2025\/07\/caetanocarrobyd-682x1024.jpg\" alt=\"\" class=\"wp-image-7064\" srcset=\"https:\/\/compartilhabahia.com.br\/wp-content\/uploads\/2025\/07\/caetanocarrobyd-682x1024.jpg 682w, https:\/\/compartilhabahia.com.br\/wp-content\/uploads\/2025\/07\/caetanocarrobyd-200x300.jpg 200w, https:\/\/compartilhabahia.com.br\/wp-content\/uploads\/2025\/07\/caetanocarrobyd-768x1152.jpg 768w, https:\/\/compartilhabahia.com.br\/wp-content\/uploads\/2025\/07\/caetanocarrobyd-600x900.jpg 600w, https:\/\/compartilhabahia.com.br\/wp-content\/uploads\/2025\/07\/caetanocarrobyd.jpg 853w\" sizes=\"auto, (max-width: 682px) 100vw, 682px\" \/><\/figure>\n\n\n\n<p><\/p>\n","protected":false},"excerpt":{"rendered":"<p>A inaugura\u00e7\u00e3o da planta da montadora chinesa BYD, nesta ter\u00e7a-feira (1\u00ba), marca o in\u00edcio de um novo ciclo de desenvolvimento econ\u00f4mico e social em Cama\u00e7ari, com a gera\u00e7\u00e3o imediata de tr\u00eas mil empregos. O empreendimento tamb\u00e9m projeta alcan\u00e7ar 20 mil postos de trabalho nos pr\u00f3ximos anos, consolidando a cidade como um dos principais polos de [&hellip;]<\/p>\n","protected":false},"author":1,"featured_media":7063,"comment_status":"open","ping_status":"open","sticky":false,"template":"","format":"standard","meta":{"footnotes":""},"categories":[8],"tags":[],"class_list":["post-7062","post","type-post","status-publish","format-standard","has-post-thumbnail","hentry","category-camacari"],"yoast_head":"<!-- This site is optimized with the Yoast SEO plugin v21.7 - https:\/\/yoast.com\/wordpress\/plugins\/seo\/ -->\n<title>Caetano celebra primeiro carro 100% el\u00e9trico brasileiro da BYD e novo ciclo de desenvolvimento em Cama\u00e7ari - Compartilha Bahia<\/title>\n<meta name=\"robots\" content=\"index, follow, max-snippet:-1, max-image-preview:large, max-video-preview:-1\" \/>\n<link rel=\"canonical\" href=\"https:\/\/compartilhabahia.com.br\/index.php\/2025\/07\/01\/caetano-celebra-primeiro-carro-100-eletrico-brasileiro-da-byd-e-novo-ciclo-de-desenvolvimento-em-camacari\/\" \/>\n<meta property=\"og:locale\" content=\"pt_BR\" \/>\n<meta property=\"og:type\" content=\"article\" \/>\n<meta property=\"og:title\" content=\"Caetano celebra primeiro carro 100% el\u00e9trico brasileiro da BYD e novo ciclo de desenvolvimento em Cama\u00e7ari - Compartilha Bahia\" \/>\n<meta property=\"og:description\" content=\"A inaugura\u00e7\u00e3o da planta da montadora chinesa BYD, nesta ter\u00e7a-feira (1\u00ba), marca o in\u00edcio de um novo ciclo de desenvolvimento econ\u00f4mico e social em Cama\u00e7ari, com a gera\u00e7\u00e3o imediata de tr\u00eas mil empregos. O empreendimento tamb\u00e9m projeta alcan\u00e7ar 20 mil postos de trabalho nos pr\u00f3ximos anos, consolidando a cidade como um dos principais polos de [&hellip;]\" \/>\n<meta property=\"og:url\" content=\"https:\/\/compartilhabahia.com.br\/index.php\/2025\/07\/01\/caetano-celebra-primeiro-carro-100-eletrico-brasileiro-da-byd-e-novo-ciclo-de-desenvolvimento-em-camacari\/\" \/>\n<meta property=\"og:site_name\" content=\"Compartilha Bahia\" \/>\n<meta property=\"article:publisher\" content=\"https:\/\/web.facebook.com\/compartilhabahia\" \/>\n<meta property=\"article:published_time\" content=\"2025-07-01T20:22:49+00:00\" \/>\n<meta property=\"article:modified_time\" content=\"2025-07-01T20:22:51+00:00\" \/>\n<meta property=\"og:image\" content=\"https:\/\/compartilhabahia.com.br\/wp-content\/uploads\/2025\/07\/caetanocarro2.jpg\" \/>\n\t<meta property=\"og:image:width\" content=\"851\" \/>\n\t<meta property=\"og:image:height\" content=\"547\" \/>\n\t<meta property=\"og:image:type\" content=\"image\/jpeg\" \/>\n<meta name=\"author\" content=\"admin\" \/>\n<meta name=\"twitter:card\" content=\"summary_large_image\" \/>\n<meta name=\"twitter:label1\" content=\"Escrito por\" \/>\n\t<meta name=\"twitter:data1\" content=\"admin\" \/>\n\t<meta name=\"twitter:label2\" content=\"Est. tempo de leitura\" \/>\n\t<meta name=\"twitter:data2\" content=\"3 minutos\" \/>\n<script type=\"application\/ld+json\" class=\"yoast-schema-graph\">{\"@context\":\"https:\/\/schema.org\",\"@graph\":[{\"@type\":\"Article\",\"@id\":\"https:\/\/compartilhabahia.com.br\/index.php\/2025\/07\/01\/caetano-celebra-primeiro-carro-100-eletrico-brasileiro-da-byd-e-novo-ciclo-de-desenvolvimento-em-camacari\/#article\",\"isPartOf\":{\"@id\":\"https:\/\/compartilhabahia.com.br\/index.php\/2025\/07\/01\/caetano-celebra-primeiro-carro-100-eletrico-brasileiro-da-byd-e-novo-ciclo-de-desenvolvimento-em-camacari\/\"},\"author\":{\"name\":\"admin\",\"@id\":\"https:\/\/compartilhabahia.com.br\/#\/schema\/person\/9b4f0c3178793b8248d6686732521c04\"},\"headline\":\"Caetano celebra primeiro carro 100% el\u00e9trico brasileiro da BYD e novo ciclo de desenvolvimento em Cama\u00e7ari\",\"datePublished\":\"2025-07-01T20:22:49+00:00\",\"dateModified\":\"2025-07-01T20:22:51+00:00\",\"mainEntityOfPage\":{\"@id\":\"https:\/\/compartilhabahia.com.br\/index.php\/2025\/07\/01\/caetano-celebra-primeiro-carro-100-eletrico-brasileiro-da-byd-e-novo-ciclo-de-desenvolvimento-em-camacari\/\"},\"wordCount\":372,\"commentCount\":0,\"publisher\":{\"@id\":\"https:\/\/compartilhabahia.com.br\/#organization\"},\"articleSection\":[\"Cama\u00e7ari\"],\"inLanguage\":\"pt-BR\",\"potentialAction\":[{\"@type\":\"CommentAction\",\"name\":\"Comment\",\"target\":[\"https:\/\/compartilhabahia.com.br\/index.php\/2025\/07\/01\/caetano-celebra-primeiro-carro-100-eletrico-brasileiro-da-byd-e-novo-ciclo-de-desenvolvimento-em-camacari\/#respond\"]}]},{\"@type\":\"WebPage\",\"@id\":\"https:\/\/compartilhabahia.com.br\/index.php\/2025\/07\/01\/caetano-celebra-primeiro-carro-100-eletrico-brasileiro-da-byd-e-novo-ciclo-de-desenvolvimento-em-camacari\/\",\"url\":\"https:\/\/compartilhabahia.com.br\/index.php\/2025\/07\/01\/caetano-celebra-primeiro-carro-100-eletrico-brasileiro-da-byd-e-novo-ciclo-de-desenvolvimento-em-camacari\/\",\"name\":\"Caetano celebra primeiro carro 100% el\u00e9trico brasileiro da BYD e novo ciclo de desenvolvimento em Cama\u00e7ari - Compartilha Bahia\",\"isPartOf\":{\"@id\":\"https:\/\/compartilhabahia.com.br\/#website\"},\"datePublished\":\"2025-07-01T20:22:49+00:00\",\"dateModified\":\"2025-07-01T20:22:51+00:00\",\"breadcrumb\":{\"@id\":\"https:\/\/compartilhabahia.com.br\/index.php\/2025\/07\/01\/caetano-celebra-primeiro-carro-100-eletrico-brasileiro-da-byd-e-novo-ciclo-de-desenvolvimento-em-camacari\/#breadcrumb\"},\"inLanguage\":\"pt-BR\",\"potentialAction\":[{\"@type\":\"ReadAction\",\"target\":[\"https:\/\/compartilhabahia.com.br\/index.php\/2025\/07\/01\/caetano-celebra-primeiro-carro-100-eletrico-brasileiro-da-byd-e-novo-ciclo-de-desenvolvimento-em-camacari\/\"]}]},{\"@type\":\"BreadcrumbList\",\"@id\":\"https:\/\/compartilhabahia.com.br\/index.php\/2025\/07\/01\/caetano-celebra-primeiro-carro-100-eletrico-brasileiro-da-byd-e-novo-ciclo-de-desenvolvimento-em-camacari\/#breadcrumb\",\"itemListElement\":[{\"@type\":\"ListItem\",\"position\":1,\"name\":\"In\u00edcio\",\"item\":\"https:\/\/compartilhabahia.com.br\/\"},{\"@type\":\"ListItem\",\"position\":2,\"name\":\"Caetano celebra primeiro carro 100% el\u00e9trico brasileiro da BYD e novo ciclo de desenvolvimento em Cama\u00e7ari\"}]},{\"@type\":\"WebSite\",\"@id\":\"https:\/\/compartilhabahia.com.br\/#website\",\"url\":\"https:\/\/compartilhabahia.com.br\/\",\"name\":\"Compartilha Bahia\",\"description\":\"\",\"publisher\":{\"@id\":\"https:\/\/compartilhabahia.com.br\/#organization\"},\"potentialAction\":[{\"@type\":\"SearchAction\",\"target\":{\"@type\":\"EntryPoint\",\"urlTemplate\":\"https:\/\/compartilhabahia.com.br\/?s={search_term_string}\"},\"query-input\":\"required name=search_term_string\"}],\"inLanguage\":\"pt-BR\"},{\"@type\":\"Organization\",\"@id\":\"https:\/\/compartilhabahia.com.br\/#organization\",\"name\":\"Compartilha Bahia\",\"url\":\"https:\/\/compartilhabahia.com.br\/\",\"logo\":{\"@type\":\"ImageObject\",\"inLanguage\":\"pt-BR\",\"@id\":\"https:\/\/compartilhabahia.com.br\/#\/schema\/logo\/image\/\",\"url\":\"https:\/\/compartilhabahia.com.br\/wp-content\/uploads\/2023\/12\/cropped-logo.png\",\"contentUrl\":\"https:\/\/compartilhabahia.com.br\/wp-content\/uploads\/2023\/12\/cropped-logo.png\",\"width\":300,\"height\":106,\"caption\":\"Compartilha Bahia\"},\"image\":{\"@id\":\"https:\/\/compartilhabahia.com.br\/#\/schema\/logo\/image\/\"},\"sameAs\":[\"https:\/\/web.facebook.com\/compartilhabahia\",\"https:\/\/www.instagram.com\/compartilhabahia\/\"]},{\"@type\":\"Person\",\"@id\":\"https:\/\/compartilhabahia.com.br\/#\/schema\/person\/9b4f0c3178793b8248d6686732521c04\",\"name\":\"admin\",\"image\":{\"@type\":\"ImageObject\",\"inLanguage\":\"pt-BR\",\"@id\":\"https:\/\/compartilhabahia.com.br\/#\/schema\/person\/image\/\",\"url\":\"https:\/\/secure.gravatar.com\/avatar\/9600df58751c5acbe914c538c03390ef649ea088cb65f84ba09c7ce66988eed6?s=96&d=mm&r=g\",\"contentUrl\":\"https:\/\/secure.gravatar.com\/avatar\/9600df58751c5acbe914c538c03390ef649ea088cb65f84ba09c7ce66988eed6?s=96&d=mm&r=g\",\"caption\":\"admin\"},\"sameAs\":[\"https:\/\/compartilhabahia.com.br\"],\"url\":\"https:\/\/compartilhabahia.com.br\/index.php\/author\/compartilhabahia\/\"}]}<\/script>\n<!-- \/ Yoast SEO plugin. -->","yoast_head_json":{"title":"Caetano celebra primeiro carro 100% el\u00e9trico brasileiro da BYD e novo ciclo de desenvolvimento em Cama\u00e7ari - Compartilha Bahia","robots":{"index":"index","follow":"follow","max-snippet":"max-snippet:-1","max-image-preview":"max-image-preview:large","max-video-preview":"max-video-preview:-1"},"canonical":"https:\/\/compartilhabahia.com.br\/index.php\/2025\/07\/01\/caetano-celebra-primeiro-carro-100-eletrico-brasileiro-da-byd-e-novo-ciclo-de-desenvolvimento-em-camacari\/","og_locale":"pt_BR","og_type":"article","og_title":"Caetano celebra primeiro carro 100% el\u00e9trico brasileiro da BYD e novo ciclo de desenvolvimento em Cama\u00e7ari - Compartilha Bahia","og_description":"A inaugura\u00e7\u00e3o da planta da montadora chinesa BYD, nesta ter\u00e7a-feira (1\u00ba), marca o in\u00edcio de um novo ciclo de desenvolvimento econ\u00f4mico e social em Cama\u00e7ari, com a gera\u00e7\u00e3o imediata de tr\u00eas mil empregos. O empreendimento tamb\u00e9m projeta alcan\u00e7ar 20 mil postos de trabalho nos pr\u00f3ximos anos, consolidando a cidade como um dos principais polos de [&hellip;]","og_url":"https:\/\/compartilhabahia.com.br\/index.php\/2025\/07\/01\/caetano-celebra-primeiro-carro-100-eletrico-brasileiro-da-byd-e-novo-ciclo-de-desenvolvimento-em-camacari\/","og_site_name":"Compartilha Bahia","article_publisher":"https:\/\/web.facebook.com\/compartilhabahia","article_published_time":"2025-07-01T20:22:49+00:00","article_modified_time":"2025-07-01T20:22:51+00:00","og_image":[{"width":851,"height":547,"url":"https:\/\/compartilhabahia.com.br\/wp-content\/uploads\/2025\/07\/caetanocarro2.jpg","type":"image\/jpeg"}],"author":"admin","twitter_card":"summary_large_image","twitter_misc":{"Escrito por":"admin","Est. tempo de leitura":"3 minutos"},"schema":{"@context":"https:\/\/schema.org","@graph":[{"@type":"Article","@id":"https:\/\/compartilhabahia.com.br\/index.php\/2025\/07\/01\/caetano-celebra-primeiro-carro-100-eletrico-brasileiro-da-byd-e-novo-ciclo-de-desenvolvimento-em-camacari\/#article","isPartOf":{"@id":"https:\/\/compartilhabahia.com.br\/index.php\/2025\/07\/01\/caetano-celebra-primeiro-carro-100-eletrico-brasileiro-da-byd-e-novo-ciclo-de-desenvolvimento-em-camacari\/"},"author":{"name":"admin","@id":"https:\/\/compartilhabahia.com.br\/#\/schema\/person\/9b4f0c3178793b8248d6686732521c04"},"headline":"Caetano celebra primeiro carro 100% el\u00e9trico brasileiro da BYD e novo ciclo de desenvolvimento em Cama\u00e7ari","datePublished":"2025-07-01T20:22:49+00:00","dateModified":"2025-07-01T20:22:51+00:00","mainEntityOfPage":{"@id":"https:\/\/compartilhabahia.com.br\/index.php\/2025\/07\/01\/caetano-celebra-primeiro-carro-100-eletrico-brasileiro-da-byd-e-novo-ciclo-de-desenvolvimento-em-camacari\/"},"wordCount":372,"commentCount":0,"publisher":{"@id":"https:\/\/compartilhabahia.com.br\/#organization"},"articleSection":["Cama\u00e7ari"],"inLanguage":"pt-BR","potentialAction":[{"@type":"CommentAction","name":"Comment","target":["https:\/\/compartilhabahia.com.br\/index.php\/2025\/07\/01\/caetano-celebra-primeiro-carro-100-eletrico-brasileiro-da-byd-e-novo-ciclo-de-desenvolvimento-em-camacari\/#respond"]}]},{"@type":"WebPage","@id":"https:\/\/compartilhabahia.com.br\/index.php\/2025\/07\/01\/caetano-celebra-primeiro-carro-100-eletrico-brasileiro-da-byd-e-novo-ciclo-de-desenvolvimento-em-camacari\/","url":"https:\/\/compartilhabahia.com.br\/index.php\/2025\/07\/01\/caetano-celebra-primeiro-carro-100-eletrico-brasileiro-da-byd-e-novo-ciclo-de-desenvolvimento-em-camacari\/","name":"Caetano celebra primeiro carro 100% el\u00e9trico brasileiro da BYD e novo ciclo de desenvolvimento em Cama\u00e7ari - Compartilha Bahia","isPartOf":{"@id":"https:\/\/compartilhabahia.com.br\/#website"},"datePublished":"2025-07-01T20:22:49+00:00","dateModified":"2025-07-01T20:22:51+00:00","breadcrumb":{"@id":"https:\/\/compartilhabahia.com.br\/index.php\/2025\/07\/01\/caetano-celebra-primeiro-carro-100-eletrico-brasileiro-da-byd-e-novo-ciclo-de-desenvolvimento-em-camacari\/#breadcrumb"},"inLanguage":"pt-BR","potentialAction":[{"@type":"ReadAction","target":["https:\/\/compartilhabahia.com.br\/index.php\/2025\/07\/01\/caetano-celebra-primeiro-carro-100-eletrico-brasileiro-da-byd-e-novo-ciclo-de-desenvolvimento-em-camacari\/"]}]},{"@type":"BreadcrumbList","@id":"https:\/\/compartilhabahia.com.br\/index.php\/2025\/07\/01\/caetano-celebra-primeiro-carro-100-eletrico-brasileiro-da-byd-e-novo-ciclo-de-desenvolvimento-em-camacari\/#breadcrumb","itemListElement":[{"@type":"ListItem","position":1,"name":"In\u00edcio","item":"https:\/\/compartilhabahia.com.br\/"},{"@type":"ListItem","position":2,"name":"Caetano celebra primeiro carro 100% el\u00e9trico brasileiro da BYD e novo ciclo de desenvolvimento em Cama\u00e7ari"}]},{"@type":"WebSite","@id":"https:\/\/compartilhabahia.com.br\/#website","url":"https:\/\/compartilhabahia.com.br\/","name":"Compartilha Bahia","description":"","publisher":{"@id":"https:\/\/compartilhabahia.com.br\/#organization"},"potentialAction":[{"@type":"SearchAction","target":{"@type":"EntryPoint","urlTemplate":"https:\/\/compartilhabahia.com.br\/?s={search_term_string}"},"query-input":"required name=search_term_string"}],"inLanguage":"pt-BR"},{"@type":"Organization","@id":"https:\/\/compartilhabahia.com.br\/#organization","name":"Compartilha Bahia","url":"https:\/\/compartilhabahia.com.br\/","logo":{"@type":"ImageObject","inLanguage":"pt-BR","@id":"https:\/\/compartilhabahia.com.br\/#\/schema\/logo\/image\/","url":"https:\/\/compartilhabahia.com.br\/wp-content\/uploads\/2023\/12\/cropped-logo.png","contentUrl":"https:\/\/compartilhabahia.com.br\/wp-content\/uploads\/2023\/12\/cropped-logo.png","width":300,"height":106,"caption":"Compartilha Bahia"},"image":{"@id":"https:\/\/compartilhabahia.com.br\/#\/schema\/logo\/image\/"},"sameAs":["https:\/\/web.facebook.com\/compartilhabahia","https:\/\/www.instagram.com\/compartilhabahia\/"]},{"@type":"Person","@id":"https:\/\/compartilhabahia.com.br\/#\/schema\/person\/9b4f0c3178793b8248d6686732521c04","name":"admin","image":{"@type":"ImageObject","inLanguage":"pt-BR","@id":"https:\/\/compartilhabahia.com.br\/#\/schema\/person\/image\/","url":"https:\/\/secure.gravatar.com\/avatar\/9600df58751c5acbe914c538c03390ef649ea088cb65f84ba09c7ce66988eed6?s=96&d=mm&r=g","contentUrl":"https:\/\/secure.gravatar.com\/avatar\/9600df58751c5acbe914c538c03390ef649ea088cb65f84ba09c7ce66988eed6?s=96&d=mm&r=g","caption":"admin"},"sameAs":["https:\/\/compartilhabahia.com.br"],"url":"https:\/\/compartilhabahia.com.br\/index.php\/author\/compartilhabahia\/"}]}},"_links":{"self":[{"href":"https:\/\/compartilhabahia.com.br\/index.php\/wp-json\/wp\/v2\/posts\/7062","targetHints":{"allow":["GET"]}}],"collection":[{"href":"https:\/\/compartilhabahia.com.br\/index.php\/wp-json\/wp\/v2\/posts"}],"about":[{"href":"https:\/\/compartilhabahia.com.br\/index.php\/wp-json\/wp\/v2\/types\/post"}],"author":[{"embeddable":true,"href":"https:\/\/compartilhabahia.com.br\/index.php\/wp-json\/wp\/v2\/users\/1"}],"replies":[{"embeddable":true,"href":"https:\/\/compartilhabahia.com.br\/index.php\/wp-json\/wp\/v2\/comments?post=7062"}],"version-history":[{"count":1,"href":"https:\/\/compartilhabahia.com.br\/index.php\/wp-json\/wp\/v2\/posts\/7062\/revisions"}],"predecessor-version":[{"id":7066,"href":"https:\/\/compartilhabahia.com.br\/index.php\/wp-json\/wp\/v2\/posts\/7062\/revisions\/7066"}],"wp:featuredmedia":[{"embeddable":true,"href":"https:\/\/compartilhabahia.com.br\/index.php\/wp-json\/wp\/v2\/media\/7063"}],"wp:attachment":[{"href":"https:\/\/compartilhabahia.com.br\/index.php\/wp-json\/wp\/v2\/media?parent=7062"}],"wp:term":[{"taxonomy":"category","embeddable":true,"href":"https:\/\/compartilhabahia.com.br\/index.php\/wp-json\/wp\/v2\/categories?post=7062"},{"taxonomy":"post_tag","embeddable":true,"href":"https:\/\/compartilhabahia.com.br\/index.php\/wp-json\/wp\/v2\/tags?post=7062"}],"curies":[{"name":"wp","href":"https:\/\/api.w.org\/{rel}","templated":true}]}}