{"id":7047,"date":"2025-07-06T11:27:00","date_gmt":"2025-07-06T14:27:00","guid":{"rendered":"https:\/\/compartilhabahia.com.br\/?p=7047"},"modified":"2025-07-06T20:22:07","modified_gmt":"2025-07-06T23:22:07","slug":"caetano-tem-o-melhor-primeiro-semestre-da-historia-politica-de-camacari","status":"publish","type":"post","link":"https:\/\/compartilhabahia.com.br\/index.php\/2025\/07\/06\/caetano-tem-o-melhor-primeiro-semestre-da-historia-politica-de-camacari\/","title":{"rendered":"Caetano tem um \u00f3timo primeiro semestre como prefeito de Cama\u00e7ari"},"content":{"rendered":"\n<p>Na recente hist\u00f3ria de Cama\u00e7ari n\u00e3o existe registros de que um prefeito da cidade, tenha acumulado tantas agendas positivas nos primeiros seis meses na frente da Prefeitura, como Luiz Carlos Caetano (PT) conseguiu neste primeiro semestre de 2025, que se encerra nesta segunda-feira (30\/6).<\/p>\n\n\n\n<p>Vamos a lista:<\/p>\n\n\n\n<p><strong>Inicio da constru\u00e7\u00e3o da Policl\u00ednica Municipal em frente ao Hospital Santa helena;<\/strong><\/p>\n\n\n\n<p>*A cidade enfrentava uma crise no setor de sa\u00fade no ano de 2024, com p\u00e9ssima avalia\u00e7\u00e3o da comunidade.<\/p>\n\n\n\n<p><strong>Inicio da constru\u00e7\u00e3o de uma UPA em Vila de Abrantes<\/strong><\/p>\n\n\n\n<p>Reajuste salarial dos professores e servidores municipais<\/p>\n\n\n\n<p><strong>*Professores e servidores reclamavam porque n\u00e3o tiveram reajustes nos \u00faltimos oito anos.<\/strong><\/p>\n\n\n\n<p>Entrega da maior Cesta de P\u00e1scoa da hist\u00f3ria<\/p>\n\n\n\n<p><strong>*Na gest\u00e3o anterior em seu primeiro ano de governo, a prefeitura n\u00e3o forneceu o peixe da semana santa.<\/strong><\/p>\n\n\n\n<p>Inaugura\u00e7\u00e3o da UNIPAR<\/p>\n\n\n\n<p>Petrobr\u00e1s anunciando a volta da Fafen<\/p>\n\n\n\n<p><strong>Retorno do transporte coletivo<\/strong><\/p>\n\n\n\n<p>*O transporte coletivo havia entrado em estado de calamidade p\u00fablica e praticamente n\u00e3o existia mais no munic\u00edpio, causando danos e sofrimento para a popula\u00e7\u00e3o.<\/p>\n\n\n\n<p><strong>Inaugura\u00e7\u00e3o do Cal\u00e7ad\u00e3o da Avenida Get\u00falio Vargas<\/strong><\/p>\n\n\n\n<p>*O com\u00e9rcio do centro da cidade havia amargado muito preju\u00edzo, pois praticamente todo o ano de 2024, as pra\u00e7as centrais ficaram fechadas por tapumes de uma obra que havia sido paralisada.<\/p>\n\n\n\n<p><strong>Realiza\u00e7\u00e3o do maior Camaforr\u00f3 da hist\u00f3ria de Cama\u00e7ari<\/strong><\/p>\n\n\n\n<p>*O Camaforr\u00f3, a festa de s\u00e3o Jo\u00e3o de Cama\u00e7ari, havia tido um ano de fracasso de p\u00fablico em 2023 e no ano de 2024 foi feito fora da data oficial, provocando interfer\u00eancia na tradi\u00e7\u00e3o popular. <\/p>\n\n\n\n<p><strong>Inicio das atividades da BYD em Cama\u00e7ari, maior f\u00e1brica de carros el\u00e9tricos fora da China.<\/strong><\/p>\n\n\n\n<p>*A cidade havia sofrido muito com o fechamento da fabrica da Ford e agora sorri com a abertura de uma fabrica de carro el\u00e9trico.<\/p>\n\n\n\n<p><\/p>\n\n\n\n<p><\/p>\n","protected":false},"excerpt":{"rendered":"<p>Na recente hist\u00f3ria de Cama\u00e7ari n\u00e3o existe registros de que um prefeito da cidade, tenha acumulado tantas agendas positivas nos primeiros seis meses na frente da Prefeitura, como Luiz Carlos Caetano (PT) conseguiu neste primeiro semestre de 2025, que se encerra nesta segunda-feira (30\/6). Vamos a lista: Inicio da constru\u00e7\u00e3o da Policl\u00ednica Municipal em frente [&hellip;]<\/p>\n","protected":false},"author":1,"featured_media":7049,"comment_status":"open","ping_status":"open","sticky":false,"template":"","format":"standard","meta":{"footnotes":""},"categories":[8],"tags":[],"class_list":["post-7047","post","type-post","status-publish","format-standard","has-post-thumbnail","hentry","category-camacari"],"yoast_head":"<!-- This site is optimized with the Yoast SEO plugin v21.7 - https:\/\/yoast.com\/wordpress\/plugins\/seo\/ -->\n<title>Caetano tem um \u00f3timo primeiro semestre como prefeito de Cama\u00e7ari - Compartilha Bahia<\/title>\n<meta name=\"robots\" content=\"index, follow, max-snippet:-1, max-image-preview:large, max-video-preview:-1\" \/>\n<link rel=\"canonical\" href=\"https:\/\/compartilhabahia.com.br\/index.php\/2025\/07\/06\/caetano-tem-o-melhor-primeiro-semestre-da-historia-politica-de-camacari\/\" \/>\n<meta property=\"og:locale\" content=\"pt_BR\" \/>\n<meta property=\"og:type\" content=\"article\" \/>\n<meta property=\"og:title\" content=\"Caetano tem um \u00f3timo primeiro semestre como prefeito de Cama\u00e7ari - Compartilha Bahia\" \/>\n<meta property=\"og:description\" content=\"Na recente hist\u00f3ria de Cama\u00e7ari n\u00e3o existe registros de que um prefeito da cidade, tenha acumulado tantas agendas positivas nos primeiros seis meses na frente da Prefeitura, como Luiz Carlos Caetano (PT) conseguiu neste primeiro semestre de 2025, que se encerra nesta segunda-feira (30\/6). Vamos a lista: Inicio da constru\u00e7\u00e3o da Policl\u00ednica Municipal em frente [&hellip;]\" \/>\n<meta property=\"og:url\" content=\"https:\/\/compartilhabahia.com.br\/index.php\/2025\/07\/06\/caetano-tem-o-melhor-primeiro-semestre-da-historia-politica-de-camacari\/\" \/>\n<meta property=\"og:site_name\" content=\"Compartilha Bahia\" \/>\n<meta property=\"article:publisher\" content=\"https:\/\/web.facebook.com\/compartilhabahia\" \/>\n<meta property=\"article:published_time\" content=\"2025-07-06T14:27:00+00:00\" \/>\n<meta property=\"article:modified_time\" content=\"2025-07-06T23:22:07+00:00\" \/>\n<meta property=\"og:image\" content=\"https:\/\/compartilhabahia.com.br\/wp-content\/uploads\/2025\/06\/caetanoprimeirosemestre.jpg\" \/>\n\t<meta property=\"og:image:width\" content=\"595\" \/>\n\t<meta property=\"og:image:height\" content=\"537\" \/>\n\t<meta property=\"og:image:type\" content=\"image\/jpeg\" \/>\n<meta name=\"author\" content=\"admin\" \/>\n<meta name=\"twitter:card\" content=\"summary_large_image\" \/>\n<meta name=\"twitter:label1\" content=\"Escrito por\" \/>\n\t<meta name=\"twitter:data1\" content=\"admin\" \/>\n\t<meta name=\"twitter:label2\" content=\"Est. tempo de leitura\" \/>\n\t<meta name=\"twitter:data2\" content=\"2 minutos\" \/>\n<script type=\"application\/ld+json\" class=\"yoast-schema-graph\">{\"@context\":\"https:\/\/schema.org\",\"@graph\":[{\"@type\":\"Article\",\"@id\":\"https:\/\/compartilhabahia.com.br\/index.php\/2025\/07\/06\/caetano-tem-o-melhor-primeiro-semestre-da-historia-politica-de-camacari\/#article\",\"isPartOf\":{\"@id\":\"https:\/\/compartilhabahia.com.br\/index.php\/2025\/07\/06\/caetano-tem-o-melhor-primeiro-semestre-da-historia-politica-de-camacari\/\"},\"author\":{\"name\":\"admin\",\"@id\":\"https:\/\/compartilhabahia.com.br\/#\/schema\/person\/9b4f0c3178793b8248d6686732521c04\"},\"headline\":\"Caetano tem um \u00f3timo primeiro semestre como prefeito de Cama\u00e7ari\",\"datePublished\":\"2025-07-06T14:27:00+00:00\",\"dateModified\":\"2025-07-06T23:22:07+00:00\",\"mainEntityOfPage\":{\"@id\":\"https:\/\/compartilhabahia.com.br\/index.php\/2025\/07\/06\/caetano-tem-o-melhor-primeiro-semestre-da-historia-politica-de-camacari\/\"},\"wordCount\":334,\"commentCount\":0,\"publisher\":{\"@id\":\"https:\/\/compartilhabahia.com.br\/#organization\"},\"articleSection\":[\"Cama\u00e7ari\"],\"inLanguage\":\"pt-BR\",\"potentialAction\":[{\"@type\":\"CommentAction\",\"name\":\"Comment\",\"target\":[\"https:\/\/compartilhabahia.com.br\/index.php\/2025\/07\/06\/caetano-tem-o-melhor-primeiro-semestre-da-historia-politica-de-camacari\/#respond\"]}]},{\"@type\":\"WebPage\",\"@id\":\"https:\/\/compartilhabahia.com.br\/index.php\/2025\/07\/06\/caetano-tem-o-melhor-primeiro-semestre-da-historia-politica-de-camacari\/\",\"url\":\"https:\/\/compartilhabahia.com.br\/index.php\/2025\/07\/06\/caetano-tem-o-melhor-primeiro-semestre-da-historia-politica-de-camacari\/\",\"name\":\"Caetano tem um \u00f3timo primeiro semestre como prefeito de Cama\u00e7ari - Compartilha Bahia\",\"isPartOf\":{\"@id\":\"https:\/\/compartilhabahia.com.br\/#website\"},\"datePublished\":\"2025-07-06T14:27:00+00:00\",\"dateModified\":\"2025-07-06T23:22:07+00:00\",\"breadcrumb\":{\"@id\":\"https:\/\/compartilhabahia.com.br\/index.php\/2025\/07\/06\/caetano-tem-o-melhor-primeiro-semestre-da-historia-politica-de-camacari\/#breadcrumb\"},\"inLanguage\":\"pt-BR\",\"potentialAction\":[{\"@type\":\"ReadAction\",\"target\":[\"https:\/\/compartilhabahia.com.br\/index.php\/2025\/07\/06\/caetano-tem-o-melhor-primeiro-semestre-da-historia-politica-de-camacari\/\"]}]},{\"@type\":\"BreadcrumbList\",\"@id\":\"https:\/\/compartilhabahia.com.br\/index.php\/2025\/07\/06\/caetano-tem-o-melhor-primeiro-semestre-da-historia-politica-de-camacari\/#breadcrumb\",\"itemListElement\":[{\"@type\":\"ListItem\",\"position\":1,\"name\":\"In\u00edcio\",\"item\":\"https:\/\/compartilhabahia.com.br\/\"},{\"@type\":\"ListItem\",\"position\":2,\"name\":\"Caetano tem um \u00f3timo primeiro semestre como prefeito de Cama\u00e7ari\"}]},{\"@type\":\"WebSite\",\"@id\":\"https:\/\/compartilhabahia.com.br\/#website\",\"url\":\"https:\/\/compartilhabahia.com.br\/\",\"name\":\"Compartilha Bahia\",\"description\":\"\",\"publisher\":{\"@id\":\"https:\/\/compartilhabahia.com.br\/#organization\"},\"potentialAction\":[{\"@type\":\"SearchAction\",\"target\":{\"@type\":\"EntryPoint\",\"urlTemplate\":\"https:\/\/compartilhabahia.com.br\/?s={search_term_string}\"},\"query-input\":\"required name=search_term_string\"}],\"inLanguage\":\"pt-BR\"},{\"@type\":\"Organization\",\"@id\":\"https:\/\/compartilhabahia.com.br\/#organization\",\"name\":\"Compartilha Bahia\",\"url\":\"https:\/\/compartilhabahia.com.br\/\",\"logo\":{\"@type\":\"ImageObject\",\"inLanguage\":\"pt-BR\",\"@id\":\"https:\/\/compartilhabahia.com.br\/#\/schema\/logo\/image\/\",\"url\":\"https:\/\/compartilhabahia.com.br\/wp-content\/uploads\/2023\/12\/cropped-logo.png\",\"contentUrl\":\"https:\/\/compartilhabahia.com.br\/wp-content\/uploads\/2023\/12\/cropped-logo.png\",\"width\":300,\"height\":106,\"caption\":\"Compartilha Bahia\"},\"image\":{\"@id\":\"https:\/\/compartilhabahia.com.br\/#\/schema\/logo\/image\/\"},\"sameAs\":[\"https:\/\/web.facebook.com\/compartilhabahia\",\"https:\/\/www.instagram.com\/compartilhabahia\/\"]},{\"@type\":\"Person\",\"@id\":\"https:\/\/compartilhabahia.com.br\/#\/schema\/person\/9b4f0c3178793b8248d6686732521c04\",\"name\":\"admin\",\"image\":{\"@type\":\"ImageObject\",\"inLanguage\":\"pt-BR\",\"@id\":\"https:\/\/compartilhabahia.com.br\/#\/schema\/person\/image\/\",\"url\":\"https:\/\/secure.gravatar.com\/avatar\/9600df58751c5acbe914c538c03390ef649ea088cb65f84ba09c7ce66988eed6?s=96&d=mm&r=g\",\"contentUrl\":\"https:\/\/secure.gravatar.com\/avatar\/9600df58751c5acbe914c538c03390ef649ea088cb65f84ba09c7ce66988eed6?s=96&d=mm&r=g\",\"caption\":\"admin\"},\"sameAs\":[\"https:\/\/compartilhabahia.com.br\"],\"url\":\"https:\/\/compartilhabahia.com.br\/index.php\/author\/compartilhabahia\/\"}]}<\/script>\n<!-- \/ Yoast SEO plugin. -->","yoast_head_json":{"title":"Caetano tem um \u00f3timo primeiro semestre como prefeito de Cama\u00e7ari - Compartilha Bahia","robots":{"index":"index","follow":"follow","max-snippet":"max-snippet:-1","max-image-preview":"max-image-preview:large","max-video-preview":"max-video-preview:-1"},"canonical":"https:\/\/compartilhabahia.com.br\/index.php\/2025\/07\/06\/caetano-tem-o-melhor-primeiro-semestre-da-historia-politica-de-camacari\/","og_locale":"pt_BR","og_type":"article","og_title":"Caetano tem um \u00f3timo primeiro semestre como prefeito de Cama\u00e7ari - Compartilha Bahia","og_description":"Na recente hist\u00f3ria de Cama\u00e7ari n\u00e3o existe registros de que um prefeito da cidade, tenha acumulado tantas agendas positivas nos primeiros seis meses na frente da Prefeitura, como Luiz Carlos Caetano (PT) conseguiu neste primeiro semestre de 2025, que se encerra nesta segunda-feira (30\/6). Vamos a lista: Inicio da constru\u00e7\u00e3o da Policl\u00ednica Municipal em frente [&hellip;]","og_url":"https:\/\/compartilhabahia.com.br\/index.php\/2025\/07\/06\/caetano-tem-o-melhor-primeiro-semestre-da-historia-politica-de-camacari\/","og_site_name":"Compartilha Bahia","article_publisher":"https:\/\/web.facebook.com\/compartilhabahia","article_published_time":"2025-07-06T14:27:00+00:00","article_modified_time":"2025-07-06T23:22:07+00:00","og_image":[{"width":595,"height":537,"url":"https:\/\/compartilhabahia.com.br\/wp-content\/uploads\/2025\/06\/caetanoprimeirosemestre.jpg","type":"image\/jpeg"}],"author":"admin","twitter_card":"summary_large_image","twitter_misc":{"Escrito por":"admin","Est. tempo de leitura":"2 minutos"},"schema":{"@context":"https:\/\/schema.org","@graph":[{"@type":"Article","@id":"https:\/\/compartilhabahia.com.br\/index.php\/2025\/07\/06\/caetano-tem-o-melhor-primeiro-semestre-da-historia-politica-de-camacari\/#article","isPartOf":{"@id":"https:\/\/compartilhabahia.com.br\/index.php\/2025\/07\/06\/caetano-tem-o-melhor-primeiro-semestre-da-historia-politica-de-camacari\/"},"author":{"name":"admin","@id":"https:\/\/compartilhabahia.com.br\/#\/schema\/person\/9b4f0c3178793b8248d6686732521c04"},"headline":"Caetano tem um \u00f3timo primeiro semestre como prefeito de Cama\u00e7ari","datePublished":"2025-07-06T14:27:00+00:00","dateModified":"2025-07-06T23:22:07+00:00","mainEntityOfPage":{"@id":"https:\/\/compartilhabahia.com.br\/index.php\/2025\/07\/06\/caetano-tem-o-melhor-primeiro-semestre-da-historia-politica-de-camacari\/"},"wordCount":334,"commentCount":0,"publisher":{"@id":"https:\/\/compartilhabahia.com.br\/#organization"},"articleSection":["Cama\u00e7ari"],"inLanguage":"pt-BR","potentialAction":[{"@type":"CommentAction","name":"Comment","target":["https:\/\/compartilhabahia.com.br\/index.php\/2025\/07\/06\/caetano-tem-o-melhor-primeiro-semestre-da-historia-politica-de-camacari\/#respond"]}]},{"@type":"WebPage","@id":"https:\/\/compartilhabahia.com.br\/index.php\/2025\/07\/06\/caetano-tem-o-melhor-primeiro-semestre-da-historia-politica-de-camacari\/","url":"https:\/\/compartilhabahia.com.br\/index.php\/2025\/07\/06\/caetano-tem-o-melhor-primeiro-semestre-da-historia-politica-de-camacari\/","name":"Caetano tem um \u00f3timo primeiro semestre como prefeito de Cama\u00e7ari - Compartilha Bahia","isPartOf":{"@id":"https:\/\/compartilhabahia.com.br\/#website"},"datePublished":"2025-07-06T14:27:00+00:00","dateModified":"2025-07-06T23:22:07+00:00","breadcrumb":{"@id":"https:\/\/compartilhabahia.com.br\/index.php\/2025\/07\/06\/caetano-tem-o-melhor-primeiro-semestre-da-historia-politica-de-camacari\/#breadcrumb"},"inLanguage":"pt-BR","potentialAction":[{"@type":"ReadAction","target":["https:\/\/compartilhabahia.com.br\/index.php\/2025\/07\/06\/caetano-tem-o-melhor-primeiro-semestre-da-historia-politica-de-camacari\/"]}]},{"@type":"BreadcrumbList","@id":"https:\/\/compartilhabahia.com.br\/index.php\/2025\/07\/06\/caetano-tem-o-melhor-primeiro-semestre-da-historia-politica-de-camacari\/#breadcrumb","itemListElement":[{"@type":"ListItem","position":1,"name":"In\u00edcio","item":"https:\/\/compartilhabahia.com.br\/"},{"@type":"ListItem","position":2,"name":"Caetano tem um \u00f3timo primeiro semestre como prefeito de Cama\u00e7ari"}]},{"@type":"WebSite","@id":"https:\/\/compartilhabahia.com.br\/#website","url":"https:\/\/compartilhabahia.com.br\/","name":"Compartilha Bahia","description":"","publisher":{"@id":"https:\/\/compartilhabahia.com.br\/#organization"},"potentialAction":[{"@type":"SearchAction","target":{"@type":"EntryPoint","urlTemplate":"https:\/\/compartilhabahia.com.br\/?s={search_term_string}"},"query-input":"required name=search_term_string"}],"inLanguage":"pt-BR"},{"@type":"Organization","@id":"https:\/\/compartilhabahia.com.br\/#organization","name":"Compartilha Bahia","url":"https:\/\/compartilhabahia.com.br\/","logo":{"@type":"ImageObject","inLanguage":"pt-BR","@id":"https:\/\/compartilhabahia.com.br\/#\/schema\/logo\/image\/","url":"https:\/\/compartilhabahia.com.br\/wp-content\/uploads\/2023\/12\/cropped-logo.png","contentUrl":"https:\/\/compartilhabahia.com.br\/wp-content\/uploads\/2023\/12\/cropped-logo.png","width":300,"height":106,"caption":"Compartilha Bahia"},"image":{"@id":"https:\/\/compartilhabahia.com.br\/#\/schema\/logo\/image\/"},"sameAs":["https:\/\/web.facebook.com\/compartilhabahia","https:\/\/www.instagram.com\/compartilhabahia\/"]},{"@type":"Person","@id":"https:\/\/compartilhabahia.com.br\/#\/schema\/person\/9b4f0c3178793b8248d6686732521c04","name":"admin","image":{"@type":"ImageObject","inLanguage":"pt-BR","@id":"https:\/\/compartilhabahia.com.br\/#\/schema\/person\/image\/","url":"https:\/\/secure.gravatar.com\/avatar\/9600df58751c5acbe914c538c03390ef649ea088cb65f84ba09c7ce66988eed6?s=96&d=mm&r=g","contentUrl":"https:\/\/secure.gravatar.com\/avatar\/9600df58751c5acbe914c538c03390ef649ea088cb65f84ba09c7ce66988eed6?s=96&d=mm&r=g","caption":"admin"},"sameAs":["https:\/\/compartilhabahia.com.br"],"url":"https:\/\/compartilhabahia.com.br\/index.php\/author\/compartilhabahia\/"}]}},"_links":{"self":[{"href":"https:\/\/compartilhabahia.com.br\/index.php\/wp-json\/wp\/v2\/posts\/7047","targetHints":{"allow":["GET"]}}],"collection":[{"href":"https:\/\/compartilhabahia.com.br\/index.php\/wp-json\/wp\/v2\/posts"}],"about":[{"href":"https:\/\/compartilhabahia.com.br\/index.php\/wp-json\/wp\/v2\/types\/post"}],"author":[{"embeddable":true,"href":"https:\/\/compartilhabahia.com.br\/index.php\/wp-json\/wp\/v2\/users\/1"}],"replies":[{"embeddable":true,"href":"https:\/\/compartilhabahia.com.br\/index.php\/wp-json\/wp\/v2\/comments?post=7047"}],"version-history":[{"count":4,"href":"https:\/\/compartilhabahia.com.br\/index.php\/wp-json\/wp\/v2\/posts\/7047\/revisions"}],"predecessor-version":[{"id":7098,"href":"https:\/\/compartilhabahia.com.br\/index.php\/wp-json\/wp\/v2\/posts\/7047\/revisions\/7098"}],"wp:featuredmedia":[{"embeddable":true,"href":"https:\/\/compartilhabahia.com.br\/index.php\/wp-json\/wp\/v2\/media\/7049"}],"wp:attachment":[{"href":"https:\/\/compartilhabahia.com.br\/index.php\/wp-json\/wp\/v2\/media?parent=7047"}],"wp:term":[{"taxonomy":"category","embeddable":true,"href":"https:\/\/compartilhabahia.com.br\/index.php\/wp-json\/wp\/v2\/categories?post=7047"},{"taxonomy":"post_tag","embeddable":true,"href":"https:\/\/compartilhabahia.com.br\/index.php\/wp-json\/wp\/v2\/tags?post=7047"}],"curies":[{"name":"wp","href":"https:\/\/api.w.org\/{rel}","templated":true}]}}