{"id":6997,"date":"2025-06-26T16:28:43","date_gmt":"2025-06-26T19:28:43","guid":{"rendered":"https:\/\/compartilhabahia.com.br\/?p=6997"},"modified":"2025-06-26T16:45:17","modified_gmt":"2025-06-26T19:45:17","slug":"camaforro-mostra-que-seguranca-publica-em-camacari-melhorou-bastante","status":"publish","type":"post","link":"https:\/\/compartilhabahia.com.br\/index.php\/2025\/06\/26\/camaforro-mostra-que-seguranca-publica-em-camacari-melhorou-bastante\/","title":{"rendered":"Paz no Camaforr\u00f3 mostra que Seguran\u00e7a P\u00fablica em Cama\u00e7ari melhorou bastante"},"content":{"rendered":"\n<p><\/p>\n\n\n\n<p>Um dos destaques mais positivos do Camaforr\u00f3 2025 \u2013 o S\u00e3o Jo\u00e3o de Cama\u00e7ari \u2013 foi o setor da Seguran\u00e7a P\u00fablica. A Pol\u00edcia Militar e a Pol\u00edcia Civil trabalharam com tecnologia, pessoal suficiente e boa estrutura, fazendo com que a festa, que apesar de ter reunido mais de 250 mil pessoas em quatro noites intensas de shows, n\u00e3o registrasse nenhuma ocorr\u00eancia grave. Fato bastante comemorado pelo prefeito Caetano (PT), pelo comandante do 12\u00b0 Batalh\u00e3o da Pol\u00edcia Militar (12\u00ba BPM), tenente coronel Roberto Castro, e pela delegada titular da 18\u00aa DT, Danielle Monteiro <\/p>\n\n\n\n<p>Essa paz e essa tranquilidade, percebida em todo munic\u00edpio, comprova que a Seguran\u00e7a P\u00fablica em Cama\u00e7ari melhorou e est\u00e1 melhorando bastante. Vale a pena lembrar, que liderada pela secret\u00e1ria Ednalva Santana, a Branca, a primeira reuni\u00e3o da Secretaria de Governo de Cama\u00e7ari, sobre o Camaforr\u00f3, foi exatamente com as institui\u00e7\u00f5es policiais.<\/p>\n\n\n\n<p>A delegada da 18\u00aa DT, Danielle Monteiro falou sobre as poucas ocorr\u00eancias durante os dias do festejo. \u201cNa verdade, a gente teve um Camaforr\u00f3 muito ordeiro, muito tranquilo, poucas ocorr\u00eancias, a maioria das ocorr\u00eancias foram pequenos furtos, furtos de aparelhos celulares\u201d, explicou.<\/p>\n\n\n\n<figure class=\"wp-block-image size-large\"><img loading=\"lazy\" decoding=\"async\" width=\"1024\" height=\"682\" src=\"https:\/\/compartilhabahia.com.br\/wp-content\/uploads\/2025\/06\/Camaforro-2025_Danielle-Monteiro_foto-Patrick-Abreu-1-1024x682.jpeg\" alt=\"\" class=\"wp-image-7001\" srcset=\"https:\/\/compartilhabahia.com.br\/wp-content\/uploads\/2025\/06\/Camaforro-2025_Danielle-Monteiro_foto-Patrick-Abreu-1-1024x682.jpeg 1024w, https:\/\/compartilhabahia.com.br\/wp-content\/uploads\/2025\/06\/Camaforro-2025_Danielle-Monteiro_foto-Patrick-Abreu-1-300x200.jpeg 300w, https:\/\/compartilhabahia.com.br\/wp-content\/uploads\/2025\/06\/Camaforro-2025_Danielle-Monteiro_foto-Patrick-Abreu-1-768x512.jpeg 768w, https:\/\/compartilhabahia.com.br\/wp-content\/uploads\/2025\/06\/Camaforro-2025_Danielle-Monteiro_foto-Patrick-Abreu-1-1536x1023.jpeg 1536w, https:\/\/compartilhabahia.com.br\/wp-content\/uploads\/2025\/06\/Camaforro-2025_Danielle-Monteiro_foto-Patrick-Abreu-1-1200x800.jpeg 1200w, https:\/\/compartilhabahia.com.br\/wp-content\/uploads\/2025\/06\/Camaforro-2025_Danielle-Monteiro_foto-Patrick-Abreu-1.jpeg 1600w\" sizes=\"auto, (max-width: 1024px) 100vw, 1024px\" \/><\/figure>\n\n\n\n<p>O Camaforr\u00f3 2025 entrou para a hist\u00f3ria com recorde de p\u00fablico dois dias seguidos. E mesmo com mais de 90 mil pessoas em apenas um dia, a festa chegou ao fim com saldo considerado positivo pelas autoridades. Contando com um forte esquema de seguran\u00e7a, o p\u00fablico curtiu os quatro dias com tranquilidade.<\/p>\n\n\n\n<figure class=\"wp-block-image size-large\"><img loading=\"lazy\" decoding=\"async\" width=\"1024\" height=\"682\" src=\"https:\/\/compartilhabahia.com.br\/wp-content\/uploads\/2025\/06\/Camaforro-2025_Roberto-Castro_foto-Juliano-Sarraf-1024x682.jpeg\" alt=\"\" class=\"wp-image-6999\" srcset=\"https:\/\/compartilhabahia.com.br\/wp-content\/uploads\/2025\/06\/Camaforro-2025_Roberto-Castro_foto-Juliano-Sarraf-1024x682.jpeg 1024w, https:\/\/compartilhabahia.com.br\/wp-content\/uploads\/2025\/06\/Camaforro-2025_Roberto-Castro_foto-Juliano-Sarraf-300x200.jpeg 300w, https:\/\/compartilhabahia.com.br\/wp-content\/uploads\/2025\/06\/Camaforro-2025_Roberto-Castro_foto-Juliano-Sarraf-768x512.jpeg 768w, https:\/\/compartilhabahia.com.br\/wp-content\/uploads\/2025\/06\/Camaforro-2025_Roberto-Castro_foto-Juliano-Sarraf-1536x1023.jpeg 1536w, https:\/\/compartilhabahia.com.br\/wp-content\/uploads\/2025\/06\/Camaforro-2025_Roberto-Castro_foto-Juliano-Sarraf-1200x800.jpeg 1200w, https:\/\/compartilhabahia.com.br\/wp-content\/uploads\/2025\/06\/Camaforro-2025_Roberto-Castro_foto-Juliano-Sarraf.jpeg 1600w\" sizes=\"auto, (max-width: 1024px) 100vw, 1024px\" \/><\/figure>\n\n\n\n<p>De acordo com o comandante do 12\u00b0 Batalh\u00e3o da Pol\u00edcia Militar (12\u00ba BPM), tenente coronel Roberto Castro, o sucesso na seguran\u00e7a da festa se deu ao preparo da corpora\u00e7\u00e3o. \u201cTodo o nosso policiamento antecede de planejamento. Nesse planejamento s\u00e3o analisadas as atra\u00e7\u00f5es, s\u00e3o feitas reuni\u00f5es com as outras secretarias, com os outros \u00f3rg\u00e3os, tanto de seguran\u00e7a p\u00fablica como de servi\u00e7os p\u00fablicos. E a gente planeja o nosso efetivo de acordo com essas reuni\u00f5es que s\u00e3o feitas\u201d, explicou.<\/p>\n\n\n\n<p>Ainda segundo o comandante, apesar do grande n\u00famero de foli\u00f5es na festa, o evento n\u00e3o teve situa\u00e7\u00f5es graves e ressaltou a import\u00e2ncia do uso da tecnologia a servi\u00e7o do policiamento. \u201cContamos com cerca de 200 a 230 policiais por dia de servi\u00e7o. O grande ponto a ser elencado \u00e9 que n\u00e3o houve nenhuma ocorr\u00eancia grave no circuito. Nenhum crime contra a vida. Efetuamos algumas pris\u00f5es por desacato, por tr\u00e1fico de drogas, por mandado de seguran\u00e7a em aberto. Isso a\u00ed j\u00e1 comprova tamb\u00e9m a efic\u00e1cia das c\u00e2meras de monitoramento\u201d, relatou.<\/p>\n\n\n\n<p>Quem tamb\u00e9m estreou no Camaforr\u00f3, com estrutura para atendimento, foi a Delegacia da Mulher (Deam), administrada pela delegada Maria Tereza. \u201cQuatro dias de festa e s\u00f3 tivemos um flagrante. Ent\u00e3o, eu digo com certeza que realmente o Camaforr\u00f3 brilhou\u201d, comentou.<\/p>\n\n\n\n<p><\/p>\n","protected":false},"excerpt":{"rendered":"<p>Um dos destaques mais positivos do Camaforr\u00f3 2025 \u2013 o S\u00e3o Jo\u00e3o de Cama\u00e7ari \u2013 foi o setor da Seguran\u00e7a P\u00fablica. A Pol\u00edcia Militar e a Pol\u00edcia Civil trabalharam com tecnologia, pessoal suficiente e boa estrutura, fazendo com que a festa, que apesar de ter reunido mais de 250 mil pessoas em quatro noites intensas [&hellip;]<\/p>\n","protected":false},"author":1,"featured_media":7003,"comment_status":"open","ping_status":"open","sticky":false,"template":"","format":"standard","meta":{"footnotes":""},"categories":[8],"tags":[],"class_list":["post-6997","post","type-post","status-publish","format-standard","has-post-thumbnail","hentry","category-camacari"],"yoast_head":"<!-- This site is optimized with the Yoast SEO plugin v21.7 - https:\/\/yoast.com\/wordpress\/plugins\/seo\/ -->\n<title>Paz no Camaforr\u00f3 mostra que Seguran\u00e7a P\u00fablica em Cama\u00e7ari melhorou bastante - Compartilha Bahia<\/title>\n<meta name=\"robots\" content=\"index, follow, max-snippet:-1, max-image-preview:large, max-video-preview:-1\" \/>\n<link rel=\"canonical\" href=\"https:\/\/compartilhabahia.com.br\/index.php\/2025\/06\/26\/camaforro-mostra-que-seguranca-publica-em-camacari-melhorou-bastante\/\" \/>\n<meta property=\"og:locale\" content=\"pt_BR\" \/>\n<meta property=\"og:type\" content=\"article\" \/>\n<meta property=\"og:title\" content=\"Paz no Camaforr\u00f3 mostra que Seguran\u00e7a P\u00fablica em Cama\u00e7ari melhorou bastante - Compartilha Bahia\" \/>\n<meta property=\"og:description\" content=\"Um dos destaques mais positivos do Camaforr\u00f3 2025 \u2013 o S\u00e3o Jo\u00e3o de Cama\u00e7ari \u2013 foi o setor da Seguran\u00e7a P\u00fablica. A Pol\u00edcia Militar e a Pol\u00edcia Civil trabalharam com tecnologia, pessoal suficiente e boa estrutura, fazendo com que a festa, que apesar de ter reunido mais de 250 mil pessoas em quatro noites intensas [&hellip;]\" \/>\n<meta property=\"og:url\" content=\"https:\/\/compartilhabahia.com.br\/index.php\/2025\/06\/26\/camaforro-mostra-que-seguranca-publica-em-camacari-melhorou-bastante\/\" \/>\n<meta property=\"og:site_name\" content=\"Compartilha Bahia\" \/>\n<meta property=\"article:publisher\" content=\"https:\/\/web.facebook.com\/compartilhabahia\" \/>\n<meta property=\"article:published_time\" content=\"2025-06-26T19:28:43+00:00\" \/>\n<meta property=\"article:modified_time\" content=\"2025-06-26T19:45:17+00:00\" \/>\n<meta property=\"og:image\" content=\"https:\/\/compartilhabahia.com.br\/wp-content\/uploads\/2025\/06\/reuniao-planejamento-seguranca-sao-joao-2025-Foto-Patrick_Abreu-1-1.jpeg\" \/>\n\t<meta property=\"og:image:width\" content=\"1280\" \/>\n\t<meta property=\"og:image:height\" content=\"853\" \/>\n\t<meta property=\"og:image:type\" content=\"image\/jpeg\" \/>\n<meta name=\"author\" content=\"admin\" \/>\n<meta name=\"twitter:card\" content=\"summary_large_image\" \/>\n<meta name=\"twitter:label1\" content=\"Escrito por\" \/>\n\t<meta name=\"twitter:data1\" content=\"admin\" \/>\n\t<meta name=\"twitter:label2\" content=\"Est. tempo de leitura\" \/>\n\t<meta name=\"twitter:data2\" content=\"4 minutos\" \/>\n<script type=\"application\/ld+json\" class=\"yoast-schema-graph\">{\"@context\":\"https:\/\/schema.org\",\"@graph\":[{\"@type\":\"Article\",\"@id\":\"https:\/\/compartilhabahia.com.br\/index.php\/2025\/06\/26\/camaforro-mostra-que-seguranca-publica-em-camacari-melhorou-bastante\/#article\",\"isPartOf\":{\"@id\":\"https:\/\/compartilhabahia.com.br\/index.php\/2025\/06\/26\/camaforro-mostra-que-seguranca-publica-em-camacari-melhorou-bastante\/\"},\"author\":{\"name\":\"admin\",\"@id\":\"https:\/\/compartilhabahia.com.br\/#\/schema\/person\/9b4f0c3178793b8248d6686732521c04\"},\"headline\":\"Paz no Camaforr\u00f3 mostra que Seguran\u00e7a P\u00fablica em Cama\u00e7ari melhorou bastante\",\"datePublished\":\"2025-06-26T19:28:43+00:00\",\"dateModified\":\"2025-06-26T19:45:17+00:00\",\"mainEntityOfPage\":{\"@id\":\"https:\/\/compartilhabahia.com.br\/index.php\/2025\/06\/26\/camaforro-mostra-que-seguranca-publica-em-camacari-melhorou-bastante\/\"},\"wordCount\":500,\"commentCount\":0,\"publisher\":{\"@id\":\"https:\/\/compartilhabahia.com.br\/#organization\"},\"articleSection\":[\"Cama\u00e7ari\"],\"inLanguage\":\"pt-BR\",\"potentialAction\":[{\"@type\":\"CommentAction\",\"name\":\"Comment\",\"target\":[\"https:\/\/compartilhabahia.com.br\/index.php\/2025\/06\/26\/camaforro-mostra-que-seguranca-publica-em-camacari-melhorou-bastante\/#respond\"]}]},{\"@type\":\"WebPage\",\"@id\":\"https:\/\/compartilhabahia.com.br\/index.php\/2025\/06\/26\/camaforro-mostra-que-seguranca-publica-em-camacari-melhorou-bastante\/\",\"url\":\"https:\/\/compartilhabahia.com.br\/index.php\/2025\/06\/26\/camaforro-mostra-que-seguranca-publica-em-camacari-melhorou-bastante\/\",\"name\":\"Paz no Camaforr\u00f3 mostra que Seguran\u00e7a P\u00fablica em Cama\u00e7ari melhorou bastante - Compartilha Bahia\",\"isPartOf\":{\"@id\":\"https:\/\/compartilhabahia.com.br\/#website\"},\"datePublished\":\"2025-06-26T19:28:43+00:00\",\"dateModified\":\"2025-06-26T19:45:17+00:00\",\"breadcrumb\":{\"@id\":\"https:\/\/compartilhabahia.com.br\/index.php\/2025\/06\/26\/camaforro-mostra-que-seguranca-publica-em-camacari-melhorou-bastante\/#breadcrumb\"},\"inLanguage\":\"pt-BR\",\"potentialAction\":[{\"@type\":\"ReadAction\",\"target\":[\"https:\/\/compartilhabahia.com.br\/index.php\/2025\/06\/26\/camaforro-mostra-que-seguranca-publica-em-camacari-melhorou-bastante\/\"]}]},{\"@type\":\"BreadcrumbList\",\"@id\":\"https:\/\/compartilhabahia.com.br\/index.php\/2025\/06\/26\/camaforro-mostra-que-seguranca-publica-em-camacari-melhorou-bastante\/#breadcrumb\",\"itemListElement\":[{\"@type\":\"ListItem\",\"position\":1,\"name\":\"In\u00edcio\",\"item\":\"https:\/\/compartilhabahia.com.br\/\"},{\"@type\":\"ListItem\",\"position\":2,\"name\":\"Paz no Camaforr\u00f3 mostra que Seguran\u00e7a P\u00fablica em Cama\u00e7ari melhorou bastante\"}]},{\"@type\":\"WebSite\",\"@id\":\"https:\/\/compartilhabahia.com.br\/#website\",\"url\":\"https:\/\/compartilhabahia.com.br\/\",\"name\":\"Compartilha Bahia\",\"description\":\"\",\"publisher\":{\"@id\":\"https:\/\/compartilhabahia.com.br\/#organization\"},\"potentialAction\":[{\"@type\":\"SearchAction\",\"target\":{\"@type\":\"EntryPoint\",\"urlTemplate\":\"https:\/\/compartilhabahia.com.br\/?s={search_term_string}\"},\"query-input\":\"required name=search_term_string\"}],\"inLanguage\":\"pt-BR\"},{\"@type\":\"Organization\",\"@id\":\"https:\/\/compartilhabahia.com.br\/#organization\",\"name\":\"Compartilha Bahia\",\"url\":\"https:\/\/compartilhabahia.com.br\/\",\"logo\":{\"@type\":\"ImageObject\",\"inLanguage\":\"pt-BR\",\"@id\":\"https:\/\/compartilhabahia.com.br\/#\/schema\/logo\/image\/\",\"url\":\"https:\/\/compartilhabahia.com.br\/wp-content\/uploads\/2023\/12\/cropped-logo.png\",\"contentUrl\":\"https:\/\/compartilhabahia.com.br\/wp-content\/uploads\/2023\/12\/cropped-logo.png\",\"width\":300,\"height\":106,\"caption\":\"Compartilha Bahia\"},\"image\":{\"@id\":\"https:\/\/compartilhabahia.com.br\/#\/schema\/logo\/image\/\"},\"sameAs\":[\"https:\/\/web.facebook.com\/compartilhabahia\",\"https:\/\/www.instagram.com\/compartilhabahia\/\"]},{\"@type\":\"Person\",\"@id\":\"https:\/\/compartilhabahia.com.br\/#\/schema\/person\/9b4f0c3178793b8248d6686732521c04\",\"name\":\"admin\",\"image\":{\"@type\":\"ImageObject\",\"inLanguage\":\"pt-BR\",\"@id\":\"https:\/\/compartilhabahia.com.br\/#\/schema\/person\/image\/\",\"url\":\"https:\/\/secure.gravatar.com\/avatar\/9600df58751c5acbe914c538c03390ef649ea088cb65f84ba09c7ce66988eed6?s=96&d=mm&r=g\",\"contentUrl\":\"https:\/\/secure.gravatar.com\/avatar\/9600df58751c5acbe914c538c03390ef649ea088cb65f84ba09c7ce66988eed6?s=96&d=mm&r=g\",\"caption\":\"admin\"},\"sameAs\":[\"https:\/\/compartilhabahia.com.br\"],\"url\":\"https:\/\/compartilhabahia.com.br\/index.php\/author\/compartilhabahia\/\"}]}<\/script>\n<!-- \/ Yoast SEO plugin. -->","yoast_head_json":{"title":"Paz no Camaforr\u00f3 mostra que Seguran\u00e7a P\u00fablica em Cama\u00e7ari melhorou bastante - Compartilha Bahia","robots":{"index":"index","follow":"follow","max-snippet":"max-snippet:-1","max-image-preview":"max-image-preview:large","max-video-preview":"max-video-preview:-1"},"canonical":"https:\/\/compartilhabahia.com.br\/index.php\/2025\/06\/26\/camaforro-mostra-que-seguranca-publica-em-camacari-melhorou-bastante\/","og_locale":"pt_BR","og_type":"article","og_title":"Paz no Camaforr\u00f3 mostra que Seguran\u00e7a P\u00fablica em Cama\u00e7ari melhorou bastante - Compartilha Bahia","og_description":"Um dos destaques mais positivos do Camaforr\u00f3 2025 \u2013 o S\u00e3o Jo\u00e3o de Cama\u00e7ari \u2013 foi o setor da Seguran\u00e7a P\u00fablica. A Pol\u00edcia Militar e a Pol\u00edcia Civil trabalharam com tecnologia, pessoal suficiente e boa estrutura, fazendo com que a festa, que apesar de ter reunido mais de 250 mil pessoas em quatro noites intensas [&hellip;]","og_url":"https:\/\/compartilhabahia.com.br\/index.php\/2025\/06\/26\/camaforro-mostra-que-seguranca-publica-em-camacari-melhorou-bastante\/","og_site_name":"Compartilha Bahia","article_publisher":"https:\/\/web.facebook.com\/compartilhabahia","article_published_time":"2025-06-26T19:28:43+00:00","article_modified_time":"2025-06-26T19:45:17+00:00","og_image":[{"width":1280,"height":853,"url":"https:\/\/compartilhabahia.com.br\/wp-content\/uploads\/2025\/06\/reuniao-planejamento-seguranca-sao-joao-2025-Foto-Patrick_Abreu-1-1.jpeg","type":"image\/jpeg"}],"author":"admin","twitter_card":"summary_large_image","twitter_misc":{"Escrito por":"admin","Est. tempo de leitura":"4 minutos"},"schema":{"@context":"https:\/\/schema.org","@graph":[{"@type":"Article","@id":"https:\/\/compartilhabahia.com.br\/index.php\/2025\/06\/26\/camaforro-mostra-que-seguranca-publica-em-camacari-melhorou-bastante\/#article","isPartOf":{"@id":"https:\/\/compartilhabahia.com.br\/index.php\/2025\/06\/26\/camaforro-mostra-que-seguranca-publica-em-camacari-melhorou-bastante\/"},"author":{"name":"admin","@id":"https:\/\/compartilhabahia.com.br\/#\/schema\/person\/9b4f0c3178793b8248d6686732521c04"},"headline":"Paz no Camaforr\u00f3 mostra que Seguran\u00e7a P\u00fablica em Cama\u00e7ari melhorou bastante","datePublished":"2025-06-26T19:28:43+00:00","dateModified":"2025-06-26T19:45:17+00:00","mainEntityOfPage":{"@id":"https:\/\/compartilhabahia.com.br\/index.php\/2025\/06\/26\/camaforro-mostra-que-seguranca-publica-em-camacari-melhorou-bastante\/"},"wordCount":500,"commentCount":0,"publisher":{"@id":"https:\/\/compartilhabahia.com.br\/#organization"},"articleSection":["Cama\u00e7ari"],"inLanguage":"pt-BR","potentialAction":[{"@type":"CommentAction","name":"Comment","target":["https:\/\/compartilhabahia.com.br\/index.php\/2025\/06\/26\/camaforro-mostra-que-seguranca-publica-em-camacari-melhorou-bastante\/#respond"]}]},{"@type":"WebPage","@id":"https:\/\/compartilhabahia.com.br\/index.php\/2025\/06\/26\/camaforro-mostra-que-seguranca-publica-em-camacari-melhorou-bastante\/","url":"https:\/\/compartilhabahia.com.br\/index.php\/2025\/06\/26\/camaforro-mostra-que-seguranca-publica-em-camacari-melhorou-bastante\/","name":"Paz no Camaforr\u00f3 mostra que Seguran\u00e7a P\u00fablica em Cama\u00e7ari melhorou bastante - Compartilha Bahia","isPartOf":{"@id":"https:\/\/compartilhabahia.com.br\/#website"},"datePublished":"2025-06-26T19:28:43+00:00","dateModified":"2025-06-26T19:45:17+00:00","breadcrumb":{"@id":"https:\/\/compartilhabahia.com.br\/index.php\/2025\/06\/26\/camaforro-mostra-que-seguranca-publica-em-camacari-melhorou-bastante\/#breadcrumb"},"inLanguage":"pt-BR","potentialAction":[{"@type":"ReadAction","target":["https:\/\/compartilhabahia.com.br\/index.php\/2025\/06\/26\/camaforro-mostra-que-seguranca-publica-em-camacari-melhorou-bastante\/"]}]},{"@type":"BreadcrumbList","@id":"https:\/\/compartilhabahia.com.br\/index.php\/2025\/06\/26\/camaforro-mostra-que-seguranca-publica-em-camacari-melhorou-bastante\/#breadcrumb","itemListElement":[{"@type":"ListItem","position":1,"name":"In\u00edcio","item":"https:\/\/compartilhabahia.com.br\/"},{"@type":"ListItem","position":2,"name":"Paz no Camaforr\u00f3 mostra que Seguran\u00e7a P\u00fablica em Cama\u00e7ari melhorou bastante"}]},{"@type":"WebSite","@id":"https:\/\/compartilhabahia.com.br\/#website","url":"https:\/\/compartilhabahia.com.br\/","name":"Compartilha Bahia","description":"","publisher":{"@id":"https:\/\/compartilhabahia.com.br\/#organization"},"potentialAction":[{"@type":"SearchAction","target":{"@type":"EntryPoint","urlTemplate":"https:\/\/compartilhabahia.com.br\/?s={search_term_string}"},"query-input":"required name=search_term_string"}],"inLanguage":"pt-BR"},{"@type":"Organization","@id":"https:\/\/compartilhabahia.com.br\/#organization","name":"Compartilha Bahia","url":"https:\/\/compartilhabahia.com.br\/","logo":{"@type":"ImageObject","inLanguage":"pt-BR","@id":"https:\/\/compartilhabahia.com.br\/#\/schema\/logo\/image\/","url":"https:\/\/compartilhabahia.com.br\/wp-content\/uploads\/2023\/12\/cropped-logo.png","contentUrl":"https:\/\/compartilhabahia.com.br\/wp-content\/uploads\/2023\/12\/cropped-logo.png","width":300,"height":106,"caption":"Compartilha Bahia"},"image":{"@id":"https:\/\/compartilhabahia.com.br\/#\/schema\/logo\/image\/"},"sameAs":["https:\/\/web.facebook.com\/compartilhabahia","https:\/\/www.instagram.com\/compartilhabahia\/"]},{"@type":"Person","@id":"https:\/\/compartilhabahia.com.br\/#\/schema\/person\/9b4f0c3178793b8248d6686732521c04","name":"admin","image":{"@type":"ImageObject","inLanguage":"pt-BR","@id":"https:\/\/compartilhabahia.com.br\/#\/schema\/person\/image\/","url":"https:\/\/secure.gravatar.com\/avatar\/9600df58751c5acbe914c538c03390ef649ea088cb65f84ba09c7ce66988eed6?s=96&d=mm&r=g","contentUrl":"https:\/\/secure.gravatar.com\/avatar\/9600df58751c5acbe914c538c03390ef649ea088cb65f84ba09c7ce66988eed6?s=96&d=mm&r=g","caption":"admin"},"sameAs":["https:\/\/compartilhabahia.com.br"],"url":"https:\/\/compartilhabahia.com.br\/index.php\/author\/compartilhabahia\/"}]}},"_links":{"self":[{"href":"https:\/\/compartilhabahia.com.br\/index.php\/wp-json\/wp\/v2\/posts\/6997","targetHints":{"allow":["GET"]}}],"collection":[{"href":"https:\/\/compartilhabahia.com.br\/index.php\/wp-json\/wp\/v2\/posts"}],"about":[{"href":"https:\/\/compartilhabahia.com.br\/index.php\/wp-json\/wp\/v2\/types\/post"}],"author":[{"embeddable":true,"href":"https:\/\/compartilhabahia.com.br\/index.php\/wp-json\/wp\/v2\/users\/1"}],"replies":[{"embeddable":true,"href":"https:\/\/compartilhabahia.com.br\/index.php\/wp-json\/wp\/v2\/comments?post=6997"}],"version-history":[{"count":4,"href":"https:\/\/compartilhabahia.com.br\/index.php\/wp-json\/wp\/v2\/posts\/6997\/revisions"}],"predecessor-version":[{"id":7007,"href":"https:\/\/compartilhabahia.com.br\/index.php\/wp-json\/wp\/v2\/posts\/6997\/revisions\/7007"}],"wp:featuredmedia":[{"embeddable":true,"href":"https:\/\/compartilhabahia.com.br\/index.php\/wp-json\/wp\/v2\/media\/7003"}],"wp:attachment":[{"href":"https:\/\/compartilhabahia.com.br\/index.php\/wp-json\/wp\/v2\/media?parent=6997"}],"wp:term":[{"taxonomy":"category","embeddable":true,"href":"https:\/\/compartilhabahia.com.br\/index.php\/wp-json\/wp\/v2\/categories?post=6997"},{"taxonomy":"post_tag","embeddable":true,"href":"https:\/\/compartilhabahia.com.br\/index.php\/wp-json\/wp\/v2\/tags?post=6997"}],"curies":[{"name":"wp","href":"https:\/\/api.w.org\/{rel}","templated":true}]}}