{"id":6983,"date":"2025-06-25T00:11:06","date_gmt":"2025-06-25T03:11:06","guid":{"rendered":"https:\/\/compartilhabahia.com.br\/?p=6983"},"modified":"2025-06-25T00:11:42","modified_gmt":"2025-06-25T03:11:42","slug":"byd-inaugura-em-camacari-dia-1o-de-julho","status":"publish","type":"post","link":"https:\/\/compartilhabahia.com.br\/index.php\/2025\/06\/25\/byd-inaugura-em-camacari-dia-1o-de-julho\/","title":{"rendered":"BYD inaugura em Cama\u00e7ari dia 1\u00ba de julho"},"content":{"rendered":"\n<p>Esta definido oficialmente que o dia 1\u00ba de Julho de 2025 ser\u00e1 inaugurada a fabrica chinesa de carros el\u00e9tricos  da BYD no Polo Industrial de Cama\u00e7ari, na Bahia, com a presen\u00e7a do presidente Lula durante a solenidade. Segundo informa\u00e7\u00f5es o prefeito de Cama\u00e7ari Luiz Caetano se reuniu nesta ter\u00e7a-feira (24), com o governador da Bahia Jer\u00f4nimo Rodrigues, para tratar desta agenda.<\/p>\n\n\n\n<p><\/p>\n\n\n\n<p><strong>Em iniciativa pioneira e simb\u00f3lica, Caetano almo\u00e7a com CEO da BYD no \u201ccom\u00e9rcio\u201d de Cama\u00e7ari<\/strong><\/p>\n\n\n\n<p>Subvertendo a l\u00f3gica de visitas oficiais frias e restritas ao gabinete, no dia 18, quando a cidade se preparava para o Camaforr\u00f32025, o prefeito de Cama\u00e7ari, Luiz Caetano, levou o CEO da BYD no Brasil, Tyler Li, para um restaurante local. No card\u00e1pio, moqueca e comidas t\u00edpicas. Na pauta, assuntos relacionados ao desenvolvimento do munic\u00edpio e a inaugura\u00e7\u00e3o da fabrica da montadora chinesa, marcada para o dia 1\u00ba de julho, com a prov\u00e1vel presen\u00e7a do presidente Lula.<\/p>\n\n\n\n<p>O restaurante em quest\u00e3o foi o Ki-Muqueca. Tamb\u00e9m participaram do encontro a deputada federal Ivoneide Caetano e o vereador Tagner Cerqueira, al\u00e9m de alguns executivos da BYD e secret\u00e1rios municipais.<\/p>\n\n\n\n<p>Caetano destacou que a inaugura\u00e7\u00e3o da BYD consolida um novo momento para Cama\u00e7ari. \u201cAlgumas pessoas duvidaram, mas a BYD \u00e9 uma realidade\u201d, pontuou.<\/p>\n\n\n\n<p>O prefeito destacou ainda o relacionamento da empresa com o munic\u00edpio. \u201cTrazer o presidente da empresa para conhecer de perto a nossa realidade e dialogar sobre o desenvolvimento de Cama\u00e7ari \u00e9 de uma simbologia importante\u201d, avaliou.<\/p>\n","protected":false},"excerpt":{"rendered":"<p>Esta definido oficialmente que o dia 1\u00ba de Julho de 2025 ser\u00e1 inaugurada a fabrica chinesa de carros el\u00e9tricos da BYD no Polo Industrial de Cama\u00e7ari, na Bahia, com a presen\u00e7a do presidente Lula durante a solenidade. Segundo informa\u00e7\u00f5es o prefeito de Cama\u00e7ari Luiz Caetano se reuniu nesta ter\u00e7a-feira (24), com o governador da Bahia [&hellip;]<\/p>\n","protected":false},"author":1,"featured_media":6984,"comment_status":"open","ping_status":"open","sticky":false,"template":"","format":"standard","meta":{"footnotes":""},"categories":[8],"tags":[],"class_list":["post-6983","post","type-post","status-publish","format-standard","has-post-thumbnail","hentry","category-camacari"],"yoast_head":"<!-- This site is optimized with the Yoast SEO plugin v21.7 - https:\/\/yoast.com\/wordpress\/plugins\/seo\/ -->\n<title>BYD inaugura em Cama\u00e7ari dia 1\u00ba de julho - Compartilha Bahia<\/title>\n<meta name=\"robots\" content=\"index, follow, max-snippet:-1, max-image-preview:large, max-video-preview:-1\" \/>\n<link rel=\"canonical\" href=\"https:\/\/compartilhabahia.com.br\/index.php\/2025\/06\/25\/byd-inaugura-em-camacari-dia-1o-de-julho\/\" \/>\n<meta property=\"og:locale\" content=\"pt_BR\" \/>\n<meta property=\"og:type\" content=\"article\" \/>\n<meta property=\"og:title\" content=\"BYD inaugura em Cama\u00e7ari dia 1\u00ba de julho - Compartilha Bahia\" \/>\n<meta property=\"og:description\" content=\"Esta definido oficialmente que o dia 1\u00ba de Julho de 2025 ser\u00e1 inaugurada a fabrica chinesa de carros el\u00e9tricos da BYD no Polo Industrial de Cama\u00e7ari, na Bahia, com a presen\u00e7a do presidente Lula durante a solenidade. Segundo informa\u00e7\u00f5es o prefeito de Cama\u00e7ari Luiz Caetano se reuniu nesta ter\u00e7a-feira (24), com o governador da Bahia [&hellip;]\" \/>\n<meta property=\"og:url\" content=\"https:\/\/compartilhabahia.com.br\/index.php\/2025\/06\/25\/byd-inaugura-em-camacari-dia-1o-de-julho\/\" \/>\n<meta property=\"og:site_name\" content=\"Compartilha Bahia\" \/>\n<meta property=\"article:publisher\" content=\"https:\/\/web.facebook.com\/compartilhabahia\" \/>\n<meta property=\"article:published_time\" content=\"2025-06-25T03:11:06+00:00\" \/>\n<meta property=\"article:modified_time\" content=\"2025-06-25T03:11:42+00:00\" \/>\n<meta property=\"og:image\" content=\"https:\/\/compartilhabahia.com.br\/wp-content\/uploads\/2025\/06\/caetanoechineses.jpg\" \/>\n\t<meta property=\"og:image:width\" content=\"896\" \/>\n\t<meta property=\"og:image:height\" content=\"504\" \/>\n\t<meta property=\"og:image:type\" content=\"image\/jpeg\" \/>\n<meta name=\"author\" content=\"admin\" \/>\n<meta name=\"twitter:card\" content=\"summary_large_image\" \/>\n<meta name=\"twitter:label1\" content=\"Escrito por\" \/>\n\t<meta name=\"twitter:data1\" content=\"admin\" \/>\n\t<meta name=\"twitter:label2\" content=\"Est. tempo de leitura\" \/>\n\t<meta name=\"twitter:data2\" content=\"2 minutos\" \/>\n<script type=\"application\/ld+json\" class=\"yoast-schema-graph\">{\"@context\":\"https:\/\/schema.org\",\"@graph\":[{\"@type\":\"Article\",\"@id\":\"https:\/\/compartilhabahia.com.br\/index.php\/2025\/06\/25\/byd-inaugura-em-camacari-dia-1o-de-julho\/#article\",\"isPartOf\":{\"@id\":\"https:\/\/compartilhabahia.com.br\/index.php\/2025\/06\/25\/byd-inaugura-em-camacari-dia-1o-de-julho\/\"},\"author\":{\"name\":\"admin\",\"@id\":\"https:\/\/compartilhabahia.com.br\/#\/schema\/person\/9b4f0c3178793b8248d6686732521c04\"},\"headline\":\"BYD inaugura em Cama\u00e7ari dia 1\u00ba de julho\",\"datePublished\":\"2025-06-25T03:11:06+00:00\",\"dateModified\":\"2025-06-25T03:11:42+00:00\",\"mainEntityOfPage\":{\"@id\":\"https:\/\/compartilhabahia.com.br\/index.php\/2025\/06\/25\/byd-inaugura-em-camacari-dia-1o-de-julho\/\"},\"wordCount\":270,\"commentCount\":0,\"publisher\":{\"@id\":\"https:\/\/compartilhabahia.com.br\/#organization\"},\"articleSection\":[\"Cama\u00e7ari\"],\"inLanguage\":\"pt-BR\",\"potentialAction\":[{\"@type\":\"CommentAction\",\"name\":\"Comment\",\"target\":[\"https:\/\/compartilhabahia.com.br\/index.php\/2025\/06\/25\/byd-inaugura-em-camacari-dia-1o-de-julho\/#respond\"]}]},{\"@type\":\"WebPage\",\"@id\":\"https:\/\/compartilhabahia.com.br\/index.php\/2025\/06\/25\/byd-inaugura-em-camacari-dia-1o-de-julho\/\",\"url\":\"https:\/\/compartilhabahia.com.br\/index.php\/2025\/06\/25\/byd-inaugura-em-camacari-dia-1o-de-julho\/\",\"name\":\"BYD inaugura em Cama\u00e7ari dia 1\u00ba de julho - Compartilha Bahia\",\"isPartOf\":{\"@id\":\"https:\/\/compartilhabahia.com.br\/#website\"},\"datePublished\":\"2025-06-25T03:11:06+00:00\",\"dateModified\":\"2025-06-25T03:11:42+00:00\",\"breadcrumb\":{\"@id\":\"https:\/\/compartilhabahia.com.br\/index.php\/2025\/06\/25\/byd-inaugura-em-camacari-dia-1o-de-julho\/#breadcrumb\"},\"inLanguage\":\"pt-BR\",\"potentialAction\":[{\"@type\":\"ReadAction\",\"target\":[\"https:\/\/compartilhabahia.com.br\/index.php\/2025\/06\/25\/byd-inaugura-em-camacari-dia-1o-de-julho\/\"]}]},{\"@type\":\"BreadcrumbList\",\"@id\":\"https:\/\/compartilhabahia.com.br\/index.php\/2025\/06\/25\/byd-inaugura-em-camacari-dia-1o-de-julho\/#breadcrumb\",\"itemListElement\":[{\"@type\":\"ListItem\",\"position\":1,\"name\":\"In\u00edcio\",\"item\":\"https:\/\/compartilhabahia.com.br\/\"},{\"@type\":\"ListItem\",\"position\":2,\"name\":\"BYD inaugura em Cama\u00e7ari dia 1\u00ba de julho\"}]},{\"@type\":\"WebSite\",\"@id\":\"https:\/\/compartilhabahia.com.br\/#website\",\"url\":\"https:\/\/compartilhabahia.com.br\/\",\"name\":\"Compartilha Bahia\",\"description\":\"\",\"publisher\":{\"@id\":\"https:\/\/compartilhabahia.com.br\/#organization\"},\"potentialAction\":[{\"@type\":\"SearchAction\",\"target\":{\"@type\":\"EntryPoint\",\"urlTemplate\":\"https:\/\/compartilhabahia.com.br\/?s={search_term_string}\"},\"query-input\":\"required name=search_term_string\"}],\"inLanguage\":\"pt-BR\"},{\"@type\":\"Organization\",\"@id\":\"https:\/\/compartilhabahia.com.br\/#organization\",\"name\":\"Compartilha Bahia\",\"url\":\"https:\/\/compartilhabahia.com.br\/\",\"logo\":{\"@type\":\"ImageObject\",\"inLanguage\":\"pt-BR\",\"@id\":\"https:\/\/compartilhabahia.com.br\/#\/schema\/logo\/image\/\",\"url\":\"https:\/\/compartilhabahia.com.br\/wp-content\/uploads\/2023\/12\/cropped-logo.png\",\"contentUrl\":\"https:\/\/compartilhabahia.com.br\/wp-content\/uploads\/2023\/12\/cropped-logo.png\",\"width\":300,\"height\":106,\"caption\":\"Compartilha Bahia\"},\"image\":{\"@id\":\"https:\/\/compartilhabahia.com.br\/#\/schema\/logo\/image\/\"},\"sameAs\":[\"https:\/\/web.facebook.com\/compartilhabahia\",\"https:\/\/www.instagram.com\/compartilhabahia\/\"]},{\"@type\":\"Person\",\"@id\":\"https:\/\/compartilhabahia.com.br\/#\/schema\/person\/9b4f0c3178793b8248d6686732521c04\",\"name\":\"admin\",\"image\":{\"@type\":\"ImageObject\",\"inLanguage\":\"pt-BR\",\"@id\":\"https:\/\/compartilhabahia.com.br\/#\/schema\/person\/image\/\",\"url\":\"https:\/\/secure.gravatar.com\/avatar\/9600df58751c5acbe914c538c03390ef649ea088cb65f84ba09c7ce66988eed6?s=96&d=mm&r=g\",\"contentUrl\":\"https:\/\/secure.gravatar.com\/avatar\/9600df58751c5acbe914c538c03390ef649ea088cb65f84ba09c7ce66988eed6?s=96&d=mm&r=g\",\"caption\":\"admin\"},\"sameAs\":[\"https:\/\/compartilhabahia.com.br\"],\"url\":\"https:\/\/compartilhabahia.com.br\/index.php\/author\/compartilhabahia\/\"}]}<\/script>\n<!-- \/ Yoast SEO plugin. -->","yoast_head_json":{"title":"BYD inaugura em Cama\u00e7ari dia 1\u00ba de julho - Compartilha Bahia","robots":{"index":"index","follow":"follow","max-snippet":"max-snippet:-1","max-image-preview":"max-image-preview:large","max-video-preview":"max-video-preview:-1"},"canonical":"https:\/\/compartilhabahia.com.br\/index.php\/2025\/06\/25\/byd-inaugura-em-camacari-dia-1o-de-julho\/","og_locale":"pt_BR","og_type":"article","og_title":"BYD inaugura em Cama\u00e7ari dia 1\u00ba de julho - Compartilha Bahia","og_description":"Esta definido oficialmente que o dia 1\u00ba de Julho de 2025 ser\u00e1 inaugurada a fabrica chinesa de carros el\u00e9tricos da BYD no Polo Industrial de Cama\u00e7ari, na Bahia, com a presen\u00e7a do presidente Lula durante a solenidade. Segundo informa\u00e7\u00f5es o prefeito de Cama\u00e7ari Luiz Caetano se reuniu nesta ter\u00e7a-feira (24), com o governador da Bahia [&hellip;]","og_url":"https:\/\/compartilhabahia.com.br\/index.php\/2025\/06\/25\/byd-inaugura-em-camacari-dia-1o-de-julho\/","og_site_name":"Compartilha Bahia","article_publisher":"https:\/\/web.facebook.com\/compartilhabahia","article_published_time":"2025-06-25T03:11:06+00:00","article_modified_time":"2025-06-25T03:11:42+00:00","og_image":[{"width":896,"height":504,"url":"https:\/\/compartilhabahia.com.br\/wp-content\/uploads\/2025\/06\/caetanoechineses.jpg","type":"image\/jpeg"}],"author":"admin","twitter_card":"summary_large_image","twitter_misc":{"Escrito por":"admin","Est. tempo de leitura":"2 minutos"},"schema":{"@context":"https:\/\/schema.org","@graph":[{"@type":"Article","@id":"https:\/\/compartilhabahia.com.br\/index.php\/2025\/06\/25\/byd-inaugura-em-camacari-dia-1o-de-julho\/#article","isPartOf":{"@id":"https:\/\/compartilhabahia.com.br\/index.php\/2025\/06\/25\/byd-inaugura-em-camacari-dia-1o-de-julho\/"},"author":{"name":"admin","@id":"https:\/\/compartilhabahia.com.br\/#\/schema\/person\/9b4f0c3178793b8248d6686732521c04"},"headline":"BYD inaugura em Cama\u00e7ari dia 1\u00ba de julho","datePublished":"2025-06-25T03:11:06+00:00","dateModified":"2025-06-25T03:11:42+00:00","mainEntityOfPage":{"@id":"https:\/\/compartilhabahia.com.br\/index.php\/2025\/06\/25\/byd-inaugura-em-camacari-dia-1o-de-julho\/"},"wordCount":270,"commentCount":0,"publisher":{"@id":"https:\/\/compartilhabahia.com.br\/#organization"},"articleSection":["Cama\u00e7ari"],"inLanguage":"pt-BR","potentialAction":[{"@type":"CommentAction","name":"Comment","target":["https:\/\/compartilhabahia.com.br\/index.php\/2025\/06\/25\/byd-inaugura-em-camacari-dia-1o-de-julho\/#respond"]}]},{"@type":"WebPage","@id":"https:\/\/compartilhabahia.com.br\/index.php\/2025\/06\/25\/byd-inaugura-em-camacari-dia-1o-de-julho\/","url":"https:\/\/compartilhabahia.com.br\/index.php\/2025\/06\/25\/byd-inaugura-em-camacari-dia-1o-de-julho\/","name":"BYD inaugura em Cama\u00e7ari dia 1\u00ba de julho - Compartilha Bahia","isPartOf":{"@id":"https:\/\/compartilhabahia.com.br\/#website"},"datePublished":"2025-06-25T03:11:06+00:00","dateModified":"2025-06-25T03:11:42+00:00","breadcrumb":{"@id":"https:\/\/compartilhabahia.com.br\/index.php\/2025\/06\/25\/byd-inaugura-em-camacari-dia-1o-de-julho\/#breadcrumb"},"inLanguage":"pt-BR","potentialAction":[{"@type":"ReadAction","target":["https:\/\/compartilhabahia.com.br\/index.php\/2025\/06\/25\/byd-inaugura-em-camacari-dia-1o-de-julho\/"]}]},{"@type":"BreadcrumbList","@id":"https:\/\/compartilhabahia.com.br\/index.php\/2025\/06\/25\/byd-inaugura-em-camacari-dia-1o-de-julho\/#breadcrumb","itemListElement":[{"@type":"ListItem","position":1,"name":"In\u00edcio","item":"https:\/\/compartilhabahia.com.br\/"},{"@type":"ListItem","position":2,"name":"BYD inaugura em Cama\u00e7ari dia 1\u00ba de julho"}]},{"@type":"WebSite","@id":"https:\/\/compartilhabahia.com.br\/#website","url":"https:\/\/compartilhabahia.com.br\/","name":"Compartilha Bahia","description":"","publisher":{"@id":"https:\/\/compartilhabahia.com.br\/#organization"},"potentialAction":[{"@type":"SearchAction","target":{"@type":"EntryPoint","urlTemplate":"https:\/\/compartilhabahia.com.br\/?s={search_term_string}"},"query-input":"required name=search_term_string"}],"inLanguage":"pt-BR"},{"@type":"Organization","@id":"https:\/\/compartilhabahia.com.br\/#organization","name":"Compartilha Bahia","url":"https:\/\/compartilhabahia.com.br\/","logo":{"@type":"ImageObject","inLanguage":"pt-BR","@id":"https:\/\/compartilhabahia.com.br\/#\/schema\/logo\/image\/","url":"https:\/\/compartilhabahia.com.br\/wp-content\/uploads\/2023\/12\/cropped-logo.png","contentUrl":"https:\/\/compartilhabahia.com.br\/wp-content\/uploads\/2023\/12\/cropped-logo.png","width":300,"height":106,"caption":"Compartilha Bahia"},"image":{"@id":"https:\/\/compartilhabahia.com.br\/#\/schema\/logo\/image\/"},"sameAs":["https:\/\/web.facebook.com\/compartilhabahia","https:\/\/www.instagram.com\/compartilhabahia\/"]},{"@type":"Person","@id":"https:\/\/compartilhabahia.com.br\/#\/schema\/person\/9b4f0c3178793b8248d6686732521c04","name":"admin","image":{"@type":"ImageObject","inLanguage":"pt-BR","@id":"https:\/\/compartilhabahia.com.br\/#\/schema\/person\/image\/","url":"https:\/\/secure.gravatar.com\/avatar\/9600df58751c5acbe914c538c03390ef649ea088cb65f84ba09c7ce66988eed6?s=96&d=mm&r=g","contentUrl":"https:\/\/secure.gravatar.com\/avatar\/9600df58751c5acbe914c538c03390ef649ea088cb65f84ba09c7ce66988eed6?s=96&d=mm&r=g","caption":"admin"},"sameAs":["https:\/\/compartilhabahia.com.br"],"url":"https:\/\/compartilhabahia.com.br\/index.php\/author\/compartilhabahia\/"}]}},"_links":{"self":[{"href":"https:\/\/compartilhabahia.com.br\/index.php\/wp-json\/wp\/v2\/posts\/6983","targetHints":{"allow":["GET"]}}],"collection":[{"href":"https:\/\/compartilhabahia.com.br\/index.php\/wp-json\/wp\/v2\/posts"}],"about":[{"href":"https:\/\/compartilhabahia.com.br\/index.php\/wp-json\/wp\/v2\/types\/post"}],"author":[{"embeddable":true,"href":"https:\/\/compartilhabahia.com.br\/index.php\/wp-json\/wp\/v2\/users\/1"}],"replies":[{"embeddable":true,"href":"https:\/\/compartilhabahia.com.br\/index.php\/wp-json\/wp\/v2\/comments?post=6983"}],"version-history":[{"count":1,"href":"https:\/\/compartilhabahia.com.br\/index.php\/wp-json\/wp\/v2\/posts\/6983\/revisions"}],"predecessor-version":[{"id":6985,"href":"https:\/\/compartilhabahia.com.br\/index.php\/wp-json\/wp\/v2\/posts\/6983\/revisions\/6985"}],"wp:featuredmedia":[{"embeddable":true,"href":"https:\/\/compartilhabahia.com.br\/index.php\/wp-json\/wp\/v2\/media\/6984"}],"wp:attachment":[{"href":"https:\/\/compartilhabahia.com.br\/index.php\/wp-json\/wp\/v2\/media?parent=6983"}],"wp:term":[{"taxonomy":"category","embeddable":true,"href":"https:\/\/compartilhabahia.com.br\/index.php\/wp-json\/wp\/v2\/categories?post=6983"},{"taxonomy":"post_tag","embeddable":true,"href":"https:\/\/compartilhabahia.com.br\/index.php\/wp-json\/wp\/v2\/tags?post=6983"}],"curies":[{"name":"wp","href":"https:\/\/api.w.org\/{rel}","templated":true}]}}