{"id":6971,"date":"2025-06-24T13:19:36","date_gmt":"2025-06-24T16:19:36","guid":{"rendered":"https:\/\/compartilhabahia.com.br\/?p=6971"},"modified":"2025-06-24T13:24:37","modified_gmt":"2025-06-24T16:24:37","slug":"secretaria-de-governo-avalia-camaforro-2025-positivamente-alem-de-recorde-de-publico-festa-teve-servicos-prioritarios-como-saude-seguranca-e-transporte-coletivo","status":"publish","type":"post","link":"https:\/\/compartilhabahia.com.br\/index.php\/2025\/06\/24\/secretaria-de-governo-avalia-camaforro-2025-positivamente-alem-de-recorde-de-publico-festa-teve-servicos-prioritarios-como-saude-seguranca-e-transporte-coletivo\/","title":{"rendered":"Secret\u00e1ria de Governo avalia Camaforr\u00f3 2025 positivamente"},"content":{"rendered":"\n<p>Para a Secret\u00e1ria de Governo da Prefeitura de Cama\u00e7ari (BA), Ednalva Santana de Souza, a Branca, o Camaforr\u00f3 2025 \u2013 a grande festa de S\u00e3o Jo\u00e3o do Munic\u00edpio, al\u00e9m de ser o maior encontro cultural da cidade, \u00e9 tamb\u00e9m um grande complexo de servi\u00e7os \u00e0 disposi\u00e7\u00e3o dos moradores, que quando bem executados, trazem como resultado a satisfa\u00e7\u00e3o popular, o recorde de p\u00fablico, e bons resultados financeiros, para quem trabalhou na festa, para o setor de turismo, de hotelaria e de com\u00e9rcio. Ela fez um balan\u00e7o extremamente positivo nesta segunda-feira (23), \u00faltima noite dos festejos juninos, mostrando que a organiza\u00e7\u00e3o da festa, tamb\u00e9m seguiu diretrizes de prioridades defendidas pelo prefeito Luiz Caetano (PT), que englobam a sa\u00fade, a seguran\u00e7a e o transporte coletivo. \u201cA lideran\u00e7a do prefeito Caetano nesse processo deve ser sempre enaltecida, pois al\u00e9m de ter muita experiencia, ele sempre tem uma vis\u00e3o renovada e atualizada das coisas para nos ajudar a fazer o melhor para o povo\u201d. Afirma Branca.<\/p>\n\n\n\n<p>A secret\u00e1ria Ednalva Souza lembrou que, desde o in\u00edcio dos preparativos, as primeiras reuni\u00f5es organizadas pela Secretaria de Governo (SEGOV) foram para tratar sobre a seguran\u00e7a, sendo que neste setor os \u00f3rg\u00e3os da Secretaria de Seguran\u00e7a P\u00fablica da Bahia (SSP\/BA), Pol\u00edcia Civil, Corpo de Bombeiros e Pol\u00edcia Militar, deram um \u201cshow\u201d de atua\u00e7\u00e3o. De acordo com o comandante do 12\u00ba Batalh\u00e3o da Pol\u00edcia Militar (BPM) de Cama\u00e7ari, tenente-coronel Roberto Castro, a paz se fez presente. \u201cChegamos ao \u00faltimo dia de festa com sucesso total, sem nenhuma ocorr\u00eancia de grande vulto. Apenas alguns pequenos furtos e uma pris\u00e3o em flagrante na madrugada desse \u00faltimo dia, com aux\u00edlio das c\u00e2meras de reconhecimento facial\u201d. Revelou o tenente-coronel Castro, do 12\u00ba BPM.<br>Segundo Branca a Pol\u00edcia Civil levou para o espa\u00e7o uma delegacia m\u00f3vel, garantindo registro imediato de ocorr\u00eancias e in\u00edcio r\u00e1pido das investiga\u00e7\u00f5es. Para ela, a delegada Daniela Monteiro, da 18\u00aa Delegacia Territorial (DT) e sua equipe, tamb\u00e9m deram um \u201cshow\u201d.<br>A pr\u00f3pria delegada revelou em entrevista \u00e0 imprensa que \u201cO Camaforr\u00f3 2025 foi um grande sucesso. Em termos de seguran\u00e7a, registramos o evento mais tranquilo dos \u00faltimos anos, com pouqu\u00edssimas ocorr\u00eancias, mas nenhuma de alta gravidade. Foi uma festa linda, a comunidade veio em peso, com muitas fam\u00edlias. Vimos pessoas com esse esp\u00edrito de festa, para brincar na paz\u201d, pontuou a titular da 18\u00ba Delegacia Territorial (DT) de Cama\u00e7ari, Danielle Monteiro.<br>O Corpo de Bombeiros marcou presen\u00e7a com equipes especializadas na preven\u00e7\u00e3o a inc\u00eandios e atendimento emergencial, assegurando apoio c\u00e9lere e efetivo sempre que necess\u00e1rio. Branca n\u00e3o esquece de agradecer aos Bombeiros e a Defesa Civil, equipes que davam tranquilidade a todos.<br>A presen\u00e7a da Secretaria de Sa\u00fade, segundo Branca, foi outro ponto positivo do Camaforr\u00f3. Durante o festejo junino a pasta montou uma estrutura para atender poss\u00edveis intercorr\u00eancias de urg\u00eancia e emerg\u00eancia durante o evento. \u201cO sucesso do Camaforr\u00f3 tamb\u00e9m tem a assinatura da SESAU\/Cama\u00e7ari, por isso nossos parab\u00e9ns a secret\u00e1ria da Sa\u00fade, Rosangela Almeida e toda sua equipe.\u201d Disse a titular da SEGOV.<br>Da sexta-feira, at\u00e9 \u00e0s 23h desta segunda-feira, a Sesau registrou cerca de 300 atendimentos e tr\u00eas transfer\u00eancias para unidades de sa\u00fade. Sem casos de grande gravidade, alguns foram por embriaguez. Em resumo, foi um Camaforr\u00f3 de paz e sa\u00fade. Em sua avalia\u00e7\u00e3o, Branca ressaltou que uma das melhores novidades do Camaforr\u00f3 2025, foi a reativa\u00e7\u00e3o do Transporte Coletivo, que garantiu mobilidade a milhares de pessoas, contribuindo em muito para o sucesso da festa. A Superintend\u00eancia de Tr\u00e2nsito e Transporte P\u00fablico (STT), montou um esquema especial para o p\u00fablico poder voltar para casa com mais tranquilidade. Branca tamb\u00e9m parabenizou a contribui\u00e7\u00e3o do diretor-superintendente da STT, Edmilson Sousa.<br>Para garantir o brilho do Camaforr\u00f3 2025, Branca lembrou neste balan\u00e7o sobre a festa, que a Secretaria de Governo fez um grande esfor\u00e7o para que as contrata\u00e7\u00f5es dos artistas para os festejos juninos, fossem feitas com legalidade, transpar\u00eancia e responsabilidade. Isso nos garantiu o recebimento do selo de Transpar\u00eancia nas contrata\u00e7\u00f5es de artistas, dado pelo Minist\u00e9rio P\u00fablico do Estado da Bahia.<br>Ela lembra que antes de cantores de renome como Fl\u00e1vio Jos\u00e9, Tarc\u00edsio do Acordeon, Devinho Novaes, Adelm\u00e1rio Coelho, L\u00e9o Santana, e Natanzinho, entre outros, subirem ao palco e levar alegria ao p\u00fablico, que chegou superar 90 mil pessoas por noite, uma equipe extremamente competente cuidou dos m\u00ednimos detalhes, para que tudo desse certo. Destacando neste ponto o trabalho da equipe da Diretoria de eventos, liderada por Aline Marques; da Assesssoria T\u00e9cnica da SEGOV, sob a lideran\u00e7a de Tatiane Concei\u00e7\u00e3o; e da Diretoria de Licita\u00e7\u00f5es, comandada por Joseane Bacelar, respons\u00e1veis pelas contrata\u00e7\u00f5es dos artistas e de toda a estrutura necess\u00e1ria para que o evento acontecesse.<br>Para ela, \u00e9 importante enaltecer a valoriza\u00e7\u00e3o que foi dada aos artistas locais que receberam total divulga\u00e7\u00e3o e importantes espa\u00e7os para se apresentar, como no palco principal, e impulsionar assim, suas respectivas carreiras musicais.<br>O Camaforr\u00f3 2025 foi forte, foi elogiado e foi um sucesso, porque envolveu todas as secretarias do munic\u00edpio, em especial a Seinfra, a SESP, a SERIM, a SEDEC, a Cultura, a Educa\u00e7\u00e3o, a LIMPEC, o Turismo, a DICOM, o Cerimonial, a SEGOV, e parceiros fundamentais como a imprensa, o Governo do Estado, a Embasa, e a BYD.<br>Para Ednalva, a avalia\u00e7\u00e3o positiva sobre o Camaforr\u00f3 2025, vai al\u00e9m do recinto da festa, onde as atividades culturais de fato aconteceram. Os benef\u00edcios se estendem para o conjunto da sociedade, melhorando a autoestima da popula\u00e7\u00e3o e a avalia\u00e7\u00e3o no campo pol\u00edtico, reativando e reaquecendo setores da economia, al\u00e9m de elevar Cama\u00e7ari novamente, ao posto de principal cidade cultural da Regi\u00e3o Metropolitana.<br>A secret\u00e1ria ressalta tamb\u00e9m que diante do saldo positivo, o prefeito Luiz Caetano celebrou o ordenamento eficiente da festividade, logo no primeiro ano da administra\u00e7\u00e3o p\u00fablica. \u201cMuito feliz e orgulhoso em ver nossa cidade vibrando com arte, cultura e tradi\u00e7\u00e3o, brincando com seguran\u00e7a, com \u00f4nibus nas ruas. \u00c9 assim que seguiremos, fazendo o melhor S\u00e3o Jo\u00e3o da regi\u00e3o. Cama\u00e7ari merece o melhor sempre\u201d, revelou Caetano para jornalistas que cobriram o evento.<br>O Camaforr\u00f3 \u00e9 promovido pela Prefeitura de Cama\u00e7ari, executado sob a responsabilidade geral da Secretaria de Governo (Segov), por meio da Diretoria de Eventos. O Espa\u00e7o Cama\u00e7ari, nos quatro dias de festa, de 20 a 23 de junho, reuniu mais de 50 atra\u00e7\u00f5es em tr\u00eas palcos, com quase 40 horas de muita m\u00fasica.<\/p>\n\n\n\n<p> Foto: Everaldo Paix\u00e3o<\/p>\n","protected":false},"excerpt":{"rendered":"<p>Para a Secret\u00e1ria de Governo da Prefeitura de Cama\u00e7ari (BA), Ednalva Santana de Souza, a Branca, o Camaforr\u00f3 2025 \u2013 a grande festa de S\u00e3o Jo\u00e3o do Munic\u00edpio, al\u00e9m de ser o maior encontro cultural da cidade, \u00e9 tamb\u00e9m um grande complexo de servi\u00e7os \u00e0 disposi\u00e7\u00e3o dos moradores, que quando bem executados, trazem como resultado [&hellip;]<\/p>\n","protected":false},"author":1,"featured_media":6972,"comment_status":"open","ping_status":"open","sticky":false,"template":"","format":"standard","meta":{"footnotes":""},"categories":[8],"tags":[],"class_list":["post-6971","post","type-post","status-publish","format-standard","has-post-thumbnail","hentry","category-camacari"],"yoast_head":"<!-- This site is optimized with the Yoast SEO plugin v21.7 - https:\/\/yoast.com\/wordpress\/plugins\/seo\/ -->\n<title>Secret\u00e1ria de Governo avalia Camaforr\u00f3 2025 positivamente - Compartilha Bahia<\/title>\n<meta name=\"robots\" content=\"index, follow, max-snippet:-1, max-image-preview:large, max-video-preview:-1\" \/>\n<link rel=\"canonical\" href=\"https:\/\/compartilhabahia.com.br\/index.php\/2025\/06\/24\/secretaria-de-governo-avalia-camaforro-2025-positivamente-alem-de-recorde-de-publico-festa-teve-servicos-prioritarios-como-saude-seguranca-e-transporte-coletivo\/\" \/>\n<meta property=\"og:locale\" content=\"pt_BR\" \/>\n<meta property=\"og:type\" content=\"article\" \/>\n<meta property=\"og:title\" content=\"Secret\u00e1ria de Governo avalia Camaforr\u00f3 2025 positivamente - Compartilha Bahia\" \/>\n<meta property=\"og:description\" content=\"Para a Secret\u00e1ria de Governo da Prefeitura de Cama\u00e7ari (BA), Ednalva Santana de Souza, a Branca, o Camaforr\u00f3 2025 \u2013 a grande festa de S\u00e3o Jo\u00e3o do Munic\u00edpio, al\u00e9m de ser o maior encontro cultural da cidade, \u00e9 tamb\u00e9m um grande complexo de servi\u00e7os \u00e0 disposi\u00e7\u00e3o dos moradores, que quando bem executados, trazem como resultado [&hellip;]\" \/>\n<meta property=\"og:url\" content=\"https:\/\/compartilhabahia.com.br\/index.php\/2025\/06\/24\/secretaria-de-governo-avalia-camaforro-2025-positivamente-alem-de-recorde-de-publico-festa-teve-servicos-prioritarios-como-saude-seguranca-e-transporte-coletivo\/\" \/>\n<meta property=\"og:site_name\" content=\"Compartilha Bahia\" \/>\n<meta property=\"article:publisher\" content=\"https:\/\/web.facebook.com\/compartilhabahia\" \/>\n<meta property=\"article:published_time\" content=\"2025-06-24T16:19:36+00:00\" \/>\n<meta property=\"article:modified_time\" content=\"2025-06-24T16:24:37+00:00\" \/>\n<meta property=\"og:image\" content=\"https:\/\/compartilhabahia.com.br\/wp-content\/uploads\/2025\/06\/brancacamaforroavaliacao.jpg\" \/>\n\t<meta property=\"og:image:width\" content=\"896\" \/>\n\t<meta property=\"og:image:height\" content=\"598\" \/>\n\t<meta property=\"og:image:type\" content=\"image\/jpeg\" \/>\n<meta name=\"author\" content=\"admin\" \/>\n<meta name=\"twitter:card\" content=\"summary_large_image\" \/>\n<meta name=\"twitter:label1\" content=\"Escrito por\" \/>\n\t<meta name=\"twitter:data1\" content=\"admin\" \/>\n\t<meta name=\"twitter:label2\" content=\"Est. tempo de leitura\" \/>\n\t<meta name=\"twitter:data2\" content=\"6 minutos\" \/>\n<script type=\"application\/ld+json\" class=\"yoast-schema-graph\">{\"@context\":\"https:\/\/schema.org\",\"@graph\":[{\"@type\":\"Article\",\"@id\":\"https:\/\/compartilhabahia.com.br\/index.php\/2025\/06\/24\/secretaria-de-governo-avalia-camaforro-2025-positivamente-alem-de-recorde-de-publico-festa-teve-servicos-prioritarios-como-saude-seguranca-e-transporte-coletivo\/#article\",\"isPartOf\":{\"@id\":\"https:\/\/compartilhabahia.com.br\/index.php\/2025\/06\/24\/secretaria-de-governo-avalia-camaforro-2025-positivamente-alem-de-recorde-de-publico-festa-teve-servicos-prioritarios-como-saude-seguranca-e-transporte-coletivo\/\"},\"author\":{\"name\":\"admin\",\"@id\":\"https:\/\/compartilhabahia.com.br\/#\/schema\/person\/9b4f0c3178793b8248d6686732521c04\"},\"headline\":\"Secret\u00e1ria de Governo avalia Camaforr\u00f3 2025 positivamente\",\"datePublished\":\"2025-06-24T16:19:36+00:00\",\"dateModified\":\"2025-06-24T16:24:37+00:00\",\"mainEntityOfPage\":{\"@id\":\"https:\/\/compartilhabahia.com.br\/index.php\/2025\/06\/24\/secretaria-de-governo-avalia-camaforro-2025-positivamente-alem-de-recorde-de-publico-festa-teve-servicos-prioritarios-como-saude-seguranca-e-transporte-coletivo\/\"},\"wordCount\":1163,\"commentCount\":0,\"publisher\":{\"@id\":\"https:\/\/compartilhabahia.com.br\/#organization\"},\"articleSection\":[\"Cama\u00e7ari\"],\"inLanguage\":\"pt-BR\",\"potentialAction\":[{\"@type\":\"CommentAction\",\"name\":\"Comment\",\"target\":[\"https:\/\/compartilhabahia.com.br\/index.php\/2025\/06\/24\/secretaria-de-governo-avalia-camaforro-2025-positivamente-alem-de-recorde-de-publico-festa-teve-servicos-prioritarios-como-saude-seguranca-e-transporte-coletivo\/#respond\"]}]},{\"@type\":\"WebPage\",\"@id\":\"https:\/\/compartilhabahia.com.br\/index.php\/2025\/06\/24\/secretaria-de-governo-avalia-camaforro-2025-positivamente-alem-de-recorde-de-publico-festa-teve-servicos-prioritarios-como-saude-seguranca-e-transporte-coletivo\/\",\"url\":\"https:\/\/compartilhabahia.com.br\/index.php\/2025\/06\/24\/secretaria-de-governo-avalia-camaforro-2025-positivamente-alem-de-recorde-de-publico-festa-teve-servicos-prioritarios-como-saude-seguranca-e-transporte-coletivo\/\",\"name\":\"Secret\u00e1ria de Governo avalia Camaforr\u00f3 2025 positivamente - Compartilha Bahia\",\"isPartOf\":{\"@id\":\"https:\/\/compartilhabahia.com.br\/#website\"},\"datePublished\":\"2025-06-24T16:19:36+00:00\",\"dateModified\":\"2025-06-24T16:24:37+00:00\",\"breadcrumb\":{\"@id\":\"https:\/\/compartilhabahia.com.br\/index.php\/2025\/06\/24\/secretaria-de-governo-avalia-camaforro-2025-positivamente-alem-de-recorde-de-publico-festa-teve-servicos-prioritarios-como-saude-seguranca-e-transporte-coletivo\/#breadcrumb\"},\"inLanguage\":\"pt-BR\",\"potentialAction\":[{\"@type\":\"ReadAction\",\"target\":[\"https:\/\/compartilhabahia.com.br\/index.php\/2025\/06\/24\/secretaria-de-governo-avalia-camaforro-2025-positivamente-alem-de-recorde-de-publico-festa-teve-servicos-prioritarios-como-saude-seguranca-e-transporte-coletivo\/\"]}]},{\"@type\":\"BreadcrumbList\",\"@id\":\"https:\/\/compartilhabahia.com.br\/index.php\/2025\/06\/24\/secretaria-de-governo-avalia-camaforro-2025-positivamente-alem-de-recorde-de-publico-festa-teve-servicos-prioritarios-como-saude-seguranca-e-transporte-coletivo\/#breadcrumb\",\"itemListElement\":[{\"@type\":\"ListItem\",\"position\":1,\"name\":\"In\u00edcio\",\"item\":\"https:\/\/compartilhabahia.com.br\/\"},{\"@type\":\"ListItem\",\"position\":2,\"name\":\"Secret\u00e1ria de Governo avalia Camaforr\u00f3 2025 positivamente\"}]},{\"@type\":\"WebSite\",\"@id\":\"https:\/\/compartilhabahia.com.br\/#website\",\"url\":\"https:\/\/compartilhabahia.com.br\/\",\"name\":\"Compartilha Bahia\",\"description\":\"\",\"publisher\":{\"@id\":\"https:\/\/compartilhabahia.com.br\/#organization\"},\"potentialAction\":[{\"@type\":\"SearchAction\",\"target\":{\"@type\":\"EntryPoint\",\"urlTemplate\":\"https:\/\/compartilhabahia.com.br\/?s={search_term_string}\"},\"query-input\":\"required name=search_term_string\"}],\"inLanguage\":\"pt-BR\"},{\"@type\":\"Organization\",\"@id\":\"https:\/\/compartilhabahia.com.br\/#organization\",\"name\":\"Compartilha Bahia\",\"url\":\"https:\/\/compartilhabahia.com.br\/\",\"logo\":{\"@type\":\"ImageObject\",\"inLanguage\":\"pt-BR\",\"@id\":\"https:\/\/compartilhabahia.com.br\/#\/schema\/logo\/image\/\",\"url\":\"https:\/\/compartilhabahia.com.br\/wp-content\/uploads\/2023\/12\/cropped-logo.png\",\"contentUrl\":\"https:\/\/compartilhabahia.com.br\/wp-content\/uploads\/2023\/12\/cropped-logo.png\",\"width\":300,\"height\":106,\"caption\":\"Compartilha Bahia\"},\"image\":{\"@id\":\"https:\/\/compartilhabahia.com.br\/#\/schema\/logo\/image\/\"},\"sameAs\":[\"https:\/\/web.facebook.com\/compartilhabahia\",\"https:\/\/www.instagram.com\/compartilhabahia\/\"]},{\"@type\":\"Person\",\"@id\":\"https:\/\/compartilhabahia.com.br\/#\/schema\/person\/9b4f0c3178793b8248d6686732521c04\",\"name\":\"admin\",\"image\":{\"@type\":\"ImageObject\",\"inLanguage\":\"pt-BR\",\"@id\":\"https:\/\/compartilhabahia.com.br\/#\/schema\/person\/image\/\",\"url\":\"https:\/\/secure.gravatar.com\/avatar\/9600df58751c5acbe914c538c03390ef649ea088cb65f84ba09c7ce66988eed6?s=96&d=mm&r=g\",\"contentUrl\":\"https:\/\/secure.gravatar.com\/avatar\/9600df58751c5acbe914c538c03390ef649ea088cb65f84ba09c7ce66988eed6?s=96&d=mm&r=g\",\"caption\":\"admin\"},\"sameAs\":[\"https:\/\/compartilhabahia.com.br\"],\"url\":\"https:\/\/compartilhabahia.com.br\/index.php\/author\/compartilhabahia\/\"}]}<\/script>\n<!-- \/ Yoast SEO plugin. -->","yoast_head_json":{"title":"Secret\u00e1ria de Governo avalia Camaforr\u00f3 2025 positivamente - Compartilha Bahia","robots":{"index":"index","follow":"follow","max-snippet":"max-snippet:-1","max-image-preview":"max-image-preview:large","max-video-preview":"max-video-preview:-1"},"canonical":"https:\/\/compartilhabahia.com.br\/index.php\/2025\/06\/24\/secretaria-de-governo-avalia-camaforro-2025-positivamente-alem-de-recorde-de-publico-festa-teve-servicos-prioritarios-como-saude-seguranca-e-transporte-coletivo\/","og_locale":"pt_BR","og_type":"article","og_title":"Secret\u00e1ria de Governo avalia Camaforr\u00f3 2025 positivamente - Compartilha Bahia","og_description":"Para a Secret\u00e1ria de Governo da Prefeitura de Cama\u00e7ari (BA), Ednalva Santana de Souza, a Branca, o Camaforr\u00f3 2025 \u2013 a grande festa de S\u00e3o Jo\u00e3o do Munic\u00edpio, al\u00e9m de ser o maior encontro cultural da cidade, \u00e9 tamb\u00e9m um grande complexo de servi\u00e7os \u00e0 disposi\u00e7\u00e3o dos moradores, que quando bem executados, trazem como resultado [&hellip;]","og_url":"https:\/\/compartilhabahia.com.br\/index.php\/2025\/06\/24\/secretaria-de-governo-avalia-camaforro-2025-positivamente-alem-de-recorde-de-publico-festa-teve-servicos-prioritarios-como-saude-seguranca-e-transporte-coletivo\/","og_site_name":"Compartilha Bahia","article_publisher":"https:\/\/web.facebook.com\/compartilhabahia","article_published_time":"2025-06-24T16:19:36+00:00","article_modified_time":"2025-06-24T16:24:37+00:00","og_image":[{"width":896,"height":598,"url":"https:\/\/compartilhabahia.com.br\/wp-content\/uploads\/2025\/06\/brancacamaforroavaliacao.jpg","type":"image\/jpeg"}],"author":"admin","twitter_card":"summary_large_image","twitter_misc":{"Escrito por":"admin","Est. tempo de leitura":"6 minutos"},"schema":{"@context":"https:\/\/schema.org","@graph":[{"@type":"Article","@id":"https:\/\/compartilhabahia.com.br\/index.php\/2025\/06\/24\/secretaria-de-governo-avalia-camaforro-2025-positivamente-alem-de-recorde-de-publico-festa-teve-servicos-prioritarios-como-saude-seguranca-e-transporte-coletivo\/#article","isPartOf":{"@id":"https:\/\/compartilhabahia.com.br\/index.php\/2025\/06\/24\/secretaria-de-governo-avalia-camaforro-2025-positivamente-alem-de-recorde-de-publico-festa-teve-servicos-prioritarios-como-saude-seguranca-e-transporte-coletivo\/"},"author":{"name":"admin","@id":"https:\/\/compartilhabahia.com.br\/#\/schema\/person\/9b4f0c3178793b8248d6686732521c04"},"headline":"Secret\u00e1ria de Governo avalia Camaforr\u00f3 2025 positivamente","datePublished":"2025-06-24T16:19:36+00:00","dateModified":"2025-06-24T16:24:37+00:00","mainEntityOfPage":{"@id":"https:\/\/compartilhabahia.com.br\/index.php\/2025\/06\/24\/secretaria-de-governo-avalia-camaforro-2025-positivamente-alem-de-recorde-de-publico-festa-teve-servicos-prioritarios-como-saude-seguranca-e-transporte-coletivo\/"},"wordCount":1163,"commentCount":0,"publisher":{"@id":"https:\/\/compartilhabahia.com.br\/#organization"},"articleSection":["Cama\u00e7ari"],"inLanguage":"pt-BR","potentialAction":[{"@type":"CommentAction","name":"Comment","target":["https:\/\/compartilhabahia.com.br\/index.php\/2025\/06\/24\/secretaria-de-governo-avalia-camaforro-2025-positivamente-alem-de-recorde-de-publico-festa-teve-servicos-prioritarios-como-saude-seguranca-e-transporte-coletivo\/#respond"]}]},{"@type":"WebPage","@id":"https:\/\/compartilhabahia.com.br\/index.php\/2025\/06\/24\/secretaria-de-governo-avalia-camaforro-2025-positivamente-alem-de-recorde-de-publico-festa-teve-servicos-prioritarios-como-saude-seguranca-e-transporte-coletivo\/","url":"https:\/\/compartilhabahia.com.br\/index.php\/2025\/06\/24\/secretaria-de-governo-avalia-camaforro-2025-positivamente-alem-de-recorde-de-publico-festa-teve-servicos-prioritarios-como-saude-seguranca-e-transporte-coletivo\/","name":"Secret\u00e1ria de Governo avalia Camaforr\u00f3 2025 positivamente - Compartilha Bahia","isPartOf":{"@id":"https:\/\/compartilhabahia.com.br\/#website"},"datePublished":"2025-06-24T16:19:36+00:00","dateModified":"2025-06-24T16:24:37+00:00","breadcrumb":{"@id":"https:\/\/compartilhabahia.com.br\/index.php\/2025\/06\/24\/secretaria-de-governo-avalia-camaforro-2025-positivamente-alem-de-recorde-de-publico-festa-teve-servicos-prioritarios-como-saude-seguranca-e-transporte-coletivo\/#breadcrumb"},"inLanguage":"pt-BR","potentialAction":[{"@type":"ReadAction","target":["https:\/\/compartilhabahia.com.br\/index.php\/2025\/06\/24\/secretaria-de-governo-avalia-camaforro-2025-positivamente-alem-de-recorde-de-publico-festa-teve-servicos-prioritarios-como-saude-seguranca-e-transporte-coletivo\/"]}]},{"@type":"BreadcrumbList","@id":"https:\/\/compartilhabahia.com.br\/index.php\/2025\/06\/24\/secretaria-de-governo-avalia-camaforro-2025-positivamente-alem-de-recorde-de-publico-festa-teve-servicos-prioritarios-como-saude-seguranca-e-transporte-coletivo\/#breadcrumb","itemListElement":[{"@type":"ListItem","position":1,"name":"In\u00edcio","item":"https:\/\/compartilhabahia.com.br\/"},{"@type":"ListItem","position":2,"name":"Secret\u00e1ria de Governo avalia Camaforr\u00f3 2025 positivamente"}]},{"@type":"WebSite","@id":"https:\/\/compartilhabahia.com.br\/#website","url":"https:\/\/compartilhabahia.com.br\/","name":"Compartilha Bahia","description":"","publisher":{"@id":"https:\/\/compartilhabahia.com.br\/#organization"},"potentialAction":[{"@type":"SearchAction","target":{"@type":"EntryPoint","urlTemplate":"https:\/\/compartilhabahia.com.br\/?s={search_term_string}"},"query-input":"required name=search_term_string"}],"inLanguage":"pt-BR"},{"@type":"Organization","@id":"https:\/\/compartilhabahia.com.br\/#organization","name":"Compartilha Bahia","url":"https:\/\/compartilhabahia.com.br\/","logo":{"@type":"ImageObject","inLanguage":"pt-BR","@id":"https:\/\/compartilhabahia.com.br\/#\/schema\/logo\/image\/","url":"https:\/\/compartilhabahia.com.br\/wp-content\/uploads\/2023\/12\/cropped-logo.png","contentUrl":"https:\/\/compartilhabahia.com.br\/wp-content\/uploads\/2023\/12\/cropped-logo.png","width":300,"height":106,"caption":"Compartilha Bahia"},"image":{"@id":"https:\/\/compartilhabahia.com.br\/#\/schema\/logo\/image\/"},"sameAs":["https:\/\/web.facebook.com\/compartilhabahia","https:\/\/www.instagram.com\/compartilhabahia\/"]},{"@type":"Person","@id":"https:\/\/compartilhabahia.com.br\/#\/schema\/person\/9b4f0c3178793b8248d6686732521c04","name":"admin","image":{"@type":"ImageObject","inLanguage":"pt-BR","@id":"https:\/\/compartilhabahia.com.br\/#\/schema\/person\/image\/","url":"https:\/\/secure.gravatar.com\/avatar\/9600df58751c5acbe914c538c03390ef649ea088cb65f84ba09c7ce66988eed6?s=96&d=mm&r=g","contentUrl":"https:\/\/secure.gravatar.com\/avatar\/9600df58751c5acbe914c538c03390ef649ea088cb65f84ba09c7ce66988eed6?s=96&d=mm&r=g","caption":"admin"},"sameAs":["https:\/\/compartilhabahia.com.br"],"url":"https:\/\/compartilhabahia.com.br\/index.php\/author\/compartilhabahia\/"}]}},"_links":{"self":[{"href":"https:\/\/compartilhabahia.com.br\/index.php\/wp-json\/wp\/v2\/posts\/6971","targetHints":{"allow":["GET"]}}],"collection":[{"href":"https:\/\/compartilhabahia.com.br\/index.php\/wp-json\/wp\/v2\/posts"}],"about":[{"href":"https:\/\/compartilhabahia.com.br\/index.php\/wp-json\/wp\/v2\/types\/post"}],"author":[{"embeddable":true,"href":"https:\/\/compartilhabahia.com.br\/index.php\/wp-json\/wp\/v2\/users\/1"}],"replies":[{"embeddable":true,"href":"https:\/\/compartilhabahia.com.br\/index.php\/wp-json\/wp\/v2\/comments?post=6971"}],"version-history":[{"count":2,"href":"https:\/\/compartilhabahia.com.br\/index.php\/wp-json\/wp\/v2\/posts\/6971\/revisions"}],"predecessor-version":[{"id":6975,"href":"https:\/\/compartilhabahia.com.br\/index.php\/wp-json\/wp\/v2\/posts\/6971\/revisions\/6975"}],"wp:featuredmedia":[{"embeddable":true,"href":"https:\/\/compartilhabahia.com.br\/index.php\/wp-json\/wp\/v2\/media\/6972"}],"wp:attachment":[{"href":"https:\/\/compartilhabahia.com.br\/index.php\/wp-json\/wp\/v2\/media?parent=6971"}],"wp:term":[{"taxonomy":"category","embeddable":true,"href":"https:\/\/compartilhabahia.com.br\/index.php\/wp-json\/wp\/v2\/categories?post=6971"},{"taxonomy":"post_tag","embeddable":true,"href":"https:\/\/compartilhabahia.com.br\/index.php\/wp-json\/wp\/v2\/tags?post=6971"}],"curies":[{"name":"wp","href":"https:\/\/api.w.org\/{rel}","templated":true}]}}