{"id":6768,"date":"2025-06-06T13:25:59","date_gmt":"2025-06-06T16:25:59","guid":{"rendered":"https:\/\/compartilhabahia.com.br\/?p=6768"},"modified":"2025-06-09T11:52:44","modified_gmt":"2025-06-09T14:52:44","slug":"1a-feira-agroecologica-da-casa-do-trabalho-em-camacari-acontece-segunda","status":"publish","type":"post","link":"https:\/\/compartilhabahia.com.br\/index.php\/2025\/06\/06\/1a-feira-agroecologica-da-casa-do-trabalho-em-camacari-acontece-segunda\/","title":{"rendered":"1\u00aa Feira Agroecol\u00f3gica da Casa do Trabalho em Cama\u00e7ari acontece segunda"},"content":{"rendered":"\n<p>A 1\u00aa Feira Agroecol\u00f3gica da Casa do Trabalho acontecer\u00e1 segunda-feira (9). Das 8h \u00e0s 14h, ser\u00e3o comercializados produtos saud\u00e1veis e sustent\u00e1veis, livres de agrot\u00f3xicos, no hall do espa\u00e7o de mesmo nome que fica na Rua Vera L\u00facia Pestana Fr\u00f3is (antiga Rua do Migrante), s\/n, Centro.<\/p>\n\n\n\n<p>A iniciativa da Secretaria de Desenvolvimento da Agricultura e Pesca de Cama\u00e7ari (Sedap) visa o fomento do com\u00e9rcio de produtos agroecol\u00f3gicos, cujo cultivo reduz impactos ambientais e permite cadeias curtas de vendas que potencializam a economia local ao conectar, de modo direto, pequenos produtores a consumidores.<\/p>\n\n\n\n<p>Afim aos Objetivos de Desenvolvimento Sustent\u00e1vel (ODS) da Organiza\u00e7\u00e3o das Na\u00e7\u00f5es Unidas (ONU), a feira agroecol\u00f3gica agrega o trip\u00e9 gera\u00e7\u00e3o de renda, sa\u00fade p\u00fablica e sustentabilidade. Por l\u00e1, uma dezena de agricultores comercializar\u00e1 frutas, legumes, verduras, beijus e biscoitos, al\u00e9m de trabalhos artesanais.<\/p>\n\n\n\n<p>Constitui-se, tamb\u00e9m, como espa\u00e7o educativo e de conviv\u00eancia quando estimula o consumo consciente por meio do incentivo de pr\u00e1ticas como a da compostagem, e da redu\u00e7\u00e3o do uso de pl\u00e1sticos.<\/p>\n\n\n\n<p>As feiras agroecol\u00f3gicas da Casa do Trabalho acontecer\u00e3o uma vez por m\u00eas, em cada segunda segunda-feira. A entrada \u00e9 livre.<\/p>\n\n\n\n<p>Foto: Juliano Sarraf<\/p>\n","protected":false},"excerpt":{"rendered":"<p>A 1\u00aa Feira Agroecol\u00f3gica da Casa do Trabalho acontecer\u00e1 segunda-feira (9). Das 8h \u00e0s 14h, ser\u00e3o comercializados produtos saud\u00e1veis e sustent\u00e1veis, livres de agrot\u00f3xicos, no hall do espa\u00e7o de mesmo nome que fica na Rua Vera L\u00facia Pestana Fr\u00f3is (antiga Rua do Migrante), s\/n, Centro. A iniciativa da Secretaria de Desenvolvimento da Agricultura e Pesca [&hellip;]<\/p>\n","protected":false},"author":1,"featured_media":6769,"comment_status":"open","ping_status":"open","sticky":false,"template":"","format":"standard","meta":{"footnotes":""},"categories":[8],"tags":[],"class_list":["post-6768","post","type-post","status-publish","format-standard","has-post-thumbnail","hentry","category-camacari"],"yoast_head":"<!-- This site is optimized with the Yoast SEO plugin v21.7 - https:\/\/yoast.com\/wordpress\/plugins\/seo\/ -->\n<title>1\u00aa Feira Agroecol\u00f3gica da Casa do Trabalho em Cama\u00e7ari acontece segunda - Compartilha Bahia<\/title>\n<meta name=\"robots\" content=\"index, follow, max-snippet:-1, max-image-preview:large, max-video-preview:-1\" \/>\n<link rel=\"canonical\" href=\"https:\/\/compartilhabahia.com.br\/index.php\/2025\/06\/06\/1a-feira-agroecologica-da-casa-do-trabalho-em-camacari-acontece-segunda\/\" \/>\n<meta property=\"og:locale\" content=\"pt_BR\" \/>\n<meta property=\"og:type\" content=\"article\" \/>\n<meta property=\"og:title\" content=\"1\u00aa Feira Agroecol\u00f3gica da Casa do Trabalho em Cama\u00e7ari acontece segunda - Compartilha Bahia\" \/>\n<meta property=\"og:description\" content=\"A 1\u00aa Feira Agroecol\u00f3gica da Casa do Trabalho acontecer\u00e1 segunda-feira (9). Das 8h \u00e0s 14h, ser\u00e3o comercializados produtos saud\u00e1veis e sustent\u00e1veis, livres de agrot\u00f3xicos, no hall do espa\u00e7o de mesmo nome que fica na Rua Vera L\u00facia Pestana Fr\u00f3is (antiga Rua do Migrante), s\/n, Centro. A iniciativa da Secretaria de Desenvolvimento da Agricultura e Pesca [&hellip;]\" \/>\n<meta property=\"og:url\" content=\"https:\/\/compartilhabahia.com.br\/index.php\/2025\/06\/06\/1a-feira-agroecologica-da-casa-do-trabalho-em-camacari-acontece-segunda\/\" \/>\n<meta property=\"og:site_name\" content=\"Compartilha Bahia\" \/>\n<meta property=\"article:publisher\" content=\"https:\/\/web.facebook.com\/compartilhabahia\" \/>\n<meta property=\"article:published_time\" content=\"2025-06-06T16:25:59+00:00\" \/>\n<meta property=\"article:modified_time\" content=\"2025-06-09T14:52:44+00:00\" \/>\n<meta property=\"og:image\" content=\"https:\/\/compartilhabahia.com.br\/wp-content\/uploads\/2025\/06\/feirinha-sedap-estacionamento-prefeitura-foto-juliano-sarraf-27-3-2025-1.jpeg\" \/>\n\t<meta property=\"og:image:width\" content=\"1600\" \/>\n\t<meta property=\"og:image:height\" content=\"1066\" \/>\n\t<meta property=\"og:image:type\" content=\"image\/jpeg\" \/>\n<meta name=\"author\" content=\"admin\" \/>\n<meta name=\"twitter:card\" content=\"summary_large_image\" \/>\n<meta name=\"twitter:label1\" content=\"Escrito por\" \/>\n\t<meta name=\"twitter:data1\" content=\"admin\" \/>\n\t<meta name=\"twitter:label2\" content=\"Est. tempo de leitura\" \/>\n\t<meta name=\"twitter:data2\" content=\"2 minutos\" \/>\n<script type=\"application\/ld+json\" class=\"yoast-schema-graph\">{\"@context\":\"https:\/\/schema.org\",\"@graph\":[{\"@type\":\"Article\",\"@id\":\"https:\/\/compartilhabahia.com.br\/index.php\/2025\/06\/06\/1a-feira-agroecologica-da-casa-do-trabalho-em-camacari-acontece-segunda\/#article\",\"isPartOf\":{\"@id\":\"https:\/\/compartilhabahia.com.br\/index.php\/2025\/06\/06\/1a-feira-agroecologica-da-casa-do-trabalho-em-camacari-acontece-segunda\/\"},\"author\":{\"name\":\"admin\",\"@id\":\"https:\/\/compartilhabahia.com.br\/#\/schema\/person\/9b4f0c3178793b8248d6686732521c04\"},\"headline\":\"1\u00aa Feira Agroecol\u00f3gica da Casa do Trabalho em Cama\u00e7ari acontece segunda\",\"datePublished\":\"2025-06-06T16:25:59+00:00\",\"dateModified\":\"2025-06-09T14:52:44+00:00\",\"mainEntityOfPage\":{\"@id\":\"https:\/\/compartilhabahia.com.br\/index.php\/2025\/06\/06\/1a-feira-agroecologica-da-casa-do-trabalho-em-camacari-acontece-segunda\/\"},\"wordCount\":225,\"commentCount\":0,\"publisher\":{\"@id\":\"https:\/\/compartilhabahia.com.br\/#organization\"},\"articleSection\":[\"Cama\u00e7ari\"],\"inLanguage\":\"pt-BR\",\"potentialAction\":[{\"@type\":\"CommentAction\",\"name\":\"Comment\",\"target\":[\"https:\/\/compartilhabahia.com.br\/index.php\/2025\/06\/06\/1a-feira-agroecologica-da-casa-do-trabalho-em-camacari-acontece-segunda\/#respond\"]}]},{\"@type\":\"WebPage\",\"@id\":\"https:\/\/compartilhabahia.com.br\/index.php\/2025\/06\/06\/1a-feira-agroecologica-da-casa-do-trabalho-em-camacari-acontece-segunda\/\",\"url\":\"https:\/\/compartilhabahia.com.br\/index.php\/2025\/06\/06\/1a-feira-agroecologica-da-casa-do-trabalho-em-camacari-acontece-segunda\/\",\"name\":\"1\u00aa Feira Agroecol\u00f3gica da Casa do Trabalho em Cama\u00e7ari acontece segunda - Compartilha Bahia\",\"isPartOf\":{\"@id\":\"https:\/\/compartilhabahia.com.br\/#website\"},\"datePublished\":\"2025-06-06T16:25:59+00:00\",\"dateModified\":\"2025-06-09T14:52:44+00:00\",\"breadcrumb\":{\"@id\":\"https:\/\/compartilhabahia.com.br\/index.php\/2025\/06\/06\/1a-feira-agroecologica-da-casa-do-trabalho-em-camacari-acontece-segunda\/#breadcrumb\"},\"inLanguage\":\"pt-BR\",\"potentialAction\":[{\"@type\":\"ReadAction\",\"target\":[\"https:\/\/compartilhabahia.com.br\/index.php\/2025\/06\/06\/1a-feira-agroecologica-da-casa-do-trabalho-em-camacari-acontece-segunda\/\"]}]},{\"@type\":\"BreadcrumbList\",\"@id\":\"https:\/\/compartilhabahia.com.br\/index.php\/2025\/06\/06\/1a-feira-agroecologica-da-casa-do-trabalho-em-camacari-acontece-segunda\/#breadcrumb\",\"itemListElement\":[{\"@type\":\"ListItem\",\"position\":1,\"name\":\"In\u00edcio\",\"item\":\"https:\/\/compartilhabahia.com.br\/\"},{\"@type\":\"ListItem\",\"position\":2,\"name\":\"1\u00aa Feira Agroecol\u00f3gica da Casa do Trabalho em Cama\u00e7ari acontece segunda\"}]},{\"@type\":\"WebSite\",\"@id\":\"https:\/\/compartilhabahia.com.br\/#website\",\"url\":\"https:\/\/compartilhabahia.com.br\/\",\"name\":\"Compartilha Bahia\",\"description\":\"\",\"publisher\":{\"@id\":\"https:\/\/compartilhabahia.com.br\/#organization\"},\"potentialAction\":[{\"@type\":\"SearchAction\",\"target\":{\"@type\":\"EntryPoint\",\"urlTemplate\":\"https:\/\/compartilhabahia.com.br\/?s={search_term_string}\"},\"query-input\":\"required name=search_term_string\"}],\"inLanguage\":\"pt-BR\"},{\"@type\":\"Organization\",\"@id\":\"https:\/\/compartilhabahia.com.br\/#organization\",\"name\":\"Compartilha Bahia\",\"url\":\"https:\/\/compartilhabahia.com.br\/\",\"logo\":{\"@type\":\"ImageObject\",\"inLanguage\":\"pt-BR\",\"@id\":\"https:\/\/compartilhabahia.com.br\/#\/schema\/logo\/image\/\",\"url\":\"https:\/\/compartilhabahia.com.br\/wp-content\/uploads\/2023\/12\/cropped-logo.png\",\"contentUrl\":\"https:\/\/compartilhabahia.com.br\/wp-content\/uploads\/2023\/12\/cropped-logo.png\",\"width\":300,\"height\":106,\"caption\":\"Compartilha Bahia\"},\"image\":{\"@id\":\"https:\/\/compartilhabahia.com.br\/#\/schema\/logo\/image\/\"},\"sameAs\":[\"https:\/\/web.facebook.com\/compartilhabahia\",\"https:\/\/www.instagram.com\/compartilhabahia\/\"]},{\"@type\":\"Person\",\"@id\":\"https:\/\/compartilhabahia.com.br\/#\/schema\/person\/9b4f0c3178793b8248d6686732521c04\",\"name\":\"admin\",\"image\":{\"@type\":\"ImageObject\",\"inLanguage\":\"pt-BR\",\"@id\":\"https:\/\/compartilhabahia.com.br\/#\/schema\/person\/image\/\",\"url\":\"https:\/\/secure.gravatar.com\/avatar\/9600df58751c5acbe914c538c03390ef649ea088cb65f84ba09c7ce66988eed6?s=96&d=mm&r=g\",\"contentUrl\":\"https:\/\/secure.gravatar.com\/avatar\/9600df58751c5acbe914c538c03390ef649ea088cb65f84ba09c7ce66988eed6?s=96&d=mm&r=g\",\"caption\":\"admin\"},\"sameAs\":[\"https:\/\/compartilhabahia.com.br\"],\"url\":\"https:\/\/compartilhabahia.com.br\/index.php\/author\/compartilhabahia\/\"}]}<\/script>\n<!-- \/ Yoast SEO plugin. -->","yoast_head_json":{"title":"1\u00aa Feira Agroecol\u00f3gica da Casa do Trabalho em Cama\u00e7ari acontece segunda - Compartilha Bahia","robots":{"index":"index","follow":"follow","max-snippet":"max-snippet:-1","max-image-preview":"max-image-preview:large","max-video-preview":"max-video-preview:-1"},"canonical":"https:\/\/compartilhabahia.com.br\/index.php\/2025\/06\/06\/1a-feira-agroecologica-da-casa-do-trabalho-em-camacari-acontece-segunda\/","og_locale":"pt_BR","og_type":"article","og_title":"1\u00aa Feira Agroecol\u00f3gica da Casa do Trabalho em Cama\u00e7ari acontece segunda - Compartilha Bahia","og_description":"A 1\u00aa Feira Agroecol\u00f3gica da Casa do Trabalho acontecer\u00e1 segunda-feira (9). Das 8h \u00e0s 14h, ser\u00e3o comercializados produtos saud\u00e1veis e sustent\u00e1veis, livres de agrot\u00f3xicos, no hall do espa\u00e7o de mesmo nome que fica na Rua Vera L\u00facia Pestana Fr\u00f3is (antiga Rua do Migrante), s\/n, Centro. A iniciativa da Secretaria de Desenvolvimento da Agricultura e Pesca [&hellip;]","og_url":"https:\/\/compartilhabahia.com.br\/index.php\/2025\/06\/06\/1a-feira-agroecologica-da-casa-do-trabalho-em-camacari-acontece-segunda\/","og_site_name":"Compartilha Bahia","article_publisher":"https:\/\/web.facebook.com\/compartilhabahia","article_published_time":"2025-06-06T16:25:59+00:00","article_modified_time":"2025-06-09T14:52:44+00:00","og_image":[{"width":1600,"height":1066,"url":"https:\/\/compartilhabahia.com.br\/wp-content\/uploads\/2025\/06\/feirinha-sedap-estacionamento-prefeitura-foto-juliano-sarraf-27-3-2025-1.jpeg","type":"image\/jpeg"}],"author":"admin","twitter_card":"summary_large_image","twitter_misc":{"Escrito por":"admin","Est. tempo de leitura":"2 minutos"},"schema":{"@context":"https:\/\/schema.org","@graph":[{"@type":"Article","@id":"https:\/\/compartilhabahia.com.br\/index.php\/2025\/06\/06\/1a-feira-agroecologica-da-casa-do-trabalho-em-camacari-acontece-segunda\/#article","isPartOf":{"@id":"https:\/\/compartilhabahia.com.br\/index.php\/2025\/06\/06\/1a-feira-agroecologica-da-casa-do-trabalho-em-camacari-acontece-segunda\/"},"author":{"name":"admin","@id":"https:\/\/compartilhabahia.com.br\/#\/schema\/person\/9b4f0c3178793b8248d6686732521c04"},"headline":"1\u00aa Feira Agroecol\u00f3gica da Casa do Trabalho em Cama\u00e7ari acontece segunda","datePublished":"2025-06-06T16:25:59+00:00","dateModified":"2025-06-09T14:52:44+00:00","mainEntityOfPage":{"@id":"https:\/\/compartilhabahia.com.br\/index.php\/2025\/06\/06\/1a-feira-agroecologica-da-casa-do-trabalho-em-camacari-acontece-segunda\/"},"wordCount":225,"commentCount":0,"publisher":{"@id":"https:\/\/compartilhabahia.com.br\/#organization"},"articleSection":["Cama\u00e7ari"],"inLanguage":"pt-BR","potentialAction":[{"@type":"CommentAction","name":"Comment","target":["https:\/\/compartilhabahia.com.br\/index.php\/2025\/06\/06\/1a-feira-agroecologica-da-casa-do-trabalho-em-camacari-acontece-segunda\/#respond"]}]},{"@type":"WebPage","@id":"https:\/\/compartilhabahia.com.br\/index.php\/2025\/06\/06\/1a-feira-agroecologica-da-casa-do-trabalho-em-camacari-acontece-segunda\/","url":"https:\/\/compartilhabahia.com.br\/index.php\/2025\/06\/06\/1a-feira-agroecologica-da-casa-do-trabalho-em-camacari-acontece-segunda\/","name":"1\u00aa Feira Agroecol\u00f3gica da Casa do Trabalho em Cama\u00e7ari acontece segunda - Compartilha Bahia","isPartOf":{"@id":"https:\/\/compartilhabahia.com.br\/#website"},"datePublished":"2025-06-06T16:25:59+00:00","dateModified":"2025-06-09T14:52:44+00:00","breadcrumb":{"@id":"https:\/\/compartilhabahia.com.br\/index.php\/2025\/06\/06\/1a-feira-agroecologica-da-casa-do-trabalho-em-camacari-acontece-segunda\/#breadcrumb"},"inLanguage":"pt-BR","potentialAction":[{"@type":"ReadAction","target":["https:\/\/compartilhabahia.com.br\/index.php\/2025\/06\/06\/1a-feira-agroecologica-da-casa-do-trabalho-em-camacari-acontece-segunda\/"]}]},{"@type":"BreadcrumbList","@id":"https:\/\/compartilhabahia.com.br\/index.php\/2025\/06\/06\/1a-feira-agroecologica-da-casa-do-trabalho-em-camacari-acontece-segunda\/#breadcrumb","itemListElement":[{"@type":"ListItem","position":1,"name":"In\u00edcio","item":"https:\/\/compartilhabahia.com.br\/"},{"@type":"ListItem","position":2,"name":"1\u00aa Feira Agroecol\u00f3gica da Casa do Trabalho em Cama\u00e7ari acontece segunda"}]},{"@type":"WebSite","@id":"https:\/\/compartilhabahia.com.br\/#website","url":"https:\/\/compartilhabahia.com.br\/","name":"Compartilha Bahia","description":"","publisher":{"@id":"https:\/\/compartilhabahia.com.br\/#organization"},"potentialAction":[{"@type":"SearchAction","target":{"@type":"EntryPoint","urlTemplate":"https:\/\/compartilhabahia.com.br\/?s={search_term_string}"},"query-input":"required name=search_term_string"}],"inLanguage":"pt-BR"},{"@type":"Organization","@id":"https:\/\/compartilhabahia.com.br\/#organization","name":"Compartilha Bahia","url":"https:\/\/compartilhabahia.com.br\/","logo":{"@type":"ImageObject","inLanguage":"pt-BR","@id":"https:\/\/compartilhabahia.com.br\/#\/schema\/logo\/image\/","url":"https:\/\/compartilhabahia.com.br\/wp-content\/uploads\/2023\/12\/cropped-logo.png","contentUrl":"https:\/\/compartilhabahia.com.br\/wp-content\/uploads\/2023\/12\/cropped-logo.png","width":300,"height":106,"caption":"Compartilha Bahia"},"image":{"@id":"https:\/\/compartilhabahia.com.br\/#\/schema\/logo\/image\/"},"sameAs":["https:\/\/web.facebook.com\/compartilhabahia","https:\/\/www.instagram.com\/compartilhabahia\/"]},{"@type":"Person","@id":"https:\/\/compartilhabahia.com.br\/#\/schema\/person\/9b4f0c3178793b8248d6686732521c04","name":"admin","image":{"@type":"ImageObject","inLanguage":"pt-BR","@id":"https:\/\/compartilhabahia.com.br\/#\/schema\/person\/image\/","url":"https:\/\/secure.gravatar.com\/avatar\/9600df58751c5acbe914c538c03390ef649ea088cb65f84ba09c7ce66988eed6?s=96&d=mm&r=g","contentUrl":"https:\/\/secure.gravatar.com\/avatar\/9600df58751c5acbe914c538c03390ef649ea088cb65f84ba09c7ce66988eed6?s=96&d=mm&r=g","caption":"admin"},"sameAs":["https:\/\/compartilhabahia.com.br"],"url":"https:\/\/compartilhabahia.com.br\/index.php\/author\/compartilhabahia\/"}]}},"_links":{"self":[{"href":"https:\/\/compartilhabahia.com.br\/index.php\/wp-json\/wp\/v2\/posts\/6768","targetHints":{"allow":["GET"]}}],"collection":[{"href":"https:\/\/compartilhabahia.com.br\/index.php\/wp-json\/wp\/v2\/posts"}],"about":[{"href":"https:\/\/compartilhabahia.com.br\/index.php\/wp-json\/wp\/v2\/types\/post"}],"author":[{"embeddable":true,"href":"https:\/\/compartilhabahia.com.br\/index.php\/wp-json\/wp\/v2\/users\/1"}],"replies":[{"embeddable":true,"href":"https:\/\/compartilhabahia.com.br\/index.php\/wp-json\/wp\/v2\/comments?post=6768"}],"version-history":[{"count":1,"href":"https:\/\/compartilhabahia.com.br\/index.php\/wp-json\/wp\/v2\/posts\/6768\/revisions"}],"predecessor-version":[{"id":6770,"href":"https:\/\/compartilhabahia.com.br\/index.php\/wp-json\/wp\/v2\/posts\/6768\/revisions\/6770"}],"wp:featuredmedia":[{"embeddable":true,"href":"https:\/\/compartilhabahia.com.br\/index.php\/wp-json\/wp\/v2\/media\/6769"}],"wp:attachment":[{"href":"https:\/\/compartilhabahia.com.br\/index.php\/wp-json\/wp\/v2\/media?parent=6768"}],"wp:term":[{"taxonomy":"category","embeddable":true,"href":"https:\/\/compartilhabahia.com.br\/index.php\/wp-json\/wp\/v2\/categories?post=6768"},{"taxonomy":"post_tag","embeddable":true,"href":"https:\/\/compartilhabahia.com.br\/index.php\/wp-json\/wp\/v2\/tags?post=6768"}],"curies":[{"name":"wp","href":"https:\/\/api.w.org\/{rel}","templated":true}]}}