{"id":6362,"date":"2025-05-05T23:19:00","date_gmt":"2025-05-06T02:19:00","guid":{"rendered":"https:\/\/compartilhabahia.com.br\/?p=6362"},"modified":"2025-05-05T23:19:01","modified_gmt":"2025-05-06T02:19:01","slug":"prefeitura-responde-rapido-diante-dos-problemas-causados-pelas-fortes-chuvas","status":"publish","type":"post","link":"https:\/\/compartilhabahia.com.br\/index.php\/2025\/05\/05\/prefeitura-responde-rapido-diante-dos-problemas-causados-pelas-fortes-chuvas\/","title":{"rendered":"Prefeitura responde r\u00e1pido diante dos problemas causados pelas fortes chuvas"},"content":{"rendered":"\n<p>Opera\u00e7\u00e3o Chuva: For\u00e7a-tarefa alinha a\u00e7\u00f5es para os pr\u00f3ximos dias em Cama\u00e7ari<\/p>\n\n\n\n<p>Diante das fortes chuvas que persistem em Cama\u00e7ari desde o final de semana, devido a uma frente fria que avan\u00e7ou sobre a Regi\u00e3o Metropolitana de Salvador, o governo municipal fez uma reuni\u00e3o para definir as a\u00e7\u00f5es da Opera\u00e7\u00e3o Chuva nos pr\u00f3ximos dias. O encontro desta segunda-feira (5), conduzido pelo prefeito Luiz Caetano, reuniu seis secretarias e a Defesa Civil para alinhar o atendimento \u00e0 popula\u00e7\u00e3o e \u00e0s ocorr\u00eancias na sede e orla do munic\u00edpio.<\/p>\n\n\n\n<p>\u201cN\u00f3s criamos uma for\u00e7a-tarefa e montamos a Opera\u00e7\u00e3o Chuva, e essa equipe tem trabalhado esse final de semana todo. Estamos muito preocupados, porque a previs\u00e3o \u00e9 de que tenha mais chuva, ent\u00e3o n\u00f3s fizemos aqui hoje toda uma avalia\u00e7\u00e3o, um levantamento dos pontos positivos e negativos. N\u00f3s queremos dizer \u00e0 popula\u00e7\u00e3o que qualquer problema que tenha na sua rua, no seu bairro, na sua casa, ligue para a Defesa Civil que o plant\u00e3o \u00e9 de 24 horas\u201d, destacou o prefeito.<\/p>\n\n\n\n<p>Juntas, as Secretarias da Infraestrutura (Seinfra), de Desenvolvimento Social e Cidadania (Sedes), de Servi\u00e7os P\u00fablicos (Sesp), de Desenvolvimento Urbano e Meio Ambiente (Sedur), de Governo (Segov) e de Rela\u00e7\u00f5es Institucionais (Serin) propuseram trabalhos imediatos em parceria com a Defesa Civil para solucionar os problemas provocados pelas chuvas.<\/p>\n\n\n\n<p>De sexta-feira (2) a domingo (4) foram registradas 120 ocorr\u00eancias em Cama\u00e7ari, entre alagamentos, deslizamentos, queda de \u00e1rvore, riscos de desabamento, obstru\u00e7\u00f5es de vias e solicita\u00e7\u00f5es de vistoria t\u00e9cnica, sendo 60 na sexta-feira, 33 no s\u00e1bado (3) e 27 no domingo. Entre as localidades mais afetadas est\u00e3o Monte Gordo, Lama Preta, Canto dos P\u00e1ssaros, Barra de Jacu\u00edpe, Nova Vit\u00f3ria e Arembepe, que concentraram o maior n\u00famero de chamados.<\/p>\n\n\n\n<p>O coordenador da Defesa de Civil, Almir Reis, destacou que o volume de chuva acumulado somente na \u00faltima sexta-feira, 120 mil\u00edmetros, foi quatro vezes maior do que o esperado para o dia.<\/p>\n\n\n\n<p>\u201cTemos previs\u00e3o de chuva at\u00e9 sexta-feira. Na quinta ela aumenta um pouco e na sexta h\u00e1 95% de chance de muita chuva, com previs\u00e3o de 80 a 100 mil\u00edmetros. Hoje nos reunimos com outras secretarias para gente estruturar a Opera\u00e7\u00e3o Chuva, por conta da intensidade de chuva que est\u00e1 prevista at\u00e9 sexta-feira. Ent\u00e3o, n\u00f3s dobramos a equipe e o plant\u00e3o est\u00e1 sendo 24 horas, com o operacional, brigadistas e o call center. At\u00e9 o \u00faltimo dia da previs\u00e3o de chuva a gente vai trabalhar incansavelmente\u201d, pontuou o coordenador.<\/p>\n\n\n\n<p>\u00c0 comunidade, o \u00f3rg\u00e3o deixa uma orienta\u00e7\u00e3o para evitar contato com fios de alta tens\u00e3o e cabos de energia que, porventura, tenham ca\u00eddo, e n\u00e3o ficar debaixo de \u00e1rvores. Para registro de ocorr\u00eancia ou pedido de ajuda, a popula\u00e7\u00e3o pode continuar acionando a Defesa Civil pelo n\u00famero 199, (71) 3622-7799 e (71) 99981-0253 (WhatsApp).<\/p>\n\n\n\n<p>O comit\u00ea tamb\u00e9m j\u00e1 est\u00e1 pensando no per\u00edodo p\u00f3s-chuva, com a atua\u00e7\u00e3o ainda mais intensiva na limpeza de canais e rios, e manuten\u00e7\u00e3o das encostas.<\/p>\n\n\n\n<p>Foto: Juliano Sarraf<\/p>\n","protected":false},"excerpt":{"rendered":"<p>Opera\u00e7\u00e3o Chuva: For\u00e7a-tarefa alinha a\u00e7\u00f5es para os pr\u00f3ximos dias em Cama\u00e7ari Diante das fortes chuvas que persistem em Cama\u00e7ari desde o final de semana, devido a uma frente fria que avan\u00e7ou sobre a Regi\u00e3o Metropolitana de Salvador, o governo municipal fez uma reuni\u00e3o para definir as a\u00e7\u00f5es da Opera\u00e7\u00e3o Chuva nos pr\u00f3ximos dias. O encontro [&hellip;]<\/p>\n","protected":false},"author":1,"featured_media":6363,"comment_status":"open","ping_status":"open","sticky":false,"template":"","format":"standard","meta":{"footnotes":""},"categories":[8],"tags":[],"class_list":["post-6362","post","type-post","status-publish","format-standard","has-post-thumbnail","hentry","category-camacari"],"yoast_head":"<!-- This site is optimized with the Yoast SEO plugin v21.7 - https:\/\/yoast.com\/wordpress\/plugins\/seo\/ -->\n<title>Prefeitura responde r\u00e1pido diante dos problemas causados pelas fortes chuvas - Compartilha Bahia<\/title>\n<meta name=\"robots\" content=\"index, follow, max-snippet:-1, max-image-preview:large, max-video-preview:-1\" \/>\n<link rel=\"canonical\" href=\"https:\/\/compartilhabahia.com.br\/index.php\/2025\/05\/05\/prefeitura-responde-rapido-diante-dos-problemas-causados-pelas-fortes-chuvas\/\" \/>\n<meta property=\"og:locale\" content=\"pt_BR\" \/>\n<meta property=\"og:type\" content=\"article\" \/>\n<meta property=\"og:title\" content=\"Prefeitura responde r\u00e1pido diante dos problemas causados pelas fortes chuvas - Compartilha Bahia\" \/>\n<meta property=\"og:description\" content=\"Opera\u00e7\u00e3o Chuva: For\u00e7a-tarefa alinha a\u00e7\u00f5es para os pr\u00f3ximos dias em Cama\u00e7ari Diante das fortes chuvas que persistem em Cama\u00e7ari desde o final de semana, devido a uma frente fria que avan\u00e7ou sobre a Regi\u00e3o Metropolitana de Salvador, o governo municipal fez uma reuni\u00e3o para definir as a\u00e7\u00f5es da Opera\u00e7\u00e3o Chuva nos pr\u00f3ximos dias. O encontro [&hellip;]\" \/>\n<meta property=\"og:url\" content=\"https:\/\/compartilhabahia.com.br\/index.php\/2025\/05\/05\/prefeitura-responde-rapido-diante-dos-problemas-causados-pelas-fortes-chuvas\/\" \/>\n<meta property=\"og:site_name\" content=\"Compartilha Bahia\" \/>\n<meta property=\"article:publisher\" content=\"https:\/\/web.facebook.com\/compartilhabahia\" \/>\n<meta property=\"article:published_time\" content=\"2025-05-06T02:19:00+00:00\" \/>\n<meta property=\"article:modified_time\" content=\"2025-05-06T02:19:01+00:00\" \/>\n<meta property=\"og:image\" content=\"https:\/\/compartilhabahia.com.br\/wp-content\/uploads\/2025\/05\/chuva_acao.jpg\" \/>\n\t<meta property=\"og:image:width\" content=\"800\" \/>\n\t<meta property=\"og:image:height\" content=\"533\" \/>\n\t<meta property=\"og:image:type\" content=\"image\/jpeg\" \/>\n<meta name=\"author\" content=\"admin\" \/>\n<meta name=\"twitter:card\" content=\"summary_large_image\" \/>\n<meta name=\"twitter:label1\" content=\"Escrito por\" \/>\n\t<meta name=\"twitter:data1\" content=\"admin\" \/>\n\t<meta name=\"twitter:label2\" content=\"Est. tempo de leitura\" \/>\n\t<meta name=\"twitter:data2\" content=\"3 minutos\" \/>\n<script type=\"application\/ld+json\" class=\"yoast-schema-graph\">{\"@context\":\"https:\/\/schema.org\",\"@graph\":[{\"@type\":\"Article\",\"@id\":\"https:\/\/compartilhabahia.com.br\/index.php\/2025\/05\/05\/prefeitura-responde-rapido-diante-dos-problemas-causados-pelas-fortes-chuvas\/#article\",\"isPartOf\":{\"@id\":\"https:\/\/compartilhabahia.com.br\/index.php\/2025\/05\/05\/prefeitura-responde-rapido-diante-dos-problemas-causados-pelas-fortes-chuvas\/\"},\"author\":{\"name\":\"admin\",\"@id\":\"https:\/\/compartilhabahia.com.br\/#\/schema\/person\/9b4f0c3178793b8248d6686732521c04\"},\"headline\":\"Prefeitura responde r\u00e1pido diante dos problemas causados pelas fortes chuvas\",\"datePublished\":\"2025-05-06T02:19:00+00:00\",\"dateModified\":\"2025-05-06T02:19:01+00:00\",\"mainEntityOfPage\":{\"@id\":\"https:\/\/compartilhabahia.com.br\/index.php\/2025\/05\/05\/prefeitura-responde-rapido-diante-dos-problemas-causados-pelas-fortes-chuvas\/\"},\"wordCount\":532,\"commentCount\":0,\"publisher\":{\"@id\":\"https:\/\/compartilhabahia.com.br\/#organization\"},\"articleSection\":[\"Cama\u00e7ari\"],\"inLanguage\":\"pt-BR\",\"potentialAction\":[{\"@type\":\"CommentAction\",\"name\":\"Comment\",\"target\":[\"https:\/\/compartilhabahia.com.br\/index.php\/2025\/05\/05\/prefeitura-responde-rapido-diante-dos-problemas-causados-pelas-fortes-chuvas\/#respond\"]}]},{\"@type\":\"WebPage\",\"@id\":\"https:\/\/compartilhabahia.com.br\/index.php\/2025\/05\/05\/prefeitura-responde-rapido-diante-dos-problemas-causados-pelas-fortes-chuvas\/\",\"url\":\"https:\/\/compartilhabahia.com.br\/index.php\/2025\/05\/05\/prefeitura-responde-rapido-diante-dos-problemas-causados-pelas-fortes-chuvas\/\",\"name\":\"Prefeitura responde r\u00e1pido diante dos problemas causados pelas fortes chuvas - Compartilha Bahia\",\"isPartOf\":{\"@id\":\"https:\/\/compartilhabahia.com.br\/#website\"},\"datePublished\":\"2025-05-06T02:19:00+00:00\",\"dateModified\":\"2025-05-06T02:19:01+00:00\",\"breadcrumb\":{\"@id\":\"https:\/\/compartilhabahia.com.br\/index.php\/2025\/05\/05\/prefeitura-responde-rapido-diante-dos-problemas-causados-pelas-fortes-chuvas\/#breadcrumb\"},\"inLanguage\":\"pt-BR\",\"potentialAction\":[{\"@type\":\"ReadAction\",\"target\":[\"https:\/\/compartilhabahia.com.br\/index.php\/2025\/05\/05\/prefeitura-responde-rapido-diante-dos-problemas-causados-pelas-fortes-chuvas\/\"]}]},{\"@type\":\"BreadcrumbList\",\"@id\":\"https:\/\/compartilhabahia.com.br\/index.php\/2025\/05\/05\/prefeitura-responde-rapido-diante-dos-problemas-causados-pelas-fortes-chuvas\/#breadcrumb\",\"itemListElement\":[{\"@type\":\"ListItem\",\"position\":1,\"name\":\"In\u00edcio\",\"item\":\"https:\/\/compartilhabahia.com.br\/\"},{\"@type\":\"ListItem\",\"position\":2,\"name\":\"Prefeitura responde r\u00e1pido diante dos problemas causados pelas fortes chuvas\"}]},{\"@type\":\"WebSite\",\"@id\":\"https:\/\/compartilhabahia.com.br\/#website\",\"url\":\"https:\/\/compartilhabahia.com.br\/\",\"name\":\"Compartilha Bahia\",\"description\":\"\",\"publisher\":{\"@id\":\"https:\/\/compartilhabahia.com.br\/#organization\"},\"potentialAction\":[{\"@type\":\"SearchAction\",\"target\":{\"@type\":\"EntryPoint\",\"urlTemplate\":\"https:\/\/compartilhabahia.com.br\/?s={search_term_string}\"},\"query-input\":\"required name=search_term_string\"}],\"inLanguage\":\"pt-BR\"},{\"@type\":\"Organization\",\"@id\":\"https:\/\/compartilhabahia.com.br\/#organization\",\"name\":\"Compartilha Bahia\",\"url\":\"https:\/\/compartilhabahia.com.br\/\",\"logo\":{\"@type\":\"ImageObject\",\"inLanguage\":\"pt-BR\",\"@id\":\"https:\/\/compartilhabahia.com.br\/#\/schema\/logo\/image\/\",\"url\":\"https:\/\/compartilhabahia.com.br\/wp-content\/uploads\/2023\/12\/cropped-logo.png\",\"contentUrl\":\"https:\/\/compartilhabahia.com.br\/wp-content\/uploads\/2023\/12\/cropped-logo.png\",\"width\":300,\"height\":106,\"caption\":\"Compartilha Bahia\"},\"image\":{\"@id\":\"https:\/\/compartilhabahia.com.br\/#\/schema\/logo\/image\/\"},\"sameAs\":[\"https:\/\/web.facebook.com\/compartilhabahia\",\"https:\/\/www.instagram.com\/compartilhabahia\/\"]},{\"@type\":\"Person\",\"@id\":\"https:\/\/compartilhabahia.com.br\/#\/schema\/person\/9b4f0c3178793b8248d6686732521c04\",\"name\":\"admin\",\"image\":{\"@type\":\"ImageObject\",\"inLanguage\":\"pt-BR\",\"@id\":\"https:\/\/compartilhabahia.com.br\/#\/schema\/person\/image\/\",\"url\":\"https:\/\/secure.gravatar.com\/avatar\/9600df58751c5acbe914c538c03390ef649ea088cb65f84ba09c7ce66988eed6?s=96&d=mm&r=g\",\"contentUrl\":\"https:\/\/secure.gravatar.com\/avatar\/9600df58751c5acbe914c538c03390ef649ea088cb65f84ba09c7ce66988eed6?s=96&d=mm&r=g\",\"caption\":\"admin\"},\"sameAs\":[\"https:\/\/compartilhabahia.com.br\"],\"url\":\"https:\/\/compartilhabahia.com.br\/index.php\/author\/compartilhabahia\/\"}]}<\/script>\n<!-- \/ Yoast SEO plugin. -->","yoast_head_json":{"title":"Prefeitura responde r\u00e1pido diante dos problemas causados pelas fortes chuvas - Compartilha Bahia","robots":{"index":"index","follow":"follow","max-snippet":"max-snippet:-1","max-image-preview":"max-image-preview:large","max-video-preview":"max-video-preview:-1"},"canonical":"https:\/\/compartilhabahia.com.br\/index.php\/2025\/05\/05\/prefeitura-responde-rapido-diante-dos-problemas-causados-pelas-fortes-chuvas\/","og_locale":"pt_BR","og_type":"article","og_title":"Prefeitura responde r\u00e1pido diante dos problemas causados pelas fortes chuvas - Compartilha Bahia","og_description":"Opera\u00e7\u00e3o Chuva: For\u00e7a-tarefa alinha a\u00e7\u00f5es para os pr\u00f3ximos dias em Cama\u00e7ari Diante das fortes chuvas que persistem em Cama\u00e7ari desde o final de semana, devido a uma frente fria que avan\u00e7ou sobre a Regi\u00e3o Metropolitana de Salvador, o governo municipal fez uma reuni\u00e3o para definir as a\u00e7\u00f5es da Opera\u00e7\u00e3o Chuva nos pr\u00f3ximos dias. O encontro [&hellip;]","og_url":"https:\/\/compartilhabahia.com.br\/index.php\/2025\/05\/05\/prefeitura-responde-rapido-diante-dos-problemas-causados-pelas-fortes-chuvas\/","og_site_name":"Compartilha Bahia","article_publisher":"https:\/\/web.facebook.com\/compartilhabahia","article_published_time":"2025-05-06T02:19:00+00:00","article_modified_time":"2025-05-06T02:19:01+00:00","og_image":[{"width":800,"height":533,"url":"https:\/\/compartilhabahia.com.br\/wp-content\/uploads\/2025\/05\/chuva_acao.jpg","type":"image\/jpeg"}],"author":"admin","twitter_card":"summary_large_image","twitter_misc":{"Escrito por":"admin","Est. tempo de leitura":"3 minutos"},"schema":{"@context":"https:\/\/schema.org","@graph":[{"@type":"Article","@id":"https:\/\/compartilhabahia.com.br\/index.php\/2025\/05\/05\/prefeitura-responde-rapido-diante-dos-problemas-causados-pelas-fortes-chuvas\/#article","isPartOf":{"@id":"https:\/\/compartilhabahia.com.br\/index.php\/2025\/05\/05\/prefeitura-responde-rapido-diante-dos-problemas-causados-pelas-fortes-chuvas\/"},"author":{"name":"admin","@id":"https:\/\/compartilhabahia.com.br\/#\/schema\/person\/9b4f0c3178793b8248d6686732521c04"},"headline":"Prefeitura responde r\u00e1pido diante dos problemas causados pelas fortes chuvas","datePublished":"2025-05-06T02:19:00+00:00","dateModified":"2025-05-06T02:19:01+00:00","mainEntityOfPage":{"@id":"https:\/\/compartilhabahia.com.br\/index.php\/2025\/05\/05\/prefeitura-responde-rapido-diante-dos-problemas-causados-pelas-fortes-chuvas\/"},"wordCount":532,"commentCount":0,"publisher":{"@id":"https:\/\/compartilhabahia.com.br\/#organization"},"articleSection":["Cama\u00e7ari"],"inLanguage":"pt-BR","potentialAction":[{"@type":"CommentAction","name":"Comment","target":["https:\/\/compartilhabahia.com.br\/index.php\/2025\/05\/05\/prefeitura-responde-rapido-diante-dos-problemas-causados-pelas-fortes-chuvas\/#respond"]}]},{"@type":"WebPage","@id":"https:\/\/compartilhabahia.com.br\/index.php\/2025\/05\/05\/prefeitura-responde-rapido-diante-dos-problemas-causados-pelas-fortes-chuvas\/","url":"https:\/\/compartilhabahia.com.br\/index.php\/2025\/05\/05\/prefeitura-responde-rapido-diante-dos-problemas-causados-pelas-fortes-chuvas\/","name":"Prefeitura responde r\u00e1pido diante dos problemas causados pelas fortes chuvas - Compartilha Bahia","isPartOf":{"@id":"https:\/\/compartilhabahia.com.br\/#website"},"datePublished":"2025-05-06T02:19:00+00:00","dateModified":"2025-05-06T02:19:01+00:00","breadcrumb":{"@id":"https:\/\/compartilhabahia.com.br\/index.php\/2025\/05\/05\/prefeitura-responde-rapido-diante-dos-problemas-causados-pelas-fortes-chuvas\/#breadcrumb"},"inLanguage":"pt-BR","potentialAction":[{"@type":"ReadAction","target":["https:\/\/compartilhabahia.com.br\/index.php\/2025\/05\/05\/prefeitura-responde-rapido-diante-dos-problemas-causados-pelas-fortes-chuvas\/"]}]},{"@type":"BreadcrumbList","@id":"https:\/\/compartilhabahia.com.br\/index.php\/2025\/05\/05\/prefeitura-responde-rapido-diante-dos-problemas-causados-pelas-fortes-chuvas\/#breadcrumb","itemListElement":[{"@type":"ListItem","position":1,"name":"In\u00edcio","item":"https:\/\/compartilhabahia.com.br\/"},{"@type":"ListItem","position":2,"name":"Prefeitura responde r\u00e1pido diante dos problemas causados pelas fortes chuvas"}]},{"@type":"WebSite","@id":"https:\/\/compartilhabahia.com.br\/#website","url":"https:\/\/compartilhabahia.com.br\/","name":"Compartilha Bahia","description":"","publisher":{"@id":"https:\/\/compartilhabahia.com.br\/#organization"},"potentialAction":[{"@type":"SearchAction","target":{"@type":"EntryPoint","urlTemplate":"https:\/\/compartilhabahia.com.br\/?s={search_term_string}"},"query-input":"required name=search_term_string"}],"inLanguage":"pt-BR"},{"@type":"Organization","@id":"https:\/\/compartilhabahia.com.br\/#organization","name":"Compartilha Bahia","url":"https:\/\/compartilhabahia.com.br\/","logo":{"@type":"ImageObject","inLanguage":"pt-BR","@id":"https:\/\/compartilhabahia.com.br\/#\/schema\/logo\/image\/","url":"https:\/\/compartilhabahia.com.br\/wp-content\/uploads\/2023\/12\/cropped-logo.png","contentUrl":"https:\/\/compartilhabahia.com.br\/wp-content\/uploads\/2023\/12\/cropped-logo.png","width":300,"height":106,"caption":"Compartilha Bahia"},"image":{"@id":"https:\/\/compartilhabahia.com.br\/#\/schema\/logo\/image\/"},"sameAs":["https:\/\/web.facebook.com\/compartilhabahia","https:\/\/www.instagram.com\/compartilhabahia\/"]},{"@type":"Person","@id":"https:\/\/compartilhabahia.com.br\/#\/schema\/person\/9b4f0c3178793b8248d6686732521c04","name":"admin","image":{"@type":"ImageObject","inLanguage":"pt-BR","@id":"https:\/\/compartilhabahia.com.br\/#\/schema\/person\/image\/","url":"https:\/\/secure.gravatar.com\/avatar\/9600df58751c5acbe914c538c03390ef649ea088cb65f84ba09c7ce66988eed6?s=96&d=mm&r=g","contentUrl":"https:\/\/secure.gravatar.com\/avatar\/9600df58751c5acbe914c538c03390ef649ea088cb65f84ba09c7ce66988eed6?s=96&d=mm&r=g","caption":"admin"},"sameAs":["https:\/\/compartilhabahia.com.br"],"url":"https:\/\/compartilhabahia.com.br\/index.php\/author\/compartilhabahia\/"}]}},"_links":{"self":[{"href":"https:\/\/compartilhabahia.com.br\/index.php\/wp-json\/wp\/v2\/posts\/6362","targetHints":{"allow":["GET"]}}],"collection":[{"href":"https:\/\/compartilhabahia.com.br\/index.php\/wp-json\/wp\/v2\/posts"}],"about":[{"href":"https:\/\/compartilhabahia.com.br\/index.php\/wp-json\/wp\/v2\/types\/post"}],"author":[{"embeddable":true,"href":"https:\/\/compartilhabahia.com.br\/index.php\/wp-json\/wp\/v2\/users\/1"}],"replies":[{"embeddable":true,"href":"https:\/\/compartilhabahia.com.br\/index.php\/wp-json\/wp\/v2\/comments?post=6362"}],"version-history":[{"count":1,"href":"https:\/\/compartilhabahia.com.br\/index.php\/wp-json\/wp\/v2\/posts\/6362\/revisions"}],"predecessor-version":[{"id":6364,"href":"https:\/\/compartilhabahia.com.br\/index.php\/wp-json\/wp\/v2\/posts\/6362\/revisions\/6364"}],"wp:featuredmedia":[{"embeddable":true,"href":"https:\/\/compartilhabahia.com.br\/index.php\/wp-json\/wp\/v2\/media\/6363"}],"wp:attachment":[{"href":"https:\/\/compartilhabahia.com.br\/index.php\/wp-json\/wp\/v2\/media?parent=6362"}],"wp:term":[{"taxonomy":"category","embeddable":true,"href":"https:\/\/compartilhabahia.com.br\/index.php\/wp-json\/wp\/v2\/categories?post=6362"},{"taxonomy":"post_tag","embeddable":true,"href":"https:\/\/compartilhabahia.com.br\/index.php\/wp-json\/wp\/v2\/tags?post=6362"}],"curies":[{"name":"wp","href":"https:\/\/api.w.org\/{rel}","templated":true}]}}