{"id":6132,"date":"2025-04-22T11:52:16","date_gmt":"2025-04-22T14:52:16","guid":{"rendered":"https:\/\/compartilhabahia.com.br\/?p=6132"},"modified":"2025-04-22T11:54:34","modified_gmt":"2025-04-22T14:54:34","slug":"camacari-ldo-2026-sera-debatida-em-audiencia-publica-no-proximo-dia-30","status":"publish","type":"post","link":"https:\/\/compartilhabahia.com.br\/index.php\/2025\/04\/22\/camacari-ldo-2026-sera-debatida-em-audiencia-publica-no-proximo-dia-30\/","title":{"rendered":"Cama\u00e7ari: LDO 2026 ser\u00e1 debatida em audi\u00eancia p\u00fablica no pr\u00f3ximo dia 30"},"content":{"rendered":"\n<p><\/p>\n\n\n\n<p>Refor\u00e7ando o compromisso da administra\u00e7\u00e3o municipal com a transpar\u00eancia e o di\u00e1logo com a popula\u00e7\u00e3o, a Prefeitura de Cama\u00e7ari realiza no dia 30 de abril, a partir das 8h, a audi\u00eancia p\u00fablica para a elabora\u00e7\u00e3o do Projeto de Lei que trata da Lei de Diretrizes Or\u00e7ament\u00e1rias (LDO) de 2026. Voltada \u00e0 discuss\u00e3o das metas e prioridades da gest\u00e3o, o encontro, que ser\u00e1 no audit\u00f3rio da Secretaria de Governo (Segov), \u00e9 aberto ao p\u00fablico.<\/p>\n\n\n\n<p>Considerando que o exerc\u00edcio da cidadania \u00e9 direito e dever de todo mun\u00edcipe, a participa\u00e7\u00e3o da comunidade \u00e9 de suma import\u00e2ncia nesse processo de defini\u00e7\u00e3o do planejamento de a\u00e7\u00f5es a serem executadas no munic\u00edpio ao longo do pr\u00f3ximo ano. Educa\u00e7\u00e3o, infraestrutura, assist\u00eancia social e sa\u00fade, exemplificam as \u00e1reas que ser\u00e3o alcan\u00e7adas durante a audi\u00eancia p\u00fablica.<\/p>\n\n\n\n<p>Al\u00e9m da presen\u00e7a de autoridades municipais, o encontro tamb\u00e9m prev\u00ea a presen\u00e7a de representantes de organiza\u00e7\u00f5es n\u00e3o governamentais (ONGs) locais. O edital que trata da realiza\u00e7\u00e3o da audi\u00eancia p\u00fablica foi publicado no Di\u00e1rio Oficial do Munic\u00edpio (DOM) edi\u00e7\u00e3o n.\u00b0 2.610\/2025, e pode ser acessado aqui (https:\/\/www.camacari.ba.gov.br\/wp-content\/uploads\/2025\/04\/diario-2610.certificado.pdf).<\/p>\n\n\n\n<p>O audit\u00f3rio da Segov est\u00e1 localizado no pr\u00e9dio verde do Centro Administrativo de Cama\u00e7ari, na Avenida do Contorno.<\/p>\n\n\n\n<p>Foto: Rafael Kuster<\/p>\n","protected":false},"excerpt":{"rendered":"<p>Refor\u00e7ando o compromisso da administra\u00e7\u00e3o municipal com a transpar\u00eancia e o di\u00e1logo com a popula\u00e7\u00e3o, a Prefeitura de Cama\u00e7ari realiza no dia 30 de abril, a partir das 8h, a audi\u00eancia p\u00fablica para a elabora\u00e7\u00e3o do Projeto de Lei que trata da Lei de Diretrizes Or\u00e7ament\u00e1rias (LDO) de 2026. Voltada \u00e0 discuss\u00e3o das metas e [&hellip;]<\/p>\n","protected":false},"author":1,"featured_media":6133,"comment_status":"open","ping_status":"open","sticky":false,"template":"","format":"standard","meta":{"footnotes":""},"categories":[8],"tags":[],"class_list":["post-6132","post","type-post","status-publish","format-standard","has-post-thumbnail","hentry","category-camacari"],"yoast_head":"<!-- This site is optimized with the Yoast SEO plugin v21.7 - https:\/\/yoast.com\/wordpress\/plugins\/seo\/ -->\n<title>Cama\u00e7ari: LDO 2026 ser\u00e1 debatida em audi\u00eancia p\u00fablica no pr\u00f3ximo dia 30 - Compartilha Bahia<\/title>\n<meta name=\"robots\" content=\"index, follow, max-snippet:-1, max-image-preview:large, max-video-preview:-1\" \/>\n<link rel=\"canonical\" href=\"https:\/\/compartilhabahia.com.br\/index.php\/2025\/04\/22\/camacari-ldo-2026-sera-debatida-em-audiencia-publica-no-proximo-dia-30\/\" \/>\n<meta property=\"og:locale\" content=\"pt_BR\" \/>\n<meta property=\"og:type\" content=\"article\" \/>\n<meta property=\"og:title\" content=\"Cama\u00e7ari: LDO 2026 ser\u00e1 debatida em audi\u00eancia p\u00fablica no pr\u00f3ximo dia 30 - Compartilha Bahia\" \/>\n<meta property=\"og:description\" content=\"Refor\u00e7ando o compromisso da administra\u00e7\u00e3o municipal com a transpar\u00eancia e o di\u00e1logo com a popula\u00e7\u00e3o, a Prefeitura de Cama\u00e7ari realiza no dia 30 de abril, a partir das 8h, a audi\u00eancia p\u00fablica para a elabora\u00e7\u00e3o do Projeto de Lei que trata da Lei de Diretrizes Or\u00e7ament\u00e1rias (LDO) de 2026. Voltada \u00e0 discuss\u00e3o das metas e [&hellip;]\" \/>\n<meta property=\"og:url\" content=\"https:\/\/compartilhabahia.com.br\/index.php\/2025\/04\/22\/camacari-ldo-2026-sera-debatida-em-audiencia-publica-no-proximo-dia-30\/\" \/>\n<meta property=\"og:site_name\" content=\"Compartilha Bahia\" \/>\n<meta property=\"article:publisher\" content=\"https:\/\/web.facebook.com\/compartilhabahia\" \/>\n<meta property=\"article:published_time\" content=\"2025-04-22T14:52:16+00:00\" \/>\n<meta property=\"article:modified_time\" content=\"2025-04-22T14:54:34+00:00\" \/>\n<meta property=\"og:image\" content=\"https:\/\/compartilhabahia.com.br\/wp-content\/uploads\/2025\/04\/camacariaerea.jpg\" \/>\n\t<meta property=\"og:image:width\" content=\"800\" \/>\n\t<meta property=\"og:image:height\" content=\"450\" \/>\n\t<meta property=\"og:image:type\" content=\"image\/jpeg\" \/>\n<meta name=\"author\" content=\"admin\" \/>\n<meta name=\"twitter:card\" content=\"summary_large_image\" \/>\n<meta name=\"twitter:label1\" content=\"Escrito por\" \/>\n\t<meta name=\"twitter:data1\" content=\"admin\" \/>\n\t<meta name=\"twitter:label2\" content=\"Est. tempo de leitura\" \/>\n\t<meta name=\"twitter:data2\" content=\"2 minutos\" \/>\n<script type=\"application\/ld+json\" class=\"yoast-schema-graph\">{\"@context\":\"https:\/\/schema.org\",\"@graph\":[{\"@type\":\"Article\",\"@id\":\"https:\/\/compartilhabahia.com.br\/index.php\/2025\/04\/22\/camacari-ldo-2026-sera-debatida-em-audiencia-publica-no-proximo-dia-30\/#article\",\"isPartOf\":{\"@id\":\"https:\/\/compartilhabahia.com.br\/index.php\/2025\/04\/22\/camacari-ldo-2026-sera-debatida-em-audiencia-publica-no-proximo-dia-30\/\"},\"author\":{\"name\":\"admin\",\"@id\":\"https:\/\/compartilhabahia.com.br\/#\/schema\/person\/9b4f0c3178793b8248d6686732521c04\"},\"headline\":\"Cama\u00e7ari: LDO 2026 ser\u00e1 debatida em audi\u00eancia p\u00fablica no pr\u00f3ximo dia 30\",\"datePublished\":\"2025-04-22T14:52:16+00:00\",\"dateModified\":\"2025-04-22T14:54:34+00:00\",\"mainEntityOfPage\":{\"@id\":\"https:\/\/compartilhabahia.com.br\/index.php\/2025\/04\/22\/camacari-ldo-2026-sera-debatida-em-audiencia-publica-no-proximo-dia-30\/\"},\"wordCount\":257,\"commentCount\":0,\"publisher\":{\"@id\":\"https:\/\/compartilhabahia.com.br\/#organization\"},\"articleSection\":[\"Cama\u00e7ari\"],\"inLanguage\":\"pt-BR\",\"potentialAction\":[{\"@type\":\"CommentAction\",\"name\":\"Comment\",\"target\":[\"https:\/\/compartilhabahia.com.br\/index.php\/2025\/04\/22\/camacari-ldo-2026-sera-debatida-em-audiencia-publica-no-proximo-dia-30\/#respond\"]}]},{\"@type\":\"WebPage\",\"@id\":\"https:\/\/compartilhabahia.com.br\/index.php\/2025\/04\/22\/camacari-ldo-2026-sera-debatida-em-audiencia-publica-no-proximo-dia-30\/\",\"url\":\"https:\/\/compartilhabahia.com.br\/index.php\/2025\/04\/22\/camacari-ldo-2026-sera-debatida-em-audiencia-publica-no-proximo-dia-30\/\",\"name\":\"Cama\u00e7ari: LDO 2026 ser\u00e1 debatida em audi\u00eancia p\u00fablica no pr\u00f3ximo dia 30 - Compartilha Bahia\",\"isPartOf\":{\"@id\":\"https:\/\/compartilhabahia.com.br\/#website\"},\"datePublished\":\"2025-04-22T14:52:16+00:00\",\"dateModified\":\"2025-04-22T14:54:34+00:00\",\"breadcrumb\":{\"@id\":\"https:\/\/compartilhabahia.com.br\/index.php\/2025\/04\/22\/camacari-ldo-2026-sera-debatida-em-audiencia-publica-no-proximo-dia-30\/#breadcrumb\"},\"inLanguage\":\"pt-BR\",\"potentialAction\":[{\"@type\":\"ReadAction\",\"target\":[\"https:\/\/compartilhabahia.com.br\/index.php\/2025\/04\/22\/camacari-ldo-2026-sera-debatida-em-audiencia-publica-no-proximo-dia-30\/\"]}]},{\"@type\":\"BreadcrumbList\",\"@id\":\"https:\/\/compartilhabahia.com.br\/index.php\/2025\/04\/22\/camacari-ldo-2026-sera-debatida-em-audiencia-publica-no-proximo-dia-30\/#breadcrumb\",\"itemListElement\":[{\"@type\":\"ListItem\",\"position\":1,\"name\":\"In\u00edcio\",\"item\":\"https:\/\/compartilhabahia.com.br\/\"},{\"@type\":\"ListItem\",\"position\":2,\"name\":\"Cama\u00e7ari: LDO 2026 ser\u00e1 debatida em audi\u00eancia p\u00fablica no pr\u00f3ximo dia 30\"}]},{\"@type\":\"WebSite\",\"@id\":\"https:\/\/compartilhabahia.com.br\/#website\",\"url\":\"https:\/\/compartilhabahia.com.br\/\",\"name\":\"Compartilha Bahia\",\"description\":\"\",\"publisher\":{\"@id\":\"https:\/\/compartilhabahia.com.br\/#organization\"},\"potentialAction\":[{\"@type\":\"SearchAction\",\"target\":{\"@type\":\"EntryPoint\",\"urlTemplate\":\"https:\/\/compartilhabahia.com.br\/?s={search_term_string}\"},\"query-input\":\"required name=search_term_string\"}],\"inLanguage\":\"pt-BR\"},{\"@type\":\"Organization\",\"@id\":\"https:\/\/compartilhabahia.com.br\/#organization\",\"name\":\"Compartilha Bahia\",\"url\":\"https:\/\/compartilhabahia.com.br\/\",\"logo\":{\"@type\":\"ImageObject\",\"inLanguage\":\"pt-BR\",\"@id\":\"https:\/\/compartilhabahia.com.br\/#\/schema\/logo\/image\/\",\"url\":\"https:\/\/compartilhabahia.com.br\/wp-content\/uploads\/2023\/12\/cropped-logo.png\",\"contentUrl\":\"https:\/\/compartilhabahia.com.br\/wp-content\/uploads\/2023\/12\/cropped-logo.png\",\"width\":300,\"height\":106,\"caption\":\"Compartilha Bahia\"},\"image\":{\"@id\":\"https:\/\/compartilhabahia.com.br\/#\/schema\/logo\/image\/\"},\"sameAs\":[\"https:\/\/web.facebook.com\/compartilhabahia\",\"https:\/\/www.instagram.com\/compartilhabahia\/\"]},{\"@type\":\"Person\",\"@id\":\"https:\/\/compartilhabahia.com.br\/#\/schema\/person\/9b4f0c3178793b8248d6686732521c04\",\"name\":\"admin\",\"image\":{\"@type\":\"ImageObject\",\"inLanguage\":\"pt-BR\",\"@id\":\"https:\/\/compartilhabahia.com.br\/#\/schema\/person\/image\/\",\"url\":\"https:\/\/secure.gravatar.com\/avatar\/9600df58751c5acbe914c538c03390ef649ea088cb65f84ba09c7ce66988eed6?s=96&d=mm&r=g\",\"contentUrl\":\"https:\/\/secure.gravatar.com\/avatar\/9600df58751c5acbe914c538c03390ef649ea088cb65f84ba09c7ce66988eed6?s=96&d=mm&r=g\",\"caption\":\"admin\"},\"sameAs\":[\"https:\/\/compartilhabahia.com.br\"],\"url\":\"https:\/\/compartilhabahia.com.br\/index.php\/author\/compartilhabahia\/\"}]}<\/script>\n<!-- \/ Yoast SEO plugin. -->","yoast_head_json":{"title":"Cama\u00e7ari: LDO 2026 ser\u00e1 debatida em audi\u00eancia p\u00fablica no pr\u00f3ximo dia 30 - Compartilha Bahia","robots":{"index":"index","follow":"follow","max-snippet":"max-snippet:-1","max-image-preview":"max-image-preview:large","max-video-preview":"max-video-preview:-1"},"canonical":"https:\/\/compartilhabahia.com.br\/index.php\/2025\/04\/22\/camacari-ldo-2026-sera-debatida-em-audiencia-publica-no-proximo-dia-30\/","og_locale":"pt_BR","og_type":"article","og_title":"Cama\u00e7ari: LDO 2026 ser\u00e1 debatida em audi\u00eancia p\u00fablica no pr\u00f3ximo dia 30 - Compartilha Bahia","og_description":"Refor\u00e7ando o compromisso da administra\u00e7\u00e3o municipal com a transpar\u00eancia e o di\u00e1logo com a popula\u00e7\u00e3o, a Prefeitura de Cama\u00e7ari realiza no dia 30 de abril, a partir das 8h, a audi\u00eancia p\u00fablica para a elabora\u00e7\u00e3o do Projeto de Lei que trata da Lei de Diretrizes Or\u00e7ament\u00e1rias (LDO) de 2026. Voltada \u00e0 discuss\u00e3o das metas e [&hellip;]","og_url":"https:\/\/compartilhabahia.com.br\/index.php\/2025\/04\/22\/camacari-ldo-2026-sera-debatida-em-audiencia-publica-no-proximo-dia-30\/","og_site_name":"Compartilha Bahia","article_publisher":"https:\/\/web.facebook.com\/compartilhabahia","article_published_time":"2025-04-22T14:52:16+00:00","article_modified_time":"2025-04-22T14:54:34+00:00","og_image":[{"width":800,"height":450,"url":"https:\/\/compartilhabahia.com.br\/wp-content\/uploads\/2025\/04\/camacariaerea.jpg","type":"image\/jpeg"}],"author":"admin","twitter_card":"summary_large_image","twitter_misc":{"Escrito por":"admin","Est. tempo de leitura":"2 minutos"},"schema":{"@context":"https:\/\/schema.org","@graph":[{"@type":"Article","@id":"https:\/\/compartilhabahia.com.br\/index.php\/2025\/04\/22\/camacari-ldo-2026-sera-debatida-em-audiencia-publica-no-proximo-dia-30\/#article","isPartOf":{"@id":"https:\/\/compartilhabahia.com.br\/index.php\/2025\/04\/22\/camacari-ldo-2026-sera-debatida-em-audiencia-publica-no-proximo-dia-30\/"},"author":{"name":"admin","@id":"https:\/\/compartilhabahia.com.br\/#\/schema\/person\/9b4f0c3178793b8248d6686732521c04"},"headline":"Cama\u00e7ari: LDO 2026 ser\u00e1 debatida em audi\u00eancia p\u00fablica no pr\u00f3ximo dia 30","datePublished":"2025-04-22T14:52:16+00:00","dateModified":"2025-04-22T14:54:34+00:00","mainEntityOfPage":{"@id":"https:\/\/compartilhabahia.com.br\/index.php\/2025\/04\/22\/camacari-ldo-2026-sera-debatida-em-audiencia-publica-no-proximo-dia-30\/"},"wordCount":257,"commentCount":0,"publisher":{"@id":"https:\/\/compartilhabahia.com.br\/#organization"},"articleSection":["Cama\u00e7ari"],"inLanguage":"pt-BR","potentialAction":[{"@type":"CommentAction","name":"Comment","target":["https:\/\/compartilhabahia.com.br\/index.php\/2025\/04\/22\/camacari-ldo-2026-sera-debatida-em-audiencia-publica-no-proximo-dia-30\/#respond"]}]},{"@type":"WebPage","@id":"https:\/\/compartilhabahia.com.br\/index.php\/2025\/04\/22\/camacari-ldo-2026-sera-debatida-em-audiencia-publica-no-proximo-dia-30\/","url":"https:\/\/compartilhabahia.com.br\/index.php\/2025\/04\/22\/camacari-ldo-2026-sera-debatida-em-audiencia-publica-no-proximo-dia-30\/","name":"Cama\u00e7ari: LDO 2026 ser\u00e1 debatida em audi\u00eancia p\u00fablica no pr\u00f3ximo dia 30 - Compartilha Bahia","isPartOf":{"@id":"https:\/\/compartilhabahia.com.br\/#website"},"datePublished":"2025-04-22T14:52:16+00:00","dateModified":"2025-04-22T14:54:34+00:00","breadcrumb":{"@id":"https:\/\/compartilhabahia.com.br\/index.php\/2025\/04\/22\/camacari-ldo-2026-sera-debatida-em-audiencia-publica-no-proximo-dia-30\/#breadcrumb"},"inLanguage":"pt-BR","potentialAction":[{"@type":"ReadAction","target":["https:\/\/compartilhabahia.com.br\/index.php\/2025\/04\/22\/camacari-ldo-2026-sera-debatida-em-audiencia-publica-no-proximo-dia-30\/"]}]},{"@type":"BreadcrumbList","@id":"https:\/\/compartilhabahia.com.br\/index.php\/2025\/04\/22\/camacari-ldo-2026-sera-debatida-em-audiencia-publica-no-proximo-dia-30\/#breadcrumb","itemListElement":[{"@type":"ListItem","position":1,"name":"In\u00edcio","item":"https:\/\/compartilhabahia.com.br\/"},{"@type":"ListItem","position":2,"name":"Cama\u00e7ari: LDO 2026 ser\u00e1 debatida em audi\u00eancia p\u00fablica no pr\u00f3ximo dia 30"}]},{"@type":"WebSite","@id":"https:\/\/compartilhabahia.com.br\/#website","url":"https:\/\/compartilhabahia.com.br\/","name":"Compartilha Bahia","description":"","publisher":{"@id":"https:\/\/compartilhabahia.com.br\/#organization"},"potentialAction":[{"@type":"SearchAction","target":{"@type":"EntryPoint","urlTemplate":"https:\/\/compartilhabahia.com.br\/?s={search_term_string}"},"query-input":"required name=search_term_string"}],"inLanguage":"pt-BR"},{"@type":"Organization","@id":"https:\/\/compartilhabahia.com.br\/#organization","name":"Compartilha Bahia","url":"https:\/\/compartilhabahia.com.br\/","logo":{"@type":"ImageObject","inLanguage":"pt-BR","@id":"https:\/\/compartilhabahia.com.br\/#\/schema\/logo\/image\/","url":"https:\/\/compartilhabahia.com.br\/wp-content\/uploads\/2023\/12\/cropped-logo.png","contentUrl":"https:\/\/compartilhabahia.com.br\/wp-content\/uploads\/2023\/12\/cropped-logo.png","width":300,"height":106,"caption":"Compartilha Bahia"},"image":{"@id":"https:\/\/compartilhabahia.com.br\/#\/schema\/logo\/image\/"},"sameAs":["https:\/\/web.facebook.com\/compartilhabahia","https:\/\/www.instagram.com\/compartilhabahia\/"]},{"@type":"Person","@id":"https:\/\/compartilhabahia.com.br\/#\/schema\/person\/9b4f0c3178793b8248d6686732521c04","name":"admin","image":{"@type":"ImageObject","inLanguage":"pt-BR","@id":"https:\/\/compartilhabahia.com.br\/#\/schema\/person\/image\/","url":"https:\/\/secure.gravatar.com\/avatar\/9600df58751c5acbe914c538c03390ef649ea088cb65f84ba09c7ce66988eed6?s=96&d=mm&r=g","contentUrl":"https:\/\/secure.gravatar.com\/avatar\/9600df58751c5acbe914c538c03390ef649ea088cb65f84ba09c7ce66988eed6?s=96&d=mm&r=g","caption":"admin"},"sameAs":["https:\/\/compartilhabahia.com.br"],"url":"https:\/\/compartilhabahia.com.br\/index.php\/author\/compartilhabahia\/"}]}},"_links":{"self":[{"href":"https:\/\/compartilhabahia.com.br\/index.php\/wp-json\/wp\/v2\/posts\/6132","targetHints":{"allow":["GET"]}}],"collection":[{"href":"https:\/\/compartilhabahia.com.br\/index.php\/wp-json\/wp\/v2\/posts"}],"about":[{"href":"https:\/\/compartilhabahia.com.br\/index.php\/wp-json\/wp\/v2\/types\/post"}],"author":[{"embeddable":true,"href":"https:\/\/compartilhabahia.com.br\/index.php\/wp-json\/wp\/v2\/users\/1"}],"replies":[{"embeddable":true,"href":"https:\/\/compartilhabahia.com.br\/index.php\/wp-json\/wp\/v2\/comments?post=6132"}],"version-history":[{"count":1,"href":"https:\/\/compartilhabahia.com.br\/index.php\/wp-json\/wp\/v2\/posts\/6132\/revisions"}],"predecessor-version":[{"id":6134,"href":"https:\/\/compartilhabahia.com.br\/index.php\/wp-json\/wp\/v2\/posts\/6132\/revisions\/6134"}],"wp:featuredmedia":[{"embeddable":true,"href":"https:\/\/compartilhabahia.com.br\/index.php\/wp-json\/wp\/v2\/media\/6133"}],"wp:attachment":[{"href":"https:\/\/compartilhabahia.com.br\/index.php\/wp-json\/wp\/v2\/media?parent=6132"}],"wp:term":[{"taxonomy":"category","embeddable":true,"href":"https:\/\/compartilhabahia.com.br\/index.php\/wp-json\/wp\/v2\/categories?post=6132"},{"taxonomy":"post_tag","embeddable":true,"href":"https:\/\/compartilhabahia.com.br\/index.php\/wp-json\/wp\/v2\/tags?post=6132"}],"curies":[{"name":"wp","href":"https:\/\/api.w.org\/{rel}","templated":true}]}}