{"id":6122,"date":"2025-04-22T00:12:12","date_gmt":"2025-04-22T03:12:12","guid":{"rendered":"https:\/\/compartilhabahia.com.br\/?p=6122"},"modified":"2025-04-22T00:14:31","modified_gmt":"2025-04-22T03:14:31","slug":"o-historiador-diego-copque-traca-linha-do-tempo-e-descobre-que-bisavo-demae-stella-de-oxossi-foi-dona-da-casa-onde-nasceu-ruy-barbosa","status":"publish","type":"post","link":"https:\/\/compartilhabahia.com.br\/index.php\/2025\/04\/22\/o-historiador-diego-copque-traca-linha-do-tempo-e-descobre-que-bisavo-demae-stella-de-oxossi-foi-dona-da-casa-onde-nasceu-ruy-barbosa\/","title":{"rendered":"O historiador Diego Copque tra\u00e7a linha do tempo e descobre que bisav\u00f3 de M\u00e3e Stella de Ox\u00f3ssi foi dona da casa onde nasceu Ruy Barbosa"},"content":{"rendered":"\n<p>Benedicta e Tib\u00e9rio foram escravizados no continente africano e trazidos para a<br>Bahia p\u00f3s-proibi\u00e7\u00e3o do tr\u00e1fico na d\u00e9cada de 1850. Aqui chegando, no s\u00e9culo<br>XIX, se conheceram e constitu\u00edram fam\u00edlia e patrim\u00f4nios.<\/p>\n\n\n\n<p><br>A figura de M\u00e3e Stella de Ox\u00f3ssi traz, em sua \u00f3rbita, diversos desdobramentos<br>que incluem desde sua atua\u00e7\u00e3o no candombl\u00e9 at\u00e9 sua contribui\u00e7\u00e3o na literatura<br>brasileira e na enfermagem. Agora, o professor e historiador, Diego Copque,<br>insere mais um cap\u00edtulo nas p\u00e1ginas da hist\u00f3ria da saudosa matriarca do Il\u00ea Ax\u00e9<br>Op\u00f4 Afonj\u00e1.<\/p>\n\n\n\n<p><br>Durante a pesquisa realizada para a escrita do livro De Benedicta &amp; Tib\u00e9rio \u00e0<br>M\u00e3e Stella de Ox\u00f3ssi: a vida em tempo de viver 1850-2025 o pesquisador \u2013<br>que \u00e9 membro efetivo do Instituto Geogr\u00e1fico e Hist\u00f3rico da Bahia (IGHB) e autor<br>do livro A presen\u00e7a do Rec\u00f4ncavo Norte da Bahia na Consolida\u00e7\u00e3o da<br>Independ\u00eancia do Brasil obra que inseriu Mata de S\u00e3o Jo\u00e3o, Dias D\u2019\u00c1vila,<br>Cama\u00e7ari e Lauro de Freitas na repara\u00e7\u00e3o hist\u00f3rica com a cria\u00e7\u00e3o de uma nova<br>rota do Fogo Simb\u00f3lico do Dois de Julho \u2013 traz \u00e0 luz a hist\u00f3ria dos ancestrais de<br>M\u00e3e Stella de Ox\u00f3ssi que participaram ativamente da constru\u00e7\u00e3o social e<br>econ\u00f4mica de Salvador no s\u00e9culo XIX.<\/p>\n\n\n\n<p><br>No livro Diego Copque conta que Dona Benedicta, trazida escravizada do<br>continente africano em um per\u00edodo em que a lei j\u00e1 proibia o tr\u00e1fico, conheceu<br>Tib\u00e9rio \u2013 tamb\u00e9m tirado de sua terra natal no continente africano \u2013 e juntos<br>conquistaram suas liberdades ap\u00f3s epis\u00f3dios jur\u00eddicos e econ\u00f4micos. Unidos,<br>constitu\u00edram fam\u00edlia e prosperaram a ponto de Benedicta adquirir a resid\u00eancia<br>onde nasceu o pol\u00edtico, diplomata e jurista baiano Ruy Barbosa.<\/p>\n\n\n\n<p><br>Al\u00e9m do trabalho exaustivo de pesquisa, a obra conta com contribui\u00e7\u00f5es do<br>turism\u00f3logo e escritor, Oswaldo C\u00e9sar Fernandes Copque, que assina a<br>apresenta\u00e7\u00e3o e do jornalista, Fernando Coelho, autor do pref\u00e1cio. O livro ter\u00e1,<br>aproximadamente, 250 p\u00e1ginas e incluir\u00e1 muitas imagens entre ilustra\u00e7\u00f5es,<br>mapas e fotografias.<\/p>\n\n\n\n<p><br>No dia 2 de maio de 2025, data da celebra\u00e7\u00e3o do centen\u00e1rio de M\u00e3e Stella, o<br>professor e historiador Diego Copque; o jornalista, escritor e agitador cultural<br>Clarindo Silva; o jornalista e professor Lu\u00eds Guilherme Tavares; familiares de M\u00e3e<br>Stella; o jornalista e editor da Cogito Editora Ivan Almeida; al\u00e9m de outras<br>personalidades, as 15:00 \u2014 v\u00e3o realizar um ato em frente ao sobrado que<br>pertenceu \u00e0 fam\u00edlia de Ruy Barbosa e a bisav\u00f3 de M\u00e3e Stella, reivindicando sua<br>restaura\u00e7\u00e3o.<\/p>\n\n\n\n<p><br>Ruy Barbosa nasceu no dia 5 de novembro de 1849 no sobrado n\u00ba 9 na antiga<br>Rua dos Capit\u00e3es, no distrito da S\u00e9. O nome da Rua dos Capit\u00e3es, no in\u00edcio do<br>s\u00e9culo XX, mudou o nome para Rua Ruy Barbosa em homenagem ao grande<br>jurista baiano conhecido como \u00c1guia de Haia. Mas, desde o in\u00edcio da d\u00e9cada de<br>1880, o antigo sobrado passou a pertencer a Benedicta Ignacia Vianna cujo<br>companheiro, Tib\u00e9rio Miguel Luiz Vianna, foi cativo da fam\u00edlia da esposa de Ruy<br>Barbosa, Maria Augusta Vianna Bandeira, neta do traficante de escravizados<br>Miguel Luiz Vianna.<\/p>\n\n\n\n<p><br>Dez anos ap\u00f3s a morte de Benedicta Ignacia Vianna em 1907, no dia 20 de<br>outubro de 1917, o sobrado foi leiloado e arrematado atrav\u00e9s da subscri\u00e7\u00e3o<br>popular realizada pelo redator do jornal A Tarde, Ernesto Sim\u00f5es Filho. Em 1935,<br>na gest\u00e3o do ent\u00e3o prefeito da Cidade do Salvador, Jos\u00e9 Americano da Costa, o<br>sobrado foi doado \u00e0 Associa\u00e7\u00e3o Bahiana de Imprensa (ABI) para a constru\u00e7\u00e3o<br>da Casa do Jornalista. \u00c0 \u00e9poca, a ABI era presidida por Ranulfo Oliveira Dias. O<br>status atual desse Patrim\u00f4nio Hist\u00f3rico e Cultural \u00e9 de degrada\u00e7\u00e3o e precisa<br>urgentemente de restaura\u00e7\u00e3o.<\/p>\n\n\n\n<p><br>Outro patrim\u00f4nio hist\u00f3rico que precisa de aten\u00e7\u00e3o do poder p\u00fablico \u00e9 a<br>resid\u00eancia onde nasceu Maria Stella de Azevedo Santos, M\u00e3e Stella de Ox\u00f3ssi,<br>localizada na Ladeira do Ferr\u00e3o, n\u00ba. 6 \u2014 Tamb\u00e9m no Centro Hist\u00f3rico de<br>Salvador. A casa que M\u00e3e Stella nasceu, pertenceu ao casal de portugueses<br>Jo\u00e3o de Souza Coelho e dona Ana Em\u00edlia de Souza. Desde o ano de 2009 existe<br>um projeto para transformar a casa em um memorial.<\/p>\n\n\n\n<p><br>Contatos: WhatsApp: (71) 99396-5422 E-mail: diegokopke@gmail.com<\/p>\n","protected":false},"excerpt":{"rendered":"<p>Benedicta e Tib\u00e9rio foram escravizados no continente africano e trazidos para aBahia p\u00f3s-proibi\u00e7\u00e3o do tr\u00e1fico na d\u00e9cada de 1850. Aqui chegando, no s\u00e9culoXIX, se conheceram e constitu\u00edram fam\u00edlia e patrim\u00f4nios. A figura de M\u00e3e Stella de Ox\u00f3ssi traz, em sua \u00f3rbita, diversos desdobramentosque incluem desde sua atua\u00e7\u00e3o no candombl\u00e9 at\u00e9 sua contribui\u00e7\u00e3o na literaturabrasileira e [&hellip;]<\/p>\n","protected":false},"author":1,"featured_media":6123,"comment_status":"open","ping_status":"open","sticky":false,"template":"","format":"standard","meta":{"footnotes":""},"categories":[10],"tags":[],"class_list":["post-6122","post","type-post","status-publish","format-standard","has-post-thumbnail","hentry","category-bahia"],"yoast_head":"<!-- This site is optimized with the Yoast SEO plugin v21.7 - https:\/\/yoast.com\/wordpress\/plugins\/seo\/ -->\n<title>O historiador Diego Copque tra\u00e7a linha do tempo e descobre que bisav\u00f3 de M\u00e3e Stella de Ox\u00f3ssi foi dona da casa onde nasceu Ruy Barbosa - Compartilha Bahia<\/title>\n<meta name=\"robots\" content=\"index, follow, max-snippet:-1, max-image-preview:large, max-video-preview:-1\" \/>\n<link rel=\"canonical\" href=\"https:\/\/compartilhabahia.com.br\/index.php\/2025\/04\/22\/o-historiador-diego-copque-traca-linha-do-tempo-e-descobre-que-bisavo-demae-stella-de-oxossi-foi-dona-da-casa-onde-nasceu-ruy-barbosa\/\" \/>\n<meta property=\"og:locale\" content=\"pt_BR\" \/>\n<meta property=\"og:type\" content=\"article\" \/>\n<meta property=\"og:title\" content=\"O historiador Diego Copque tra\u00e7a linha do tempo e descobre que bisav\u00f3 de M\u00e3e Stella de Ox\u00f3ssi foi dona da casa onde nasceu Ruy Barbosa - Compartilha Bahia\" \/>\n<meta property=\"og:description\" content=\"Benedicta e Tib\u00e9rio foram escravizados no continente africano e trazidos para aBahia p\u00f3s-proibi\u00e7\u00e3o do tr\u00e1fico na d\u00e9cada de 1850. Aqui chegando, no s\u00e9culoXIX, se conheceram e constitu\u00edram fam\u00edlia e patrim\u00f4nios. A figura de M\u00e3e Stella de Ox\u00f3ssi traz, em sua \u00f3rbita, diversos desdobramentosque incluem desde sua atua\u00e7\u00e3o no candombl\u00e9 at\u00e9 sua contribui\u00e7\u00e3o na literaturabrasileira e [&hellip;]\" \/>\n<meta property=\"og:url\" content=\"https:\/\/compartilhabahia.com.br\/index.php\/2025\/04\/22\/o-historiador-diego-copque-traca-linha-do-tempo-e-descobre-que-bisavo-demae-stella-de-oxossi-foi-dona-da-casa-onde-nasceu-ruy-barbosa\/\" \/>\n<meta property=\"og:site_name\" content=\"Compartilha Bahia\" \/>\n<meta property=\"article:publisher\" content=\"https:\/\/web.facebook.com\/compartilhabahia\" \/>\n<meta property=\"article:published_time\" content=\"2025-04-22T03:12:12+00:00\" \/>\n<meta property=\"article:modified_time\" content=\"2025-04-22T03:14:31+00:00\" \/>\n<meta property=\"og:image\" content=\"https:\/\/compartilhabahia.com.br\/wp-content\/uploads\/2025\/04\/Diego-Copque-02-1.jpeg\" \/>\n\t<meta property=\"og:image:width\" content=\"634\" \/>\n\t<meta property=\"og:image:height\" content=\"492\" \/>\n\t<meta property=\"og:image:type\" content=\"image\/jpeg\" \/>\n<meta name=\"author\" content=\"admin\" \/>\n<meta name=\"twitter:card\" content=\"summary_large_image\" \/>\n<meta name=\"twitter:label1\" content=\"Escrito por\" \/>\n\t<meta name=\"twitter:data1\" content=\"admin\" \/>\n\t<meta name=\"twitter:label2\" content=\"Est. tempo de leitura\" \/>\n\t<meta name=\"twitter:data2\" content=\"4 minutos\" \/>\n<script type=\"application\/ld+json\" class=\"yoast-schema-graph\">{\"@context\":\"https:\/\/schema.org\",\"@graph\":[{\"@type\":\"Article\",\"@id\":\"https:\/\/compartilhabahia.com.br\/index.php\/2025\/04\/22\/o-historiador-diego-copque-traca-linha-do-tempo-e-descobre-que-bisavo-demae-stella-de-oxossi-foi-dona-da-casa-onde-nasceu-ruy-barbosa\/#article\",\"isPartOf\":{\"@id\":\"https:\/\/compartilhabahia.com.br\/index.php\/2025\/04\/22\/o-historiador-diego-copque-traca-linha-do-tempo-e-descobre-que-bisavo-demae-stella-de-oxossi-foi-dona-da-casa-onde-nasceu-ruy-barbosa\/\"},\"author\":{\"name\":\"admin\",\"@id\":\"https:\/\/compartilhabahia.com.br\/#\/schema\/person\/9b4f0c3178793b8248d6686732521c04\"},\"headline\":\"O historiador Diego Copque tra\u00e7a linha do tempo e descobre que bisav\u00f3 de M\u00e3e Stella de Ox\u00f3ssi foi dona da casa onde nasceu Ruy Barbosa\",\"datePublished\":\"2025-04-22T03:12:12+00:00\",\"dateModified\":\"2025-04-22T03:14:31+00:00\",\"mainEntityOfPage\":{\"@id\":\"https:\/\/compartilhabahia.com.br\/index.php\/2025\/04\/22\/o-historiador-diego-copque-traca-linha-do-tempo-e-descobre-que-bisavo-demae-stella-de-oxossi-foi-dona-da-casa-onde-nasceu-ruy-barbosa\/\"},\"wordCount\":731,\"commentCount\":0,\"publisher\":{\"@id\":\"https:\/\/compartilhabahia.com.br\/#organization\"},\"articleSection\":[\"Bahia\"],\"inLanguage\":\"pt-BR\",\"potentialAction\":[{\"@type\":\"CommentAction\",\"name\":\"Comment\",\"target\":[\"https:\/\/compartilhabahia.com.br\/index.php\/2025\/04\/22\/o-historiador-diego-copque-traca-linha-do-tempo-e-descobre-que-bisavo-demae-stella-de-oxossi-foi-dona-da-casa-onde-nasceu-ruy-barbosa\/#respond\"]}]},{\"@type\":\"WebPage\",\"@id\":\"https:\/\/compartilhabahia.com.br\/index.php\/2025\/04\/22\/o-historiador-diego-copque-traca-linha-do-tempo-e-descobre-que-bisavo-demae-stella-de-oxossi-foi-dona-da-casa-onde-nasceu-ruy-barbosa\/\",\"url\":\"https:\/\/compartilhabahia.com.br\/index.php\/2025\/04\/22\/o-historiador-diego-copque-traca-linha-do-tempo-e-descobre-que-bisavo-demae-stella-de-oxossi-foi-dona-da-casa-onde-nasceu-ruy-barbosa\/\",\"name\":\"O historiador Diego Copque tra\u00e7a linha do tempo e descobre que bisav\u00f3 de M\u00e3e Stella de Ox\u00f3ssi foi dona da casa onde nasceu Ruy Barbosa - Compartilha Bahia\",\"isPartOf\":{\"@id\":\"https:\/\/compartilhabahia.com.br\/#website\"},\"datePublished\":\"2025-04-22T03:12:12+00:00\",\"dateModified\":\"2025-04-22T03:14:31+00:00\",\"breadcrumb\":{\"@id\":\"https:\/\/compartilhabahia.com.br\/index.php\/2025\/04\/22\/o-historiador-diego-copque-traca-linha-do-tempo-e-descobre-que-bisavo-demae-stella-de-oxossi-foi-dona-da-casa-onde-nasceu-ruy-barbosa\/#breadcrumb\"},\"inLanguage\":\"pt-BR\",\"potentialAction\":[{\"@type\":\"ReadAction\",\"target\":[\"https:\/\/compartilhabahia.com.br\/index.php\/2025\/04\/22\/o-historiador-diego-copque-traca-linha-do-tempo-e-descobre-que-bisavo-demae-stella-de-oxossi-foi-dona-da-casa-onde-nasceu-ruy-barbosa\/\"]}]},{\"@type\":\"BreadcrumbList\",\"@id\":\"https:\/\/compartilhabahia.com.br\/index.php\/2025\/04\/22\/o-historiador-diego-copque-traca-linha-do-tempo-e-descobre-que-bisavo-demae-stella-de-oxossi-foi-dona-da-casa-onde-nasceu-ruy-barbosa\/#breadcrumb\",\"itemListElement\":[{\"@type\":\"ListItem\",\"position\":1,\"name\":\"In\u00edcio\",\"item\":\"https:\/\/compartilhabahia.com.br\/\"},{\"@type\":\"ListItem\",\"position\":2,\"name\":\"O historiador Diego Copque tra\u00e7a linha do tempo e descobre que bisav\u00f3 de M\u00e3e Stella de Ox\u00f3ssi foi dona da casa onde nasceu Ruy Barbosa\"}]},{\"@type\":\"WebSite\",\"@id\":\"https:\/\/compartilhabahia.com.br\/#website\",\"url\":\"https:\/\/compartilhabahia.com.br\/\",\"name\":\"Compartilha Bahia\",\"description\":\"\",\"publisher\":{\"@id\":\"https:\/\/compartilhabahia.com.br\/#organization\"},\"potentialAction\":[{\"@type\":\"SearchAction\",\"target\":{\"@type\":\"EntryPoint\",\"urlTemplate\":\"https:\/\/compartilhabahia.com.br\/?s={search_term_string}\"},\"query-input\":\"required name=search_term_string\"}],\"inLanguage\":\"pt-BR\"},{\"@type\":\"Organization\",\"@id\":\"https:\/\/compartilhabahia.com.br\/#organization\",\"name\":\"Compartilha Bahia\",\"url\":\"https:\/\/compartilhabahia.com.br\/\",\"logo\":{\"@type\":\"ImageObject\",\"inLanguage\":\"pt-BR\",\"@id\":\"https:\/\/compartilhabahia.com.br\/#\/schema\/logo\/image\/\",\"url\":\"https:\/\/compartilhabahia.com.br\/wp-content\/uploads\/2023\/12\/cropped-logo.png\",\"contentUrl\":\"https:\/\/compartilhabahia.com.br\/wp-content\/uploads\/2023\/12\/cropped-logo.png\",\"width\":300,\"height\":106,\"caption\":\"Compartilha Bahia\"},\"image\":{\"@id\":\"https:\/\/compartilhabahia.com.br\/#\/schema\/logo\/image\/\"},\"sameAs\":[\"https:\/\/web.facebook.com\/compartilhabahia\",\"https:\/\/www.instagram.com\/compartilhabahia\/\"]},{\"@type\":\"Person\",\"@id\":\"https:\/\/compartilhabahia.com.br\/#\/schema\/person\/9b4f0c3178793b8248d6686732521c04\",\"name\":\"admin\",\"image\":{\"@type\":\"ImageObject\",\"inLanguage\":\"pt-BR\",\"@id\":\"https:\/\/compartilhabahia.com.br\/#\/schema\/person\/image\/\",\"url\":\"https:\/\/secure.gravatar.com\/avatar\/9600df58751c5acbe914c538c03390ef649ea088cb65f84ba09c7ce66988eed6?s=96&d=mm&r=g\",\"contentUrl\":\"https:\/\/secure.gravatar.com\/avatar\/9600df58751c5acbe914c538c03390ef649ea088cb65f84ba09c7ce66988eed6?s=96&d=mm&r=g\",\"caption\":\"admin\"},\"sameAs\":[\"https:\/\/compartilhabahia.com.br\"],\"url\":\"https:\/\/compartilhabahia.com.br\/index.php\/author\/compartilhabahia\/\"}]}<\/script>\n<!-- \/ Yoast SEO plugin. -->","yoast_head_json":{"title":"O historiador Diego Copque tra\u00e7a linha do tempo e descobre que bisav\u00f3 de M\u00e3e Stella de Ox\u00f3ssi foi dona da casa onde nasceu Ruy Barbosa - Compartilha Bahia","robots":{"index":"index","follow":"follow","max-snippet":"max-snippet:-1","max-image-preview":"max-image-preview:large","max-video-preview":"max-video-preview:-1"},"canonical":"https:\/\/compartilhabahia.com.br\/index.php\/2025\/04\/22\/o-historiador-diego-copque-traca-linha-do-tempo-e-descobre-que-bisavo-demae-stella-de-oxossi-foi-dona-da-casa-onde-nasceu-ruy-barbosa\/","og_locale":"pt_BR","og_type":"article","og_title":"O historiador Diego Copque tra\u00e7a linha do tempo e descobre que bisav\u00f3 de M\u00e3e Stella de Ox\u00f3ssi foi dona da casa onde nasceu Ruy Barbosa - Compartilha Bahia","og_description":"Benedicta e Tib\u00e9rio foram escravizados no continente africano e trazidos para aBahia p\u00f3s-proibi\u00e7\u00e3o do tr\u00e1fico na d\u00e9cada de 1850. Aqui chegando, no s\u00e9culoXIX, se conheceram e constitu\u00edram fam\u00edlia e patrim\u00f4nios. A figura de M\u00e3e Stella de Ox\u00f3ssi traz, em sua \u00f3rbita, diversos desdobramentosque incluem desde sua atua\u00e7\u00e3o no candombl\u00e9 at\u00e9 sua contribui\u00e7\u00e3o na literaturabrasileira e [&hellip;]","og_url":"https:\/\/compartilhabahia.com.br\/index.php\/2025\/04\/22\/o-historiador-diego-copque-traca-linha-do-tempo-e-descobre-que-bisavo-demae-stella-de-oxossi-foi-dona-da-casa-onde-nasceu-ruy-barbosa\/","og_site_name":"Compartilha Bahia","article_publisher":"https:\/\/web.facebook.com\/compartilhabahia","article_published_time":"2025-04-22T03:12:12+00:00","article_modified_time":"2025-04-22T03:14:31+00:00","og_image":[{"width":634,"height":492,"url":"https:\/\/compartilhabahia.com.br\/wp-content\/uploads\/2025\/04\/Diego-Copque-02-1.jpeg","type":"image\/jpeg"}],"author":"admin","twitter_card":"summary_large_image","twitter_misc":{"Escrito por":"admin","Est. tempo de leitura":"4 minutos"},"schema":{"@context":"https:\/\/schema.org","@graph":[{"@type":"Article","@id":"https:\/\/compartilhabahia.com.br\/index.php\/2025\/04\/22\/o-historiador-diego-copque-traca-linha-do-tempo-e-descobre-que-bisavo-demae-stella-de-oxossi-foi-dona-da-casa-onde-nasceu-ruy-barbosa\/#article","isPartOf":{"@id":"https:\/\/compartilhabahia.com.br\/index.php\/2025\/04\/22\/o-historiador-diego-copque-traca-linha-do-tempo-e-descobre-que-bisavo-demae-stella-de-oxossi-foi-dona-da-casa-onde-nasceu-ruy-barbosa\/"},"author":{"name":"admin","@id":"https:\/\/compartilhabahia.com.br\/#\/schema\/person\/9b4f0c3178793b8248d6686732521c04"},"headline":"O historiador Diego Copque tra\u00e7a linha do tempo e descobre que bisav\u00f3 de M\u00e3e Stella de Ox\u00f3ssi foi dona da casa onde nasceu Ruy Barbosa","datePublished":"2025-04-22T03:12:12+00:00","dateModified":"2025-04-22T03:14:31+00:00","mainEntityOfPage":{"@id":"https:\/\/compartilhabahia.com.br\/index.php\/2025\/04\/22\/o-historiador-diego-copque-traca-linha-do-tempo-e-descobre-que-bisavo-demae-stella-de-oxossi-foi-dona-da-casa-onde-nasceu-ruy-barbosa\/"},"wordCount":731,"commentCount":0,"publisher":{"@id":"https:\/\/compartilhabahia.com.br\/#organization"},"articleSection":["Bahia"],"inLanguage":"pt-BR","potentialAction":[{"@type":"CommentAction","name":"Comment","target":["https:\/\/compartilhabahia.com.br\/index.php\/2025\/04\/22\/o-historiador-diego-copque-traca-linha-do-tempo-e-descobre-que-bisavo-demae-stella-de-oxossi-foi-dona-da-casa-onde-nasceu-ruy-barbosa\/#respond"]}]},{"@type":"WebPage","@id":"https:\/\/compartilhabahia.com.br\/index.php\/2025\/04\/22\/o-historiador-diego-copque-traca-linha-do-tempo-e-descobre-que-bisavo-demae-stella-de-oxossi-foi-dona-da-casa-onde-nasceu-ruy-barbosa\/","url":"https:\/\/compartilhabahia.com.br\/index.php\/2025\/04\/22\/o-historiador-diego-copque-traca-linha-do-tempo-e-descobre-que-bisavo-demae-stella-de-oxossi-foi-dona-da-casa-onde-nasceu-ruy-barbosa\/","name":"O historiador Diego Copque tra\u00e7a linha do tempo e descobre que bisav\u00f3 de M\u00e3e Stella de Ox\u00f3ssi foi dona da casa onde nasceu Ruy Barbosa - Compartilha Bahia","isPartOf":{"@id":"https:\/\/compartilhabahia.com.br\/#website"},"datePublished":"2025-04-22T03:12:12+00:00","dateModified":"2025-04-22T03:14:31+00:00","breadcrumb":{"@id":"https:\/\/compartilhabahia.com.br\/index.php\/2025\/04\/22\/o-historiador-diego-copque-traca-linha-do-tempo-e-descobre-que-bisavo-demae-stella-de-oxossi-foi-dona-da-casa-onde-nasceu-ruy-barbosa\/#breadcrumb"},"inLanguage":"pt-BR","potentialAction":[{"@type":"ReadAction","target":["https:\/\/compartilhabahia.com.br\/index.php\/2025\/04\/22\/o-historiador-diego-copque-traca-linha-do-tempo-e-descobre-que-bisavo-demae-stella-de-oxossi-foi-dona-da-casa-onde-nasceu-ruy-barbosa\/"]}]},{"@type":"BreadcrumbList","@id":"https:\/\/compartilhabahia.com.br\/index.php\/2025\/04\/22\/o-historiador-diego-copque-traca-linha-do-tempo-e-descobre-que-bisavo-demae-stella-de-oxossi-foi-dona-da-casa-onde-nasceu-ruy-barbosa\/#breadcrumb","itemListElement":[{"@type":"ListItem","position":1,"name":"In\u00edcio","item":"https:\/\/compartilhabahia.com.br\/"},{"@type":"ListItem","position":2,"name":"O historiador Diego Copque tra\u00e7a linha do tempo e descobre que bisav\u00f3 de M\u00e3e Stella de Ox\u00f3ssi foi dona da casa onde nasceu Ruy Barbosa"}]},{"@type":"WebSite","@id":"https:\/\/compartilhabahia.com.br\/#website","url":"https:\/\/compartilhabahia.com.br\/","name":"Compartilha Bahia","description":"","publisher":{"@id":"https:\/\/compartilhabahia.com.br\/#organization"},"potentialAction":[{"@type":"SearchAction","target":{"@type":"EntryPoint","urlTemplate":"https:\/\/compartilhabahia.com.br\/?s={search_term_string}"},"query-input":"required name=search_term_string"}],"inLanguage":"pt-BR"},{"@type":"Organization","@id":"https:\/\/compartilhabahia.com.br\/#organization","name":"Compartilha Bahia","url":"https:\/\/compartilhabahia.com.br\/","logo":{"@type":"ImageObject","inLanguage":"pt-BR","@id":"https:\/\/compartilhabahia.com.br\/#\/schema\/logo\/image\/","url":"https:\/\/compartilhabahia.com.br\/wp-content\/uploads\/2023\/12\/cropped-logo.png","contentUrl":"https:\/\/compartilhabahia.com.br\/wp-content\/uploads\/2023\/12\/cropped-logo.png","width":300,"height":106,"caption":"Compartilha Bahia"},"image":{"@id":"https:\/\/compartilhabahia.com.br\/#\/schema\/logo\/image\/"},"sameAs":["https:\/\/web.facebook.com\/compartilhabahia","https:\/\/www.instagram.com\/compartilhabahia\/"]},{"@type":"Person","@id":"https:\/\/compartilhabahia.com.br\/#\/schema\/person\/9b4f0c3178793b8248d6686732521c04","name":"admin","image":{"@type":"ImageObject","inLanguage":"pt-BR","@id":"https:\/\/compartilhabahia.com.br\/#\/schema\/person\/image\/","url":"https:\/\/secure.gravatar.com\/avatar\/9600df58751c5acbe914c538c03390ef649ea088cb65f84ba09c7ce66988eed6?s=96&d=mm&r=g","contentUrl":"https:\/\/secure.gravatar.com\/avatar\/9600df58751c5acbe914c538c03390ef649ea088cb65f84ba09c7ce66988eed6?s=96&d=mm&r=g","caption":"admin"},"sameAs":["https:\/\/compartilhabahia.com.br"],"url":"https:\/\/compartilhabahia.com.br\/index.php\/author\/compartilhabahia\/"}]}},"_links":{"self":[{"href":"https:\/\/compartilhabahia.com.br\/index.php\/wp-json\/wp\/v2\/posts\/6122","targetHints":{"allow":["GET"]}}],"collection":[{"href":"https:\/\/compartilhabahia.com.br\/index.php\/wp-json\/wp\/v2\/posts"}],"about":[{"href":"https:\/\/compartilhabahia.com.br\/index.php\/wp-json\/wp\/v2\/types\/post"}],"author":[{"embeddable":true,"href":"https:\/\/compartilhabahia.com.br\/index.php\/wp-json\/wp\/v2\/users\/1"}],"replies":[{"embeddable":true,"href":"https:\/\/compartilhabahia.com.br\/index.php\/wp-json\/wp\/v2\/comments?post=6122"}],"version-history":[{"count":2,"href":"https:\/\/compartilhabahia.com.br\/index.php\/wp-json\/wp\/v2\/posts\/6122\/revisions"}],"predecessor-version":[{"id":6125,"href":"https:\/\/compartilhabahia.com.br\/index.php\/wp-json\/wp\/v2\/posts\/6122\/revisions\/6125"}],"wp:featuredmedia":[{"embeddable":true,"href":"https:\/\/compartilhabahia.com.br\/index.php\/wp-json\/wp\/v2\/media\/6123"}],"wp:attachment":[{"href":"https:\/\/compartilhabahia.com.br\/index.php\/wp-json\/wp\/v2\/media?parent=6122"}],"wp:term":[{"taxonomy":"category","embeddable":true,"href":"https:\/\/compartilhabahia.com.br\/index.php\/wp-json\/wp\/v2\/categories?post=6122"},{"taxonomy":"post_tag","embeddable":true,"href":"https:\/\/compartilhabahia.com.br\/index.php\/wp-json\/wp\/v2\/tags?post=6122"}],"curies":[{"name":"wp","href":"https:\/\/api.w.org\/{rel}","templated":true}]}}