{"id":6060,"date":"2025-04-16T20:20:29","date_gmt":"2025-04-16T23:20:29","guid":{"rendered":"https:\/\/compartilhabahia.com.br\/?p=6060"},"modified":"2025-04-20T13:01:05","modified_gmt":"2025-04-20T16:01:05","slug":"encontramos-mais-uma-mulher-que-estava-desaparecida-ha-37-anos","status":"publish","type":"post","link":"https:\/\/compartilhabahia.com.br\/index.php\/2025\/04\/16\/encontramos-mais-uma-mulher-que-estava-desaparecida-ha-37-anos\/","title":{"rendered":"Encontramos mais uma mulher que estava desaparecida h\u00e1 37 anos no RJ"},"content":{"rendered":"\n<p>Na segunda-feira (14), moradores de Tamandar\u00e9 (PE), entraram em contato com o site Compartilha Bahia, pedindo ao jornalista Julio Ribeiro, que o mesmo ajudasse encontrar  Sueli Fel\u00edcio de Melo, que saiu da cidade de Bel\u00e9m de Maria, no interior do Pernambuco, no ano de 1987, tendo ido morar no Rio de Janeiro e feito um \u00faltimo contato com sua m\u00e3e em 1988, quando disse que estava morando no bairro de Copacabana.<\/p>\n\n\n\n<p>Prontamente Julio colocou em pr\u00e1tica o seu m\u00e9todo, que j\u00e1 ajudou localizar mais de 50 pessoas. O m\u00e9todo consiste em utilizar t\u00e9cnicas de jornalismo, a internet e muita f\u00e9 em Deus. <\/p>\n\n\n\n<p>E na manh\u00e3 desta quarta-feira (16), 48h depois da primeira postagem no site Compartilha Bahia e nas redes sociais, familiares de Suely mandaram mensagem para o diretor do site, para agradecer, pois haviam encontrado a mesma.  &#8220;\u00c9 impressionante, procuramos ela desde 1988 e s\u00f3 foi voc\u00eas entrarem nessa luta com a gente, que ela apareceu. Parece um milagre&#8221;. Disse Nauzilene, a prima que procurou ajuda no Compartilha. &#8220;Chegamos a pensar que ela havia morrido, pois, por muito anos,  ningu\u00e9m ouvia falar nada sobre dela.&#8221;<\/p>\n\n\n\n<p>Esse reencontro era um ardente desejo da m\u00e3e de Suely, que clamava a Deus para ver a sua filha que estava desaparecida h\u00e1 37 anos. J\u00e1 o pai de Sueli, o senhor Amaro Fel\u00edcio de Melo, faleceu sem falar com a mesma.<\/p>\n\n\n\n<p>Concomitantemente com o site Compartilha Bahia, outras pessoas da fam\u00edlia, tamb\u00e9m postaram a busca  em suas redes sociais e essa teia de boas inten\u00e7\u00f5es, chegou at\u00e9 um ex-namorado de Suely, que passou para uma sobrinha o telefone dela.<\/p>\n\n\n\n<p>Suely mora atualmente em uma comunidade do Rio de Janeiro e trabalha como camel\u00f4. Ela j\u00e1 falou com sua m\u00e3e por telefone e em breve poder\u00e3o se encontrar pessoalmente em Bel\u00e9m de Maria.  <\/p>\n\n\n\n<p>A m\u00e3e de Suely mandou agradecer muito a todos que ajudaram nessa busca. &#8220;Foi Deus quem nos ajudou a encontr\u00e1-la nesse momento, pois eu j\u00e1 procurava desde 1988, sem nunca ter tido noticias de seu paradeiro.&#8221;<\/p>\n\n\n\n<p>Julio disse que j\u00e1 estava com saudade desse trabalho de ajudar encontrar as pessoas e que essa busca por Suely fez reacender essa miss\u00e3o. Quem precisar encontrar qualquer pessoa, que por algum motivo se separou da fam\u00edlia, pode entrar em contato com ele, pelo whatsApp 71 9 9953 0396, falar com Julio Ribeiro. O trabalho \u00e9 totalmente gratuito.<\/p>\n\n\n\n<p><\/p>\n\n\n\n<p><\/p>\n\n\n\n<p><\/p>\n","protected":false},"excerpt":{"rendered":"<p>Na segunda-feira (14), moradores de Tamandar\u00e9 (PE), entraram em contato com o site Compartilha Bahia, pedindo ao jornalista Julio Ribeiro, que o mesmo ajudasse encontrar Sueli Fel\u00edcio de Melo, que saiu da cidade de Bel\u00e9m de Maria, no interior do Pernambuco, no ano de 1987, tendo ido morar no Rio de Janeiro e feito um [&hellip;]<\/p>\n","protected":false},"author":1,"featured_media":6061,"comment_status":"open","ping_status":"open","sticky":true,"template":"","format":"standard","meta":{"footnotes":""},"categories":[4],"tags":[],"class_list":["post-6060","post","type-post","status-publish","format-standard","has-post-thumbnail","hentry","category-brasil"],"yoast_head":"<!-- This site is optimized with the Yoast SEO plugin v21.7 - https:\/\/yoast.com\/wordpress\/plugins\/seo\/ -->\n<title>Encontramos mais uma mulher que estava desaparecida h\u00e1 37 anos no RJ - Compartilha Bahia<\/title>\n<meta name=\"robots\" content=\"index, follow, max-snippet:-1, max-image-preview:large, max-video-preview:-1\" \/>\n<link rel=\"canonical\" href=\"https:\/\/compartilhabahia.com.br\/index.php\/2025\/04\/16\/encontramos-mais-uma-mulher-que-estava-desaparecida-ha-37-anos\/\" \/>\n<meta property=\"og:locale\" content=\"pt_BR\" \/>\n<meta property=\"og:type\" content=\"article\" \/>\n<meta property=\"og:title\" content=\"Encontramos mais uma mulher que estava desaparecida h\u00e1 37 anos no RJ - Compartilha Bahia\" \/>\n<meta property=\"og:description\" content=\"Na segunda-feira (14), moradores de Tamandar\u00e9 (PE), entraram em contato com o site Compartilha Bahia, pedindo ao jornalista Julio Ribeiro, que o mesmo ajudasse encontrar Sueli Fel\u00edcio de Melo, que saiu da cidade de Bel\u00e9m de Maria, no interior do Pernambuco, no ano de 1987, tendo ido morar no Rio de Janeiro e feito um [&hellip;]\" \/>\n<meta property=\"og:url\" content=\"https:\/\/compartilhabahia.com.br\/index.php\/2025\/04\/16\/encontramos-mais-uma-mulher-que-estava-desaparecida-ha-37-anos\/\" \/>\n<meta property=\"og:site_name\" content=\"Compartilha Bahia\" \/>\n<meta property=\"article:publisher\" content=\"https:\/\/web.facebook.com\/compartilhabahia\" \/>\n<meta property=\"article:published_time\" content=\"2025-04-16T23:20:29+00:00\" \/>\n<meta property=\"article:modified_time\" content=\"2025-04-20T16:01:05+00:00\" \/>\n<meta property=\"og:image\" content=\"https:\/\/compartilhabahia.com.br\/wp-content\/uploads\/2025\/04\/suelyencontrada.jpg\" \/>\n\t<meta property=\"og:image:width\" content=\"536\" \/>\n\t<meta property=\"og:image:height\" content=\"474\" \/>\n\t<meta property=\"og:image:type\" content=\"image\/jpeg\" \/>\n<meta name=\"author\" content=\"admin\" \/>\n<meta name=\"twitter:card\" content=\"summary_large_image\" \/>\n<meta name=\"twitter:label1\" content=\"Escrito por\" \/>\n\t<meta name=\"twitter:data1\" content=\"admin\" \/>\n\t<meta name=\"twitter:label2\" content=\"Est. tempo de leitura\" \/>\n\t<meta name=\"twitter:data2\" content=\"3 minutos\" \/>\n<script type=\"application\/ld+json\" class=\"yoast-schema-graph\">{\"@context\":\"https:\/\/schema.org\",\"@graph\":[{\"@type\":\"Article\",\"@id\":\"https:\/\/compartilhabahia.com.br\/index.php\/2025\/04\/16\/encontramos-mais-uma-mulher-que-estava-desaparecida-ha-37-anos\/#article\",\"isPartOf\":{\"@id\":\"https:\/\/compartilhabahia.com.br\/index.php\/2025\/04\/16\/encontramos-mais-uma-mulher-que-estava-desaparecida-ha-37-anos\/\"},\"author\":{\"name\":\"admin\",\"@id\":\"https:\/\/compartilhabahia.com.br\/#\/schema\/person\/9b4f0c3178793b8248d6686732521c04\"},\"headline\":\"Encontramos mais uma mulher que estava desaparecida h\u00e1 37 anos no RJ\",\"datePublished\":\"2025-04-16T23:20:29+00:00\",\"dateModified\":\"2025-04-20T16:01:05+00:00\",\"mainEntityOfPage\":{\"@id\":\"https:\/\/compartilhabahia.com.br\/index.php\/2025\/04\/16\/encontramos-mais-uma-mulher-que-estava-desaparecida-ha-37-anos\/\"},\"wordCount\":411,\"commentCount\":0,\"publisher\":{\"@id\":\"https:\/\/compartilhabahia.com.br\/#organization\"},\"articleSection\":[\"Brasil\"],\"inLanguage\":\"pt-BR\",\"potentialAction\":[{\"@type\":\"CommentAction\",\"name\":\"Comment\",\"target\":[\"https:\/\/compartilhabahia.com.br\/index.php\/2025\/04\/16\/encontramos-mais-uma-mulher-que-estava-desaparecida-ha-37-anos\/#respond\"]}]},{\"@type\":\"WebPage\",\"@id\":\"https:\/\/compartilhabahia.com.br\/index.php\/2025\/04\/16\/encontramos-mais-uma-mulher-que-estava-desaparecida-ha-37-anos\/\",\"url\":\"https:\/\/compartilhabahia.com.br\/index.php\/2025\/04\/16\/encontramos-mais-uma-mulher-que-estava-desaparecida-ha-37-anos\/\",\"name\":\"Encontramos mais uma mulher que estava desaparecida h\u00e1 37 anos no RJ - Compartilha Bahia\",\"isPartOf\":{\"@id\":\"https:\/\/compartilhabahia.com.br\/#website\"},\"datePublished\":\"2025-04-16T23:20:29+00:00\",\"dateModified\":\"2025-04-20T16:01:05+00:00\",\"breadcrumb\":{\"@id\":\"https:\/\/compartilhabahia.com.br\/index.php\/2025\/04\/16\/encontramos-mais-uma-mulher-que-estava-desaparecida-ha-37-anos\/#breadcrumb\"},\"inLanguage\":\"pt-BR\",\"potentialAction\":[{\"@type\":\"ReadAction\",\"target\":[\"https:\/\/compartilhabahia.com.br\/index.php\/2025\/04\/16\/encontramos-mais-uma-mulher-que-estava-desaparecida-ha-37-anos\/\"]}]},{\"@type\":\"BreadcrumbList\",\"@id\":\"https:\/\/compartilhabahia.com.br\/index.php\/2025\/04\/16\/encontramos-mais-uma-mulher-que-estava-desaparecida-ha-37-anos\/#breadcrumb\",\"itemListElement\":[{\"@type\":\"ListItem\",\"position\":1,\"name\":\"In\u00edcio\",\"item\":\"https:\/\/compartilhabahia.com.br\/\"},{\"@type\":\"ListItem\",\"position\":2,\"name\":\"Encontramos mais uma mulher que estava desaparecida h\u00e1 37 anos no RJ\"}]},{\"@type\":\"WebSite\",\"@id\":\"https:\/\/compartilhabahia.com.br\/#website\",\"url\":\"https:\/\/compartilhabahia.com.br\/\",\"name\":\"Compartilha Bahia\",\"description\":\"\",\"publisher\":{\"@id\":\"https:\/\/compartilhabahia.com.br\/#organization\"},\"potentialAction\":[{\"@type\":\"SearchAction\",\"target\":{\"@type\":\"EntryPoint\",\"urlTemplate\":\"https:\/\/compartilhabahia.com.br\/?s={search_term_string}\"},\"query-input\":\"required name=search_term_string\"}],\"inLanguage\":\"pt-BR\"},{\"@type\":\"Organization\",\"@id\":\"https:\/\/compartilhabahia.com.br\/#organization\",\"name\":\"Compartilha Bahia\",\"url\":\"https:\/\/compartilhabahia.com.br\/\",\"logo\":{\"@type\":\"ImageObject\",\"inLanguage\":\"pt-BR\",\"@id\":\"https:\/\/compartilhabahia.com.br\/#\/schema\/logo\/image\/\",\"url\":\"https:\/\/compartilhabahia.com.br\/wp-content\/uploads\/2023\/12\/cropped-logo.png\",\"contentUrl\":\"https:\/\/compartilhabahia.com.br\/wp-content\/uploads\/2023\/12\/cropped-logo.png\",\"width\":300,\"height\":106,\"caption\":\"Compartilha Bahia\"},\"image\":{\"@id\":\"https:\/\/compartilhabahia.com.br\/#\/schema\/logo\/image\/\"},\"sameAs\":[\"https:\/\/web.facebook.com\/compartilhabahia\",\"https:\/\/www.instagram.com\/compartilhabahia\/\"]},{\"@type\":\"Person\",\"@id\":\"https:\/\/compartilhabahia.com.br\/#\/schema\/person\/9b4f0c3178793b8248d6686732521c04\",\"name\":\"admin\",\"image\":{\"@type\":\"ImageObject\",\"inLanguage\":\"pt-BR\",\"@id\":\"https:\/\/compartilhabahia.com.br\/#\/schema\/person\/image\/\",\"url\":\"https:\/\/secure.gravatar.com\/avatar\/9600df58751c5acbe914c538c03390ef649ea088cb65f84ba09c7ce66988eed6?s=96&d=mm&r=g\",\"contentUrl\":\"https:\/\/secure.gravatar.com\/avatar\/9600df58751c5acbe914c538c03390ef649ea088cb65f84ba09c7ce66988eed6?s=96&d=mm&r=g\",\"caption\":\"admin\"},\"sameAs\":[\"https:\/\/compartilhabahia.com.br\"],\"url\":\"https:\/\/compartilhabahia.com.br\/index.php\/author\/compartilhabahia\/\"}]}<\/script>\n<!-- \/ Yoast SEO plugin. -->","yoast_head_json":{"title":"Encontramos mais uma mulher que estava desaparecida h\u00e1 37 anos no RJ - Compartilha Bahia","robots":{"index":"index","follow":"follow","max-snippet":"max-snippet:-1","max-image-preview":"max-image-preview:large","max-video-preview":"max-video-preview:-1"},"canonical":"https:\/\/compartilhabahia.com.br\/index.php\/2025\/04\/16\/encontramos-mais-uma-mulher-que-estava-desaparecida-ha-37-anos\/","og_locale":"pt_BR","og_type":"article","og_title":"Encontramos mais uma mulher que estava desaparecida h\u00e1 37 anos no RJ - Compartilha Bahia","og_description":"Na segunda-feira (14), moradores de Tamandar\u00e9 (PE), entraram em contato com o site Compartilha Bahia, pedindo ao jornalista Julio Ribeiro, que o mesmo ajudasse encontrar Sueli Fel\u00edcio de Melo, que saiu da cidade de Bel\u00e9m de Maria, no interior do Pernambuco, no ano de 1987, tendo ido morar no Rio de Janeiro e feito um [&hellip;]","og_url":"https:\/\/compartilhabahia.com.br\/index.php\/2025\/04\/16\/encontramos-mais-uma-mulher-que-estava-desaparecida-ha-37-anos\/","og_site_name":"Compartilha Bahia","article_publisher":"https:\/\/web.facebook.com\/compartilhabahia","article_published_time":"2025-04-16T23:20:29+00:00","article_modified_time":"2025-04-20T16:01:05+00:00","og_image":[{"width":536,"height":474,"url":"https:\/\/compartilhabahia.com.br\/wp-content\/uploads\/2025\/04\/suelyencontrada.jpg","type":"image\/jpeg"}],"author":"admin","twitter_card":"summary_large_image","twitter_misc":{"Escrito por":"admin","Est. tempo de leitura":"3 minutos"},"schema":{"@context":"https:\/\/schema.org","@graph":[{"@type":"Article","@id":"https:\/\/compartilhabahia.com.br\/index.php\/2025\/04\/16\/encontramos-mais-uma-mulher-que-estava-desaparecida-ha-37-anos\/#article","isPartOf":{"@id":"https:\/\/compartilhabahia.com.br\/index.php\/2025\/04\/16\/encontramos-mais-uma-mulher-que-estava-desaparecida-ha-37-anos\/"},"author":{"name":"admin","@id":"https:\/\/compartilhabahia.com.br\/#\/schema\/person\/9b4f0c3178793b8248d6686732521c04"},"headline":"Encontramos mais uma mulher que estava desaparecida h\u00e1 37 anos no RJ","datePublished":"2025-04-16T23:20:29+00:00","dateModified":"2025-04-20T16:01:05+00:00","mainEntityOfPage":{"@id":"https:\/\/compartilhabahia.com.br\/index.php\/2025\/04\/16\/encontramos-mais-uma-mulher-que-estava-desaparecida-ha-37-anos\/"},"wordCount":411,"commentCount":0,"publisher":{"@id":"https:\/\/compartilhabahia.com.br\/#organization"},"articleSection":["Brasil"],"inLanguage":"pt-BR","potentialAction":[{"@type":"CommentAction","name":"Comment","target":["https:\/\/compartilhabahia.com.br\/index.php\/2025\/04\/16\/encontramos-mais-uma-mulher-que-estava-desaparecida-ha-37-anos\/#respond"]}]},{"@type":"WebPage","@id":"https:\/\/compartilhabahia.com.br\/index.php\/2025\/04\/16\/encontramos-mais-uma-mulher-que-estava-desaparecida-ha-37-anos\/","url":"https:\/\/compartilhabahia.com.br\/index.php\/2025\/04\/16\/encontramos-mais-uma-mulher-que-estava-desaparecida-ha-37-anos\/","name":"Encontramos mais uma mulher que estava desaparecida h\u00e1 37 anos no RJ - Compartilha Bahia","isPartOf":{"@id":"https:\/\/compartilhabahia.com.br\/#website"},"datePublished":"2025-04-16T23:20:29+00:00","dateModified":"2025-04-20T16:01:05+00:00","breadcrumb":{"@id":"https:\/\/compartilhabahia.com.br\/index.php\/2025\/04\/16\/encontramos-mais-uma-mulher-que-estava-desaparecida-ha-37-anos\/#breadcrumb"},"inLanguage":"pt-BR","potentialAction":[{"@type":"ReadAction","target":["https:\/\/compartilhabahia.com.br\/index.php\/2025\/04\/16\/encontramos-mais-uma-mulher-que-estava-desaparecida-ha-37-anos\/"]}]},{"@type":"BreadcrumbList","@id":"https:\/\/compartilhabahia.com.br\/index.php\/2025\/04\/16\/encontramos-mais-uma-mulher-que-estava-desaparecida-ha-37-anos\/#breadcrumb","itemListElement":[{"@type":"ListItem","position":1,"name":"In\u00edcio","item":"https:\/\/compartilhabahia.com.br\/"},{"@type":"ListItem","position":2,"name":"Encontramos mais uma mulher que estava desaparecida h\u00e1 37 anos no RJ"}]},{"@type":"WebSite","@id":"https:\/\/compartilhabahia.com.br\/#website","url":"https:\/\/compartilhabahia.com.br\/","name":"Compartilha Bahia","description":"","publisher":{"@id":"https:\/\/compartilhabahia.com.br\/#organization"},"potentialAction":[{"@type":"SearchAction","target":{"@type":"EntryPoint","urlTemplate":"https:\/\/compartilhabahia.com.br\/?s={search_term_string}"},"query-input":"required name=search_term_string"}],"inLanguage":"pt-BR"},{"@type":"Organization","@id":"https:\/\/compartilhabahia.com.br\/#organization","name":"Compartilha Bahia","url":"https:\/\/compartilhabahia.com.br\/","logo":{"@type":"ImageObject","inLanguage":"pt-BR","@id":"https:\/\/compartilhabahia.com.br\/#\/schema\/logo\/image\/","url":"https:\/\/compartilhabahia.com.br\/wp-content\/uploads\/2023\/12\/cropped-logo.png","contentUrl":"https:\/\/compartilhabahia.com.br\/wp-content\/uploads\/2023\/12\/cropped-logo.png","width":300,"height":106,"caption":"Compartilha Bahia"},"image":{"@id":"https:\/\/compartilhabahia.com.br\/#\/schema\/logo\/image\/"},"sameAs":["https:\/\/web.facebook.com\/compartilhabahia","https:\/\/www.instagram.com\/compartilhabahia\/"]},{"@type":"Person","@id":"https:\/\/compartilhabahia.com.br\/#\/schema\/person\/9b4f0c3178793b8248d6686732521c04","name":"admin","image":{"@type":"ImageObject","inLanguage":"pt-BR","@id":"https:\/\/compartilhabahia.com.br\/#\/schema\/person\/image\/","url":"https:\/\/secure.gravatar.com\/avatar\/9600df58751c5acbe914c538c03390ef649ea088cb65f84ba09c7ce66988eed6?s=96&d=mm&r=g","contentUrl":"https:\/\/secure.gravatar.com\/avatar\/9600df58751c5acbe914c538c03390ef649ea088cb65f84ba09c7ce66988eed6?s=96&d=mm&r=g","caption":"admin"},"sameAs":["https:\/\/compartilhabahia.com.br"],"url":"https:\/\/compartilhabahia.com.br\/index.php\/author\/compartilhabahia\/"}]}},"_links":{"self":[{"href":"https:\/\/compartilhabahia.com.br\/index.php\/wp-json\/wp\/v2\/posts\/6060","targetHints":{"allow":["GET"]}}],"collection":[{"href":"https:\/\/compartilhabahia.com.br\/index.php\/wp-json\/wp\/v2\/posts"}],"about":[{"href":"https:\/\/compartilhabahia.com.br\/index.php\/wp-json\/wp\/v2\/types\/post"}],"author":[{"embeddable":true,"href":"https:\/\/compartilhabahia.com.br\/index.php\/wp-json\/wp\/v2\/users\/1"}],"replies":[{"embeddable":true,"href":"https:\/\/compartilhabahia.com.br\/index.php\/wp-json\/wp\/v2\/comments?post=6060"}],"version-history":[{"count":2,"href":"https:\/\/compartilhabahia.com.br\/index.php\/wp-json\/wp\/v2\/posts\/6060\/revisions"}],"predecessor-version":[{"id":6064,"href":"https:\/\/compartilhabahia.com.br\/index.php\/wp-json\/wp\/v2\/posts\/6060\/revisions\/6064"}],"wp:featuredmedia":[{"embeddable":true,"href":"https:\/\/compartilhabahia.com.br\/index.php\/wp-json\/wp\/v2\/media\/6061"}],"wp:attachment":[{"href":"https:\/\/compartilhabahia.com.br\/index.php\/wp-json\/wp\/v2\/media?parent=6060"}],"wp:term":[{"taxonomy":"category","embeddable":true,"href":"https:\/\/compartilhabahia.com.br\/index.php\/wp-json\/wp\/v2\/categories?post=6060"},{"taxonomy":"post_tag","embeddable":true,"href":"https:\/\/compartilhabahia.com.br\/index.php\/wp-json\/wp\/v2\/tags?post=6060"}],"curies":[{"name":"wp","href":"https:\/\/api.w.org\/{rel}","templated":true}]}}