{"id":6040,"date":"2025-04-14T17:18:37","date_gmt":"2025-04-14T20:18:37","guid":{"rendered":"https:\/\/compartilhabahia.com.br\/?p=6040"},"modified":"2025-04-20T13:01:52","modified_gmt":"2025-04-20T16:01:52","slug":"dom-dirceu-explica-o-significado-da-semana-santa-e-da-pascoa","status":"publish","type":"post","link":"https:\/\/compartilhabahia.com.br\/index.php\/2025\/04\/14\/dom-dirceu-explica-o-significado-da-semana-santa-e-da-pascoa\/","title":{"rendered":"Dom Dirceu explica o significado da Semana Santa e da P\u00e1scoa"},"content":{"rendered":"\n<p>A Semana Santa ou a P\u00e1scoa \u00e9 o ponto alto do calend\u00e1rio da Igreja. Para muita gente \u00e9 s\u00f3 mais uma semana como as outras ou at\u00e9 mesmo um feriad\u00e3o, mas para n\u00f3s n\u00e3o.<\/p>\n\n\n\n<p><br>\u00c9 importante ter consci\u00eancia do que celebramos: celebramos o mist\u00e9rio central da f\u00e9 crist\u00e3 paix\u00e3o (sofrimento), morte e ressurei\u00e7\u00e3o de Jesus. A Igreja revive esses momentos atrav\u00e9s da liturgia. Por exemplo, no Domingo de Ramos fazemos a prociss\u00e3o recordando a entrada de Jesus em Jerusal\u00e9m, quando foi aclamado como Rei. Claro, um rei diferente, sem ex\u00e9rcitos, que n\u00e3o se imp\u00f5e pela for\u00e7a. Um rei manso e humilde! Uma curiosidade \u00e9 que da Oliveira se extrai o \u00f3leo com o qual se ungia os reis. Jesus foi aclamado com ramos de Oliveira.<\/p>\n\n\n\n<p><br>Al\u00e9m do Domingo de Ramos temos o chamado Tr\u00edduo Pascal! Esse sim \u00e9 o cora\u00e7\u00e3o da vida da Igreja. Sem P\u00e1scoa nem haveria Igreja. No tr\u00edduo temos diversos atos. Nas Igrejas Catedrais acontece e Missa da Unidade. Nesta Missa todo o clero \u00e9 reunido, \u00e0s 09h na Catedral de Cama\u00e7ari. Os padres renovam suas promessas sacerdotais e se aben\u00e7oa os \u00f3leos dos Catec\u00famenos e Enfermos, al\u00e9m de se Consagrar o \u00d3leo do Santo Crisma. Eles servem para a administra\u00e7\u00e3o dos sacramentos da Igreja.<\/p>\n\n\n\n<p><br>J\u00e1 \u00e0 noite ou ao cair da tarde temos, nas par\u00f3quias a Celebra\u00e7\u00e3o da Ceia do Senhor com a cerim\u00f4nia do Lava-p\u00e9s. Faz-se mem\u00f3ria da \u00faltima ceia de Jesus e a Institui\u00e7\u00e3o da Eucaristia (Santa Missa). Al\u00e9m de se levar os p\u00e9s dos figurados que se vestem de ap\u00f3stolos, \u00e0s vezes se lava os p\u00e9s de pessoas que servem \u00e0 comunidade. \u00c9 um gesto simb\u00f3lico.<\/p>\n\n\n\n<p><br>Na Sexta-Feira Santa, al\u00e9m das vias-sacras nas par\u00f3quias, temos \u00e0 tarde a chamada A\u00e7\u00e3o Lit\u00fargica. \u00c9 o \u00fanico dia do ano que n\u00e3o se pode celebrar a Missa. Jesus est\u00e1 morto. E j\u00e1 h\u00e1 tr\u00eas anos fazemos a prociss\u00e3o do Senhor Morto com grande participa\u00e7\u00e3o de fi\u00e9is. As par\u00f3quias todas juntas do n\u00facleo central de Cama\u00e7ari.<\/p>\n\n\n\n<p><br>No s\u00e1bado santo, pela manh\u00e3, cantamos o of\u00edcio. E \u00e0s 18h na catedral a celebra\u00e7\u00e3o da Vig\u00edlia Pascal: em suma onde se canta a Vit\u00f3ria de Cristo e sua Luz que vence as trevas da morte. Neste dia se batiza os adultos. Este ano ser\u00e3o 20 adultos que abra\u00e7aram a f\u00e9 cat\u00f3lica.<\/p>\n\n\n\n<p><br>No Domingo de P\u00e1scoa a alegria \u00e9 intensa. A cada domingo fazemos mem\u00f3ria do Domingo de P\u00e1scoa, \u00e9 nossa P\u00e1scoa semanal. E essa alegria vai se estender por 50 dias at\u00e9 Pentecostes.<\/p>\n\n\n\n<p><br>Espiritualmente falando celebrar a P\u00e1scoa \u00e9 fazer a passagem da morte para a vida com Cristo e como Cristo, portanto, \u00e9 tempo de renova\u00e7\u00e3o espiritual. Sendo assim, desejo a todos uma feliz e Santa P\u00e1scoa!<\/p>\n","protected":false},"excerpt":{"rendered":"<p>A Semana Santa ou a P\u00e1scoa \u00e9 o ponto alto do calend\u00e1rio da Igreja. Para muita gente \u00e9 s\u00f3 mais uma semana como as outras ou at\u00e9 mesmo um feriad\u00e3o, mas para n\u00f3s n\u00e3o. \u00c9 importante ter consci\u00eancia do que celebramos: celebramos o mist\u00e9rio central da f\u00e9 crist\u00e3 paix\u00e3o (sofrimento), morte e ressurei\u00e7\u00e3o de Jesus. [&hellip;]<\/p>\n","protected":false},"author":1,"featured_media":6041,"comment_status":"open","ping_status":"open","sticky":true,"template":"","format":"standard","meta":{"footnotes":""},"categories":[8],"tags":[],"class_list":["post-6040","post","type-post","status-publish","format-standard","has-post-thumbnail","hentry","category-camacari"],"yoast_head":"<!-- This site is optimized with the Yoast SEO plugin v21.7 - https:\/\/yoast.com\/wordpress\/plugins\/seo\/ -->\n<title>Dom Dirceu explica o significado da Semana Santa e da P\u00e1scoa - Compartilha Bahia<\/title>\n<meta name=\"robots\" content=\"index, follow, max-snippet:-1, max-image-preview:large, max-video-preview:-1\" \/>\n<link rel=\"canonical\" href=\"https:\/\/compartilhabahia.com.br\/index.php\/2025\/04\/14\/dom-dirceu-explica-o-significado-da-semana-santa-e-da-pascoa\/\" \/>\n<meta property=\"og:locale\" content=\"pt_BR\" \/>\n<meta property=\"og:type\" content=\"article\" \/>\n<meta property=\"og:title\" content=\"Dom Dirceu explica o significado da Semana Santa e da P\u00e1scoa - Compartilha Bahia\" \/>\n<meta property=\"og:description\" content=\"A Semana Santa ou a P\u00e1scoa \u00e9 o ponto alto do calend\u00e1rio da Igreja. Para muita gente \u00e9 s\u00f3 mais uma semana como as outras ou at\u00e9 mesmo um feriad\u00e3o, mas para n\u00f3s n\u00e3o. \u00c9 importante ter consci\u00eancia do que celebramos: celebramos o mist\u00e9rio central da f\u00e9 crist\u00e3 paix\u00e3o (sofrimento), morte e ressurei\u00e7\u00e3o de Jesus. [&hellip;]\" \/>\n<meta property=\"og:url\" content=\"https:\/\/compartilhabahia.com.br\/index.php\/2025\/04\/14\/dom-dirceu-explica-o-significado-da-semana-santa-e-da-pascoa\/\" \/>\n<meta property=\"og:site_name\" content=\"Compartilha Bahia\" \/>\n<meta property=\"article:publisher\" content=\"https:\/\/web.facebook.com\/compartilhabahia\" \/>\n<meta property=\"article:published_time\" content=\"2025-04-14T20:18:37+00:00\" \/>\n<meta property=\"article:modified_time\" content=\"2025-04-20T16:01:52+00:00\" \/>\n<meta property=\"og:image\" content=\"https:\/\/compartilhabahia.com.br\/wp-content\/uploads\/2025\/04\/165419810062990f54885f8.jpeg\" \/>\n\t<meta property=\"og:image:width\" content=\"1024\" \/>\n\t<meta property=\"og:image:height\" content=\"683\" \/>\n\t<meta property=\"og:image:type\" content=\"image\/jpeg\" \/>\n<meta name=\"author\" content=\"admin\" \/>\n<meta name=\"twitter:card\" content=\"summary_large_image\" \/>\n<meta name=\"twitter:label1\" content=\"Escrito por\" \/>\n\t<meta name=\"twitter:data1\" content=\"admin\" \/>\n\t<meta name=\"twitter:label2\" content=\"Est. tempo de leitura\" \/>\n\t<meta name=\"twitter:data2\" content=\"3 minutos\" \/>\n<script type=\"application\/ld+json\" class=\"yoast-schema-graph\">{\"@context\":\"https:\/\/schema.org\",\"@graph\":[{\"@type\":\"Article\",\"@id\":\"https:\/\/compartilhabahia.com.br\/index.php\/2025\/04\/14\/dom-dirceu-explica-o-significado-da-semana-santa-e-da-pascoa\/#article\",\"isPartOf\":{\"@id\":\"https:\/\/compartilhabahia.com.br\/index.php\/2025\/04\/14\/dom-dirceu-explica-o-significado-da-semana-santa-e-da-pascoa\/\"},\"author\":{\"name\":\"admin\",\"@id\":\"https:\/\/compartilhabahia.com.br\/#\/schema\/person\/9b4f0c3178793b8248d6686732521c04\"},\"headline\":\"Dom Dirceu explica o significado da Semana Santa e da P\u00e1scoa\",\"datePublished\":\"2025-04-14T20:18:37+00:00\",\"dateModified\":\"2025-04-20T16:01:52+00:00\",\"mainEntityOfPage\":{\"@id\":\"https:\/\/compartilhabahia.com.br\/index.php\/2025\/04\/14\/dom-dirceu-explica-o-significado-da-semana-santa-e-da-pascoa\/\"},\"wordCount\":507,\"commentCount\":0,\"publisher\":{\"@id\":\"https:\/\/compartilhabahia.com.br\/#organization\"},\"articleSection\":[\"Cama\u00e7ari\"],\"inLanguage\":\"pt-BR\",\"potentialAction\":[{\"@type\":\"CommentAction\",\"name\":\"Comment\",\"target\":[\"https:\/\/compartilhabahia.com.br\/index.php\/2025\/04\/14\/dom-dirceu-explica-o-significado-da-semana-santa-e-da-pascoa\/#respond\"]}]},{\"@type\":\"WebPage\",\"@id\":\"https:\/\/compartilhabahia.com.br\/index.php\/2025\/04\/14\/dom-dirceu-explica-o-significado-da-semana-santa-e-da-pascoa\/\",\"url\":\"https:\/\/compartilhabahia.com.br\/index.php\/2025\/04\/14\/dom-dirceu-explica-o-significado-da-semana-santa-e-da-pascoa\/\",\"name\":\"Dom Dirceu explica o significado da Semana Santa e da P\u00e1scoa - Compartilha Bahia\",\"isPartOf\":{\"@id\":\"https:\/\/compartilhabahia.com.br\/#website\"},\"datePublished\":\"2025-04-14T20:18:37+00:00\",\"dateModified\":\"2025-04-20T16:01:52+00:00\",\"breadcrumb\":{\"@id\":\"https:\/\/compartilhabahia.com.br\/index.php\/2025\/04\/14\/dom-dirceu-explica-o-significado-da-semana-santa-e-da-pascoa\/#breadcrumb\"},\"inLanguage\":\"pt-BR\",\"potentialAction\":[{\"@type\":\"ReadAction\",\"target\":[\"https:\/\/compartilhabahia.com.br\/index.php\/2025\/04\/14\/dom-dirceu-explica-o-significado-da-semana-santa-e-da-pascoa\/\"]}]},{\"@type\":\"BreadcrumbList\",\"@id\":\"https:\/\/compartilhabahia.com.br\/index.php\/2025\/04\/14\/dom-dirceu-explica-o-significado-da-semana-santa-e-da-pascoa\/#breadcrumb\",\"itemListElement\":[{\"@type\":\"ListItem\",\"position\":1,\"name\":\"In\u00edcio\",\"item\":\"https:\/\/compartilhabahia.com.br\/\"},{\"@type\":\"ListItem\",\"position\":2,\"name\":\"Dom Dirceu explica o significado da Semana Santa e da P\u00e1scoa\"}]},{\"@type\":\"WebSite\",\"@id\":\"https:\/\/compartilhabahia.com.br\/#website\",\"url\":\"https:\/\/compartilhabahia.com.br\/\",\"name\":\"Compartilha Bahia\",\"description\":\"\",\"publisher\":{\"@id\":\"https:\/\/compartilhabahia.com.br\/#organization\"},\"potentialAction\":[{\"@type\":\"SearchAction\",\"target\":{\"@type\":\"EntryPoint\",\"urlTemplate\":\"https:\/\/compartilhabahia.com.br\/?s={search_term_string}\"},\"query-input\":\"required name=search_term_string\"}],\"inLanguage\":\"pt-BR\"},{\"@type\":\"Organization\",\"@id\":\"https:\/\/compartilhabahia.com.br\/#organization\",\"name\":\"Compartilha Bahia\",\"url\":\"https:\/\/compartilhabahia.com.br\/\",\"logo\":{\"@type\":\"ImageObject\",\"inLanguage\":\"pt-BR\",\"@id\":\"https:\/\/compartilhabahia.com.br\/#\/schema\/logo\/image\/\",\"url\":\"https:\/\/compartilhabahia.com.br\/wp-content\/uploads\/2023\/12\/cropped-logo.png\",\"contentUrl\":\"https:\/\/compartilhabahia.com.br\/wp-content\/uploads\/2023\/12\/cropped-logo.png\",\"width\":300,\"height\":106,\"caption\":\"Compartilha Bahia\"},\"image\":{\"@id\":\"https:\/\/compartilhabahia.com.br\/#\/schema\/logo\/image\/\"},\"sameAs\":[\"https:\/\/web.facebook.com\/compartilhabahia\",\"https:\/\/www.instagram.com\/compartilhabahia\/\"]},{\"@type\":\"Person\",\"@id\":\"https:\/\/compartilhabahia.com.br\/#\/schema\/person\/9b4f0c3178793b8248d6686732521c04\",\"name\":\"admin\",\"image\":{\"@type\":\"ImageObject\",\"inLanguage\":\"pt-BR\",\"@id\":\"https:\/\/compartilhabahia.com.br\/#\/schema\/person\/image\/\",\"url\":\"https:\/\/secure.gravatar.com\/avatar\/9600df58751c5acbe914c538c03390ef649ea088cb65f84ba09c7ce66988eed6?s=96&d=mm&r=g\",\"contentUrl\":\"https:\/\/secure.gravatar.com\/avatar\/9600df58751c5acbe914c538c03390ef649ea088cb65f84ba09c7ce66988eed6?s=96&d=mm&r=g\",\"caption\":\"admin\"},\"sameAs\":[\"https:\/\/compartilhabahia.com.br\"],\"url\":\"https:\/\/compartilhabahia.com.br\/index.php\/author\/compartilhabahia\/\"}]}<\/script>\n<!-- \/ Yoast SEO plugin. -->","yoast_head_json":{"title":"Dom Dirceu explica o significado da Semana Santa e da P\u00e1scoa - Compartilha Bahia","robots":{"index":"index","follow":"follow","max-snippet":"max-snippet:-1","max-image-preview":"max-image-preview:large","max-video-preview":"max-video-preview:-1"},"canonical":"https:\/\/compartilhabahia.com.br\/index.php\/2025\/04\/14\/dom-dirceu-explica-o-significado-da-semana-santa-e-da-pascoa\/","og_locale":"pt_BR","og_type":"article","og_title":"Dom Dirceu explica o significado da Semana Santa e da P\u00e1scoa - Compartilha Bahia","og_description":"A Semana Santa ou a P\u00e1scoa \u00e9 o ponto alto do calend\u00e1rio da Igreja. Para muita gente \u00e9 s\u00f3 mais uma semana como as outras ou at\u00e9 mesmo um feriad\u00e3o, mas para n\u00f3s n\u00e3o. \u00c9 importante ter consci\u00eancia do que celebramos: celebramos o mist\u00e9rio central da f\u00e9 crist\u00e3 paix\u00e3o (sofrimento), morte e ressurei\u00e7\u00e3o de Jesus. [&hellip;]","og_url":"https:\/\/compartilhabahia.com.br\/index.php\/2025\/04\/14\/dom-dirceu-explica-o-significado-da-semana-santa-e-da-pascoa\/","og_site_name":"Compartilha Bahia","article_publisher":"https:\/\/web.facebook.com\/compartilhabahia","article_published_time":"2025-04-14T20:18:37+00:00","article_modified_time":"2025-04-20T16:01:52+00:00","og_image":[{"width":1024,"height":683,"url":"https:\/\/compartilhabahia.com.br\/wp-content\/uploads\/2025\/04\/165419810062990f54885f8.jpeg","type":"image\/jpeg"}],"author":"admin","twitter_card":"summary_large_image","twitter_misc":{"Escrito por":"admin","Est. tempo de leitura":"3 minutos"},"schema":{"@context":"https:\/\/schema.org","@graph":[{"@type":"Article","@id":"https:\/\/compartilhabahia.com.br\/index.php\/2025\/04\/14\/dom-dirceu-explica-o-significado-da-semana-santa-e-da-pascoa\/#article","isPartOf":{"@id":"https:\/\/compartilhabahia.com.br\/index.php\/2025\/04\/14\/dom-dirceu-explica-o-significado-da-semana-santa-e-da-pascoa\/"},"author":{"name":"admin","@id":"https:\/\/compartilhabahia.com.br\/#\/schema\/person\/9b4f0c3178793b8248d6686732521c04"},"headline":"Dom Dirceu explica o significado da Semana Santa e da P\u00e1scoa","datePublished":"2025-04-14T20:18:37+00:00","dateModified":"2025-04-20T16:01:52+00:00","mainEntityOfPage":{"@id":"https:\/\/compartilhabahia.com.br\/index.php\/2025\/04\/14\/dom-dirceu-explica-o-significado-da-semana-santa-e-da-pascoa\/"},"wordCount":507,"commentCount":0,"publisher":{"@id":"https:\/\/compartilhabahia.com.br\/#organization"},"articleSection":["Cama\u00e7ari"],"inLanguage":"pt-BR","potentialAction":[{"@type":"CommentAction","name":"Comment","target":["https:\/\/compartilhabahia.com.br\/index.php\/2025\/04\/14\/dom-dirceu-explica-o-significado-da-semana-santa-e-da-pascoa\/#respond"]}]},{"@type":"WebPage","@id":"https:\/\/compartilhabahia.com.br\/index.php\/2025\/04\/14\/dom-dirceu-explica-o-significado-da-semana-santa-e-da-pascoa\/","url":"https:\/\/compartilhabahia.com.br\/index.php\/2025\/04\/14\/dom-dirceu-explica-o-significado-da-semana-santa-e-da-pascoa\/","name":"Dom Dirceu explica o significado da Semana Santa e da P\u00e1scoa - Compartilha Bahia","isPartOf":{"@id":"https:\/\/compartilhabahia.com.br\/#website"},"datePublished":"2025-04-14T20:18:37+00:00","dateModified":"2025-04-20T16:01:52+00:00","breadcrumb":{"@id":"https:\/\/compartilhabahia.com.br\/index.php\/2025\/04\/14\/dom-dirceu-explica-o-significado-da-semana-santa-e-da-pascoa\/#breadcrumb"},"inLanguage":"pt-BR","potentialAction":[{"@type":"ReadAction","target":["https:\/\/compartilhabahia.com.br\/index.php\/2025\/04\/14\/dom-dirceu-explica-o-significado-da-semana-santa-e-da-pascoa\/"]}]},{"@type":"BreadcrumbList","@id":"https:\/\/compartilhabahia.com.br\/index.php\/2025\/04\/14\/dom-dirceu-explica-o-significado-da-semana-santa-e-da-pascoa\/#breadcrumb","itemListElement":[{"@type":"ListItem","position":1,"name":"In\u00edcio","item":"https:\/\/compartilhabahia.com.br\/"},{"@type":"ListItem","position":2,"name":"Dom Dirceu explica o significado da Semana Santa e da P\u00e1scoa"}]},{"@type":"WebSite","@id":"https:\/\/compartilhabahia.com.br\/#website","url":"https:\/\/compartilhabahia.com.br\/","name":"Compartilha Bahia","description":"","publisher":{"@id":"https:\/\/compartilhabahia.com.br\/#organization"},"potentialAction":[{"@type":"SearchAction","target":{"@type":"EntryPoint","urlTemplate":"https:\/\/compartilhabahia.com.br\/?s={search_term_string}"},"query-input":"required name=search_term_string"}],"inLanguage":"pt-BR"},{"@type":"Organization","@id":"https:\/\/compartilhabahia.com.br\/#organization","name":"Compartilha Bahia","url":"https:\/\/compartilhabahia.com.br\/","logo":{"@type":"ImageObject","inLanguage":"pt-BR","@id":"https:\/\/compartilhabahia.com.br\/#\/schema\/logo\/image\/","url":"https:\/\/compartilhabahia.com.br\/wp-content\/uploads\/2023\/12\/cropped-logo.png","contentUrl":"https:\/\/compartilhabahia.com.br\/wp-content\/uploads\/2023\/12\/cropped-logo.png","width":300,"height":106,"caption":"Compartilha Bahia"},"image":{"@id":"https:\/\/compartilhabahia.com.br\/#\/schema\/logo\/image\/"},"sameAs":["https:\/\/web.facebook.com\/compartilhabahia","https:\/\/www.instagram.com\/compartilhabahia\/"]},{"@type":"Person","@id":"https:\/\/compartilhabahia.com.br\/#\/schema\/person\/9b4f0c3178793b8248d6686732521c04","name":"admin","image":{"@type":"ImageObject","inLanguage":"pt-BR","@id":"https:\/\/compartilhabahia.com.br\/#\/schema\/person\/image\/","url":"https:\/\/secure.gravatar.com\/avatar\/9600df58751c5acbe914c538c03390ef649ea088cb65f84ba09c7ce66988eed6?s=96&d=mm&r=g","contentUrl":"https:\/\/secure.gravatar.com\/avatar\/9600df58751c5acbe914c538c03390ef649ea088cb65f84ba09c7ce66988eed6?s=96&d=mm&r=g","caption":"admin"},"sameAs":["https:\/\/compartilhabahia.com.br"],"url":"https:\/\/compartilhabahia.com.br\/index.php\/author\/compartilhabahia\/"}]}},"_links":{"self":[{"href":"https:\/\/compartilhabahia.com.br\/index.php\/wp-json\/wp\/v2\/posts\/6040","targetHints":{"allow":["GET"]}}],"collection":[{"href":"https:\/\/compartilhabahia.com.br\/index.php\/wp-json\/wp\/v2\/posts"}],"about":[{"href":"https:\/\/compartilhabahia.com.br\/index.php\/wp-json\/wp\/v2\/types\/post"}],"author":[{"embeddable":true,"href":"https:\/\/compartilhabahia.com.br\/index.php\/wp-json\/wp\/v2\/users\/1"}],"replies":[{"embeddable":true,"href":"https:\/\/compartilhabahia.com.br\/index.php\/wp-json\/wp\/v2\/comments?post=6040"}],"version-history":[{"count":1,"href":"https:\/\/compartilhabahia.com.br\/index.php\/wp-json\/wp\/v2\/posts\/6040\/revisions"}],"predecessor-version":[{"id":6042,"href":"https:\/\/compartilhabahia.com.br\/index.php\/wp-json\/wp\/v2\/posts\/6040\/revisions\/6042"}],"wp:featuredmedia":[{"embeddable":true,"href":"https:\/\/compartilhabahia.com.br\/index.php\/wp-json\/wp\/v2\/media\/6041"}],"wp:attachment":[{"href":"https:\/\/compartilhabahia.com.br\/index.php\/wp-json\/wp\/v2\/media?parent=6040"}],"wp:term":[{"taxonomy":"category","embeddable":true,"href":"https:\/\/compartilhabahia.com.br\/index.php\/wp-json\/wp\/v2\/categories?post=6040"},{"taxonomy":"post_tag","embeddable":true,"href":"https:\/\/compartilhabahia.com.br\/index.php\/wp-json\/wp\/v2\/tags?post=6040"}],"curies":[{"name":"wp","href":"https:\/\/api.w.org\/{rel}","templated":true}]}}