{"id":5998,"date":"2025-04-12T14:06:52","date_gmt":"2025-04-12T17:06:52","guid":{"rendered":"https:\/\/compartilhabahia.com.br\/?p=5998"},"modified":"2025-04-12T14:06:54","modified_gmt":"2025-04-12T17:06:54","slug":"maior-acao-social-da-historia-de-camacari-chega-na-hora-certa-para-muita-gente-na-hora-que-mais-precisava","status":"publish","type":"post","link":"https:\/\/compartilhabahia.com.br\/index.php\/2025\/04\/12\/maior-acao-social-da-historia-de-camacari-chega-na-hora-certa-para-muita-gente-na-hora-que-mais-precisava\/","title":{"rendered":"Maior a\u00e7\u00e3o social da hist\u00f3ria de Cama\u00e7ari chega na hora certa para muita gente, na hora que mais precisava"},"content":{"rendered":"\n<p><strong>De casa em casa, prefeitura entrega Cesta de P\u00e1scoa na zona rural<\/strong><\/p>\n\n\n\n<p>\u201cEstava na expectativa para receber meu peixe, meu feij\u00e3ozinho e os outros alimentos que v\u00e3o ajudar a montar minha ceia da Semana Santa\u201d. O relato \u00e9 da dona de casa Adenilza Sales, 57 anos, moradora da comunidade Lagoa Seca, no distrito de Monte Gordo. Nesta sexta-feira (11), ela, e centenas de fam\u00edlias aguardavam ansiosas o in\u00edcio da distribui\u00e7\u00e3o itinerante das Cestas de P\u00e1scoa 2025 nas localidades que integram a zona rural do munic\u00edpio.<\/p>\n\n\n\n<figure class=\"wp-block-image size-large is-resized\"><img loading=\"lazy\" decoding=\"async\" width=\"1024\" height=\"682\" src=\"https:\/\/compartilhabahia.com.br\/wp-content\/uploads\/2025\/04\/Entrega-Cesta-Pascoa-2025_Lagoa-Seca_fotos-JulianoSarraf-2-1024x682.jpeg\" alt=\"\" class=\"wp-image-6005\" style=\"width:468px;height:auto\" srcset=\"https:\/\/compartilhabahia.com.br\/wp-content\/uploads\/2025\/04\/Entrega-Cesta-Pascoa-2025_Lagoa-Seca_fotos-JulianoSarraf-2-1024x682.jpeg 1024w, https:\/\/compartilhabahia.com.br\/wp-content\/uploads\/2025\/04\/Entrega-Cesta-Pascoa-2025_Lagoa-Seca_fotos-JulianoSarraf-2-300x200.jpeg 300w, https:\/\/compartilhabahia.com.br\/wp-content\/uploads\/2025\/04\/Entrega-Cesta-Pascoa-2025_Lagoa-Seca_fotos-JulianoSarraf-2-768x512.jpeg 768w, https:\/\/compartilhabahia.com.br\/wp-content\/uploads\/2025\/04\/Entrega-Cesta-Pascoa-2025_Lagoa-Seca_fotos-JulianoSarraf-2-1536x1023.jpeg 1536w, https:\/\/compartilhabahia.com.br\/wp-content\/uploads\/2025\/04\/Entrega-Cesta-Pascoa-2025_Lagoa-Seca_fotos-JulianoSarraf-2-1200x800.jpeg 1200w, https:\/\/compartilhabahia.com.br\/wp-content\/uploads\/2025\/04\/Entrega-Cesta-Pascoa-2025_Lagoa-Seca_fotos-JulianoSarraf-2.jpeg 1600w\" sizes=\"auto, (max-width: 1024px) 100vw, 1024px\" \/><\/figure>\n\n\n\n<p><br><br>A a\u00e7\u00e3o, fruto de esfor\u00e7os da Prefeitura de Cama\u00e7ari, \u00e9 executada atrav\u00e9s da Secretaria de Desenvolvimento Social e Cidadania (Sedes), e visa garantir que esses benefici\u00e1rios, residentes em \u00e1reas de dif\u00edcil acesso na cidade, recebam os insumos de forma mais tranquila, conforme enfatiza a titular da pasta, Jeane Gleide. \u201cA gente planejou muito essa a\u00e7\u00e3o, foi tudo feito com muito carinho e responsabilidade, focando na organiza\u00e7\u00e3o e comodidade, principalmente dessas fam\u00edlias que residem na zona rural do nosso munic\u00edpio. Preciso pontuar, tamb\u00e9m, que a gest\u00e3o n\u00e3o encontrou hist\u00f3rico dos benefici\u00e1rios dos programas sociais, pegamos uma secret\u00e1ria totalmente desassistida. Mas, gra\u00e7as a Deus, com muito trabalho e esfor\u00e7o di\u00e1rio de muitas m\u00e3os, conseguimos correr contra o tempo e garantir a entrega desse benef\u00edcio t\u00e3o importante, hoje mesmo, indo at\u00e9 as casas dessas pessoas\u201d, pontuou.<\/p>\n\n\n\n<figure class=\"wp-block-image size-large is-resized\"><img loading=\"lazy\" decoding=\"async\" width=\"1024\" height=\"682\" src=\"https:\/\/compartilhabahia.com.br\/wp-content\/uploads\/2025\/04\/Entrega-Cesta-Pascoa-2025_Lagoa-Seca_fotos-JulianoSarraf-8-1024x682.jpeg\" alt=\"\" class=\"wp-image-6006\" style=\"width:503px;height:auto\" srcset=\"https:\/\/compartilhabahia.com.br\/wp-content\/uploads\/2025\/04\/Entrega-Cesta-Pascoa-2025_Lagoa-Seca_fotos-JulianoSarraf-8-1024x682.jpeg 1024w, https:\/\/compartilhabahia.com.br\/wp-content\/uploads\/2025\/04\/Entrega-Cesta-Pascoa-2025_Lagoa-Seca_fotos-JulianoSarraf-8-300x200.jpeg 300w, https:\/\/compartilhabahia.com.br\/wp-content\/uploads\/2025\/04\/Entrega-Cesta-Pascoa-2025_Lagoa-Seca_fotos-JulianoSarraf-8-768x512.jpeg 768w, https:\/\/compartilhabahia.com.br\/wp-content\/uploads\/2025\/04\/Entrega-Cesta-Pascoa-2025_Lagoa-Seca_fotos-JulianoSarraf-8-1536x1023.jpeg 1536w, https:\/\/compartilhabahia.com.br\/wp-content\/uploads\/2025\/04\/Entrega-Cesta-Pascoa-2025_Lagoa-Seca_fotos-JulianoSarraf-8-1200x800.jpeg 1200w, https:\/\/compartilhabahia.com.br\/wp-content\/uploads\/2025\/04\/Entrega-Cesta-Pascoa-2025_Lagoa-Seca_fotos-JulianoSarraf-8.jpeg 1600w\" sizes=\"auto, (max-width: 1024px) 100vw, 1024px\" \/><\/figure>\n\n\n\n<p><br><br>Com um grande sorriso nos l\u00e1bios. Foi assim que Samuel Tavares, 59 anos, representante comunit\u00e1rio da regi\u00e3o de Lagoa Seca, recebeu a equipe de distribui\u00e7\u00e3o das cestas. A comunica\u00e7\u00e3o e o acolhimento com a comunidade foi destacada, por ele, como crucial. \u201cS\u00f3 temos a agradecer pela continuidade e efici\u00eancia do servi\u00e7o. Pelo di\u00e1logo com a gente, n\u00e3o \u00e9 s\u00f3 entregar e ir embora, mas tem a conversa, o contato, a preocupa\u00e7\u00e3o em saber como estamos, em conhecer nossa comunidade\u201d, afirmou.<br><br>Em totalidade, entre sede, orla e zona rural, s\u00e3o 60 mil cestas, com nove op\u00e7\u00f5es de alimentos e 24 toneladas (t) de peixe. Cada fam\u00edlia vai receber 4 quilos (kg) de corvina inteira, leite de coco, \u00f3leo de soja, feij\u00f5es carioca e fradinho, arroz, azeite de dend\u00ea e farinha de mandioca. Esse ano o benef\u00edcio alimentar ganhou refor\u00e7o in\u00e9dito, com o adicional de suco de uva e amendoim \u2013 novidade que foi celebrada por Francisca Bezerra, 57 anos.<br><br>A cama\u00e7ariense, residente na comunidade de Lagoa Seca por anos, revelou o que pretende preparar com os insumos e com o pescado. \u201cO peixe fritinho na farinha e crocante, d\u00e1 para aproveitar mais de um dia. Tamb\u00e9m pode fazer cozido ou um ensopado, que rende muito. Com o amendoim, um vatap\u00e1. E depois de tudo, um suco saboroso de uva\u201d, comemorou a dona de casa.<br><br>Em Monte Gordo, nos tr\u00eas dias da a\u00e7\u00e3o, ser\u00e3o contempladas 177 fam\u00edlias. Por l\u00e1, al\u00e9m da comunidade Lagoa Seca, ser\u00e3o alcan\u00e7ados ainda benefici\u00e1rios que residem em Jord\u00e3o, Coqueiro de Monte Gordo, Cancelas e Fazenda Mucambo II.\u00a0<br><br>As entregas itinerantes seguem at\u00e9 o domingo (13). Integram a lista de roteiros ainda, Vila de Abrantes (Cajazeiras de Abrantes, \u00c1gua Fria, Maraca\u00fabas, Pau Grande, Sucupira, Rua do Leite, Terra Maior e Cordoaria); Catu de Abrantes; Arembepe (Rancho Alegre); Alto da Conquista; e Barra do Pojuca (Lodo, Fazenda Cajazeira e Baratas).<\/p>\n\n\n\n<figure class=\"wp-block-image size-large is-resized\"><img loading=\"lazy\" decoding=\"async\" width=\"1024\" height=\"682\" src=\"https:\/\/compartilhabahia.com.br\/wp-content\/uploads\/2025\/04\/Entrega-Cesta-Pascoa-2025_Lagoa-Seca_Adenilza-Sales-e-Francisca-Bezerra_fotos-JulianoSarraf-9-1024x682.jpeg\" alt=\"\" class=\"wp-image-6004\" style=\"width:512px;height:auto\" srcset=\"https:\/\/compartilhabahia.com.br\/wp-content\/uploads\/2025\/04\/Entrega-Cesta-Pascoa-2025_Lagoa-Seca_Adenilza-Sales-e-Francisca-Bezerra_fotos-JulianoSarraf-9-1024x682.jpeg 1024w, https:\/\/compartilhabahia.com.br\/wp-content\/uploads\/2025\/04\/Entrega-Cesta-Pascoa-2025_Lagoa-Seca_Adenilza-Sales-e-Francisca-Bezerra_fotos-JulianoSarraf-9-300x200.jpeg 300w, https:\/\/compartilhabahia.com.br\/wp-content\/uploads\/2025\/04\/Entrega-Cesta-Pascoa-2025_Lagoa-Seca_Adenilza-Sales-e-Francisca-Bezerra_fotos-JulianoSarraf-9-768x512.jpeg 768w, https:\/\/compartilhabahia.com.br\/wp-content\/uploads\/2025\/04\/Entrega-Cesta-Pascoa-2025_Lagoa-Seca_Adenilza-Sales-e-Francisca-Bezerra_fotos-JulianoSarraf-9-1536x1023.jpeg 1536w, https:\/\/compartilhabahia.com.br\/wp-content\/uploads\/2025\/04\/Entrega-Cesta-Pascoa-2025_Lagoa-Seca_Adenilza-Sales-e-Francisca-Bezerra_fotos-JulianoSarraf-9-1200x800.jpeg 1200w, https:\/\/compartilhabahia.com.br\/wp-content\/uploads\/2025\/04\/Entrega-Cesta-Pascoa-2025_Lagoa-Seca_Adenilza-Sales-e-Francisca-Bezerra_fotos-JulianoSarraf-9.jpeg 1600w\" sizes=\"auto, (max-width: 1024px) 100vw, 1024px\" \/><\/figure>\n\n\n\n<p><br><br>Na segunda-feira (14), ser\u00e1 a vez da entrega nos postos fixos localizados na orla. Na sede, a iniciativa ir\u00e1 acontecer na ter\u00e7a-feira (15) e na quarta-feira (16). Institui\u00e7\u00f5es socioassistenciais que atuam no munic\u00edpio receber\u00e3o na quinta-feira (17).<br><br>A Cesta de P\u00e1scoa contempla benefici\u00e1rios dos programas Bolsa Fam\u00edlia, mulheres atendidas pelo Centro de Refer\u00eancia de Atendimento \u00e0 Mulher (Cram) Yolanda Pires, fam\u00edlias acompanhadas pelo Centro de Refer\u00eancia da Assist\u00eancia Social (Cras) ou pelo Centro de Refer\u00eancia Especializado da Assist\u00eancia Social (Creas).<br><br>Ainda recebem o benef\u00edcio alimentar pessoas atendidas pelo Centro de Refer\u00eancia Especializado para Popula\u00e7\u00e3o em Situa\u00e7\u00e3o de Rua (Centro POP), o p\u00fablico do Centro de Conviv\u00eancia da Pessoa Idosa (Conviver), al\u00e9m das m\u00e3es dos jovens matriculados na Casa da Crian\u00e7a e do Adolescente.<\/p>\n\n\n\n<figure class=\"wp-block-image size-large is-resized\"><img loading=\"lazy\" decoding=\"async\" width=\"1024\" height=\"682\" src=\"https:\/\/compartilhabahia.com.br\/wp-content\/uploads\/2025\/04\/Entrega-Cesta-Pascoa-2025_Lagoa-Seca_fotos-JulianoSarraf-1-1024x682.jpeg\" alt=\"\" class=\"wp-image-6000\" style=\"width:444px;height:auto\" srcset=\"https:\/\/compartilhabahia.com.br\/wp-content\/uploads\/2025\/04\/Entrega-Cesta-Pascoa-2025_Lagoa-Seca_fotos-JulianoSarraf-1-1024x682.jpeg 1024w, https:\/\/compartilhabahia.com.br\/wp-content\/uploads\/2025\/04\/Entrega-Cesta-Pascoa-2025_Lagoa-Seca_fotos-JulianoSarraf-1-300x200.jpeg 300w, https:\/\/compartilhabahia.com.br\/wp-content\/uploads\/2025\/04\/Entrega-Cesta-Pascoa-2025_Lagoa-Seca_fotos-JulianoSarraf-1-768x512.jpeg 768w, https:\/\/compartilhabahia.com.br\/wp-content\/uploads\/2025\/04\/Entrega-Cesta-Pascoa-2025_Lagoa-Seca_fotos-JulianoSarraf-1-1536x1023.jpeg 1536w, https:\/\/compartilhabahia.com.br\/wp-content\/uploads\/2025\/04\/Entrega-Cesta-Pascoa-2025_Lagoa-Seca_fotos-JulianoSarraf-1-1200x800.jpeg 1200w, https:\/\/compartilhabahia.com.br\/wp-content\/uploads\/2025\/04\/Entrega-Cesta-Pascoa-2025_Lagoa-Seca_fotos-JulianoSarraf-1.jpeg 1600w\" sizes=\"auto, (max-width: 1024px) 100vw, 1024px\" \/><\/figure>\n\n\n\n<figure class=\"wp-block-image size-large is-resized\"><img loading=\"lazy\" decoding=\"async\" width=\"1024\" height=\"682\" src=\"https:\/\/compartilhabahia.com.br\/wp-content\/uploads\/2025\/04\/Entrega-Cesta-Pascoa-2025_Lagoa-Seca_fotos-JulianoSarraf-13-1024x682.jpeg\" alt=\"\" class=\"wp-image-6001\" style=\"width:440px;height:auto\" srcset=\"https:\/\/compartilhabahia.com.br\/wp-content\/uploads\/2025\/04\/Entrega-Cesta-Pascoa-2025_Lagoa-Seca_fotos-JulianoSarraf-13-1024x682.jpeg 1024w, https:\/\/compartilhabahia.com.br\/wp-content\/uploads\/2025\/04\/Entrega-Cesta-Pascoa-2025_Lagoa-Seca_fotos-JulianoSarraf-13-300x200.jpeg 300w, https:\/\/compartilhabahia.com.br\/wp-content\/uploads\/2025\/04\/Entrega-Cesta-Pascoa-2025_Lagoa-Seca_fotos-JulianoSarraf-13-768x512.jpeg 768w, https:\/\/compartilhabahia.com.br\/wp-content\/uploads\/2025\/04\/Entrega-Cesta-Pascoa-2025_Lagoa-Seca_fotos-JulianoSarraf-13-1536x1023.jpeg 1536w, https:\/\/compartilhabahia.com.br\/wp-content\/uploads\/2025\/04\/Entrega-Cesta-Pascoa-2025_Lagoa-Seca_fotos-JulianoSarraf-13-1200x800.jpeg 1200w, https:\/\/compartilhabahia.com.br\/wp-content\/uploads\/2025\/04\/Entrega-Cesta-Pascoa-2025_Lagoa-Seca_fotos-JulianoSarraf-13.jpeg 1600w\" sizes=\"auto, (max-width: 1024px) 100vw, 1024px\" \/><\/figure>\n\n\n\n<figure class=\"wp-block-image size-large is-resized\"><img loading=\"lazy\" decoding=\"async\" width=\"1024\" height=\"682\" src=\"https:\/\/compartilhabahia.com.br\/wp-content\/uploads\/2025\/04\/Entrega-Cesta-Pascoa-2025_Lagoa-Seca_fotos-JulianoSarraf-11-1024x682.jpeg\" alt=\"\" class=\"wp-image-6002\" style=\"width:438px;height:auto\" srcset=\"https:\/\/compartilhabahia.com.br\/wp-content\/uploads\/2025\/04\/Entrega-Cesta-Pascoa-2025_Lagoa-Seca_fotos-JulianoSarraf-11-1024x682.jpeg 1024w, https:\/\/compartilhabahia.com.br\/wp-content\/uploads\/2025\/04\/Entrega-Cesta-Pascoa-2025_Lagoa-Seca_fotos-JulianoSarraf-11-300x200.jpeg 300w, https:\/\/compartilhabahia.com.br\/wp-content\/uploads\/2025\/04\/Entrega-Cesta-Pascoa-2025_Lagoa-Seca_fotos-JulianoSarraf-11-768x512.jpeg 768w, https:\/\/compartilhabahia.com.br\/wp-content\/uploads\/2025\/04\/Entrega-Cesta-Pascoa-2025_Lagoa-Seca_fotos-JulianoSarraf-11-1536x1023.jpeg 1536w, https:\/\/compartilhabahia.com.br\/wp-content\/uploads\/2025\/04\/Entrega-Cesta-Pascoa-2025_Lagoa-Seca_fotos-JulianoSarraf-11-1200x800.jpeg 1200w, https:\/\/compartilhabahia.com.br\/wp-content\/uploads\/2025\/04\/Entrega-Cesta-Pascoa-2025_Lagoa-Seca_fotos-JulianoSarraf-11.jpeg 1600w\" sizes=\"auto, (max-width: 1024px) 100vw, 1024px\" \/><\/figure>\n\n\n\n<figure class=\"wp-block-image size-large is-resized\"><img loading=\"lazy\" decoding=\"async\" width=\"1024\" height=\"682\" src=\"https:\/\/compartilhabahia.com.br\/wp-content\/uploads\/2025\/04\/Entrega-Cesta-Pascoa-2025_Lagoa-Seca_fotos-JulianoSarraf-3-1024x682.jpeg\" alt=\"\" class=\"wp-image-6003\" style=\"width:437px;height:auto\" srcset=\"https:\/\/compartilhabahia.com.br\/wp-content\/uploads\/2025\/04\/Entrega-Cesta-Pascoa-2025_Lagoa-Seca_fotos-JulianoSarraf-3-1024x682.jpeg 1024w, https:\/\/compartilhabahia.com.br\/wp-content\/uploads\/2025\/04\/Entrega-Cesta-Pascoa-2025_Lagoa-Seca_fotos-JulianoSarraf-3-300x200.jpeg 300w, https:\/\/compartilhabahia.com.br\/wp-content\/uploads\/2025\/04\/Entrega-Cesta-Pascoa-2025_Lagoa-Seca_fotos-JulianoSarraf-3-768x512.jpeg 768w, https:\/\/compartilhabahia.com.br\/wp-content\/uploads\/2025\/04\/Entrega-Cesta-Pascoa-2025_Lagoa-Seca_fotos-JulianoSarraf-3-1536x1023.jpeg 1536w, https:\/\/compartilhabahia.com.br\/wp-content\/uploads\/2025\/04\/Entrega-Cesta-Pascoa-2025_Lagoa-Seca_fotos-JulianoSarraf-3-1200x800.jpeg 1200w, https:\/\/compartilhabahia.com.br\/wp-content\/uploads\/2025\/04\/Entrega-Cesta-Pascoa-2025_Lagoa-Seca_fotos-JulianoSarraf-3.jpeg 1600w\" sizes=\"auto, (max-width: 1024px) 100vw, 1024px\" \/><\/figure>\n","protected":false},"excerpt":{"rendered":"<p>De casa em casa, prefeitura entrega Cesta de P\u00e1scoa na zona rural \u201cEstava na expectativa para receber meu peixe, meu feij\u00e3ozinho e os outros alimentos que v\u00e3o ajudar a montar minha ceia da Semana Santa\u201d. O relato \u00e9 da dona de casa Adenilza Sales, 57 anos, moradora da comunidade Lagoa Seca, no distrito de Monte [&hellip;]<\/p>\n","protected":false},"author":1,"featured_media":5999,"comment_status":"open","ping_status":"open","sticky":false,"template":"","format":"standard","meta":{"footnotes":""},"categories":[8],"tags":[],"class_list":["post-5998","post","type-post","status-publish","format-standard","has-post-thumbnail","hentry","category-camacari"],"yoast_head":"<!-- This site is optimized with the Yoast SEO plugin v21.7 - https:\/\/yoast.com\/wordpress\/plugins\/seo\/ -->\n<title>Maior a\u00e7\u00e3o social da hist\u00f3ria de Cama\u00e7ari chega na hora certa para muita gente, na hora que mais precisava - Compartilha Bahia<\/title>\n<meta name=\"robots\" content=\"index, follow, max-snippet:-1, max-image-preview:large, max-video-preview:-1\" \/>\n<link rel=\"canonical\" href=\"https:\/\/compartilhabahia.com.br\/index.php\/2025\/04\/12\/maior-acao-social-da-historia-de-camacari-chega-na-hora-certa-para-muita-gente-na-hora-que-mais-precisava\/\" \/>\n<meta property=\"og:locale\" content=\"pt_BR\" \/>\n<meta property=\"og:type\" content=\"article\" \/>\n<meta property=\"og:title\" content=\"Maior a\u00e7\u00e3o social da hist\u00f3ria de Cama\u00e7ari chega na hora certa para muita gente, na hora que mais precisava - Compartilha Bahia\" \/>\n<meta property=\"og:description\" content=\"De casa em casa, prefeitura entrega Cesta de P\u00e1scoa na zona rural \u201cEstava na expectativa para receber meu peixe, meu feij\u00e3ozinho e os outros alimentos que v\u00e3o ajudar a montar minha ceia da Semana Santa\u201d. O relato \u00e9 da dona de casa Adenilza Sales, 57 anos, moradora da comunidade Lagoa Seca, no distrito de Monte [&hellip;]\" \/>\n<meta property=\"og:url\" content=\"https:\/\/compartilhabahia.com.br\/index.php\/2025\/04\/12\/maior-acao-social-da-historia-de-camacari-chega-na-hora-certa-para-muita-gente-na-hora-que-mais-precisava\/\" \/>\n<meta property=\"og:site_name\" content=\"Compartilha Bahia\" \/>\n<meta property=\"article:publisher\" content=\"https:\/\/web.facebook.com\/compartilhabahia\" \/>\n<meta property=\"article:published_time\" content=\"2025-04-12T17:06:52+00:00\" \/>\n<meta property=\"article:modified_time\" content=\"2025-04-12T17:06:54+00:00\" \/>\n<meta property=\"og:image\" content=\"https:\/\/compartilhabahia.com.br\/wp-content\/uploads\/2025\/04\/acao.jpg\" \/>\n\t<meta property=\"og:image:width\" content=\"800\" \/>\n\t<meta property=\"og:image:height\" content=\"533\" \/>\n\t<meta property=\"og:image:type\" content=\"image\/jpeg\" \/>\n<meta name=\"author\" content=\"admin\" \/>\n<meta name=\"twitter:card\" content=\"summary_large_image\" \/>\n<meta name=\"twitter:label1\" content=\"Escrito por\" \/>\n\t<meta name=\"twitter:data1\" content=\"admin\" \/>\n\t<meta name=\"twitter:label2\" content=\"Est. tempo de leitura\" \/>\n\t<meta name=\"twitter:data2\" content=\"6 minutos\" \/>\n<script type=\"application\/ld+json\" class=\"yoast-schema-graph\">{\"@context\":\"https:\/\/schema.org\",\"@graph\":[{\"@type\":\"Article\",\"@id\":\"https:\/\/compartilhabahia.com.br\/index.php\/2025\/04\/12\/maior-acao-social-da-historia-de-camacari-chega-na-hora-certa-para-muita-gente-na-hora-que-mais-precisava\/#article\",\"isPartOf\":{\"@id\":\"https:\/\/compartilhabahia.com.br\/index.php\/2025\/04\/12\/maior-acao-social-da-historia-de-camacari-chega-na-hora-certa-para-muita-gente-na-hora-que-mais-precisava\/\"},\"author\":{\"name\":\"admin\",\"@id\":\"https:\/\/compartilhabahia.com.br\/#\/schema\/person\/9b4f0c3178793b8248d6686732521c04\"},\"headline\":\"Maior a\u00e7\u00e3o social da hist\u00f3ria de Cama\u00e7ari chega na hora certa para muita gente, na hora que mais precisava\",\"datePublished\":\"2025-04-12T17:06:52+00:00\",\"dateModified\":\"2025-04-12T17:06:54+00:00\",\"mainEntityOfPage\":{\"@id\":\"https:\/\/compartilhabahia.com.br\/index.php\/2025\/04\/12\/maior-acao-social-da-historia-de-camacari-chega-na-hora-certa-para-muita-gente-na-hora-que-mais-precisava\/\"},\"wordCount\":735,\"commentCount\":0,\"publisher\":{\"@id\":\"https:\/\/compartilhabahia.com.br\/#organization\"},\"articleSection\":[\"Cama\u00e7ari\"],\"inLanguage\":\"pt-BR\",\"potentialAction\":[{\"@type\":\"CommentAction\",\"name\":\"Comment\",\"target\":[\"https:\/\/compartilhabahia.com.br\/index.php\/2025\/04\/12\/maior-acao-social-da-historia-de-camacari-chega-na-hora-certa-para-muita-gente-na-hora-que-mais-precisava\/#respond\"]}]},{\"@type\":\"WebPage\",\"@id\":\"https:\/\/compartilhabahia.com.br\/index.php\/2025\/04\/12\/maior-acao-social-da-historia-de-camacari-chega-na-hora-certa-para-muita-gente-na-hora-que-mais-precisava\/\",\"url\":\"https:\/\/compartilhabahia.com.br\/index.php\/2025\/04\/12\/maior-acao-social-da-historia-de-camacari-chega-na-hora-certa-para-muita-gente-na-hora-que-mais-precisava\/\",\"name\":\"Maior a\u00e7\u00e3o social da hist\u00f3ria de Cama\u00e7ari chega na hora certa para muita gente, na hora que mais precisava - Compartilha Bahia\",\"isPartOf\":{\"@id\":\"https:\/\/compartilhabahia.com.br\/#website\"},\"datePublished\":\"2025-04-12T17:06:52+00:00\",\"dateModified\":\"2025-04-12T17:06:54+00:00\",\"breadcrumb\":{\"@id\":\"https:\/\/compartilhabahia.com.br\/index.php\/2025\/04\/12\/maior-acao-social-da-historia-de-camacari-chega-na-hora-certa-para-muita-gente-na-hora-que-mais-precisava\/#breadcrumb\"},\"inLanguage\":\"pt-BR\",\"potentialAction\":[{\"@type\":\"ReadAction\",\"target\":[\"https:\/\/compartilhabahia.com.br\/index.php\/2025\/04\/12\/maior-acao-social-da-historia-de-camacari-chega-na-hora-certa-para-muita-gente-na-hora-que-mais-precisava\/\"]}]},{\"@type\":\"BreadcrumbList\",\"@id\":\"https:\/\/compartilhabahia.com.br\/index.php\/2025\/04\/12\/maior-acao-social-da-historia-de-camacari-chega-na-hora-certa-para-muita-gente-na-hora-que-mais-precisava\/#breadcrumb\",\"itemListElement\":[{\"@type\":\"ListItem\",\"position\":1,\"name\":\"In\u00edcio\",\"item\":\"https:\/\/compartilhabahia.com.br\/\"},{\"@type\":\"ListItem\",\"position\":2,\"name\":\"Maior a\u00e7\u00e3o social da hist\u00f3ria de Cama\u00e7ari chega na hora certa para muita gente, na hora que mais precisava\"}]},{\"@type\":\"WebSite\",\"@id\":\"https:\/\/compartilhabahia.com.br\/#website\",\"url\":\"https:\/\/compartilhabahia.com.br\/\",\"name\":\"Compartilha Bahia\",\"description\":\"\",\"publisher\":{\"@id\":\"https:\/\/compartilhabahia.com.br\/#organization\"},\"potentialAction\":[{\"@type\":\"SearchAction\",\"target\":{\"@type\":\"EntryPoint\",\"urlTemplate\":\"https:\/\/compartilhabahia.com.br\/?s={search_term_string}\"},\"query-input\":\"required name=search_term_string\"}],\"inLanguage\":\"pt-BR\"},{\"@type\":\"Organization\",\"@id\":\"https:\/\/compartilhabahia.com.br\/#organization\",\"name\":\"Compartilha Bahia\",\"url\":\"https:\/\/compartilhabahia.com.br\/\",\"logo\":{\"@type\":\"ImageObject\",\"inLanguage\":\"pt-BR\",\"@id\":\"https:\/\/compartilhabahia.com.br\/#\/schema\/logo\/image\/\",\"url\":\"https:\/\/compartilhabahia.com.br\/wp-content\/uploads\/2023\/12\/cropped-logo.png\",\"contentUrl\":\"https:\/\/compartilhabahia.com.br\/wp-content\/uploads\/2023\/12\/cropped-logo.png\",\"width\":300,\"height\":106,\"caption\":\"Compartilha Bahia\"},\"image\":{\"@id\":\"https:\/\/compartilhabahia.com.br\/#\/schema\/logo\/image\/\"},\"sameAs\":[\"https:\/\/web.facebook.com\/compartilhabahia\",\"https:\/\/www.instagram.com\/compartilhabahia\/\"]},{\"@type\":\"Person\",\"@id\":\"https:\/\/compartilhabahia.com.br\/#\/schema\/person\/9b4f0c3178793b8248d6686732521c04\",\"name\":\"admin\",\"image\":{\"@type\":\"ImageObject\",\"inLanguage\":\"pt-BR\",\"@id\":\"https:\/\/compartilhabahia.com.br\/#\/schema\/person\/image\/\",\"url\":\"https:\/\/secure.gravatar.com\/avatar\/9600df58751c5acbe914c538c03390ef649ea088cb65f84ba09c7ce66988eed6?s=96&d=mm&r=g\",\"contentUrl\":\"https:\/\/secure.gravatar.com\/avatar\/9600df58751c5acbe914c538c03390ef649ea088cb65f84ba09c7ce66988eed6?s=96&d=mm&r=g\",\"caption\":\"admin\"},\"sameAs\":[\"https:\/\/compartilhabahia.com.br\"],\"url\":\"https:\/\/compartilhabahia.com.br\/index.php\/author\/compartilhabahia\/\"}]}<\/script>\n<!-- \/ Yoast SEO plugin. -->","yoast_head_json":{"title":"Maior a\u00e7\u00e3o social da hist\u00f3ria de Cama\u00e7ari chega na hora certa para muita gente, na hora que mais precisava - Compartilha Bahia","robots":{"index":"index","follow":"follow","max-snippet":"max-snippet:-1","max-image-preview":"max-image-preview:large","max-video-preview":"max-video-preview:-1"},"canonical":"https:\/\/compartilhabahia.com.br\/index.php\/2025\/04\/12\/maior-acao-social-da-historia-de-camacari-chega-na-hora-certa-para-muita-gente-na-hora-que-mais-precisava\/","og_locale":"pt_BR","og_type":"article","og_title":"Maior a\u00e7\u00e3o social da hist\u00f3ria de Cama\u00e7ari chega na hora certa para muita gente, na hora que mais precisava - Compartilha Bahia","og_description":"De casa em casa, prefeitura entrega Cesta de P\u00e1scoa na zona rural \u201cEstava na expectativa para receber meu peixe, meu feij\u00e3ozinho e os outros alimentos que v\u00e3o ajudar a montar minha ceia da Semana Santa\u201d. O relato \u00e9 da dona de casa Adenilza Sales, 57 anos, moradora da comunidade Lagoa Seca, no distrito de Monte [&hellip;]","og_url":"https:\/\/compartilhabahia.com.br\/index.php\/2025\/04\/12\/maior-acao-social-da-historia-de-camacari-chega-na-hora-certa-para-muita-gente-na-hora-que-mais-precisava\/","og_site_name":"Compartilha Bahia","article_publisher":"https:\/\/web.facebook.com\/compartilhabahia","article_published_time":"2025-04-12T17:06:52+00:00","article_modified_time":"2025-04-12T17:06:54+00:00","og_image":[{"width":800,"height":533,"url":"https:\/\/compartilhabahia.com.br\/wp-content\/uploads\/2025\/04\/acao.jpg","type":"image\/jpeg"}],"author":"admin","twitter_card":"summary_large_image","twitter_misc":{"Escrito por":"admin","Est. tempo de leitura":"6 minutos"},"schema":{"@context":"https:\/\/schema.org","@graph":[{"@type":"Article","@id":"https:\/\/compartilhabahia.com.br\/index.php\/2025\/04\/12\/maior-acao-social-da-historia-de-camacari-chega-na-hora-certa-para-muita-gente-na-hora-que-mais-precisava\/#article","isPartOf":{"@id":"https:\/\/compartilhabahia.com.br\/index.php\/2025\/04\/12\/maior-acao-social-da-historia-de-camacari-chega-na-hora-certa-para-muita-gente-na-hora-que-mais-precisava\/"},"author":{"name":"admin","@id":"https:\/\/compartilhabahia.com.br\/#\/schema\/person\/9b4f0c3178793b8248d6686732521c04"},"headline":"Maior a\u00e7\u00e3o social da hist\u00f3ria de Cama\u00e7ari chega na hora certa para muita gente, na hora que mais precisava","datePublished":"2025-04-12T17:06:52+00:00","dateModified":"2025-04-12T17:06:54+00:00","mainEntityOfPage":{"@id":"https:\/\/compartilhabahia.com.br\/index.php\/2025\/04\/12\/maior-acao-social-da-historia-de-camacari-chega-na-hora-certa-para-muita-gente-na-hora-que-mais-precisava\/"},"wordCount":735,"commentCount":0,"publisher":{"@id":"https:\/\/compartilhabahia.com.br\/#organization"},"articleSection":["Cama\u00e7ari"],"inLanguage":"pt-BR","potentialAction":[{"@type":"CommentAction","name":"Comment","target":["https:\/\/compartilhabahia.com.br\/index.php\/2025\/04\/12\/maior-acao-social-da-historia-de-camacari-chega-na-hora-certa-para-muita-gente-na-hora-que-mais-precisava\/#respond"]}]},{"@type":"WebPage","@id":"https:\/\/compartilhabahia.com.br\/index.php\/2025\/04\/12\/maior-acao-social-da-historia-de-camacari-chega-na-hora-certa-para-muita-gente-na-hora-que-mais-precisava\/","url":"https:\/\/compartilhabahia.com.br\/index.php\/2025\/04\/12\/maior-acao-social-da-historia-de-camacari-chega-na-hora-certa-para-muita-gente-na-hora-que-mais-precisava\/","name":"Maior a\u00e7\u00e3o social da hist\u00f3ria de Cama\u00e7ari chega na hora certa para muita gente, na hora que mais precisava - Compartilha Bahia","isPartOf":{"@id":"https:\/\/compartilhabahia.com.br\/#website"},"datePublished":"2025-04-12T17:06:52+00:00","dateModified":"2025-04-12T17:06:54+00:00","breadcrumb":{"@id":"https:\/\/compartilhabahia.com.br\/index.php\/2025\/04\/12\/maior-acao-social-da-historia-de-camacari-chega-na-hora-certa-para-muita-gente-na-hora-que-mais-precisava\/#breadcrumb"},"inLanguage":"pt-BR","potentialAction":[{"@type":"ReadAction","target":["https:\/\/compartilhabahia.com.br\/index.php\/2025\/04\/12\/maior-acao-social-da-historia-de-camacari-chega-na-hora-certa-para-muita-gente-na-hora-que-mais-precisava\/"]}]},{"@type":"BreadcrumbList","@id":"https:\/\/compartilhabahia.com.br\/index.php\/2025\/04\/12\/maior-acao-social-da-historia-de-camacari-chega-na-hora-certa-para-muita-gente-na-hora-que-mais-precisava\/#breadcrumb","itemListElement":[{"@type":"ListItem","position":1,"name":"In\u00edcio","item":"https:\/\/compartilhabahia.com.br\/"},{"@type":"ListItem","position":2,"name":"Maior a\u00e7\u00e3o social da hist\u00f3ria de Cama\u00e7ari chega na hora certa para muita gente, na hora que mais precisava"}]},{"@type":"WebSite","@id":"https:\/\/compartilhabahia.com.br\/#website","url":"https:\/\/compartilhabahia.com.br\/","name":"Compartilha Bahia","description":"","publisher":{"@id":"https:\/\/compartilhabahia.com.br\/#organization"},"potentialAction":[{"@type":"SearchAction","target":{"@type":"EntryPoint","urlTemplate":"https:\/\/compartilhabahia.com.br\/?s={search_term_string}"},"query-input":"required name=search_term_string"}],"inLanguage":"pt-BR"},{"@type":"Organization","@id":"https:\/\/compartilhabahia.com.br\/#organization","name":"Compartilha Bahia","url":"https:\/\/compartilhabahia.com.br\/","logo":{"@type":"ImageObject","inLanguage":"pt-BR","@id":"https:\/\/compartilhabahia.com.br\/#\/schema\/logo\/image\/","url":"https:\/\/compartilhabahia.com.br\/wp-content\/uploads\/2023\/12\/cropped-logo.png","contentUrl":"https:\/\/compartilhabahia.com.br\/wp-content\/uploads\/2023\/12\/cropped-logo.png","width":300,"height":106,"caption":"Compartilha Bahia"},"image":{"@id":"https:\/\/compartilhabahia.com.br\/#\/schema\/logo\/image\/"},"sameAs":["https:\/\/web.facebook.com\/compartilhabahia","https:\/\/www.instagram.com\/compartilhabahia\/"]},{"@type":"Person","@id":"https:\/\/compartilhabahia.com.br\/#\/schema\/person\/9b4f0c3178793b8248d6686732521c04","name":"admin","image":{"@type":"ImageObject","inLanguage":"pt-BR","@id":"https:\/\/compartilhabahia.com.br\/#\/schema\/person\/image\/","url":"https:\/\/secure.gravatar.com\/avatar\/9600df58751c5acbe914c538c03390ef649ea088cb65f84ba09c7ce66988eed6?s=96&d=mm&r=g","contentUrl":"https:\/\/secure.gravatar.com\/avatar\/9600df58751c5acbe914c538c03390ef649ea088cb65f84ba09c7ce66988eed6?s=96&d=mm&r=g","caption":"admin"},"sameAs":["https:\/\/compartilhabahia.com.br"],"url":"https:\/\/compartilhabahia.com.br\/index.php\/author\/compartilhabahia\/"}]}},"_links":{"self":[{"href":"https:\/\/compartilhabahia.com.br\/index.php\/wp-json\/wp\/v2\/posts\/5998","targetHints":{"allow":["GET"]}}],"collection":[{"href":"https:\/\/compartilhabahia.com.br\/index.php\/wp-json\/wp\/v2\/posts"}],"about":[{"href":"https:\/\/compartilhabahia.com.br\/index.php\/wp-json\/wp\/v2\/types\/post"}],"author":[{"embeddable":true,"href":"https:\/\/compartilhabahia.com.br\/index.php\/wp-json\/wp\/v2\/users\/1"}],"replies":[{"embeddable":true,"href":"https:\/\/compartilhabahia.com.br\/index.php\/wp-json\/wp\/v2\/comments?post=5998"}],"version-history":[{"count":1,"href":"https:\/\/compartilhabahia.com.br\/index.php\/wp-json\/wp\/v2\/posts\/5998\/revisions"}],"predecessor-version":[{"id":6007,"href":"https:\/\/compartilhabahia.com.br\/index.php\/wp-json\/wp\/v2\/posts\/5998\/revisions\/6007"}],"wp:featuredmedia":[{"embeddable":true,"href":"https:\/\/compartilhabahia.com.br\/index.php\/wp-json\/wp\/v2\/media\/5999"}],"wp:attachment":[{"href":"https:\/\/compartilhabahia.com.br\/index.php\/wp-json\/wp\/v2\/media?parent=5998"}],"wp:term":[{"taxonomy":"category","embeddable":true,"href":"https:\/\/compartilhabahia.com.br\/index.php\/wp-json\/wp\/v2\/categories?post=5998"},{"taxonomy":"post_tag","embeddable":true,"href":"https:\/\/compartilhabahia.com.br\/index.php\/wp-json\/wp\/v2\/tags?post=5998"}],"curies":[{"name":"wp","href":"https:\/\/api.w.org\/{rel}","templated":true}]}}