{"id":5993,"date":"2025-04-12T13:13:20","date_gmt":"2025-04-12T16:13:20","guid":{"rendered":"https:\/\/compartilhabahia.com.br\/?p=5993"},"modified":"2025-04-12T13:16:27","modified_gmt":"2025-04-12T16:16:27","slug":"moradores-tambem-querem-contencao-emergencial-na-praia-de-jaua","status":"publish","type":"post","link":"https:\/\/compartilhabahia.com.br\/index.php\/2025\/04\/12\/moradores-tambem-querem-contencao-emergencial-na-praia-de-jaua\/","title":{"rendered":"Moradores tamb\u00e9m querem conten\u00e7\u00e3o emergencial na praia de Jau\u00e1"},"content":{"rendered":"\n<p>Ap\u00f3s a Prefeitura de Cama\u00e7ari iniciar na quarta-feira (9), o trabalho emergencial de conten\u00e7\u00e3o em trecho da orla de Guarajuba, moradores de outra praia, a de Jau\u00e1, pedem que o mesmo servi\u00e7o seja feito tamb\u00e9m na localidade. &#8220;E quando ser\u00e1 feita em Jau\u00e1? Conto com esse jornalista para chamar aten\u00e7\u00e3o.&#8221; diz a mensagem para nossa reda\u00e7\u00e3o enviada pela professora Ceres Morais, que habita nas proximidades do mar.<\/p>\n\n\n\n<p>A previs\u00e3o da Defesa Civil \u00e9 de que o servi\u00e7o para conter o avan\u00e7o do mar em Guarajuba seja finalizado at\u00e9 o fim de abril, de modo a preservar a estrutura da localidade e a seguran\u00e7a de moradores, turistas e visitantes. Tamb\u00e9m de acordo com a Defesa Civil, j\u00e1 existe a determina\u00e7\u00e3o desta a\u00e7\u00e3o ser realizada, em Jau\u00e1, o que atende, a principio, o pedido dos moradores.<\/p>\n\n\n\n<p>Para refor\u00e7ar a faixa costeira, foi iniciada a disposi\u00e7\u00e3o de cerca de 500 big-bags num raio de 200 metros na extens\u00e3o da praia. Os materiais est\u00e3o sendo colocados no espa\u00e7o atingido pelos efeitos da eros\u00e3o marinha registrada na Praia de Guarajuba no dia 30 de mar\u00e7o, quando o n\u00edvel do mar atingiu 2,8 metros.<\/p>\n\n\n\n<p>Com aux\u00edlio de uma m\u00e1quina escavadeira, cada contentor flex\u00edvel recebe cerca de 2 toneladas de areia molhada da pr\u00f3pria praia para, finalmente, ser disposto como barreira. A t\u00e1bua de mar\u00e9s d\u00e1 o ritmo do trabalho, que s\u00f3 pode ser executado no per\u00edodo de n\u00edvel baixo das \u00e1guas.<\/p>\n\n\n\n<p>De acordo com o coordenador da Defesa Civil, Almir dos Reis Garcia, essa a\u00e7\u00e3o emergencial vem sendo acompanhada por diversos \u00f3rg\u00e3os das esferas municipal, estadual e federal.<\/p>\n\n\n\n<p>\u201cA gente tomou as medidas cab\u00edveis depois de uma reuni\u00e3o conjunta entre ICMBio [Instituto Chico Mendes de Conserva\u00e7\u00e3o da Biodiversidade], SPU [Superintend\u00eancia do Patrim\u00f4nio da Uni\u00e3o], IBAMA [Instituto Brasileiro do Meio Ambiente e dos Recursos Naturais Renov\u00e1veis], Projeto Tamar, Defesa Civil, Secretaria de Desenvolvimento Urbano [Sedur] e Secretaria da Infraestrutura [Seinfra], juntos, aqui, para conter com celeridade essa a\u00e7\u00e3o das mar\u00e9s mais altas\u201d, esclareceu.<\/p>\n\n\n\n<p>Al\u00e9m desta iniciativa, o governo j\u00e1 demandou dos \u00f3rg\u00e3os competentes o projeto definitivo para as \u00e1reas do munic\u00edpio mais sens\u00edveis \u00e0 eros\u00e3o mar\u00edtima. Segundo Erisvalter Machado, engenheiro da Defesa Civil, a interven\u00e7\u00e3o atual tem a finalidade de proteger a orla no tempo m\u00e9dio de seis meses, prazo estipulado para a elabora\u00e7\u00e3o do projeto definitivo, emiss\u00e3o de alvar\u00e1s, autoriza\u00e7\u00f5es ambientais. A partir da\u00ed ser\u00e1 organizada a licita\u00e7\u00e3o para a execu\u00e7\u00e3o da obra definitiva.<\/p>\n\n\n\n<p>O trabalho de restabelecimento de conten\u00e7\u00f5es no litoral de Cama\u00e7ari acontece, tamb\u00e9m, em pontos espec\u00edficos de Jau\u00e1.<\/p>\n\n\n\n<p>Foto: Rhaiany Sena<\/p>\n","protected":false},"excerpt":{"rendered":"<p>Ap\u00f3s a Prefeitura de Cama\u00e7ari iniciar na quarta-feira (9), o trabalho emergencial de conten\u00e7\u00e3o em trecho da orla de Guarajuba, moradores de outra praia, a de Jau\u00e1, pedem que o mesmo servi\u00e7o seja feito tamb\u00e9m na localidade. &#8220;E quando ser\u00e1 feita em Jau\u00e1? Conto com esse jornalista para chamar aten\u00e7\u00e3o.&#8221; diz a mensagem para nossa [&hellip;]<\/p>\n","protected":false},"author":1,"featured_media":5994,"comment_status":"open","ping_status":"open","sticky":false,"template":"","format":"standard","meta":{"footnotes":""},"categories":[8],"tags":[],"class_list":["post-5993","post","type-post","status-publish","format-standard","has-post-thumbnail","hentry","category-camacari"],"yoast_head":"<!-- This site is optimized with the Yoast SEO plugin v21.7 - https:\/\/yoast.com\/wordpress\/plugins\/seo\/ -->\n<title>Moradores tamb\u00e9m querem conten\u00e7\u00e3o emergencial na praia de Jau\u00e1 - Compartilha Bahia<\/title>\n<meta name=\"robots\" content=\"index, follow, max-snippet:-1, max-image-preview:large, max-video-preview:-1\" \/>\n<link rel=\"canonical\" href=\"https:\/\/compartilhabahia.com.br\/index.php\/2025\/04\/12\/moradores-tambem-querem-contencao-emergencial-na-praia-de-jaua\/\" \/>\n<meta property=\"og:locale\" content=\"pt_BR\" \/>\n<meta property=\"og:type\" content=\"article\" \/>\n<meta property=\"og:title\" content=\"Moradores tamb\u00e9m querem conten\u00e7\u00e3o emergencial na praia de Jau\u00e1 - Compartilha Bahia\" \/>\n<meta property=\"og:description\" content=\"Ap\u00f3s a Prefeitura de Cama\u00e7ari iniciar na quarta-feira (9), o trabalho emergencial de conten\u00e7\u00e3o em trecho da orla de Guarajuba, moradores de outra praia, a de Jau\u00e1, pedem que o mesmo servi\u00e7o seja feito tamb\u00e9m na localidade. &#8220;E quando ser\u00e1 feita em Jau\u00e1? Conto com esse jornalista para chamar aten\u00e7\u00e3o.&#8221; diz a mensagem para nossa [&hellip;]\" \/>\n<meta property=\"og:url\" content=\"https:\/\/compartilhabahia.com.br\/index.php\/2025\/04\/12\/moradores-tambem-querem-contencao-emergencial-na-praia-de-jaua\/\" \/>\n<meta property=\"og:site_name\" content=\"Compartilha Bahia\" \/>\n<meta property=\"article:publisher\" content=\"https:\/\/web.facebook.com\/compartilhabahia\" \/>\n<meta property=\"article:published_time\" content=\"2025-04-12T16:13:20+00:00\" \/>\n<meta property=\"article:modified_time\" content=\"2025-04-12T16:16:27+00:00\" \/>\n<meta property=\"og:image\" content=\"https:\/\/compartilhabahia.com.br\/wp-content\/uploads\/2025\/04\/acaoabeiramar.jpg\" \/>\n\t<meta property=\"og:image:width\" content=\"960\" \/>\n\t<meta property=\"og:image:height\" content=\"640\" \/>\n\t<meta property=\"og:image:type\" content=\"image\/jpeg\" \/>\n<meta name=\"author\" content=\"admin\" \/>\n<meta name=\"twitter:card\" content=\"summary_large_image\" \/>\n<meta name=\"twitter:label1\" content=\"Escrito por\" \/>\n\t<meta name=\"twitter:data1\" content=\"admin\" \/>\n\t<meta name=\"twitter:label2\" content=\"Est. tempo de leitura\" \/>\n\t<meta name=\"twitter:data2\" content=\"3 minutos\" \/>\n<script type=\"application\/ld+json\" class=\"yoast-schema-graph\">{\"@context\":\"https:\/\/schema.org\",\"@graph\":[{\"@type\":\"Article\",\"@id\":\"https:\/\/compartilhabahia.com.br\/index.php\/2025\/04\/12\/moradores-tambem-querem-contencao-emergencial-na-praia-de-jaua\/#article\",\"isPartOf\":{\"@id\":\"https:\/\/compartilhabahia.com.br\/index.php\/2025\/04\/12\/moradores-tambem-querem-contencao-emergencial-na-praia-de-jaua\/\"},\"author\":{\"name\":\"admin\",\"@id\":\"https:\/\/compartilhabahia.com.br\/#\/schema\/person\/9b4f0c3178793b8248d6686732521c04\"},\"headline\":\"Moradores tamb\u00e9m querem conten\u00e7\u00e3o emergencial na praia de Jau\u00e1\",\"datePublished\":\"2025-04-12T16:13:20+00:00\",\"dateModified\":\"2025-04-12T16:16:27+00:00\",\"mainEntityOfPage\":{\"@id\":\"https:\/\/compartilhabahia.com.br\/index.php\/2025\/04\/12\/moradores-tambem-querem-contencao-emergencial-na-praia-de-jaua\/\"},\"wordCount\":480,\"commentCount\":0,\"publisher\":{\"@id\":\"https:\/\/compartilhabahia.com.br\/#organization\"},\"articleSection\":[\"Cama\u00e7ari\"],\"inLanguage\":\"pt-BR\",\"potentialAction\":[{\"@type\":\"CommentAction\",\"name\":\"Comment\",\"target\":[\"https:\/\/compartilhabahia.com.br\/index.php\/2025\/04\/12\/moradores-tambem-querem-contencao-emergencial-na-praia-de-jaua\/#respond\"]}]},{\"@type\":\"WebPage\",\"@id\":\"https:\/\/compartilhabahia.com.br\/index.php\/2025\/04\/12\/moradores-tambem-querem-contencao-emergencial-na-praia-de-jaua\/\",\"url\":\"https:\/\/compartilhabahia.com.br\/index.php\/2025\/04\/12\/moradores-tambem-querem-contencao-emergencial-na-praia-de-jaua\/\",\"name\":\"Moradores tamb\u00e9m querem conten\u00e7\u00e3o emergencial na praia de Jau\u00e1 - Compartilha Bahia\",\"isPartOf\":{\"@id\":\"https:\/\/compartilhabahia.com.br\/#website\"},\"datePublished\":\"2025-04-12T16:13:20+00:00\",\"dateModified\":\"2025-04-12T16:16:27+00:00\",\"breadcrumb\":{\"@id\":\"https:\/\/compartilhabahia.com.br\/index.php\/2025\/04\/12\/moradores-tambem-querem-contencao-emergencial-na-praia-de-jaua\/#breadcrumb\"},\"inLanguage\":\"pt-BR\",\"potentialAction\":[{\"@type\":\"ReadAction\",\"target\":[\"https:\/\/compartilhabahia.com.br\/index.php\/2025\/04\/12\/moradores-tambem-querem-contencao-emergencial-na-praia-de-jaua\/\"]}]},{\"@type\":\"BreadcrumbList\",\"@id\":\"https:\/\/compartilhabahia.com.br\/index.php\/2025\/04\/12\/moradores-tambem-querem-contencao-emergencial-na-praia-de-jaua\/#breadcrumb\",\"itemListElement\":[{\"@type\":\"ListItem\",\"position\":1,\"name\":\"In\u00edcio\",\"item\":\"https:\/\/compartilhabahia.com.br\/\"},{\"@type\":\"ListItem\",\"position\":2,\"name\":\"Moradores tamb\u00e9m querem conten\u00e7\u00e3o emergencial na praia de Jau\u00e1\"}]},{\"@type\":\"WebSite\",\"@id\":\"https:\/\/compartilhabahia.com.br\/#website\",\"url\":\"https:\/\/compartilhabahia.com.br\/\",\"name\":\"Compartilha Bahia\",\"description\":\"\",\"publisher\":{\"@id\":\"https:\/\/compartilhabahia.com.br\/#organization\"},\"potentialAction\":[{\"@type\":\"SearchAction\",\"target\":{\"@type\":\"EntryPoint\",\"urlTemplate\":\"https:\/\/compartilhabahia.com.br\/?s={search_term_string}\"},\"query-input\":\"required name=search_term_string\"}],\"inLanguage\":\"pt-BR\"},{\"@type\":\"Organization\",\"@id\":\"https:\/\/compartilhabahia.com.br\/#organization\",\"name\":\"Compartilha Bahia\",\"url\":\"https:\/\/compartilhabahia.com.br\/\",\"logo\":{\"@type\":\"ImageObject\",\"inLanguage\":\"pt-BR\",\"@id\":\"https:\/\/compartilhabahia.com.br\/#\/schema\/logo\/image\/\",\"url\":\"https:\/\/compartilhabahia.com.br\/wp-content\/uploads\/2023\/12\/cropped-logo.png\",\"contentUrl\":\"https:\/\/compartilhabahia.com.br\/wp-content\/uploads\/2023\/12\/cropped-logo.png\",\"width\":300,\"height\":106,\"caption\":\"Compartilha Bahia\"},\"image\":{\"@id\":\"https:\/\/compartilhabahia.com.br\/#\/schema\/logo\/image\/\"},\"sameAs\":[\"https:\/\/web.facebook.com\/compartilhabahia\",\"https:\/\/www.instagram.com\/compartilhabahia\/\"]},{\"@type\":\"Person\",\"@id\":\"https:\/\/compartilhabahia.com.br\/#\/schema\/person\/9b4f0c3178793b8248d6686732521c04\",\"name\":\"admin\",\"image\":{\"@type\":\"ImageObject\",\"inLanguage\":\"pt-BR\",\"@id\":\"https:\/\/compartilhabahia.com.br\/#\/schema\/person\/image\/\",\"url\":\"https:\/\/secure.gravatar.com\/avatar\/9600df58751c5acbe914c538c03390ef649ea088cb65f84ba09c7ce66988eed6?s=96&d=mm&r=g\",\"contentUrl\":\"https:\/\/secure.gravatar.com\/avatar\/9600df58751c5acbe914c538c03390ef649ea088cb65f84ba09c7ce66988eed6?s=96&d=mm&r=g\",\"caption\":\"admin\"},\"sameAs\":[\"https:\/\/compartilhabahia.com.br\"],\"url\":\"https:\/\/compartilhabahia.com.br\/index.php\/author\/compartilhabahia\/\"}]}<\/script>\n<!-- \/ Yoast SEO plugin. -->","yoast_head_json":{"title":"Moradores tamb\u00e9m querem conten\u00e7\u00e3o emergencial na praia de Jau\u00e1 - Compartilha Bahia","robots":{"index":"index","follow":"follow","max-snippet":"max-snippet:-1","max-image-preview":"max-image-preview:large","max-video-preview":"max-video-preview:-1"},"canonical":"https:\/\/compartilhabahia.com.br\/index.php\/2025\/04\/12\/moradores-tambem-querem-contencao-emergencial-na-praia-de-jaua\/","og_locale":"pt_BR","og_type":"article","og_title":"Moradores tamb\u00e9m querem conten\u00e7\u00e3o emergencial na praia de Jau\u00e1 - Compartilha Bahia","og_description":"Ap\u00f3s a Prefeitura de Cama\u00e7ari iniciar na quarta-feira (9), o trabalho emergencial de conten\u00e7\u00e3o em trecho da orla de Guarajuba, moradores de outra praia, a de Jau\u00e1, pedem que o mesmo servi\u00e7o seja feito tamb\u00e9m na localidade. &#8220;E quando ser\u00e1 feita em Jau\u00e1? Conto com esse jornalista para chamar aten\u00e7\u00e3o.&#8221; diz a mensagem para nossa [&hellip;]","og_url":"https:\/\/compartilhabahia.com.br\/index.php\/2025\/04\/12\/moradores-tambem-querem-contencao-emergencial-na-praia-de-jaua\/","og_site_name":"Compartilha Bahia","article_publisher":"https:\/\/web.facebook.com\/compartilhabahia","article_published_time":"2025-04-12T16:13:20+00:00","article_modified_time":"2025-04-12T16:16:27+00:00","og_image":[{"width":960,"height":640,"url":"https:\/\/compartilhabahia.com.br\/wp-content\/uploads\/2025\/04\/acaoabeiramar.jpg","type":"image\/jpeg"}],"author":"admin","twitter_card":"summary_large_image","twitter_misc":{"Escrito por":"admin","Est. tempo de leitura":"3 minutos"},"schema":{"@context":"https:\/\/schema.org","@graph":[{"@type":"Article","@id":"https:\/\/compartilhabahia.com.br\/index.php\/2025\/04\/12\/moradores-tambem-querem-contencao-emergencial-na-praia-de-jaua\/#article","isPartOf":{"@id":"https:\/\/compartilhabahia.com.br\/index.php\/2025\/04\/12\/moradores-tambem-querem-contencao-emergencial-na-praia-de-jaua\/"},"author":{"name":"admin","@id":"https:\/\/compartilhabahia.com.br\/#\/schema\/person\/9b4f0c3178793b8248d6686732521c04"},"headline":"Moradores tamb\u00e9m querem conten\u00e7\u00e3o emergencial na praia de Jau\u00e1","datePublished":"2025-04-12T16:13:20+00:00","dateModified":"2025-04-12T16:16:27+00:00","mainEntityOfPage":{"@id":"https:\/\/compartilhabahia.com.br\/index.php\/2025\/04\/12\/moradores-tambem-querem-contencao-emergencial-na-praia-de-jaua\/"},"wordCount":480,"commentCount":0,"publisher":{"@id":"https:\/\/compartilhabahia.com.br\/#organization"},"articleSection":["Cama\u00e7ari"],"inLanguage":"pt-BR","potentialAction":[{"@type":"CommentAction","name":"Comment","target":["https:\/\/compartilhabahia.com.br\/index.php\/2025\/04\/12\/moradores-tambem-querem-contencao-emergencial-na-praia-de-jaua\/#respond"]}]},{"@type":"WebPage","@id":"https:\/\/compartilhabahia.com.br\/index.php\/2025\/04\/12\/moradores-tambem-querem-contencao-emergencial-na-praia-de-jaua\/","url":"https:\/\/compartilhabahia.com.br\/index.php\/2025\/04\/12\/moradores-tambem-querem-contencao-emergencial-na-praia-de-jaua\/","name":"Moradores tamb\u00e9m querem conten\u00e7\u00e3o emergencial na praia de Jau\u00e1 - Compartilha Bahia","isPartOf":{"@id":"https:\/\/compartilhabahia.com.br\/#website"},"datePublished":"2025-04-12T16:13:20+00:00","dateModified":"2025-04-12T16:16:27+00:00","breadcrumb":{"@id":"https:\/\/compartilhabahia.com.br\/index.php\/2025\/04\/12\/moradores-tambem-querem-contencao-emergencial-na-praia-de-jaua\/#breadcrumb"},"inLanguage":"pt-BR","potentialAction":[{"@type":"ReadAction","target":["https:\/\/compartilhabahia.com.br\/index.php\/2025\/04\/12\/moradores-tambem-querem-contencao-emergencial-na-praia-de-jaua\/"]}]},{"@type":"BreadcrumbList","@id":"https:\/\/compartilhabahia.com.br\/index.php\/2025\/04\/12\/moradores-tambem-querem-contencao-emergencial-na-praia-de-jaua\/#breadcrumb","itemListElement":[{"@type":"ListItem","position":1,"name":"In\u00edcio","item":"https:\/\/compartilhabahia.com.br\/"},{"@type":"ListItem","position":2,"name":"Moradores tamb\u00e9m querem conten\u00e7\u00e3o emergencial na praia de Jau\u00e1"}]},{"@type":"WebSite","@id":"https:\/\/compartilhabahia.com.br\/#website","url":"https:\/\/compartilhabahia.com.br\/","name":"Compartilha Bahia","description":"","publisher":{"@id":"https:\/\/compartilhabahia.com.br\/#organization"},"potentialAction":[{"@type":"SearchAction","target":{"@type":"EntryPoint","urlTemplate":"https:\/\/compartilhabahia.com.br\/?s={search_term_string}"},"query-input":"required name=search_term_string"}],"inLanguage":"pt-BR"},{"@type":"Organization","@id":"https:\/\/compartilhabahia.com.br\/#organization","name":"Compartilha Bahia","url":"https:\/\/compartilhabahia.com.br\/","logo":{"@type":"ImageObject","inLanguage":"pt-BR","@id":"https:\/\/compartilhabahia.com.br\/#\/schema\/logo\/image\/","url":"https:\/\/compartilhabahia.com.br\/wp-content\/uploads\/2023\/12\/cropped-logo.png","contentUrl":"https:\/\/compartilhabahia.com.br\/wp-content\/uploads\/2023\/12\/cropped-logo.png","width":300,"height":106,"caption":"Compartilha Bahia"},"image":{"@id":"https:\/\/compartilhabahia.com.br\/#\/schema\/logo\/image\/"},"sameAs":["https:\/\/web.facebook.com\/compartilhabahia","https:\/\/www.instagram.com\/compartilhabahia\/"]},{"@type":"Person","@id":"https:\/\/compartilhabahia.com.br\/#\/schema\/person\/9b4f0c3178793b8248d6686732521c04","name":"admin","image":{"@type":"ImageObject","inLanguage":"pt-BR","@id":"https:\/\/compartilhabahia.com.br\/#\/schema\/person\/image\/","url":"https:\/\/secure.gravatar.com\/avatar\/9600df58751c5acbe914c538c03390ef649ea088cb65f84ba09c7ce66988eed6?s=96&d=mm&r=g","contentUrl":"https:\/\/secure.gravatar.com\/avatar\/9600df58751c5acbe914c538c03390ef649ea088cb65f84ba09c7ce66988eed6?s=96&d=mm&r=g","caption":"admin"},"sameAs":["https:\/\/compartilhabahia.com.br"],"url":"https:\/\/compartilhabahia.com.br\/index.php\/author\/compartilhabahia\/"}]}},"_links":{"self":[{"href":"https:\/\/compartilhabahia.com.br\/index.php\/wp-json\/wp\/v2\/posts\/5993","targetHints":{"allow":["GET"]}}],"collection":[{"href":"https:\/\/compartilhabahia.com.br\/index.php\/wp-json\/wp\/v2\/posts"}],"about":[{"href":"https:\/\/compartilhabahia.com.br\/index.php\/wp-json\/wp\/v2\/types\/post"}],"author":[{"embeddable":true,"href":"https:\/\/compartilhabahia.com.br\/index.php\/wp-json\/wp\/v2\/users\/1"}],"replies":[{"embeddable":true,"href":"https:\/\/compartilhabahia.com.br\/index.php\/wp-json\/wp\/v2\/comments?post=5993"}],"version-history":[{"count":2,"href":"https:\/\/compartilhabahia.com.br\/index.php\/wp-json\/wp\/v2\/posts\/5993\/revisions"}],"predecessor-version":[{"id":5997,"href":"https:\/\/compartilhabahia.com.br\/index.php\/wp-json\/wp\/v2\/posts\/5993\/revisions\/5997"}],"wp:featuredmedia":[{"embeddable":true,"href":"https:\/\/compartilhabahia.com.br\/index.php\/wp-json\/wp\/v2\/media\/5994"}],"wp:attachment":[{"href":"https:\/\/compartilhabahia.com.br\/index.php\/wp-json\/wp\/v2\/media?parent=5993"}],"wp:term":[{"taxonomy":"category","embeddable":true,"href":"https:\/\/compartilhabahia.com.br\/index.php\/wp-json\/wp\/v2\/categories?post=5993"},{"taxonomy":"post_tag","embeddable":true,"href":"https:\/\/compartilhabahia.com.br\/index.php\/wp-json\/wp\/v2\/tags?post=5993"}],"curies":[{"name":"wp","href":"https:\/\/api.w.org\/{rel}","templated":true}]}}